{"id":6361,"date":"2015-01-30T11:36:44","date_gmt":"2015-01-30T11:36:44","guid":{"rendered":"http:\/\/www.sgagora.com.br\/sg\/?p=6361"},"modified":"2015-01-30T11:36:44","modified_gmt":"2015-01-30T11:36:44","slug":"grave-acidente-na-br-262-faz-mais-uma-vitima-fatal-em-2015","status":"publish","type":"post","link":"https:\/\/www.sgagora.com.br\/sg\/grave-acidente-na-br-262-faz-mais-uma-vitima-fatal-em-2015\/","title":{"rendered":"Grave acidente na BR-262 faz mais uma v\u00edtima fatal em 2015"},"content":{"rendered":"<p>Nesta quinta-feira(29\/01) na BR-262, um grave acidente envolvendo um carro de passeio e um caminh\u00e3o, fez mais uma v\u00edtima fatal nas estradas de nossa Regi\u00e3o. Um rapaz de 22 anos que dirigia um carro de passeio, bateu em um caminh\u00e3o e n\u00e3o resistiu falecendo no local do acidente.<\/p>\n<p>Segundo informa\u00e7\u00f5es de pessoas que passaram no momento do acidente, o rapaz de 22 anos e natural de Campos Altos, dirigia seu carro no KM 583 da 262 em um momento que chovia bastante na pista. O rapaz ent\u00e3o perdeu o controle de seu ve\u00edculo e bateu frontalmente em um caminh\u00e3o que vinha no sentido contr\u00e1rio.<\/p>\n<p>Com a viol\u00eancia do acidente, o jovem ficou preso no carro e desacordou. Imediatamente uma equipe de resgate do Corpo de Bombeiros foi acionada na tentativa de trazer o rapaz de volta a vida, porem devido a forte pancada, o jovem n\u00e3o resistiu e faleceu no local do acidente. Outro rapaz que tamb\u00e9m estava no carro foi socorrido a tempo, porem em estado grave e levado para o Pronto Socorro.<\/p>\n<p>O acidente aconteceu por volta das 14:00 desta quinta-feira (29\/01).<\/p>\n<p><a href=\"https:\/\/www.sgagora.com.br\/sg\/wp-content\/uploads\/2015\/01\/prancha1-e1422617783421.jpg\"><img decoding=\"async\" loading=\"lazy\" class=\"aligncenter size-full wp-image-6363\" src=\"https:\/\/www.sgagora.com.br\/sg\/wp-content\/uploads\/2015\/01\/prancha1-e1422617783421.jpg\" alt=\"prancha1\" width=\"600\" height=\"337\" \/><\/a><\/p>\n<p><em>Texto: Diego Oliveira &#8211; SG AGORA &#8211;<\/em><\/p>\n","protected":false},"excerpt":{"rendered":"<p>Nesta quinta-feira(29\/01) na BR-262, um grave acidente envolvendo um carro de passeio e um caminh\u00e3o, fez mais uma v\u00edtima fatal nas estradas de nossa Regi\u00e3o. Um rapaz de 22 anos que dirigia um carro de &#8230; <a class=\"readmore\" href=\"https:\/\/www.sgagora.com.br\/sg\/grave-acidente-na-br-262-faz-mais-uma-vitima-fatal-em-2015\/\">Leia Mais<\/a><\/p>\n","protected":false},"author":1,"featured_media":6362,"comment_status":"open","ping_status":"open","sticky":false,"template":"","format":"standard","meta":{"_bbp_topic_count":0,"_bbp_reply_count":0,"_bbp_total_topic_count":0,"_bbp_total_reply_count":0,"_bbp_voice_count":0,"_bbp_anonymous_reply_count":0,"_bbp_topic_count_hidden":0,"_bbp_reply_count_hidden":0,"_bbp_forum_subforum_count":0},"categories":[84,77,81],"tags":[137,3545,1646,3544],"yoast_head":"<!-- This site is optimized with the Yoast SEO plugin v20.5 - https:\/\/yoast.com\/wordpress\/plugins\/seo\/ -->\n<title>Grave acidente na BR-262 faz mais uma v\u00edtima fatal em 2015 - SGAgora<\/title>\n<meta name=\"robots\" content=\"index, follow, max-snippet:-1, max-image-preview:large, max-video-preview:-1\" \/>\n<link rel=\"canonical\" href=\"https:\/\/www.sgagora.com.br\/sg\/grave-acidente-na-br-262-faz-mais-uma-vitima-fatal-em-2015\/\" \/>\n<meta property=\"og:locale\" content=\"pt_BR\" \/>\n<meta property=\"og:type\" content=\"article\" \/>\n<meta property=\"og:title\" content=\"Grave acidente na BR-262 faz mais uma v\u00edtima fatal em 2015 - SGAgora\" \/>\n<meta property=\"og:description\" content=\"Nesta quinta-feira(29\/01) na BR-262, um grave acidente envolvendo um carro de passeio e um caminh\u00e3o, fez mais uma v\u00edtima fatal nas estradas de nossa Regi\u00e3o. Um rapaz de 22 anos que dirigia um carro de ... Leia Mais\" \/>\n<meta property=\"og:url\" content=\"https:\/\/www.sgagora.com.br\/sg\/grave-acidente-na-br-262-faz-mais-uma-vitima-fatal-em-2015\/\" \/>\n<meta property=\"og:site_name\" content=\"SGAgora\" \/>\n<meta property=\"article:publisher\" content=\"https:\/\/www.facebook.com\/sgagora\" \/>\n<meta property=\"article:published_time\" content=\"2015-01-30T11:36:44+00:00\" \/>\n<meta property=\"og:image\" content=\"https:\/\/www.sgagora.com.br\/sg\/wp-content\/uploads\/2015\/01\/6a5675b8b8e93a1c51745a8eb13cf925_E-e1422617738385.jpg\" \/>\n\t<meta property=\"og:image:width\" content=\"600\" \/>\n\t<meta property=\"og:image:height\" content=\"449\" \/>\n\t<meta property=\"og:image:type\" content=\"image\/jpeg\" \/>\n<meta name=\"author\" content=\"SG Agora\" \/>\n<meta name=\"twitter:label1\" content=\"Escrito por\" \/>\n\t<meta name=\"twitter:data1\" content=\"SG Agora\" \/>\n\t<meta name=\"twitter:label2\" content=\"Est. tempo de leitura\" \/>\n\t<meta name=\"twitter:data2\" content=\"1 minuto\" \/>\n<script type=\"application\/ld+json\" class=\"yoast-schema-graph\">{\"@context\":\"https:\/\/schema.org\",\"@graph\":[{\"@type\":\"WebPage\",\"@id\":\"https:\/\/www.sgagora.com.br\/sg\/grave-acidente-na-br-262-faz-mais-uma-vitima-fatal-em-2015\/\",\"url\":\"https:\/\/www.sgagora.com.br\/sg\/grave-acidente-na-br-262-faz-mais-uma-vitima-fatal-em-2015\/\",\"name\":\"Grave acidente na BR-262 faz mais uma v\u00edtima fatal em 2015 - SGAgora\",\"isPartOf\":{\"@id\":\"https:\/\/www.sgagora.com.br\/sg\/#website\"},\"datePublished\":\"2015-01-30T11:36:44+00:00\",\"dateModified\":\"2015-01-30T11:36:44+00:00\",\"author\":{\"@id\":\"https:\/\/www.sgagora.com.br\/sg\/#\/schema\/person\/2be62cfb47cee3e0b305e4f7a765ae41\"},\"breadcrumb\":{\"@id\":\"https:\/\/www.sgagora.com.br\/sg\/grave-acidente-na-br-262-faz-mais-uma-vitima-fatal-em-2015\/#breadcrumb\"},\"inLanguage\":\"pt-BR\",\"potentialAction\":[{\"@type\":\"ReadAction\",\"target\":[\"https:\/\/www.sgagora.com.br\/sg\/grave-acidente-na-br-262-faz-mais-uma-vitima-fatal-em-2015\/\"]}]},{\"@type\":\"BreadcrumbList\",\"@id\":\"https:\/\/www.sgagora.com.br\/sg\/grave-acidente-na-br-262-faz-mais-uma-vitima-fatal-em-2015\/#breadcrumb\",\"itemListElement\":[{\"@type\":\"ListItem\",\"position\":1,\"name\":\"In\u00edcio\",\"item\":\"https:\/\/www.sgagora.com.br\/sg\/\"},{\"@type\":\"ListItem\",\"position\":2,\"name\":\"Grave acidente na BR-262 faz mais uma v\u00edtima fatal em 2015\"}]},{\"@type\":\"WebSite\",\"@id\":\"https:\/\/www.sgagora.com.br\/sg\/#website\",\"url\":\"https:\/\/www.sgagora.com.br\/sg\/\",\"name\":\"SGAgora\",\"description\":\"Not\u00edcias de S\u00e3o Gotardo\",\"potentialAction\":[{\"@type\":\"SearchAction\",\"target\":{\"@type\":\"EntryPoint\",\"urlTemplate\":\"https:\/\/www.sgagora.com.br\/sg\/?s={search_term_string}\"},\"query-input\":\"required name=search_term_string\"}],\"inLanguage\":\"pt-BR\"},{\"@type\":\"Person\",\"@id\":\"https:\/\/www.sgagora.com.br\/sg\/#\/schema\/person\/2be62cfb47cee3e0b305e4f7a765ae41\",\"name\":\"SG Agora\",\"image\":{\"@type\":\"ImageObject\",\"inLanguage\":\"pt-BR\",\"@id\":\"https:\/\/www.sgagora.com.br\/sg\/#\/schema\/person\/image\/\",\"url\":\"https:\/\/secure.gravatar.com\/avatar\/a0c612a9a8c3e7419d6fd4f92e749d8d?s=96&d=mm&r=g\",\"contentUrl\":\"https:\/\/secure.gravatar.com\/avatar\/a0c612a9a8c3e7419d6fd4f92e749d8d?s=96&d=mm&r=g\",\"caption\":\"SG Agora\"},\"url\":\"https:\/\/www.sgagora.com.br\/sg\/author\/admin\/\"}]}<\/script>\n<!-- \/ Yoast SEO plugin. -->","yoast_head_json":{"title":"Grave acidente na BR-262 faz mais uma v\u00edtima fatal em 2015 - SGAgora","robots":{"index":"index","follow":"follow","max-snippet":"max-snippet:-1","max-image-preview":"max-image-preview:large","max-video-preview":"max-video-preview:-1"},"canonical":"https:\/\/www.sgagora.com.br\/sg\/grave-acidente-na-br-262-faz-mais-uma-vitima-fatal-em-2015\/","og_locale":"pt_BR","og_type":"article","og_title":"Grave acidente na BR-262 faz mais uma v\u00edtima fatal em 2015 - SGAgora","og_description":"Nesta quinta-feira(29\/01) na BR-262, um grave acidente envolvendo um carro de passeio e um caminh\u00e3o, fez mais uma v\u00edtima fatal nas estradas de nossa Regi\u00e3o. Um rapaz de 22 anos que dirigia um carro de ... Leia Mais","og_url":"https:\/\/www.sgagora.com.br\/sg\/grave-acidente-na-br-262-faz-mais-uma-vitima-fatal-em-2015\/","og_site_name":"SGAgora","article_publisher":"https:\/\/www.facebook.com\/sgagora","article_published_time":"2015-01-30T11:36:44+00:00","og_image":[{"width":600,"height":449,"url":"https:\/\/www.sgagora.com.br\/sg\/wp-content\/uploads\/2015\/01\/6a5675b8b8e93a1c51745a8eb13cf925_E-e1422617738385.jpg","type":"image\/jpeg"}],"author":"SG Agora","twitter_misc":{"Escrito por":"SG Agora","Est. tempo de leitura":"1 minuto"},"schema":{"@context":"https:\/\/schema.org","@graph":[{"@type":"WebPage","@id":"https:\/\/www.sgagora.com.br\/sg\/grave-acidente-na-br-262-faz-mais-uma-vitima-fatal-em-2015\/","url":"https:\/\/www.sgagora.com.br\/sg\/grave-acidente-na-br-262-faz-mais-uma-vitima-fatal-em-2015\/","name":"Grave acidente na BR-262 faz mais uma v\u00edtima fatal em 2015 - SGAgora","isPartOf":{"@id":"https:\/\/www.sgagora.com.br\/sg\/#website"},"datePublished":"2015-01-30T11:36:44+00:00","dateModified":"2015-01-30T11:36:44+00:00","author":{"@id":"https:\/\/www.sgagora.com.br\/sg\/#\/schema\/person\/2be62cfb47cee3e0b305e4f7a765ae41"},"breadcrumb":{"@id":"https:\/\/www.sgagora.com.br\/sg\/grave-acidente-na-br-262-faz-mais-uma-vitima-fatal-em-2015\/#breadcrumb"},"inLanguage":"pt-BR","potentialAction":[{"@type":"ReadAction","target":["https:\/\/www.sgagora.com.br\/sg\/grave-acidente-na-br-262-faz-mais-uma-vitima-fatal-em-2015\/"]}]},{"@type":"BreadcrumbList","@id":"https:\/\/www.sgagora.com.br\/sg\/grave-acidente-na-br-262-faz-mais-uma-vitima-fatal-em-2015\/#breadcrumb","itemListElement":[{"@type":"ListItem","position":1,"name":"In\u00edcio","item":"https:\/\/www.sgagora.com.br\/sg\/"},{"@type":"ListItem","position":2,"name":"Grave acidente na BR-262 faz mais uma v\u00edtima fatal em 2015"}]},{"@type":"WebSite","@id":"https:\/\/www.sgagora.com.br\/sg\/#website","url":"https:\/\/www.sgagora.com.br\/sg\/","name":"SGAgora","description":"Not\u00edcias de S\u00e3o Gotardo","potentialAction":[{"@type":"SearchAction","target":{"@type":"EntryPoint","urlTemplate":"https:\/\/www.sgagora.com.br\/sg\/?s={search_term_string}"},"query-input":"required name=search_term_string"}],"inLanguage":"pt-BR"},{"@type":"Person","@id":"https:\/\/www.sgagora.com.br\/sg\/#\/schema\/person\/2be62cfb47cee3e0b305e4f7a765ae41","name":"SG Agora","image":{"@type":"ImageObject","inLanguage":"pt-BR","@id":"https:\/\/www.sgagora.com.br\/sg\/#\/schema\/person\/image\/","url":"https:\/\/secure.gravatar.com\/avatar\/a0c612a9a8c3e7419d6fd4f92e749d8d?s=96&d=mm&r=g","contentUrl":"https:\/\/secure.gravatar.com\/avatar\/a0c612a9a8c3e7419d6fd4f92e749d8d?s=96&d=mm&r=g","caption":"SG Agora"},"url":"https:\/\/www.sgagora.com.br\/sg\/author\/admin\/"}]}},"_links":{"self":[{"href":"https:\/\/www.sgagora.com.br\/sg\/wp-json\/wp\/v2\/posts\/6361"}],"collection":[{"href":"https:\/\/www.sgagora.com.br\/sg\/wp-json\/wp\/v2\/posts"}],"about":[{"href":"https:\/\/www.sgagora.com.br\/sg\/wp-json\/wp\/v2\/types\/post"}],"author":[{"embeddable":true,"href":"https:\/\/www.sgagora.com.br\/sg\/wp-json\/wp\/v2\/users\/1"}],"replies":[{"embeddable":true,"href":"https:\/\/www.sgagora.com.br\/sg\/wp-json\/wp\/v2\/comments?post=6361"}],"version-history":[{"count":1,"href":"https:\/\/www.sgagora.com.br\/sg\/wp-json\/wp\/v2\/posts\/6361\/revisions"}],"predecessor-version":[{"id":6364,"href":"https:\/\/www.sgagora.com.br\/sg\/wp-json\/wp\/v2\/posts\/6361\/revisions\/6364"}],"wp:featuredmedia":[{"embeddable":true,"href":"https:\/\/www.sgagora.com.br\/sg\/wp-json\/wp\/v2\/media\/6362"}],"wp:attachment":[{"href":"https:\/\/www.sgagora.com.br\/sg\/wp-json\/wp\/v2\/media?parent=6361"}],"wp:term":[{"taxonomy":"category","embeddable":true,"href":"https:\/\/www.sgagora.com.br\/sg\/wp-json\/wp\/v2\/categories?post=6361"},{"taxonomy":"post_tag","embeddable":true,"href":"https:\/\/www.sgagora.com.br\/sg\/wp-json\/wp\/v2\/tags?post=6361"}],"curies":[{"name":"wp","href":"https:\/\/api.w.org\/{rel}","templated":true}]}}