{"id":7020,"date":"2015-03-02T14:51:11","date_gmt":"2015-03-02T14:51:11","guid":{"rendered":"http:\/\/www.sgagora.com.br\/sg\/?p=7020"},"modified":"2015-03-02T14:54:07","modified_gmt":"2015-03-02T14:54:07","slug":"1em-patos-de-minas-17-acidentes-de-transito-acontecem-neste-final-de-semana","status":"publish","type":"post","link":"https:\/\/www.sgagora.com.br\/sg\/1em-patos-de-minas-17-acidentes-de-transito-acontecem-neste-final-de-semana\/","title":{"rendered":"Em Patos de Minas, 17 acidentes de tr\u00e2nsito acontecem neste final de semana"},"content":{"rendered":"<p>O final de semana, geralmente \u00e9 o per\u00edodo em que mais acidentes de tr\u00e2nsito acontecem devido ao maior fluxo de carros e a mistura perigosa entre bebida alco\u00f3lica e volante. Em Patos de Minas, a teoria virou realidade e 17 acidentes aconteceram neste final de semana em nossa cidade vizinha.<\/p>\n<p>O acidente mais tr\u00e1gico, aconteceu na madrugada de domingo (01\/03), quando um motociclista perdeu o controle de sua moto e acabou colidindo bruscamente em um poste. A p\u00f3s a batida, o rapaz n\u00e3o resistiu aos ferimentos e acabou falecendo.<\/p>\n<p>O acidente aconteceu na rotat\u00f3ria que d\u00e1 acesso ao bairro Calif\u00f3rnia. A pol\u00edcia n\u00e3o conseguiu identificar o que poderia ter causado o acidente fatal. Peritos foram acionados para melhor analisarem o caso, porem o perito de plant\u00e3o do final de semana n\u00e3o foi localizado.<\/p>\n<p>Um fato que tem chamado a aten\u00e7\u00e3o da Pol\u00edcia Militar, que insistentemente faz blitz na tentativa de alertar os motoristas, \u00e9 a quantidade de pessoas sem habilita\u00e7\u00e3o que tem se envolvido em acidentes de tr\u00e2nsito. A falta de preparo de alguns motoristas ou at\u00e9 mesmo a falta de mal\u00edcia ao dirigir um carro, tem causado diversos acidentes em Patos de Minas.<\/p>\n<p>A Pol\u00edcia Militar, pede para que os motoristas Patenses utilizem sempre a dire\u00e7\u00e3o defensiva ao dirigir um ve\u00edculo, pois esta \u00e9 a \u00fanica forma de prevenir acidentes de tr\u00e2nsito.<\/p>\n<p>Por sorte em S\u00e3o Gotardo, tivemos um final de semana mais tranquilo e batidas n\u00e3o aconteceram ou n\u00e3o foram registradas em nossa cidade.<\/p>\n<p><a href=\"https:\/\/www.sgagora.com.br\/sg\/wp-content\/uploads\/2015\/03\/b16078de49cbe5cda81fd0fa7d7748d9_E.jpg\"><img decoding=\"async\" loading=\"lazy\" class=\"aligncenter size-full wp-image-7022\" src=\"https:\/\/www.sgagora.com.br\/sg\/wp-content\/uploads\/2015\/03\/b16078de49cbe5cda81fd0fa7d7748d9_E-e1425307644145.jpg\" alt=\"\" width=\"600\" height=\"398\" \/><\/a><br \/>\n<em>Texto: Diego Oliveira &#8211; SG AGORA<\/em><br \/>\n<em>Fonte das fotos: Patos Agora<\/em><\/p>\n","protected":false},"excerpt":{"rendered":"<p>O final de semana, geralmente \u00e9 o per\u00edodo em que mais acidentes de tr\u00e2nsito acontecem devido ao maior fluxo de carros e a mistura perigosa entre bebida alco\u00f3lica e volante. Em Patos de Minas, a &#8230; <a class=\"readmore\" href=\"https:\/\/www.sgagora.com.br\/sg\/1em-patos-de-minas-17-acidentes-de-transito-acontecem-neste-final-de-semana\/\">Leia Mais<\/a><\/p>\n","protected":false},"author":1,"featured_media":7021,"comment_status":"open","ping_status":"open","sticky":false,"template":"","format":"standard","meta":{"_bbp_topic_count":0,"_bbp_reply_count":0,"_bbp_total_topic_count":0,"_bbp_total_reply_count":0,"_bbp_voice_count":0,"_bbp_anonymous_reply_count":0,"_bbp_topic_count_hidden":0,"_bbp_reply_count_hidden":0,"_bbp_forum_subforum_count":0},"categories":[84,77,81],"tags":[265,3097,2611,2841,2668,232],"yoast_head":"<!-- This site is optimized with the Yoast SEO plugin v20.5 - https:\/\/yoast.com\/wordpress\/plugins\/seo\/ -->\n<title>Em Patos de Minas, 17 acidentes de tr\u00e2nsito acontecem neste final de semana - SGAgora<\/title>\n<meta name=\"robots\" content=\"index, follow, max-snippet:-1, max-image-preview:large, max-video-preview:-1\" \/>\n<link rel=\"canonical\" href=\"https:\/\/www.sgagora.com.br\/sg\/1em-patos-de-minas-17-acidentes-de-transito-acontecem-neste-final-de-semana\/\" \/>\n<meta property=\"og:locale\" content=\"pt_BR\" \/>\n<meta property=\"og:type\" content=\"article\" \/>\n<meta property=\"og:title\" content=\"Em Patos de Minas, 17 acidentes de tr\u00e2nsito acontecem neste final de semana - SGAgora\" \/>\n<meta property=\"og:description\" content=\"O final de semana, geralmente \u00e9 o per\u00edodo em que mais acidentes de tr\u00e2nsito acontecem devido ao maior fluxo de carros e a mistura perigosa entre bebida alco\u00f3lica e volante. Em Patos de Minas, a ... Leia Mais\" \/>\n<meta property=\"og:url\" content=\"https:\/\/www.sgagora.com.br\/sg\/1em-patos-de-minas-17-acidentes-de-transito-acontecem-neste-final-de-semana\/\" \/>\n<meta property=\"og:site_name\" content=\"SGAgora\" \/>\n<meta property=\"article:publisher\" content=\"https:\/\/www.facebook.com\/sgagora\" \/>\n<meta property=\"article:published_time\" content=\"2015-03-02T14:51:11+00:00\" \/>\n<meta property=\"article:modified_time\" content=\"2015-03-02T14:54:07+00:00\" \/>\n<meta property=\"og:image\" content=\"https:\/\/www.sgagora.com.br\/sg\/wp-content\/uploads\/2015\/03\/ce85877b73aed3a80c04d863e3f103c7_E-e1425307600271.jpg\" \/>\n\t<meta property=\"og:image:width\" content=\"600\" \/>\n\t<meta property=\"og:image:height\" content=\"398\" \/>\n\t<meta property=\"og:image:type\" content=\"image\/jpeg\" \/>\n<meta name=\"author\" content=\"SG Agora\" \/>\n<meta name=\"twitter:label1\" content=\"Escrito por\" \/>\n\t<meta name=\"twitter:data1\" content=\"SG Agora\" \/>\n\t<meta name=\"twitter:label2\" content=\"Est. tempo de leitura\" \/>\n\t<meta name=\"twitter:data2\" content=\"1 minuto\" \/>\n<script type=\"application\/ld+json\" class=\"yoast-schema-graph\">{\"@context\":\"https:\/\/schema.org\",\"@graph\":[{\"@type\":\"WebPage\",\"@id\":\"https:\/\/www.sgagora.com.br\/sg\/1em-patos-de-minas-17-acidentes-de-transito-acontecem-neste-final-de-semana\/\",\"url\":\"https:\/\/www.sgagora.com.br\/sg\/1em-patos-de-minas-17-acidentes-de-transito-acontecem-neste-final-de-semana\/\",\"name\":\"Em Patos de Minas, 17 acidentes de tr\u00e2nsito acontecem neste final de semana - SGAgora\",\"isPartOf\":{\"@id\":\"https:\/\/www.sgagora.com.br\/sg\/#website\"},\"datePublished\":\"2015-03-02T14:51:11+00:00\",\"dateModified\":\"2015-03-02T14:54:07+00:00\",\"author\":{\"@id\":\"https:\/\/www.sgagora.com.br\/sg\/#\/schema\/person\/2be62cfb47cee3e0b305e4f7a765ae41\"},\"breadcrumb\":{\"@id\":\"https:\/\/www.sgagora.com.br\/sg\/1em-patos-de-minas-17-acidentes-de-transito-acontecem-neste-final-de-semana\/#breadcrumb\"},\"inLanguage\":\"pt-BR\",\"potentialAction\":[{\"@type\":\"ReadAction\",\"target\":[\"https:\/\/www.sgagora.com.br\/sg\/1em-patos-de-minas-17-acidentes-de-transito-acontecem-neste-final-de-semana\/\"]}]},{\"@type\":\"BreadcrumbList\",\"@id\":\"https:\/\/www.sgagora.com.br\/sg\/1em-patos-de-minas-17-acidentes-de-transito-acontecem-neste-final-de-semana\/#breadcrumb\",\"itemListElement\":[{\"@type\":\"ListItem\",\"position\":1,\"name\":\"In\u00edcio\",\"item\":\"https:\/\/www.sgagora.com.br\/sg\/\"},{\"@type\":\"ListItem\",\"position\":2,\"name\":\"Em Patos de Minas, 17 acidentes de tr\u00e2nsito acontecem neste final de semana\"}]},{\"@type\":\"WebSite\",\"@id\":\"https:\/\/www.sgagora.com.br\/sg\/#website\",\"url\":\"https:\/\/www.sgagora.com.br\/sg\/\",\"name\":\"SGAgora\",\"description\":\"Not\u00edcias de S\u00e3o Gotardo\",\"potentialAction\":[{\"@type\":\"SearchAction\",\"target\":{\"@type\":\"EntryPoint\",\"urlTemplate\":\"https:\/\/www.sgagora.com.br\/sg\/?s={search_term_string}\"},\"query-input\":\"required name=search_term_string\"}],\"inLanguage\":\"pt-BR\"},{\"@type\":\"Person\",\"@id\":\"https:\/\/www.sgagora.com.br\/sg\/#\/schema\/person\/2be62cfb47cee3e0b305e4f7a765ae41\",\"name\":\"SG Agora\",\"image\":{\"@type\":\"ImageObject\",\"inLanguage\":\"pt-BR\",\"@id\":\"https:\/\/www.sgagora.com.br\/sg\/#\/schema\/person\/image\/\",\"url\":\"https:\/\/secure.gravatar.com\/avatar\/a0c612a9a8c3e7419d6fd4f92e749d8d?s=96&d=mm&r=g\",\"contentUrl\":\"https:\/\/secure.gravatar.com\/avatar\/a0c612a9a8c3e7419d6fd4f92e749d8d?s=96&d=mm&r=g\",\"caption\":\"SG Agora\"},\"url\":\"https:\/\/www.sgagora.com.br\/sg\/author\/admin\/\"}]}<\/script>\n<!-- \/ Yoast SEO plugin. -->","yoast_head_json":{"title":"Em Patos de Minas, 17 acidentes de tr\u00e2nsito acontecem neste final de semana - SGAgora","robots":{"index":"index","follow":"follow","max-snippet":"max-snippet:-1","max-image-preview":"max-image-preview:large","max-video-preview":"max-video-preview:-1"},"canonical":"https:\/\/www.sgagora.com.br\/sg\/1em-patos-de-minas-17-acidentes-de-transito-acontecem-neste-final-de-semana\/","og_locale":"pt_BR","og_type":"article","og_title":"Em Patos de Minas, 17 acidentes de tr\u00e2nsito acontecem neste final de semana - SGAgora","og_description":"O final de semana, geralmente \u00e9 o per\u00edodo em que mais acidentes de tr\u00e2nsito acontecem devido ao maior fluxo de carros e a mistura perigosa entre bebida alco\u00f3lica e volante. Em Patos de Minas, a ... Leia Mais","og_url":"https:\/\/www.sgagora.com.br\/sg\/1em-patos-de-minas-17-acidentes-de-transito-acontecem-neste-final-de-semana\/","og_site_name":"SGAgora","article_publisher":"https:\/\/www.facebook.com\/sgagora","article_published_time":"2015-03-02T14:51:11+00:00","article_modified_time":"2015-03-02T14:54:07+00:00","og_image":[{"width":600,"height":398,"url":"https:\/\/www.sgagora.com.br\/sg\/wp-content\/uploads\/2015\/03\/ce85877b73aed3a80c04d863e3f103c7_E-e1425307600271.jpg","type":"image\/jpeg"}],"author":"SG Agora","twitter_misc":{"Escrito por":"SG Agora","Est. tempo de leitura":"1 minuto"},"schema":{"@context":"https:\/\/schema.org","@graph":[{"@type":"WebPage","@id":"https:\/\/www.sgagora.com.br\/sg\/1em-patos-de-minas-17-acidentes-de-transito-acontecem-neste-final-de-semana\/","url":"https:\/\/www.sgagora.com.br\/sg\/1em-patos-de-minas-17-acidentes-de-transito-acontecem-neste-final-de-semana\/","name":"Em Patos de Minas, 17 acidentes de tr\u00e2nsito acontecem neste final de semana - SGAgora","isPartOf":{"@id":"https:\/\/www.sgagora.com.br\/sg\/#website"},"datePublished":"2015-03-02T14:51:11+00:00","dateModified":"2015-03-02T14:54:07+00:00","author":{"@id":"https:\/\/www.sgagora.com.br\/sg\/#\/schema\/person\/2be62cfb47cee3e0b305e4f7a765ae41"},"breadcrumb":{"@id":"https:\/\/www.sgagora.com.br\/sg\/1em-patos-de-minas-17-acidentes-de-transito-acontecem-neste-final-de-semana\/#breadcrumb"},"inLanguage":"pt-BR","potentialAction":[{"@type":"ReadAction","target":["https:\/\/www.sgagora.com.br\/sg\/1em-patos-de-minas-17-acidentes-de-transito-acontecem-neste-final-de-semana\/"]}]},{"@type":"BreadcrumbList","@id":"https:\/\/www.sgagora.com.br\/sg\/1em-patos-de-minas-17-acidentes-de-transito-acontecem-neste-final-de-semana\/#breadcrumb","itemListElement":[{"@type":"ListItem","position":1,"name":"In\u00edcio","item":"https:\/\/www.sgagora.com.br\/sg\/"},{"@type":"ListItem","position":2,"name":"Em Patos de Minas, 17 acidentes de tr\u00e2nsito acontecem neste final de semana"}]},{"@type":"WebSite","@id":"https:\/\/www.sgagora.com.br\/sg\/#website","url":"https:\/\/www.sgagora.com.br\/sg\/","name":"SGAgora","description":"Not\u00edcias de S\u00e3o Gotardo","potentialAction":[{"@type":"SearchAction","target":{"@type":"EntryPoint","urlTemplate":"https:\/\/www.sgagora.com.br\/sg\/?s={search_term_string}"},"query-input":"required name=search_term_string"}],"inLanguage":"pt-BR"},{"@type":"Person","@id":"https:\/\/www.sgagora.com.br\/sg\/#\/schema\/person\/2be62cfb47cee3e0b305e4f7a765ae41","name":"SG Agora","image":{"@type":"ImageObject","inLanguage":"pt-BR","@id":"https:\/\/www.sgagora.com.br\/sg\/#\/schema\/person\/image\/","url":"https:\/\/secure.gravatar.com\/avatar\/a0c612a9a8c3e7419d6fd4f92e749d8d?s=96&d=mm&r=g","contentUrl":"https:\/\/secure.gravatar.com\/avatar\/a0c612a9a8c3e7419d6fd4f92e749d8d?s=96&d=mm&r=g","caption":"SG Agora"},"url":"https:\/\/www.sgagora.com.br\/sg\/author\/admin\/"}]}},"_links":{"self":[{"href":"https:\/\/www.sgagora.com.br\/sg\/wp-json\/wp\/v2\/posts\/7020"}],"collection":[{"href":"https:\/\/www.sgagora.com.br\/sg\/wp-json\/wp\/v2\/posts"}],"about":[{"href":"https:\/\/www.sgagora.com.br\/sg\/wp-json\/wp\/v2\/types\/post"}],"author":[{"embeddable":true,"href":"https:\/\/www.sgagora.com.br\/sg\/wp-json\/wp\/v2\/users\/1"}],"replies":[{"embeddable":true,"href":"https:\/\/www.sgagora.com.br\/sg\/wp-json\/wp\/v2\/comments?post=7020"}],"version-history":[{"count":1,"href":"https:\/\/www.sgagora.com.br\/sg\/wp-json\/wp\/v2\/posts\/7020\/revisions"}],"predecessor-version":[{"id":7023,"href":"https:\/\/www.sgagora.com.br\/sg\/wp-json\/wp\/v2\/posts\/7020\/revisions\/7023"}],"wp:featuredmedia":[{"embeddable":true,"href":"https:\/\/www.sgagora.com.br\/sg\/wp-json\/wp\/v2\/media\/7021"}],"wp:attachment":[{"href":"https:\/\/www.sgagora.com.br\/sg\/wp-json\/wp\/v2\/media?parent=7020"}],"wp:term":[{"taxonomy":"category","embeddable":true,"href":"https:\/\/www.sgagora.com.br\/sg\/wp-json\/wp\/v2\/categories?post=7020"},{"taxonomy":"post_tag","embeddable":true,"href":"https:\/\/www.sgagora.com.br\/sg\/wp-json\/wp\/v2\/tags?post=7020"}],"curies":[{"name":"wp","href":"https:\/\/api.w.org\/{rel}","templated":true}]}}