{"id":9183,"date":"2015-05-09T03:37:02","date_gmt":"2015-05-09T03:37:02","guid":{"rendered":"http:\/\/www.sgagora.com.br\/sg\/?p=9183"},"modified":"2015-05-09T03:37:02","modified_gmt":"2015-05-09T03:37:02","slug":"vida-em-outro-planeta-cientista-diz-que-governos-escondem-ets-da-populacao","status":"publish","type":"post","link":"https:\/\/www.sgagora.com.br\/sg\/vida-em-outro-planeta-cientista-diz-que-governos-escondem-ets-da-populacao\/","title":{"rendered":"Vida em outro planeta? Cientista diz que Governos escondem ETS da popula\u00e7\u00e3o"},"content":{"rendered":"<p>O uf\u00f3logo americano Tom Carey causou pol\u00eamica ao revelar ao mundo uma fotos que comprovariam a exist\u00eancia de seres extraterrestres. Meses atr\u00e1s, essa imagem foi divulgada e, agora, em conven\u00e7\u00e3o realizada no dia 5 de maio de 2015 que reuniu uma s\u00e9rie de ufologistas, eis que surge uma imagem ainda mais intrigante.<\/p>\n<p>Essa \u00e9 a foto que ele j\u00e1 havia divulgado. Prometeu que soltaria mais uma, para provar de uma vez por todas a liga\u00e7\u00e3o do governo americano com os alien\u00edgenas.<\/p>\n<p>Segundo o pesquisador, n\u00e3o h\u00e1 d\u00favidas. A imagem mostra uma criatura de cerca de 1,20 metros, claramente n\u00e3o-humana, de cabe\u00e7a desproporcionalmente grande e corpo fr\u00e1gil.<\/p>\n<p>As duas imagens, que foram divulgadas em slides, mostram um alien\u00edgena morto que teria sido capturado durante o infame &#8220;Caso Roswell&#8221;, em 1947.<\/p>\n<p>Gary Heseltine, um ex-policial que agora \u00e9 editor da UFO Truth Magazine, tamb\u00e9m insistiu que as fotos eram reais. &#8220;Da minha experi\u00eancia como policial, eu sei o que \u00e9 evid\u00eancia.<\/p>\n<p>Estas foram imagens de um ser que n\u00e3o era humano&#8221;, disse em entrevista ao tabloide Mirror.<\/p>\n<p>Os slides foram encontrados na casa do casal norte americano, Bernard e Hilda Blair Ray, no Arizona (EUA).<\/p>\n<p>O material foi encontrado entre os pertences do casal em 1989, depois que haviam falecido.<\/p>\n<p>E foi exposto para mais de 6.000 espectadores \u2014 que incluiu milhares de uf\u00f3logos e pessoas ansiosas para ver o suposto alien\u00edgena \u2014 no Audit\u00f3rio Nacional da Cidade do M\u00e9xico durante a \u00faltima conven\u00e7\u00e3o.<\/p>\n<p>arey levou as imagens para serem analisadas por um especialista da Kodak, que afirmou terem sido tiradas entre 1942 a 1949, \u00e9poca em que o alien\u00edgena teria sido recolhido na supersecreta \u201c\u00c1rea 51\u201d.<\/p>\n<p>Essa \u00faltima grande revela\u00e7\u00e3o gerou especula\u00e7\u00f5es entre curiosos e pesquisadores sobre a veracidade das imagens e muitas d\u00favidas, claro.<\/p>\n<p>A cabe\u00e7a grande foi algo que intrigou bastante, al\u00e9m de todos as outras caracter\u00edsticas alien\u00edgenas.<\/p>\n<p>No entanto, o aspecto dissecado gerou especula\u00e7\u00f5es que apontam semelhan\u00e7as entre a criatura e m\u00famias.<\/p>\n<p>O Caso Roswell \u00e9 o mais conhecido do mundo envolvendo UFOs<\/p>\n<p>As imagens de Carey levantaram um amontoado de pol\u00eamicas envolvendo militares, uf\u00f3logos e outros envolvidos.<\/p>\n<p>Segundo os cr\u00edticos das afirma\u00e7\u00f5es de Carey, \u00e9 muito dif\u00edcil afirmar que as imagens s\u00e3o de fato o corpo de um alien\u00edgena.<\/p>\n<p>Carey rebateu imediatamente, dizendo que o corpo existe, mas est\u00e1 guardado em um ambiente secreto do governo americano.<\/p>\n<p>Por\u00e9m, apesar dos esfor\u00e7os transcendentais da ufologia para comprovar a veracidadade das fotos e o envolvimento da for\u00e7a militar americana com extraterrestres, ainda h\u00e1 dezenas de teorias de conspira\u00e7\u00e3o sobre o assunto.<\/p>\n<p><a href=\"https:\/\/www.sgagora.com.br\/sg\/wp-content\/uploads\/2015\/05\/2585ww1rbd_7ljuxzqxdc_file-e1431142431754.jpeg\"><img decoding=\"async\" loading=\"lazy\" class=\"aligncenter size-full wp-image-9184\" src=\"https:\/\/www.sgagora.com.br\/sg\/wp-content\/uploads\/2015\/05\/2585ww1rbd_7ljuxzqxdc_file-e1431142431754.jpeg\" alt=\"\" width=\"600\" height=\"400\" \/><\/a><\/p>\n<address>Reportagem: http:\/\/noticias.r7.com\/hora-7\/fotos\/novas-fotos-de-aliens-capturados-sao-divulgadas-cientista-diz-que-governos-escondem-ets-08052015#!\/foto\/1<\/address>\n","protected":false},"excerpt":{"rendered":"<p>O uf\u00f3logo americano Tom Carey causou pol\u00eamica ao revelar ao mundo uma fotos que comprovariam a exist\u00eancia de seres extraterrestres. Meses atr\u00e1s, essa imagem foi divulgada e, agora, em conven\u00e7\u00e3o realizada no dia 5 de &#8230; <a class=\"readmore\" href=\"https:\/\/www.sgagora.com.br\/sg\/vida-em-outro-planeta-cientista-diz-que-governos-escondem-ets-da-populacao\/\">Leia Mais<\/a><\/p>\n","protected":false},"author":1,"featured_media":9185,"comment_status":"open","ping_status":"open","sticky":false,"template":"","format":"standard","meta":{"_bbp_topic_count":0,"_bbp_reply_count":0,"_bbp_total_topic_count":0,"_bbp_total_reply_count":0,"_bbp_voice_count":0,"_bbp_anonymous_reply_count":0,"_bbp_topic_count_hidden":0,"_bbp_reply_count_hidden":0,"_bbp_forum_subforum_count":0},"categories":[77,81],"tags":[],"yoast_head":"<!-- This site is optimized with the Yoast SEO plugin v20.5 - https:\/\/yoast.com\/wordpress\/plugins\/seo\/ -->\n<title>Cientista diz que Governos escondem ETS da popula\u00e7\u00e3o<\/title>\n<meta name=\"description\" content=\"O uf\u00f3logo americano Tom Carey causou pol\u00eamica ao revelar ao mundo uma fotos que comprovariam a exist\u00eancia de ETS.\" \/>\n<meta name=\"robots\" content=\"index, follow, max-snippet:-1, max-image-preview:large, max-video-preview:-1\" \/>\n<link rel=\"canonical\" href=\"https:\/\/www.sgagora.com.br\/sg\/vida-em-outro-planeta-cientista-diz-que-governos-escondem-ets-da-populacao\/\" \/>\n<meta property=\"og:locale\" content=\"pt_BR\" \/>\n<meta property=\"og:type\" content=\"article\" \/>\n<meta property=\"og:title\" content=\"Cientista diz que Governos escondem ETS da popula\u00e7\u00e3o\" \/>\n<meta property=\"og:description\" content=\"O uf\u00f3logo americano Tom Carey causou pol\u00eamica ao revelar ao mundo uma fotos que comprovariam a exist\u00eancia de ETS.\" \/>\n<meta property=\"og:url\" content=\"https:\/\/www.sgagora.com.br\/sg\/vida-em-outro-planeta-cientista-diz-que-governos-escondem-ets-da-populacao\/\" \/>\n<meta property=\"og:site_name\" content=\"SGAgora\" \/>\n<meta property=\"article:publisher\" content=\"https:\/\/www.facebook.com\/sgagora\" \/>\n<meta property=\"article:published_time\" content=\"2015-05-09T03:37:02+00:00\" \/>\n<meta property=\"og:image\" content=\"https:\/\/www.sgagora.com.br\/sg\/wp-content\/uploads\/2015\/05\/820u6riupk_12oc4nh1ag_file-e1431142493666.jpeg\" \/>\n\t<meta property=\"og:image:width\" content=\"600\" \/>\n\t<meta property=\"og:image:height\" content=\"404\" \/>\n\t<meta property=\"og:image:type\" content=\"image\/jpeg\" \/>\n<meta name=\"author\" content=\"SG Agora\" \/>\n<meta name=\"twitter:label1\" content=\"Escrito por\" \/>\n\t<meta name=\"twitter:data1\" content=\"SG Agora\" \/>\n\t<meta name=\"twitter:label2\" content=\"Est. tempo de leitura\" \/>\n\t<meta name=\"twitter:data2\" content=\"2 minutos\" \/>\n<script type=\"application\/ld+json\" class=\"yoast-schema-graph\">{\"@context\":\"https:\/\/schema.org\",\"@graph\":[{\"@type\":\"WebPage\",\"@id\":\"https:\/\/www.sgagora.com.br\/sg\/vida-em-outro-planeta-cientista-diz-que-governos-escondem-ets-da-populacao\/\",\"url\":\"https:\/\/www.sgagora.com.br\/sg\/vida-em-outro-planeta-cientista-diz-que-governos-escondem-ets-da-populacao\/\",\"name\":\"Cientista diz que Governos escondem ETS da popula\u00e7\u00e3o\",\"isPartOf\":{\"@id\":\"https:\/\/www.sgagora.com.br\/sg\/#website\"},\"datePublished\":\"2015-05-09T03:37:02+00:00\",\"dateModified\":\"2015-05-09T03:37:02+00:00\",\"author\":{\"@id\":\"https:\/\/www.sgagora.com.br\/sg\/#\/schema\/person\/2be62cfb47cee3e0b305e4f7a765ae41\"},\"description\":\"O uf\u00f3logo americano Tom Carey causou pol\u00eamica ao revelar ao mundo uma fotos que comprovariam a exist\u00eancia de ETS.\",\"breadcrumb\":{\"@id\":\"https:\/\/www.sgagora.com.br\/sg\/vida-em-outro-planeta-cientista-diz-que-governos-escondem-ets-da-populacao\/#breadcrumb\"},\"inLanguage\":\"pt-BR\",\"potentialAction\":[{\"@type\":\"ReadAction\",\"target\":[\"https:\/\/www.sgagora.com.br\/sg\/vida-em-outro-planeta-cientista-diz-que-governos-escondem-ets-da-populacao\/\"]}]},{\"@type\":\"BreadcrumbList\",\"@id\":\"https:\/\/www.sgagora.com.br\/sg\/vida-em-outro-planeta-cientista-diz-que-governos-escondem-ets-da-populacao\/#breadcrumb\",\"itemListElement\":[{\"@type\":\"ListItem\",\"position\":1,\"name\":\"In\u00edcio\",\"item\":\"https:\/\/www.sgagora.com.br\/sg\/\"},{\"@type\":\"ListItem\",\"position\":2,\"name\":\"Vida em outro planeta? Cientista diz que Governos escondem ETS da popula\u00e7\u00e3o\"}]},{\"@type\":\"WebSite\",\"@id\":\"https:\/\/www.sgagora.com.br\/sg\/#website\",\"url\":\"https:\/\/www.sgagora.com.br\/sg\/\",\"name\":\"SGAgora\",\"description\":\"Not\u00edcias de S\u00e3o Gotardo\",\"potentialAction\":[{\"@type\":\"SearchAction\",\"target\":{\"@type\":\"EntryPoint\",\"urlTemplate\":\"https:\/\/www.sgagora.com.br\/sg\/?s={search_term_string}\"},\"query-input\":\"required name=search_term_string\"}],\"inLanguage\":\"pt-BR\"},{\"@type\":\"Person\",\"@id\":\"https:\/\/www.sgagora.com.br\/sg\/#\/schema\/person\/2be62cfb47cee3e0b305e4f7a765ae41\",\"name\":\"SG Agora\",\"image\":{\"@type\":\"ImageObject\",\"inLanguage\":\"pt-BR\",\"@id\":\"https:\/\/www.sgagora.com.br\/sg\/#\/schema\/person\/image\/\",\"url\":\"https:\/\/secure.gravatar.com\/avatar\/a0c612a9a8c3e7419d6fd4f92e749d8d?s=96&d=mm&r=g\",\"contentUrl\":\"https:\/\/secure.gravatar.com\/avatar\/a0c612a9a8c3e7419d6fd4f92e749d8d?s=96&d=mm&r=g\",\"caption\":\"SG Agora\"},\"url\":\"https:\/\/www.sgagora.com.br\/sg\/author\/admin\/\"}]}<\/script>\n<!-- \/ Yoast SEO plugin. -->","yoast_head_json":{"title":"Cientista diz que Governos escondem ETS da popula\u00e7\u00e3o","description":"O uf\u00f3logo americano Tom Carey causou pol\u00eamica ao revelar ao mundo uma fotos que comprovariam a exist\u00eancia de ETS.","robots":{"index":"index","follow":"follow","max-snippet":"max-snippet:-1","max-image-preview":"max-image-preview:large","max-video-preview":"max-video-preview:-1"},"canonical":"https:\/\/www.sgagora.com.br\/sg\/vida-em-outro-planeta-cientista-diz-que-governos-escondem-ets-da-populacao\/","og_locale":"pt_BR","og_type":"article","og_title":"Cientista diz que Governos escondem ETS da popula\u00e7\u00e3o","og_description":"O uf\u00f3logo americano Tom Carey causou pol\u00eamica ao revelar ao mundo uma fotos que comprovariam a exist\u00eancia de ETS.","og_url":"https:\/\/www.sgagora.com.br\/sg\/vida-em-outro-planeta-cientista-diz-que-governos-escondem-ets-da-populacao\/","og_site_name":"SGAgora","article_publisher":"https:\/\/www.facebook.com\/sgagora","article_published_time":"2015-05-09T03:37:02+00:00","og_image":[{"width":600,"height":404,"url":"https:\/\/www.sgagora.com.br\/sg\/wp-content\/uploads\/2015\/05\/820u6riupk_12oc4nh1ag_file-e1431142493666.jpeg","type":"image\/jpeg"}],"author":"SG Agora","twitter_misc":{"Escrito por":"SG Agora","Est. tempo de leitura":"2 minutos"},"schema":{"@context":"https:\/\/schema.org","@graph":[{"@type":"WebPage","@id":"https:\/\/www.sgagora.com.br\/sg\/vida-em-outro-planeta-cientista-diz-que-governos-escondem-ets-da-populacao\/","url":"https:\/\/www.sgagora.com.br\/sg\/vida-em-outro-planeta-cientista-diz-que-governos-escondem-ets-da-populacao\/","name":"Cientista diz que Governos escondem ETS da popula\u00e7\u00e3o","isPartOf":{"@id":"https:\/\/www.sgagora.com.br\/sg\/#website"},"datePublished":"2015-05-09T03:37:02+00:00","dateModified":"2015-05-09T03:37:02+00:00","author":{"@id":"https:\/\/www.sgagora.com.br\/sg\/#\/schema\/person\/2be62cfb47cee3e0b305e4f7a765ae41"},"description":"O uf\u00f3logo americano Tom Carey causou pol\u00eamica ao revelar ao mundo uma fotos que comprovariam a exist\u00eancia de ETS.","breadcrumb":{"@id":"https:\/\/www.sgagora.com.br\/sg\/vida-em-outro-planeta-cientista-diz-que-governos-escondem-ets-da-populacao\/#breadcrumb"},"inLanguage":"pt-BR","potentialAction":[{"@type":"ReadAction","target":["https:\/\/www.sgagora.com.br\/sg\/vida-em-outro-planeta-cientista-diz-que-governos-escondem-ets-da-populacao\/"]}]},{"@type":"BreadcrumbList","@id":"https:\/\/www.sgagora.com.br\/sg\/vida-em-outro-planeta-cientista-diz-que-governos-escondem-ets-da-populacao\/#breadcrumb","itemListElement":[{"@type":"ListItem","position":1,"name":"In\u00edcio","item":"https:\/\/www.sgagora.com.br\/sg\/"},{"@type":"ListItem","position":2,"name":"Vida em outro planeta? Cientista diz que Governos escondem ETS da popula\u00e7\u00e3o"}]},{"@type":"WebSite","@id":"https:\/\/www.sgagora.com.br\/sg\/#website","url":"https:\/\/www.sgagora.com.br\/sg\/","name":"SGAgora","description":"Not\u00edcias de S\u00e3o Gotardo","potentialAction":[{"@type":"SearchAction","target":{"@type":"EntryPoint","urlTemplate":"https:\/\/www.sgagora.com.br\/sg\/?s={search_term_string}"},"query-input":"required name=search_term_string"}],"inLanguage":"pt-BR"},{"@type":"Person","@id":"https:\/\/www.sgagora.com.br\/sg\/#\/schema\/person\/2be62cfb47cee3e0b305e4f7a765ae41","name":"SG Agora","image":{"@type":"ImageObject","inLanguage":"pt-BR","@id":"https:\/\/www.sgagora.com.br\/sg\/#\/schema\/person\/image\/","url":"https:\/\/secure.gravatar.com\/avatar\/a0c612a9a8c3e7419d6fd4f92e749d8d?s=96&d=mm&r=g","contentUrl":"https:\/\/secure.gravatar.com\/avatar\/a0c612a9a8c3e7419d6fd4f92e749d8d?s=96&d=mm&r=g","caption":"SG Agora"},"url":"https:\/\/www.sgagora.com.br\/sg\/author\/admin\/"}]}},"_links":{"self":[{"href":"https:\/\/www.sgagora.com.br\/sg\/wp-json\/wp\/v2\/posts\/9183"}],"collection":[{"href":"https:\/\/www.sgagora.com.br\/sg\/wp-json\/wp\/v2\/posts"}],"about":[{"href":"https:\/\/www.sgagora.com.br\/sg\/wp-json\/wp\/v2\/types\/post"}],"author":[{"embeddable":true,"href":"https:\/\/www.sgagora.com.br\/sg\/wp-json\/wp\/v2\/users\/1"}],"replies":[{"embeddable":true,"href":"https:\/\/www.sgagora.com.br\/sg\/wp-json\/wp\/v2\/comments?post=9183"}],"version-history":[{"count":1,"href":"https:\/\/www.sgagora.com.br\/sg\/wp-json\/wp\/v2\/posts\/9183\/revisions"}],"predecessor-version":[{"id":9186,"href":"https:\/\/www.sgagora.com.br\/sg\/wp-json\/wp\/v2\/posts\/9183\/revisions\/9186"}],"wp:featuredmedia":[{"embeddable":true,"href":"https:\/\/www.sgagora.com.br\/sg\/wp-json\/wp\/v2\/media\/9185"}],"wp:attachment":[{"href":"https:\/\/www.sgagora.com.br\/sg\/wp-json\/wp\/v2\/media?parent=9183"}],"wp:term":[{"taxonomy":"category","embeddable":true,"href":"https:\/\/www.sgagora.com.br\/sg\/wp-json\/wp\/v2\/categories?post=9183"},{"taxonomy":"post_tag","embeddable":true,"href":"https:\/\/www.sgagora.com.br\/sg\/wp-json\/wp\/v2\/tags?post=9183"}],"curies":[{"name":"wp","href":"https:\/\/api.w.org\/{rel}","templated":true}]}}