{"id":999925317,"date":"2016-03-28T11:32:21","date_gmt":"2016-03-28T11:32:21","guid":{"rendered":"http:\/\/www.sgagora.com.br\/sg\/?p=999925317"},"modified":"2016-09-05T20:10:19","modified_gmt":"2016-09-05T20:10:19","slug":"acidente-de-transito-na-br-354-entre-sao-gotardo-e-rio-paranaiba-deixa-varias-pessoas-gravemente-feridas-apos-colisao","status":"publish","type":"post","link":"https:\/\/www.sgagora.com.br\/sg\/acidente-de-transito-na-br-354-entre-sao-gotardo-e-rio-paranaiba-deixa-varias-pessoas-gravemente-feridas-apos-colisao\/","title":{"rendered":"Acidente de tr\u00e2nsito na BR-354 entre S\u00e3o Gotardo e Rio Parana\u00edba deixa v\u00e1rias pessoas gravemente feridas ap\u00f3s colis\u00e3o"},"content":{"rendered":"<p>No final da tarde deste domingo (27\/03) por volta das 17:30 na BR-354, um grave acidente foi registrado envolvendo dois ve\u00edculos de passeio e nove pessoas se feriram ap\u00f3s a violenta batida. Ambul\u00e2ncias de S\u00e3o Gotardo prestaram os primeiros socorros as v\u00edtimas, porem quatro pessoas foram encaminhadas para o Hospital Regional de Patos de Minas em estado grave.<\/p>\n<p>Segundo informa\u00e7\u00f5es de pessoas que passaram no local do acidente, a pista estava bastante molhada e devido a rapidez da batida, n\u00e3o foi poss\u00edvel identificar os motivos que causaram a colis\u00e3o frontal. Segundo informa\u00e7\u00f5es do condutor do ve\u00edculo Corsa\/Sedan, o outro carro envolvido na batida teria perdido o controle direcional, o que causou a colis\u00e3o frontal. As frentes dos ve\u00edculos, um Corsa\/Sedan e um Volkswagen\/Gol, ficaram completamente destru\u00eddas.<\/p>\n<p>Ap\u00f3s receberem os primeiros socorros em S\u00e3o Gotardo, as v\u00edtimas em estado grave foram encaminhadas para o Hospital Regional de Patos de Minas. As fam\u00edlias das v\u00edtimas estavam desesperadas e em estado de choque. Al\u00e9m do motorista, estavam no Corsa\/Sedan, uma mulher e uma crian\u00e7a de oito anos. Seis pessoas estariam no outro ve\u00edculo envolvido na batida, segundo informa\u00e7\u00f5es do motorista do Corsa\/Sedan. Entre elas, uma crian\u00e7a se feriu gravemente e foi encaminhada as pressas para o Hospital Regional de Patos de Minas. A crian\u00e7a j\u00e1 passou por duas cirurgias ap\u00f3s a batida, porem seu estado de sa\u00fade permanece grave, segundo informa\u00e7\u00f5es do Jornal do Povo.<\/p>\n<p>O acidente foi registrado entre as cidades de S\u00e3o Gotardo e Rio Parana\u00edba. O tr\u00e2nsito ficou interditado por cerca de 1 hora at\u00e9 que os ve\u00edculos foram removidos da pista.<\/p>\n<p><strong>Confiram as fotos do grave acidente:<\/strong><\/p>\n\n\t\t<style type=\"text\/css\">\n\t\t\t#gallery-1 {\n\t\t\t\tmargin: auto;\n\t\t\t}\n\t\t\t#gallery-1 .gallery-item {\n\t\t\t\tfloat: left;\n\t\t\t\tmargin-top: 10px;\n\t\t\t\ttext-align: center;\n\t\t\t\twidth: 20%;\n\t\t\t}\n\t\t\t#gallery-1 img {\n\t\t\t\tborder: 2px solid #cfcfcf;\n\t\t\t}\n\t\t\t#gallery-1 .gallery-caption {\n\t\t\t\tmargin-left: 0;\n\t\t\t}\n\t\t\t\/* see gallery_shortcode() in wp-includes\/media.php *\/\n\t\t<\/style>\n\t\t<div id='gallery-1' class='gallery galleryid-999925317 gallery-columns-5 gallery-size-thumbnail'><dl class='gallery-item'>\n\t\t\t<dt class='gallery-icon landscape'>\n\t\t\t\t<a class=\"prettyphoto\" rel=\"prettyPhoto[gallery]\" href='https:\/\/www.sgagora.com.br\/sg\/wp-content\/uploads\/2016\/03\/IMG-20160327-WA0147.jpg'><img width=\"80\" height=\"80\" src=\"https:\/\/www.sgagora.com.br\/sg\/wp-content\/uploads\/2016\/03\/IMG-20160327-WA0147-80x80.jpg\" class=\"attachment-thumbnail size-thumbnail\" alt=\"\" decoding=\"async\" loading=\"lazy\" srcset=\"https:\/\/www.sgagora.com.br\/sg\/wp-content\/uploads\/2016\/03\/IMG-20160327-WA0147-80x80.jpg 80w, https:\/\/www.sgagora.com.br\/sg\/wp-content\/uploads\/2016\/03\/IMG-20160327-WA0147-65x65.jpg 65w, https:\/\/www.sgagora.com.br\/sg\/wp-content\/uploads\/2016\/03\/IMG-20160327-WA0147-180x180.jpg 180w, https:\/\/www.sgagora.com.br\/sg\/wp-content\/uploads\/2016\/03\/IMG-20160327-WA0147-300x300.jpg 300w, https:\/\/www.sgagora.com.br\/sg\/wp-content\/uploads\/2016\/03\/IMG-20160327-WA0147-600x600.jpg 600w\" sizes=\"(max-width: 80px) 100vw, 80px\" \/><\/a>\n\t\t\t<\/dt><\/dl><dl class='gallery-item'>\n\t\t\t<dt class='gallery-icon portrait'>\n\t\t\t\t<a class=\"prettyphoto\" rel=\"prettyPhoto[gallery]\" href='https:\/\/www.sgagora.com.br\/sg\/wp-content\/uploads\/2016\/03\/IMG-20160327-WA0153.jpg'><img width=\"80\" height=\"80\" src=\"https:\/\/www.sgagora.com.br\/sg\/wp-content\/uploads\/2016\/03\/IMG-20160327-WA0153-80x80.jpg\" class=\"attachment-thumbnail size-thumbnail\" alt=\"\" decoding=\"async\" loading=\"lazy\" srcset=\"https:\/\/www.sgagora.com.br\/sg\/wp-content\/uploads\/2016\/03\/IMG-20160327-WA0153-80x80.jpg 80w, https:\/\/www.sgagora.com.br\/sg\/wp-content\/uploads\/2016\/03\/IMG-20160327-WA0153-65x65.jpg 65w, https:\/\/www.sgagora.com.br\/sg\/wp-content\/uploads\/2016\/03\/IMG-20160327-WA0153-180x180.jpg 180w, https:\/\/www.sgagora.com.br\/sg\/wp-content\/uploads\/2016\/03\/IMG-20160327-WA0153-300x300.jpg 300w, https:\/\/www.sgagora.com.br\/sg\/wp-content\/uploads\/2016\/03\/IMG-20160327-WA0153-600x600.jpg 600w\" sizes=\"(max-width: 80px) 100vw, 80px\" \/><\/a>\n\t\t\t<\/dt><\/dl><dl class='gallery-item'>\n\t\t\t<dt class='gallery-icon landscape'>\n\t\t\t\t<a class=\"prettyphoto\" rel=\"prettyPhoto[gallery]\" href='https:\/\/www.sgagora.com.br\/sg\/wp-content\/uploads\/2016\/03\/IMG-20160327-WA0156.jpg'><img width=\"80\" height=\"80\" src=\"https:\/\/www.sgagora.com.br\/sg\/wp-content\/uploads\/2016\/03\/IMG-20160327-WA0156-80x80.jpg\" class=\"attachment-thumbnail size-thumbnail\" alt=\"\" decoding=\"async\" loading=\"lazy\" srcset=\"https:\/\/www.sgagora.com.br\/sg\/wp-content\/uploads\/2016\/03\/IMG-20160327-WA0156-80x80.jpg 80w, https:\/\/www.sgagora.com.br\/sg\/wp-content\/uploads\/2016\/03\/IMG-20160327-WA0156-65x65.jpg 65w, https:\/\/www.sgagora.com.br\/sg\/wp-content\/uploads\/2016\/03\/IMG-20160327-WA0156-180x180.jpg 180w, https:\/\/www.sgagora.com.br\/sg\/wp-content\/uploads\/2016\/03\/IMG-20160327-WA0156-300x300.jpg 300w, https:\/\/www.sgagora.com.br\/sg\/wp-content\/uploads\/2016\/03\/IMG-20160327-WA0156-600x600.jpg 600w\" sizes=\"(max-width: 80px) 100vw, 80px\" \/><\/a>\n\t\t\t<\/dt><\/dl><dl class='gallery-item'>\n\t\t\t<dt class='gallery-icon portrait'>\n\t\t\t\t<a class=\"prettyphoto\" rel=\"prettyPhoto[gallery]\" href='https:\/\/www.sgagora.com.br\/sg\/wp-content\/uploads\/2016\/03\/IMG-20160327-WA0159.jpg'><img width=\"80\" height=\"80\" src=\"https:\/\/www.sgagora.com.br\/sg\/wp-content\/uploads\/2016\/03\/IMG-20160327-WA0159-80x80.jpg\" class=\"attachment-thumbnail size-thumbnail\" alt=\"\" decoding=\"async\" loading=\"lazy\" srcset=\"https:\/\/www.sgagora.com.br\/sg\/wp-content\/uploads\/2016\/03\/IMG-20160327-WA0159-80x80.jpg 80w, https:\/\/www.sgagora.com.br\/sg\/wp-content\/uploads\/2016\/03\/IMG-20160327-WA0159-65x65.jpg 65w, https:\/\/www.sgagora.com.br\/sg\/wp-content\/uploads\/2016\/03\/IMG-20160327-WA0159-180x180.jpg 180w, https:\/\/www.sgagora.com.br\/sg\/wp-content\/uploads\/2016\/03\/IMG-20160327-WA0159-300x300.jpg 300w, https:\/\/www.sgagora.com.br\/sg\/wp-content\/uploads\/2016\/03\/IMG-20160327-WA0159-600x600.jpg 600w\" sizes=\"(max-width: 80px) 100vw, 80px\" \/><\/a>\n\t\t\t<\/dt><\/dl><dl class='gallery-item'>\n\t\t\t<dt class='gallery-icon portrait'>\n\t\t\t\t<a class=\"prettyphoto\" rel=\"prettyPhoto[gallery]\" href='https:\/\/www.sgagora.com.br\/sg\/wp-content\/uploads\/2016\/03\/IMG-20160327-WA0160.jpg'><img width=\"80\" height=\"80\" src=\"https:\/\/www.sgagora.com.br\/sg\/wp-content\/uploads\/2016\/03\/IMG-20160327-WA0160-80x80.jpg\" class=\"attachment-thumbnail size-thumbnail\" alt=\"\" decoding=\"async\" loading=\"lazy\" srcset=\"https:\/\/www.sgagora.com.br\/sg\/wp-content\/uploads\/2016\/03\/IMG-20160327-WA0160-80x80.jpg 80w, https:\/\/www.sgagora.com.br\/sg\/wp-content\/uploads\/2016\/03\/IMG-20160327-WA0160-65x65.jpg 65w, https:\/\/www.sgagora.com.br\/sg\/wp-content\/uploads\/2016\/03\/IMG-20160327-WA0160-180x180.jpg 180w, https:\/\/www.sgagora.com.br\/sg\/wp-content\/uploads\/2016\/03\/IMG-20160327-WA0160-300x300.jpg 300w, https:\/\/www.sgagora.com.br\/sg\/wp-content\/uploads\/2016\/03\/IMG-20160327-WA0160-600x600.jpg 600w\" sizes=\"(max-width: 80px) 100vw, 80px\" \/><\/a>\n\t\t\t<\/dt><\/dl><br style=\"clear: both\" \/>\n\t\t<\/div>\n\n<p>&nbsp;<\/p>\n<p><em>Fotos enviadas atrav\u00e9s do aplicativo whatsapp do Portal SG AGORA \/ Fonte da reportagem: Jornal do Povo<\/em><\/p>\n","protected":false},"excerpt":{"rendered":"<p>No final da tarde deste domingo (27\/03) por volta das 17:30 na BR-354, um grave acidente foi registrado envolvendo dois ve\u00edculos de passeio e nove pessoas se feriram ap\u00f3s a violenta batida. Ambul\u00e2ncias de S\u00e3o &#8230; <a class=\"readmore\" href=\"https:\/\/www.sgagora.com.br\/sg\/acidente-de-transito-na-br-354-entre-sao-gotardo-e-rio-paranaiba-deixa-varias-pessoas-gravemente-feridas-apos-colisao\/\">Leia Mais<\/a><\/p>\n","protected":false},"author":1,"featured_media":999925325,"comment_status":"closed","ping_status":"closed","sticky":false,"template":"","format":"standard","meta":{"_bbp_topic_count":0,"_bbp_reply_count":0,"_bbp_total_topic_count":0,"_bbp_total_reply_count":0,"_bbp_voice_count":0,"_bbp_anonymous_reply_count":0,"_bbp_topic_count_hidden":0,"_bbp_reply_count_hidden":0,"_bbp_forum_subforum_count":0},"categories":[84,77,81],"tags":[],"yoast_head":"<!-- This site is optimized with the Yoast SEO plugin v20.5 - https:\/\/yoast.com\/wordpress\/plugins\/seo\/ -->\n<title>Acidente de tr\u00e2nsito na BR-354 entre S\u00e3o Gotardo e Rio Parana\u00edba deixa v\u00e1rias pessoas gravemente feridas ap\u00f3s colis\u00e3o<\/title>\n<meta name=\"description\" content=\"Grave acidente foi registrado por volta das 17:30 durante o domingo de P\u00e1scoa e deixou quatro pessoas feridas em estado grave.\" \/>\n<meta name=\"robots\" content=\"index, follow, max-snippet:-1, max-image-preview:large, max-video-preview:-1\" \/>\n<link rel=\"canonical\" href=\"https:\/\/www.sgagora.com.br\/sg\/acidente-de-transito-na-br-354-entre-sao-gotardo-e-rio-paranaiba-deixa-varias-pessoas-gravemente-feridas-apos-colisao\/\" \/>\n<meta property=\"og:locale\" content=\"pt_BR\" \/>\n<meta property=\"og:type\" content=\"article\" \/>\n<meta property=\"og:title\" content=\"Acidente de tr\u00e2nsito na BR-354 entre S\u00e3o Gotardo e Rio Parana\u00edba deixa v\u00e1rias pessoas gravemente feridas ap\u00f3s colis\u00e3o\" \/>\n<meta property=\"og:description\" content=\"Grave acidente foi registrado por volta das 17:30 durante o domingo de P\u00e1scoa e deixou quatro pessoas feridas em estado grave.\" \/>\n<meta property=\"og:url\" content=\"https:\/\/www.sgagora.com.br\/sg\/acidente-de-transito-na-br-354-entre-sao-gotardo-e-rio-paranaiba-deixa-varias-pessoas-gravemente-feridas-apos-colisao\/\" \/>\n<meta property=\"og:site_name\" content=\"SGAgora\" \/>\n<meta property=\"article:publisher\" content=\"https:\/\/www.facebook.com\/sgagora\" \/>\n<meta property=\"article:published_time\" content=\"2016-03-28T11:32:21+00:00\" \/>\n<meta property=\"article:modified_time\" content=\"2016-09-05T20:10:19+00:00\" \/>\n<meta property=\"og:image\" content=\"https:\/\/www.sgagora.com.br\/sg\/wp-content\/uploads\/2016\/03\/IMG-20160327-WA0159.png\" \/>\n\t<meta property=\"og:image:width\" content=\"336\" \/>\n\t<meta property=\"og:image:height\" content=\"597\" \/>\n\t<meta property=\"og:image:type\" content=\"image\/png\" \/>\n<meta name=\"author\" content=\"SG Agora\" \/>\n<meta name=\"twitter:label1\" content=\"Escrito por\" \/>\n\t<meta name=\"twitter:data1\" content=\"SG Agora\" \/>\n\t<meta name=\"twitter:label2\" content=\"Est. tempo de leitura\" \/>\n\t<meta name=\"twitter:data2\" content=\"2 minutos\" \/>\n<script type=\"application\/ld+json\" class=\"yoast-schema-graph\">{\"@context\":\"https:\/\/schema.org\",\"@graph\":[{\"@type\":\"WebPage\",\"@id\":\"https:\/\/www.sgagora.com.br\/sg\/acidente-de-transito-na-br-354-entre-sao-gotardo-e-rio-paranaiba-deixa-varias-pessoas-gravemente-feridas-apos-colisao\/\",\"url\":\"https:\/\/www.sgagora.com.br\/sg\/acidente-de-transito-na-br-354-entre-sao-gotardo-e-rio-paranaiba-deixa-varias-pessoas-gravemente-feridas-apos-colisao\/\",\"name\":\"Acidente de tr\u00e2nsito na BR-354 entre S\u00e3o Gotardo e Rio Parana\u00edba deixa v\u00e1rias pessoas gravemente feridas ap\u00f3s colis\u00e3o\",\"isPartOf\":{\"@id\":\"https:\/\/www.sgagora.com.br\/sg\/#website\"},\"datePublished\":\"2016-03-28T11:32:21+00:00\",\"dateModified\":\"2016-09-05T20:10:19+00:00\",\"author\":{\"@id\":\"https:\/\/www.sgagora.com.br\/sg\/#\/schema\/person\/2be62cfb47cee3e0b305e4f7a765ae41\"},\"description\":\"Grave acidente foi registrado por volta das 17:30 durante o domingo de P\u00e1scoa e deixou quatro pessoas feridas em estado grave.\",\"breadcrumb\":{\"@id\":\"https:\/\/www.sgagora.com.br\/sg\/acidente-de-transito-na-br-354-entre-sao-gotardo-e-rio-paranaiba-deixa-varias-pessoas-gravemente-feridas-apos-colisao\/#breadcrumb\"},\"inLanguage\":\"pt-BR\",\"potentialAction\":[{\"@type\":\"ReadAction\",\"target\":[\"https:\/\/www.sgagora.com.br\/sg\/acidente-de-transito-na-br-354-entre-sao-gotardo-e-rio-paranaiba-deixa-varias-pessoas-gravemente-feridas-apos-colisao\/\"]}]},{\"@type\":\"BreadcrumbList\",\"@id\":\"https:\/\/www.sgagora.com.br\/sg\/acidente-de-transito-na-br-354-entre-sao-gotardo-e-rio-paranaiba-deixa-varias-pessoas-gravemente-feridas-apos-colisao\/#breadcrumb\",\"itemListElement\":[{\"@type\":\"ListItem\",\"position\":1,\"name\":\"In\u00edcio\",\"item\":\"https:\/\/www.sgagora.com.br\/sg\/\"},{\"@type\":\"ListItem\",\"position\":2,\"name\":\"Acidente de tr\u00e2nsito na BR-354 entre S\u00e3o Gotardo e Rio Parana\u00edba deixa v\u00e1rias pessoas gravemente feridas ap\u00f3s colis\u00e3o\"}]},{\"@type\":\"WebSite\",\"@id\":\"https:\/\/www.sgagora.com.br\/sg\/#website\",\"url\":\"https:\/\/www.sgagora.com.br\/sg\/\",\"name\":\"SGAgora\",\"description\":\"Not\u00edcias de S\u00e3o Gotardo\",\"potentialAction\":[{\"@type\":\"SearchAction\",\"target\":{\"@type\":\"EntryPoint\",\"urlTemplate\":\"https:\/\/www.sgagora.com.br\/sg\/?s={search_term_string}\"},\"query-input\":\"required name=search_term_string\"}],\"inLanguage\":\"pt-BR\"},{\"@type\":\"Person\",\"@id\":\"https:\/\/www.sgagora.com.br\/sg\/#\/schema\/person\/2be62cfb47cee3e0b305e4f7a765ae41\",\"name\":\"SG Agora\",\"image\":{\"@type\":\"ImageObject\",\"inLanguage\":\"pt-BR\",\"@id\":\"https:\/\/www.sgagora.com.br\/sg\/#\/schema\/person\/image\/\",\"url\":\"https:\/\/secure.gravatar.com\/avatar\/a0c612a9a8c3e7419d6fd4f92e749d8d?s=96&d=mm&r=g\",\"contentUrl\":\"https:\/\/secure.gravatar.com\/avatar\/a0c612a9a8c3e7419d6fd4f92e749d8d?s=96&d=mm&r=g\",\"caption\":\"SG Agora\"},\"url\":\"https:\/\/www.sgagora.com.br\/sg\/author\/admin\/\"}]}<\/script>\n<!-- \/ Yoast SEO plugin. -->","yoast_head_json":{"title":"Acidente de tr\u00e2nsito na BR-354 entre S\u00e3o Gotardo e Rio Parana\u00edba deixa v\u00e1rias pessoas gravemente feridas ap\u00f3s colis\u00e3o","description":"Grave acidente foi registrado por volta das 17:30 durante o domingo de P\u00e1scoa e deixou quatro pessoas feridas em estado grave.","robots":{"index":"index","follow":"follow","max-snippet":"max-snippet:-1","max-image-preview":"max-image-preview:large","max-video-preview":"max-video-preview:-1"},"canonical":"https:\/\/www.sgagora.com.br\/sg\/acidente-de-transito-na-br-354-entre-sao-gotardo-e-rio-paranaiba-deixa-varias-pessoas-gravemente-feridas-apos-colisao\/","og_locale":"pt_BR","og_type":"article","og_title":"Acidente de tr\u00e2nsito na BR-354 entre S\u00e3o Gotardo e Rio Parana\u00edba deixa v\u00e1rias pessoas gravemente feridas ap\u00f3s colis\u00e3o","og_description":"Grave acidente foi registrado por volta das 17:30 durante o domingo de P\u00e1scoa e deixou quatro pessoas feridas em estado grave.","og_url":"https:\/\/www.sgagora.com.br\/sg\/acidente-de-transito-na-br-354-entre-sao-gotardo-e-rio-paranaiba-deixa-varias-pessoas-gravemente-feridas-apos-colisao\/","og_site_name":"SGAgora","article_publisher":"https:\/\/www.facebook.com\/sgagora","article_published_time":"2016-03-28T11:32:21+00:00","article_modified_time":"2016-09-05T20:10:19+00:00","og_image":[{"width":336,"height":597,"url":"https:\/\/www.sgagora.com.br\/sg\/wp-content\/uploads\/2016\/03\/IMG-20160327-WA0159.png","type":"image\/png"}],"author":"SG Agora","twitter_misc":{"Escrito por":"SG Agora","Est. tempo de leitura":"2 minutos"},"schema":{"@context":"https:\/\/schema.org","@graph":[{"@type":"WebPage","@id":"https:\/\/www.sgagora.com.br\/sg\/acidente-de-transito-na-br-354-entre-sao-gotardo-e-rio-paranaiba-deixa-varias-pessoas-gravemente-feridas-apos-colisao\/","url":"https:\/\/www.sgagora.com.br\/sg\/acidente-de-transito-na-br-354-entre-sao-gotardo-e-rio-paranaiba-deixa-varias-pessoas-gravemente-feridas-apos-colisao\/","name":"Acidente de tr\u00e2nsito na BR-354 entre S\u00e3o Gotardo e Rio Parana\u00edba deixa v\u00e1rias pessoas gravemente feridas ap\u00f3s colis\u00e3o","isPartOf":{"@id":"https:\/\/www.sgagora.com.br\/sg\/#website"},"datePublished":"2016-03-28T11:32:21+00:00","dateModified":"2016-09-05T20:10:19+00:00","author":{"@id":"https:\/\/www.sgagora.com.br\/sg\/#\/schema\/person\/2be62cfb47cee3e0b305e4f7a765ae41"},"description":"Grave acidente foi registrado por volta das 17:30 durante o domingo de P\u00e1scoa e deixou quatro pessoas feridas em estado grave.","breadcrumb":{"@id":"https:\/\/www.sgagora.com.br\/sg\/acidente-de-transito-na-br-354-entre-sao-gotardo-e-rio-paranaiba-deixa-varias-pessoas-gravemente-feridas-apos-colisao\/#breadcrumb"},"inLanguage":"pt-BR","potentialAction":[{"@type":"ReadAction","target":["https:\/\/www.sgagora.com.br\/sg\/acidente-de-transito-na-br-354-entre-sao-gotardo-e-rio-paranaiba-deixa-varias-pessoas-gravemente-feridas-apos-colisao\/"]}]},{"@type":"BreadcrumbList","@id":"https:\/\/www.sgagora.com.br\/sg\/acidente-de-transito-na-br-354-entre-sao-gotardo-e-rio-paranaiba-deixa-varias-pessoas-gravemente-feridas-apos-colisao\/#breadcrumb","itemListElement":[{"@type":"ListItem","position":1,"name":"In\u00edcio","item":"https:\/\/www.sgagora.com.br\/sg\/"},{"@type":"ListItem","position":2,"name":"Acidente de tr\u00e2nsito na BR-354 entre S\u00e3o Gotardo e Rio Parana\u00edba deixa v\u00e1rias pessoas gravemente feridas ap\u00f3s colis\u00e3o"}]},{"@type":"WebSite","@id":"https:\/\/www.sgagora.com.br\/sg\/#website","url":"https:\/\/www.sgagora.com.br\/sg\/","name":"SGAgora","description":"Not\u00edcias de S\u00e3o Gotardo","potentialAction":[{"@type":"SearchAction","target":{"@type":"EntryPoint","urlTemplate":"https:\/\/www.sgagora.com.br\/sg\/?s={search_term_string}"},"query-input":"required name=search_term_string"}],"inLanguage":"pt-BR"},{"@type":"Person","@id":"https:\/\/www.sgagora.com.br\/sg\/#\/schema\/person\/2be62cfb47cee3e0b305e4f7a765ae41","name":"SG Agora","image":{"@type":"ImageObject","inLanguage":"pt-BR","@id":"https:\/\/www.sgagora.com.br\/sg\/#\/schema\/person\/image\/","url":"https:\/\/secure.gravatar.com\/avatar\/a0c612a9a8c3e7419d6fd4f92e749d8d?s=96&d=mm&r=g","contentUrl":"https:\/\/secure.gravatar.com\/avatar\/a0c612a9a8c3e7419d6fd4f92e749d8d?s=96&d=mm&r=g","caption":"SG Agora"},"url":"https:\/\/www.sgagora.com.br\/sg\/author\/admin\/"}]}},"_links":{"self":[{"href":"https:\/\/www.sgagora.com.br\/sg\/wp-json\/wp\/v2\/posts\/999925317"}],"collection":[{"href":"https:\/\/www.sgagora.com.br\/sg\/wp-json\/wp\/v2\/posts"}],"about":[{"href":"https:\/\/www.sgagora.com.br\/sg\/wp-json\/wp\/v2\/types\/post"}],"author":[{"embeddable":true,"href":"https:\/\/www.sgagora.com.br\/sg\/wp-json\/wp\/v2\/users\/1"}],"replies":[{"embeddable":true,"href":"https:\/\/www.sgagora.com.br\/sg\/wp-json\/wp\/v2\/comments?post=999925317"}],"version-history":[{"count":3,"href":"https:\/\/www.sgagora.com.br\/sg\/wp-json\/wp\/v2\/posts\/999925317\/revisions"}],"predecessor-version":[{"id":999933353,"href":"https:\/\/www.sgagora.com.br\/sg\/wp-json\/wp\/v2\/posts\/999925317\/revisions\/999933353"}],"wp:featuredmedia":[{"embeddable":true,"href":"https:\/\/www.sgagora.com.br\/sg\/wp-json\/wp\/v2\/media\/999925325"}],"wp:attachment":[{"href":"https:\/\/www.sgagora.com.br\/sg\/wp-json\/wp\/v2\/media?parent=999925317"}],"wp:term":[{"taxonomy":"category","embeddable":true,"href":"https:\/\/www.sgagora.com.br\/sg\/wp-json\/wp\/v2\/categories?post=999925317"},{"taxonomy":"post_tag","embeddable":true,"href":"https:\/\/www.sgagora.com.br\/sg\/wp-json\/wp\/v2\/tags?post=999925317"}],"curies":[{"name":"wp","href":"https:\/\/api.w.org\/{rel}","templated":true}]}}