{"id":999926562,"date":"2016-06-06T12:52:25","date_gmt":"2016-06-06T12:52:25","guid":{"rendered":"http:\/\/www.sgagora.com.br\/sg\/?p=999926562"},"modified":"2016-06-08T13:06:09","modified_gmt":"2016-06-08T13:06:09","slug":"menores-furtam-carros-em-campos-altos-e-sao-gotardo-mas-sao-localizados-pela-pm-e-veiculos-sao-recuperados","status":"publish","type":"post","link":"https:\/\/www.sgagora.com.br\/sg\/menores-furtam-carros-em-campos-altos-e-sao-gotardo-mas-sao-localizados-pela-pm-e-veiculos-sao-recuperados\/","title":{"rendered":"Menores furtam carros em Campos Altos e S\u00e3o Gotardo mas s\u00e3o localizados pela PM e ve\u00edculos s\u00e3o recuperados"},"content":{"rendered":"<p>Na noite de s\u00e1bado (04\/06) em S\u00e3o Gotardo, tr\u00eas menores foram apreendidos ap\u00f3s furtarem tr\u00eas carros e serem localizados na Agrovila, distrito do munic\u00edpio de S\u00e3o Gotardo. Diante da possibilidade dos menores infratores estarem no local denunciado, a Pol\u00edcia Militar de S\u00e3o Gotardo agiu r\u00e1pido &#8220;fechou o cerco&#8221; conseguindo\u00a0localizar e recuperar os ve\u00edculos furtados. Os tr\u00eas menores foram apreendidos e encaminhados para o Poder Judici\u00e1rio de Patos de Minas, para demais provid\u00eancias serem tomadas sobre o crime cometido por eles.<\/p>\n<p>Segundo informa\u00e7\u00f5es da Pol\u00edcia Militar de S\u00e3o Gotardo, a primeira a\u00e7\u00e3o cometida pelos menores foi na cidade de Campos Altos. Ap\u00f3s furtarem um ve\u00edculo Fiat\/Uno na cidade citada, os jovens se deslocaram para S\u00e3o Gotardo onde roubaram mais dois ve\u00edculos, tamb\u00e9m da marca Fiat. Porem, ap\u00f3s apura\u00e7\u00f5es da PM e den\u00fancias das v\u00edtimas, os menores infratores foram localizados e apreendidos na Agrovila, juntamente com os tr\u00eas ve\u00edculos.<\/p>\n<p>Os carros foram guinchados para o P\u00e1tio da Pol\u00edcia Civil de S\u00e3o Gotardo, onde ficar\u00e3o dispon\u00edveis para seus donos leg\u00edtimos retira-los. Os menores foram encaminhados para Patos de Minas, onde provavelmente dever\u00e3o ser encaminhados para uma Casa de Recupera\u00e7\u00e3o \u00e0 Menores Infratores de Idade.<\/p>\n<p>&nbsp;<\/p>\n<p><em><strong>Fonte da reportagem:<\/strong> Pol\u00edcia Militar de S\u00e3o Gotardo<\/em><\/p>\n","protected":false},"excerpt":{"rendered":"<p>Na noite de s\u00e1bado (04\/06) em S\u00e3o Gotardo, tr\u00eas menores foram apreendidos ap\u00f3s furtarem tr\u00eas carros e serem localizados na Agrovila, distrito do munic\u00edpio de S\u00e3o Gotardo. Diante da possibilidade dos menores infratores estarem no &#8230; <a class=\"readmore\" href=\"https:\/\/www.sgagora.com.br\/sg\/menores-furtam-carros-em-campos-altos-e-sao-gotardo-mas-sao-localizados-pela-pm-e-veiculos-sao-recuperados\/\">Leia Mais<\/a><\/p>\n","protected":false},"author":1,"featured_media":999926659,"comment_status":"open","ping_status":"open","sticky":false,"template":"","format":"standard","meta":{"_bbp_topic_count":0,"_bbp_reply_count":0,"_bbp_total_topic_count":0,"_bbp_total_reply_count":0,"_bbp_voice_count":0,"_bbp_anonymous_reply_count":0,"_bbp_topic_count_hidden":0,"_bbp_reply_count_hidden":0,"_bbp_forum_subforum_count":0},"categories":[84,77,81],"tags":[],"yoast_head":"<!-- This site is optimized with the Yoast SEO plugin v20.5 - https:\/\/yoast.com\/wordpress\/plugins\/seo\/ -->\n<title>Menores furtam carros em Campos Altos e S\u00e3o Gotardo mas s\u00e3o localizados pela PM e ve\u00edculos s\u00e3o recuperados<\/title>\n<meta name=\"description\" content=\"Os menores furtaram um carro em Campos Altos, usaram o mesmo para se deslocarem para S\u00e3o Gotardo, onde furtaram mais dois ve\u00edculos.\" \/>\n<meta name=\"robots\" content=\"index, follow, max-snippet:-1, max-image-preview:large, max-video-preview:-1\" \/>\n<link rel=\"canonical\" href=\"https:\/\/www.sgagora.com.br\/sg\/menores-furtam-carros-em-campos-altos-e-sao-gotardo-mas-sao-localizados-pela-pm-e-veiculos-sao-recuperados\/\" \/>\n<meta property=\"og:locale\" content=\"pt_BR\" \/>\n<meta property=\"og:type\" content=\"article\" \/>\n<meta property=\"og:title\" content=\"Menores furtam carros em Campos Altos e S\u00e3o Gotardo mas s\u00e3o localizados pela PM e ve\u00edculos s\u00e3o recuperados\" \/>\n<meta property=\"og:description\" content=\"Os menores furtaram um carro em Campos Altos, usaram o mesmo para se deslocarem para S\u00e3o Gotardo, onde furtaram mais dois ve\u00edculos.\" \/>\n<meta property=\"og:url\" content=\"https:\/\/www.sgagora.com.br\/sg\/menores-furtam-carros-em-campos-altos-e-sao-gotardo-mas-sao-localizados-pela-pm-e-veiculos-sao-recuperados\/\" \/>\n<meta property=\"og:site_name\" content=\"SGAgora\" \/>\n<meta property=\"article:publisher\" content=\"https:\/\/www.facebook.com\/sgagora\" \/>\n<meta property=\"article:published_time\" content=\"2016-06-06T12:52:25+00:00\" \/>\n<meta property=\"article:modified_time\" content=\"2016-06-08T13:06:09+00:00\" \/>\n<meta property=\"og:image\" content=\"https:\/\/www.sgagora.com.br\/sg\/wp-content\/uploads\/2016\/06\/CONCURSO-PM-MG-POLICIA-MILITAR-DE-MINAS-GERAIS.jpg\" \/>\n\t<meta property=\"og:image:width\" content=\"400\" \/>\n\t<meta property=\"og:image:height\" content=\"255\" \/>\n\t<meta property=\"og:image:type\" content=\"image\/jpeg\" \/>\n<meta name=\"author\" content=\"SG Agora\" \/>\n<meta name=\"twitter:label1\" content=\"Escrito por\" \/>\n\t<meta name=\"twitter:data1\" content=\"SG Agora\" \/>\n\t<meta name=\"twitter:label2\" content=\"Est. tempo de leitura\" \/>\n\t<meta name=\"twitter:data2\" content=\"1 minuto\" \/>\n<script type=\"application\/ld+json\" class=\"yoast-schema-graph\">{\"@context\":\"https:\/\/schema.org\",\"@graph\":[{\"@type\":\"WebPage\",\"@id\":\"https:\/\/www.sgagora.com.br\/sg\/menores-furtam-carros-em-campos-altos-e-sao-gotardo-mas-sao-localizados-pela-pm-e-veiculos-sao-recuperados\/\",\"url\":\"https:\/\/www.sgagora.com.br\/sg\/menores-furtam-carros-em-campos-altos-e-sao-gotardo-mas-sao-localizados-pela-pm-e-veiculos-sao-recuperados\/\",\"name\":\"Menores furtam carros em Campos Altos e S\u00e3o Gotardo mas s\u00e3o localizados pela PM e ve\u00edculos s\u00e3o recuperados\",\"isPartOf\":{\"@id\":\"https:\/\/www.sgagora.com.br\/sg\/#website\"},\"datePublished\":\"2016-06-06T12:52:25+00:00\",\"dateModified\":\"2016-06-08T13:06:09+00:00\",\"author\":{\"@id\":\"https:\/\/www.sgagora.com.br\/sg\/#\/schema\/person\/2be62cfb47cee3e0b305e4f7a765ae41\"},\"description\":\"Os menores furtaram um carro em Campos Altos, usaram o mesmo para se deslocarem para S\u00e3o Gotardo, onde furtaram mais dois ve\u00edculos.\",\"breadcrumb\":{\"@id\":\"https:\/\/www.sgagora.com.br\/sg\/menores-furtam-carros-em-campos-altos-e-sao-gotardo-mas-sao-localizados-pela-pm-e-veiculos-sao-recuperados\/#breadcrumb\"},\"inLanguage\":\"pt-BR\",\"potentialAction\":[{\"@type\":\"ReadAction\",\"target\":[\"https:\/\/www.sgagora.com.br\/sg\/menores-furtam-carros-em-campos-altos-e-sao-gotardo-mas-sao-localizados-pela-pm-e-veiculos-sao-recuperados\/\"]}]},{\"@type\":\"BreadcrumbList\",\"@id\":\"https:\/\/www.sgagora.com.br\/sg\/menores-furtam-carros-em-campos-altos-e-sao-gotardo-mas-sao-localizados-pela-pm-e-veiculos-sao-recuperados\/#breadcrumb\",\"itemListElement\":[{\"@type\":\"ListItem\",\"position\":1,\"name\":\"In\u00edcio\",\"item\":\"https:\/\/www.sgagora.com.br\/sg\/\"},{\"@type\":\"ListItem\",\"position\":2,\"name\":\"Menores furtam carros em Campos Altos e S\u00e3o Gotardo mas s\u00e3o localizados pela PM e ve\u00edculos s\u00e3o recuperados\"}]},{\"@type\":\"WebSite\",\"@id\":\"https:\/\/www.sgagora.com.br\/sg\/#website\",\"url\":\"https:\/\/www.sgagora.com.br\/sg\/\",\"name\":\"SGAgora\",\"description\":\"Not\u00edcias de S\u00e3o Gotardo\",\"potentialAction\":[{\"@type\":\"SearchAction\",\"target\":{\"@type\":\"EntryPoint\",\"urlTemplate\":\"https:\/\/www.sgagora.com.br\/sg\/?s={search_term_string}\"},\"query-input\":\"required name=search_term_string\"}],\"inLanguage\":\"pt-BR\"},{\"@type\":\"Person\",\"@id\":\"https:\/\/www.sgagora.com.br\/sg\/#\/schema\/person\/2be62cfb47cee3e0b305e4f7a765ae41\",\"name\":\"SG Agora\",\"image\":{\"@type\":\"ImageObject\",\"inLanguage\":\"pt-BR\",\"@id\":\"https:\/\/www.sgagora.com.br\/sg\/#\/schema\/person\/image\/\",\"url\":\"https:\/\/secure.gravatar.com\/avatar\/a0c612a9a8c3e7419d6fd4f92e749d8d?s=96&d=mm&r=g\",\"contentUrl\":\"https:\/\/secure.gravatar.com\/avatar\/a0c612a9a8c3e7419d6fd4f92e749d8d?s=96&d=mm&r=g\",\"caption\":\"SG Agora\"},\"url\":\"https:\/\/www.sgagora.com.br\/sg\/author\/admin\/\"}]}<\/script>\n<!-- \/ Yoast SEO plugin. -->","yoast_head_json":{"title":"Menores furtam carros em Campos Altos e S\u00e3o Gotardo mas s\u00e3o localizados pela PM e ve\u00edculos s\u00e3o recuperados","description":"Os menores furtaram um carro em Campos Altos, usaram o mesmo para se deslocarem para S\u00e3o Gotardo, onde furtaram mais dois ve\u00edculos.","robots":{"index":"index","follow":"follow","max-snippet":"max-snippet:-1","max-image-preview":"max-image-preview:large","max-video-preview":"max-video-preview:-1"},"canonical":"https:\/\/www.sgagora.com.br\/sg\/menores-furtam-carros-em-campos-altos-e-sao-gotardo-mas-sao-localizados-pela-pm-e-veiculos-sao-recuperados\/","og_locale":"pt_BR","og_type":"article","og_title":"Menores furtam carros em Campos Altos e S\u00e3o Gotardo mas s\u00e3o localizados pela PM e ve\u00edculos s\u00e3o recuperados","og_description":"Os menores furtaram um carro em Campos Altos, usaram o mesmo para se deslocarem para S\u00e3o Gotardo, onde furtaram mais dois ve\u00edculos.","og_url":"https:\/\/www.sgagora.com.br\/sg\/menores-furtam-carros-em-campos-altos-e-sao-gotardo-mas-sao-localizados-pela-pm-e-veiculos-sao-recuperados\/","og_site_name":"SGAgora","article_publisher":"https:\/\/www.facebook.com\/sgagora","article_published_time":"2016-06-06T12:52:25+00:00","article_modified_time":"2016-06-08T13:06:09+00:00","og_image":[{"width":400,"height":255,"url":"https:\/\/www.sgagora.com.br\/sg\/wp-content\/uploads\/2016\/06\/CONCURSO-PM-MG-POLICIA-MILITAR-DE-MINAS-GERAIS.jpg","type":"image\/jpeg"}],"author":"SG Agora","twitter_misc":{"Escrito por":"SG Agora","Est. tempo de leitura":"1 minuto"},"schema":{"@context":"https:\/\/schema.org","@graph":[{"@type":"WebPage","@id":"https:\/\/www.sgagora.com.br\/sg\/menores-furtam-carros-em-campos-altos-e-sao-gotardo-mas-sao-localizados-pela-pm-e-veiculos-sao-recuperados\/","url":"https:\/\/www.sgagora.com.br\/sg\/menores-furtam-carros-em-campos-altos-e-sao-gotardo-mas-sao-localizados-pela-pm-e-veiculos-sao-recuperados\/","name":"Menores furtam carros em Campos Altos e S\u00e3o Gotardo mas s\u00e3o localizados pela PM e ve\u00edculos s\u00e3o recuperados","isPartOf":{"@id":"https:\/\/www.sgagora.com.br\/sg\/#website"},"datePublished":"2016-06-06T12:52:25+00:00","dateModified":"2016-06-08T13:06:09+00:00","author":{"@id":"https:\/\/www.sgagora.com.br\/sg\/#\/schema\/person\/2be62cfb47cee3e0b305e4f7a765ae41"},"description":"Os menores furtaram um carro em Campos Altos, usaram o mesmo para se deslocarem para S\u00e3o Gotardo, onde furtaram mais dois ve\u00edculos.","breadcrumb":{"@id":"https:\/\/www.sgagora.com.br\/sg\/menores-furtam-carros-em-campos-altos-e-sao-gotardo-mas-sao-localizados-pela-pm-e-veiculos-sao-recuperados\/#breadcrumb"},"inLanguage":"pt-BR","potentialAction":[{"@type":"ReadAction","target":["https:\/\/www.sgagora.com.br\/sg\/menores-furtam-carros-em-campos-altos-e-sao-gotardo-mas-sao-localizados-pela-pm-e-veiculos-sao-recuperados\/"]}]},{"@type":"BreadcrumbList","@id":"https:\/\/www.sgagora.com.br\/sg\/menores-furtam-carros-em-campos-altos-e-sao-gotardo-mas-sao-localizados-pela-pm-e-veiculos-sao-recuperados\/#breadcrumb","itemListElement":[{"@type":"ListItem","position":1,"name":"In\u00edcio","item":"https:\/\/www.sgagora.com.br\/sg\/"},{"@type":"ListItem","position":2,"name":"Menores furtam carros em Campos Altos e S\u00e3o Gotardo mas s\u00e3o localizados pela PM e ve\u00edculos s\u00e3o recuperados"}]},{"@type":"WebSite","@id":"https:\/\/www.sgagora.com.br\/sg\/#website","url":"https:\/\/www.sgagora.com.br\/sg\/","name":"SGAgora","description":"Not\u00edcias de S\u00e3o Gotardo","potentialAction":[{"@type":"SearchAction","target":{"@type":"EntryPoint","urlTemplate":"https:\/\/www.sgagora.com.br\/sg\/?s={search_term_string}"},"query-input":"required name=search_term_string"}],"inLanguage":"pt-BR"},{"@type":"Person","@id":"https:\/\/www.sgagora.com.br\/sg\/#\/schema\/person\/2be62cfb47cee3e0b305e4f7a765ae41","name":"SG Agora","image":{"@type":"ImageObject","inLanguage":"pt-BR","@id":"https:\/\/www.sgagora.com.br\/sg\/#\/schema\/person\/image\/","url":"https:\/\/secure.gravatar.com\/avatar\/a0c612a9a8c3e7419d6fd4f92e749d8d?s=96&d=mm&r=g","contentUrl":"https:\/\/secure.gravatar.com\/avatar\/a0c612a9a8c3e7419d6fd4f92e749d8d?s=96&d=mm&r=g","caption":"SG Agora"},"url":"https:\/\/www.sgagora.com.br\/sg\/author\/admin\/"}]}},"_links":{"self":[{"href":"https:\/\/www.sgagora.com.br\/sg\/wp-json\/wp\/v2\/posts\/999926562"}],"collection":[{"href":"https:\/\/www.sgagora.com.br\/sg\/wp-json\/wp\/v2\/posts"}],"about":[{"href":"https:\/\/www.sgagora.com.br\/sg\/wp-json\/wp\/v2\/types\/post"}],"author":[{"embeddable":true,"href":"https:\/\/www.sgagora.com.br\/sg\/wp-json\/wp\/v2\/users\/1"}],"replies":[{"embeddable":true,"href":"https:\/\/www.sgagora.com.br\/sg\/wp-json\/wp\/v2\/comments?post=999926562"}],"version-history":[{"count":1,"href":"https:\/\/www.sgagora.com.br\/sg\/wp-json\/wp\/v2\/posts\/999926562\/revisions"}],"predecessor-version":[{"id":999926563,"href":"https:\/\/www.sgagora.com.br\/sg\/wp-json\/wp\/v2\/posts\/999926562\/revisions\/999926563"}],"wp:featuredmedia":[{"embeddable":true,"href":"https:\/\/www.sgagora.com.br\/sg\/wp-json\/wp\/v2\/media\/999926659"}],"wp:attachment":[{"href":"https:\/\/www.sgagora.com.br\/sg\/wp-json\/wp\/v2\/media?parent=999926562"}],"wp:term":[{"taxonomy":"category","embeddable":true,"href":"https:\/\/www.sgagora.com.br\/sg\/wp-json\/wp\/v2\/categories?post=999926562"},{"taxonomy":"post_tag","embeddable":true,"href":"https:\/\/www.sgagora.com.br\/sg\/wp-json\/wp\/v2\/tags?post=999926562"}],"curies":[{"name":"wp","href":"https:\/\/api.w.org\/{rel}","templated":true}]}}