{"id":999931242,"date":"2016-07-28T14:00:41","date_gmt":"2016-07-28T14:00:41","guid":{"rendered":"http:\/\/www.sgagora.com.br\/sg\/?p=999931242"},"modified":"2016-07-28T14:00:41","modified_gmt":"2016-07-28T14:00:41","slug":"prf-inicia-nesta-segunda01-operacao-romaria-2016-na-br-365","status":"publish","type":"post","link":"https:\/\/www.sgagora.com.br\/sg\/prf-inicia-nesta-segunda01-operacao-romaria-2016-na-br-365\/","title":{"rendered":"PRF inicia nesta segunda(01) opera\u00e7\u00e3o &#8216;Romaria 2016&#8217; na BR-365"},"content":{"rendered":"<p>Come\u00e7a na pr\u00f3xima segunda-feira (1\u00ba) a Opera\u00e7\u00e3o \u2018Romaria 2016\u2019, realizada pela Pol\u00edcia Rodovi\u00e1ria Federal (PRF) de Uberl\u00e2ndia e de\u00a0Patos de Minas na BR-365. O objetivo \u00e9 intensificar a seguran\u00e7a dos pedestres que seguem at\u00e9 Romaria, no Alto Parana\u00edba. As equipes ser\u00e3o refor\u00e7adas nos trechos e atuar\u00e3o com rondas, fiscaliza\u00e7\u00e3o e radar m\u00f3vel.<\/p>\n<p>Durante duas semanas, at\u00e9 dia 15 de agosto quando se comemora o dia da assun\u00e7\u00e3o de Nossa Senhora de Abadia em Romaria, fi\u00e9is trafegam pelo acostamento da rodovia e o tr\u00e1fego de ve\u00edculos \u00e9 monitorado pela PRF.<\/p>\n<p>Para a seguran\u00e7a dos romeiros que trafegam pela BR-365 no trecho do Alto Parana\u00edba, o inspetor Alfredo Terceiro disse que viaturas far\u00e3o rondas di\u00e1rias at\u00e9 o trevo de Romaria, entre os quil\u00f4metros 280 divisa entre os munic\u00edpios de Buritizeiro e Pirapora e o quil\u00f4metro 570, divisa com Uberl\u00e2ndia. Al\u00e9m disso, o principal ponto de apoio da PRF de Patos de Minas ser\u00e1\u00a0 quil\u00f4metro 413, pr\u00f3ximo \u00e0 sa\u00edda da cidade.<\/p>\n<p>De acordo com o inspetor, haver\u00e1 ainda, se necess\u00e1rio, o apoio de outras delegacias. Ele alertou para dois trechos que requerem aten\u00e7\u00e3o especial dos romeiros neste per\u00edodo, sendo localizado a 20 quil\u00f4metros de Patos de Minas, caracterizado pela presen\u00e7a de muitas curvas.<\/p>\n<p>&#8220;O segundo trecho \u00e9 uma pista reta, que fica depois de Patroc\u00ednio e muitos motoristas passam por ela em alta velocidade. J\u00e1 os locais que est\u00e3o em obras ser\u00e3o devidamente sinalizados com cones e sinaliza\u00e7\u00e3o eletr\u00f4nica&#8221;, informou.<\/p>\n<p><strong>Dicas de seguran\u00e7a aos romeiros:<\/strong><\/p>\n<p><a href=\"https:\/\/www.sgagora.com.br\/sg\/wp-content\/uploads\/2016\/07\/IMG_0582-e1469714423711.jpg\" rel=\"attachment wp-att-999931243\"><img decoding=\"async\" loading=\"lazy\" class=\"alignleft size-medium wp-image-999931243\" src=\"https:\/\/www.sgagora.com.br\/sg\/wp-content\/uploads\/2016\/07\/IMG_0582-300x225.jpg\" alt=\"IMG_0582\" width=\"300\" height=\"225\" \/><\/a>A PRF pede aten\u00e7\u00e3o especial para que os romeiros se preocupem com a visibilidade, j\u00e1 que a rodovia n\u00e3o \u00e9 um local usual de pedestres e muitos motoristas da BR-365 s\u00e3o de outras localidades, mesmo que haja placas conscientizando da tradi\u00e7\u00e3o religiosa. Para garantir a seguran\u00e7a e evitar acidentes, a PRF sugere os seguintes cuidados:<\/p>\n<p><strong>1<\/strong>. Caminhe em fila indiana, no acostamento e no sentido contr\u00e1rio ao do fluxo dos ve\u00edculos. Onde n\u00e3o houver acostamento, cuidado redobrado. Prefira a vegeta\u00e7\u00e3o \u00e0s margens da pista e s\u00f3 um \u00faltimo caso utilize o bordo asfaltado, sempre o mais \u00e0 esquerda poss\u00edvel;<\/p>\n<p><strong>2<\/strong>. Use roupas coloridas para aumentar a sua visibilidade. Use tamb\u00e9m faixas refletivas e lanternas;<\/p>\n<p><strong>3<\/strong>. Evite o uso de fones de ouvido e conversas em redes sociais em aparelho celular. \u00c9 preciso muita aten\u00e7\u00e3o. Lembre-se que nas rodovias os ve\u00edculos trafegam em alta velocidade e grande fluxo;<\/p>\n<p><strong>4.<\/strong> Caso tenha que ir ao carro de apoio, o fa\u00e7a fora da rodovia e fora do acostamento, para evitar aglomera\u00e7\u00e3o de pessoas. Pe\u00e7a para o amigo do carro de apoio par\u00e1-lo em uma entrada de fazenda ou estrada vicinal.<\/p>\n<p>&nbsp;<\/p>\n<p><em><strong>Fonte da reportagem:\u00a0<\/strong>http:\/\/g1.globo.com\/minas-gerais\/triangulo-mineiro\/noticia\/2016\/07\/prf-dara-inicio-operacao-romaria-2016-na-br-365-em-mg.html \/ <strong>Fotos:<\/strong> Portal SG AGORA<\/em><\/p>\n","protected":false},"excerpt":{"rendered":"<p>Come\u00e7a na pr\u00f3xima segunda-feira (1\u00ba) a Opera\u00e7\u00e3o \u2018Romaria 2016\u2019, realizada pela Pol\u00edcia Rodovi\u00e1ria Federal (PRF) de Uberl\u00e2ndia e de\u00a0Patos de Minas na BR-365. O objetivo \u00e9 intensificar a seguran\u00e7a dos pedestres que seguem at\u00e9 Romaria, &#8230; <a class=\"readmore\" href=\"https:\/\/www.sgagora.com.br\/sg\/prf-inicia-nesta-segunda01-operacao-romaria-2016-na-br-365\/\">Leia Mais<\/a><\/p>\n","protected":false},"author":1,"featured_media":999931244,"comment_status":"open","ping_status":"open","sticky":false,"template":"","format":"standard","meta":{"_bbp_topic_count":0,"_bbp_reply_count":0,"_bbp_total_topic_count":0,"_bbp_total_reply_count":0,"_bbp_voice_count":0,"_bbp_anonymous_reply_count":0,"_bbp_topic_count_hidden":0,"_bbp_reply_count_hidden":0,"_bbp_forum_subforum_count":0},"categories":[84,77,81],"tags":[120,200,131],"yoast_head":"<!-- This site is optimized with the Yoast SEO plugin v20.5 - https:\/\/yoast.com\/wordpress\/plugins\/seo\/ -->\n<title>PRF inicia nesta segunda(01) opera\u00e7\u00e3o &#039;Romaria 2016&#039; na BR-365<\/title>\n<meta name=\"description\" content=\"Na reportagem, PRF alerta sobre trechos perigosos e d\u00e1 dicas de seguran\u00e7a aos fi\u00e9is.\" \/>\n<meta name=\"robots\" content=\"index, follow, max-snippet:-1, max-image-preview:large, max-video-preview:-1\" \/>\n<link rel=\"canonical\" href=\"https:\/\/www.sgagora.com.br\/sg\/prf-inicia-nesta-segunda01-operacao-romaria-2016-na-br-365\/\" \/>\n<meta property=\"og:locale\" content=\"pt_BR\" \/>\n<meta property=\"og:type\" content=\"article\" \/>\n<meta property=\"og:title\" content=\"PRF inicia nesta segunda(01) opera\u00e7\u00e3o &#039;Romaria 2016&#039; na BR-365\" \/>\n<meta property=\"og:description\" content=\"Na reportagem, PRF alerta sobre trechos perigosos e d\u00e1 dicas de seguran\u00e7a aos fi\u00e9is.\" \/>\n<meta property=\"og:url\" content=\"https:\/\/www.sgagora.com.br\/sg\/prf-inicia-nesta-segunda01-operacao-romaria-2016-na-br-365\/\" \/>\n<meta property=\"og:site_name\" content=\"SGAgora\" \/>\n<meta property=\"article:publisher\" content=\"https:\/\/www.facebook.com\/sgagora\" \/>\n<meta property=\"article:published_time\" content=\"2016-07-28T14:00:41+00:00\" \/>\n<meta property=\"og:image\" content=\"https:\/\/www.sgagora.com.br\/sg\/wp-content\/uploads\/2016\/07\/IMG_05831-e1469714371198.jpg\" \/>\n\t<meta property=\"og:image:width\" content=\"600\" \/>\n\t<meta property=\"og:image:height\" content=\"450\" \/>\n\t<meta property=\"og:image:type\" content=\"image\/jpeg\" \/>\n<meta name=\"author\" content=\"SG Agora\" \/>\n<meta name=\"twitter:label1\" content=\"Escrito por\" \/>\n\t<meta name=\"twitter:data1\" content=\"SG Agora\" \/>\n\t<meta name=\"twitter:label2\" content=\"Est. tempo de leitura\" \/>\n\t<meta name=\"twitter:data2\" content=\"2 minutos\" \/>\n<script type=\"application\/ld+json\" class=\"yoast-schema-graph\">{\"@context\":\"https:\/\/schema.org\",\"@graph\":[{\"@type\":\"WebPage\",\"@id\":\"https:\/\/www.sgagora.com.br\/sg\/prf-inicia-nesta-segunda01-operacao-romaria-2016-na-br-365\/\",\"url\":\"https:\/\/www.sgagora.com.br\/sg\/prf-inicia-nesta-segunda01-operacao-romaria-2016-na-br-365\/\",\"name\":\"PRF inicia nesta segunda(01) opera\u00e7\u00e3o 'Romaria 2016' na BR-365\",\"isPartOf\":{\"@id\":\"https:\/\/www.sgagora.com.br\/sg\/#website\"},\"datePublished\":\"2016-07-28T14:00:41+00:00\",\"dateModified\":\"2016-07-28T14:00:41+00:00\",\"author\":{\"@id\":\"https:\/\/www.sgagora.com.br\/sg\/#\/schema\/person\/2be62cfb47cee3e0b305e4f7a765ae41\"},\"description\":\"Na reportagem, PRF alerta sobre trechos perigosos e d\u00e1 dicas de seguran\u00e7a aos fi\u00e9is.\",\"breadcrumb\":{\"@id\":\"https:\/\/www.sgagora.com.br\/sg\/prf-inicia-nesta-segunda01-operacao-romaria-2016-na-br-365\/#breadcrumb\"},\"inLanguage\":\"pt-BR\",\"potentialAction\":[{\"@type\":\"ReadAction\",\"target\":[\"https:\/\/www.sgagora.com.br\/sg\/prf-inicia-nesta-segunda01-operacao-romaria-2016-na-br-365\/\"]}]},{\"@type\":\"BreadcrumbList\",\"@id\":\"https:\/\/www.sgagora.com.br\/sg\/prf-inicia-nesta-segunda01-operacao-romaria-2016-na-br-365\/#breadcrumb\",\"itemListElement\":[{\"@type\":\"ListItem\",\"position\":1,\"name\":\"In\u00edcio\",\"item\":\"https:\/\/www.sgagora.com.br\/sg\/\"},{\"@type\":\"ListItem\",\"position\":2,\"name\":\"PRF inicia nesta segunda(01) opera\u00e7\u00e3o &#8216;Romaria 2016&#8217; na BR-365\"}]},{\"@type\":\"WebSite\",\"@id\":\"https:\/\/www.sgagora.com.br\/sg\/#website\",\"url\":\"https:\/\/www.sgagora.com.br\/sg\/\",\"name\":\"SGAgora\",\"description\":\"Not\u00edcias de S\u00e3o Gotardo\",\"potentialAction\":[{\"@type\":\"SearchAction\",\"target\":{\"@type\":\"EntryPoint\",\"urlTemplate\":\"https:\/\/www.sgagora.com.br\/sg\/?s={search_term_string}\"},\"query-input\":\"required name=search_term_string\"}],\"inLanguage\":\"pt-BR\"},{\"@type\":\"Person\",\"@id\":\"https:\/\/www.sgagora.com.br\/sg\/#\/schema\/person\/2be62cfb47cee3e0b305e4f7a765ae41\",\"name\":\"SG Agora\",\"image\":{\"@type\":\"ImageObject\",\"inLanguage\":\"pt-BR\",\"@id\":\"https:\/\/www.sgagora.com.br\/sg\/#\/schema\/person\/image\/\",\"url\":\"https:\/\/secure.gravatar.com\/avatar\/a0c612a9a8c3e7419d6fd4f92e749d8d?s=96&d=mm&r=g\",\"contentUrl\":\"https:\/\/secure.gravatar.com\/avatar\/a0c612a9a8c3e7419d6fd4f92e749d8d?s=96&d=mm&r=g\",\"caption\":\"SG Agora\"},\"url\":\"https:\/\/www.sgagora.com.br\/sg\/author\/admin\/\"}]}<\/script>\n<!-- \/ Yoast SEO plugin. -->","yoast_head_json":{"title":"PRF inicia nesta segunda(01) opera\u00e7\u00e3o 'Romaria 2016' na BR-365","description":"Na reportagem, PRF alerta sobre trechos perigosos e d\u00e1 dicas de seguran\u00e7a aos fi\u00e9is.","robots":{"index":"index","follow":"follow","max-snippet":"max-snippet:-1","max-image-preview":"max-image-preview:large","max-video-preview":"max-video-preview:-1"},"canonical":"https:\/\/www.sgagora.com.br\/sg\/prf-inicia-nesta-segunda01-operacao-romaria-2016-na-br-365\/","og_locale":"pt_BR","og_type":"article","og_title":"PRF inicia nesta segunda(01) opera\u00e7\u00e3o 'Romaria 2016' na BR-365","og_description":"Na reportagem, PRF alerta sobre trechos perigosos e d\u00e1 dicas de seguran\u00e7a aos fi\u00e9is.","og_url":"https:\/\/www.sgagora.com.br\/sg\/prf-inicia-nesta-segunda01-operacao-romaria-2016-na-br-365\/","og_site_name":"SGAgora","article_publisher":"https:\/\/www.facebook.com\/sgagora","article_published_time":"2016-07-28T14:00:41+00:00","og_image":[{"width":600,"height":450,"url":"https:\/\/www.sgagora.com.br\/sg\/wp-content\/uploads\/2016\/07\/IMG_05831-e1469714371198.jpg","type":"image\/jpeg"}],"author":"SG Agora","twitter_misc":{"Escrito por":"SG Agora","Est. tempo de leitura":"2 minutos"},"schema":{"@context":"https:\/\/schema.org","@graph":[{"@type":"WebPage","@id":"https:\/\/www.sgagora.com.br\/sg\/prf-inicia-nesta-segunda01-operacao-romaria-2016-na-br-365\/","url":"https:\/\/www.sgagora.com.br\/sg\/prf-inicia-nesta-segunda01-operacao-romaria-2016-na-br-365\/","name":"PRF inicia nesta segunda(01) opera\u00e7\u00e3o 'Romaria 2016' na BR-365","isPartOf":{"@id":"https:\/\/www.sgagora.com.br\/sg\/#website"},"datePublished":"2016-07-28T14:00:41+00:00","dateModified":"2016-07-28T14:00:41+00:00","author":{"@id":"https:\/\/www.sgagora.com.br\/sg\/#\/schema\/person\/2be62cfb47cee3e0b305e4f7a765ae41"},"description":"Na reportagem, PRF alerta sobre trechos perigosos e d\u00e1 dicas de seguran\u00e7a aos fi\u00e9is.","breadcrumb":{"@id":"https:\/\/www.sgagora.com.br\/sg\/prf-inicia-nesta-segunda01-operacao-romaria-2016-na-br-365\/#breadcrumb"},"inLanguage":"pt-BR","potentialAction":[{"@type":"ReadAction","target":["https:\/\/www.sgagora.com.br\/sg\/prf-inicia-nesta-segunda01-operacao-romaria-2016-na-br-365\/"]}]},{"@type":"BreadcrumbList","@id":"https:\/\/www.sgagora.com.br\/sg\/prf-inicia-nesta-segunda01-operacao-romaria-2016-na-br-365\/#breadcrumb","itemListElement":[{"@type":"ListItem","position":1,"name":"In\u00edcio","item":"https:\/\/www.sgagora.com.br\/sg\/"},{"@type":"ListItem","position":2,"name":"PRF inicia nesta segunda(01) opera\u00e7\u00e3o &#8216;Romaria 2016&#8217; na BR-365"}]},{"@type":"WebSite","@id":"https:\/\/www.sgagora.com.br\/sg\/#website","url":"https:\/\/www.sgagora.com.br\/sg\/","name":"SGAgora","description":"Not\u00edcias de S\u00e3o Gotardo","potentialAction":[{"@type":"SearchAction","target":{"@type":"EntryPoint","urlTemplate":"https:\/\/www.sgagora.com.br\/sg\/?s={search_term_string}"},"query-input":"required name=search_term_string"}],"inLanguage":"pt-BR"},{"@type":"Person","@id":"https:\/\/www.sgagora.com.br\/sg\/#\/schema\/person\/2be62cfb47cee3e0b305e4f7a765ae41","name":"SG Agora","image":{"@type":"ImageObject","inLanguage":"pt-BR","@id":"https:\/\/www.sgagora.com.br\/sg\/#\/schema\/person\/image\/","url":"https:\/\/secure.gravatar.com\/avatar\/a0c612a9a8c3e7419d6fd4f92e749d8d?s=96&d=mm&r=g","contentUrl":"https:\/\/secure.gravatar.com\/avatar\/a0c612a9a8c3e7419d6fd4f92e749d8d?s=96&d=mm&r=g","caption":"SG Agora"},"url":"https:\/\/www.sgagora.com.br\/sg\/author\/admin\/"}]}},"_links":{"self":[{"href":"https:\/\/www.sgagora.com.br\/sg\/wp-json\/wp\/v2\/posts\/999931242"}],"collection":[{"href":"https:\/\/www.sgagora.com.br\/sg\/wp-json\/wp\/v2\/posts"}],"about":[{"href":"https:\/\/www.sgagora.com.br\/sg\/wp-json\/wp\/v2\/types\/post"}],"author":[{"embeddable":true,"href":"https:\/\/www.sgagora.com.br\/sg\/wp-json\/wp\/v2\/users\/1"}],"replies":[{"embeddable":true,"href":"https:\/\/www.sgagora.com.br\/sg\/wp-json\/wp\/v2\/comments?post=999931242"}],"version-history":[{"count":1,"href":"https:\/\/www.sgagora.com.br\/sg\/wp-json\/wp\/v2\/posts\/999931242\/revisions"}],"predecessor-version":[{"id":999931245,"href":"https:\/\/www.sgagora.com.br\/sg\/wp-json\/wp\/v2\/posts\/999931242\/revisions\/999931245"}],"wp:featuredmedia":[{"embeddable":true,"href":"https:\/\/www.sgagora.com.br\/sg\/wp-json\/wp\/v2\/media\/999931244"}],"wp:attachment":[{"href":"https:\/\/www.sgagora.com.br\/sg\/wp-json\/wp\/v2\/media?parent=999931242"}],"wp:term":[{"taxonomy":"category","embeddable":true,"href":"https:\/\/www.sgagora.com.br\/sg\/wp-json\/wp\/v2\/categories?post=999931242"},{"taxonomy":"post_tag","embeddable":true,"href":"https:\/\/www.sgagora.com.br\/sg\/wp-json\/wp\/v2\/tags?post=999931242"}],"curies":[{"name":"wp","href":"https:\/\/api.w.org\/{rel}","templated":true}]}}