{"id":999931280,"date":"2016-08-01T10:53:59","date_gmt":"2016-08-01T10:53:59","guid":{"rendered":"http:\/\/www.sgagora.com.br\/sg\/?p=999931280"},"modified":"2016-08-01T10:53:59","modified_gmt":"2016-08-01T10:53:59","slug":"governador-sanciona-lei-que-proibe-porte-de-arma-branca-em-minas-gerais","status":"publish","type":"post","link":"https:\/\/www.sgagora.com.br\/sg\/governador-sanciona-lei-que-proibe-porte-de-arma-branca-em-minas-gerais\/","title":{"rendered":"Governador sanciona Lei que pro\u00edbe porte de arma branca em Minas Gerais"},"content":{"rendered":"<p>O governador Fernando Pimentel (PT) sancionou uma lei que pro\u00edbe o porte de armas brancas em Minas Gerais.\u00a0 A decis\u00e3o foi publicada na edi\u00e7\u00e3o desta quinta-feira (28) do Di\u00e1rio Oficial do estado.<\/p>\n<p>A nova legisla\u00e7\u00e3o, que j\u00e1 est\u00e1 em vigor, teve origem a partir de um projeto de lei de autoria do deputado Cabo J\u00falio (PMDB). O texto foi aprovado pelo plen\u00e1rio da Assembleia Legislativa de Minas Gerais (ALMG) no \u00faltimo dia 7.<\/p>\n<p>A lei estabelece como arma branca \u201co artefato cortante ou perfurante usualmente destinado \u00e0 a\u00e7\u00e3o ofensiva, como faca, punhal, espada, florete, espadim ou similar, cuja l\u00e2mina tenha dez cent\u00edmetros, ou mais, de comprimento\u201d.<\/p>\n<p>Quem descumprir a nova legisla\u00e7\u00e3o poder\u00e1 ser multado em cerca de R$ 2,7 mil e ter arma apreendida.<\/p>\n<p>Segundo a lei, n\u00e3o configura porte de arma branca o transporte do artefato em embalagem original; em bolsas, malas, sacolas e similares; em ve\u00edculos, desde que acondicionados em mala ou caixa de ferramentas; e em raz\u00e3o de atividade econ\u00f4mica desempenhada pelo transportador.<\/p>\n<p>&nbsp;<\/p>\n<p><span style=\"color: #333333;\"><em><strong>Reportagem Original:<\/strong><a style=\"color: #333333;\" href=\"http:\/\/g1.globo.com\/minas-gerais\/noticia\/2016\/07\/lei-proibe-porte-de-arma-branca-em-mg-e-preve-multa-para-infrator.html\" target=\"_blank\">\u00a0http:\/\/g1.globo.com\/minas-gerais\/noticia\/2016\/07\/lei-proibe-porte-de-arma-branca-em-mg-e-preve-multa-para-infrator.html<\/a><\/em><\/span><\/p>\n","protected":false},"excerpt":{"rendered":"<p>O governador Fernando Pimentel (PT) sancionou uma lei que pro\u00edbe o porte de armas brancas em Minas Gerais.\u00a0 A decis\u00e3o foi publicada na edi\u00e7\u00e3o desta quinta-feira (28) do Di\u00e1rio Oficial do estado. A nova legisla\u00e7\u00e3o, &#8230; <a class=\"readmore\" href=\"https:\/\/www.sgagora.com.br\/sg\/governador-sanciona-lei-que-proibe-porte-de-arma-branca-em-minas-gerais\/\">Leia Mais<\/a><\/p>\n","protected":false},"author":1,"featured_media":999931281,"comment_status":"open","ping_status":"open","sticky":false,"template":"","format":"standard","meta":{"_bbp_topic_count":0,"_bbp_reply_count":0,"_bbp_total_topic_count":0,"_bbp_total_reply_count":0,"_bbp_voice_count":0,"_bbp_anonymous_reply_count":0,"_bbp_topic_count_hidden":0,"_bbp_reply_count_hidden":0,"_bbp_forum_subforum_count":0},"categories":[77,81],"tags":[131],"yoast_head":"<!-- This site is optimized with the Yoast SEO plugin v20.5 - https:\/\/yoast.com\/wordpress\/plugins\/seo\/ -->\n<title>Governador sanciona Lei que pro\u00edbe porte de arma branca em Minas Gerais<\/title>\n<meta name=\"description\" content=\"Decis\u00e3o sobre o porte de arma branca foi publicada no Di\u00e1rio Oficial do estado nesta quinta-feira (28).\" \/>\n<meta name=\"robots\" content=\"index, follow, max-snippet:-1, max-image-preview:large, max-video-preview:-1\" \/>\n<link rel=\"canonical\" href=\"https:\/\/www.sgagora.com.br\/sg\/governador-sanciona-lei-que-proibe-porte-de-arma-branca-em-minas-gerais\/\" \/>\n<meta property=\"og:locale\" content=\"pt_BR\" \/>\n<meta property=\"og:type\" content=\"article\" \/>\n<meta property=\"og:title\" content=\"Governador sanciona Lei que pro\u00edbe porte de arma branca em Minas Gerais\" \/>\n<meta property=\"og:description\" content=\"Decis\u00e3o sobre o porte de arma branca foi publicada no Di\u00e1rio Oficial do estado nesta quinta-feira (28).\" \/>\n<meta property=\"og:url\" content=\"https:\/\/www.sgagora.com.br\/sg\/governador-sanciona-lei-que-proibe-porte-de-arma-branca-em-minas-gerais\/\" \/>\n<meta property=\"og:site_name\" content=\"SGAgora\" \/>\n<meta property=\"article:publisher\" content=\"https:\/\/www.facebook.com\/sgagora\" \/>\n<meta property=\"article:published_time\" content=\"2016-08-01T10:53:59+00:00\" \/>\n<meta property=\"og:image\" content=\"https:\/\/www.sgagora.com.br\/sg\/wp-content\/uploads\/2016\/08\/IMG-20160329-WA0089-1.png\" \/>\n\t<meta property=\"og:image:width\" content=\"458\" \/>\n\t<meta property=\"og:image:height\" content=\"433\" \/>\n\t<meta property=\"og:image:type\" content=\"image\/png\" \/>\n<meta name=\"author\" content=\"SG Agora\" \/>\n<meta name=\"twitter:label1\" content=\"Escrito por\" \/>\n\t<meta name=\"twitter:data1\" content=\"SG Agora\" \/>\n\t<meta name=\"twitter:label2\" content=\"Est. tempo de leitura\" \/>\n\t<meta name=\"twitter:data2\" content=\"1 minuto\" \/>\n<script type=\"application\/ld+json\" class=\"yoast-schema-graph\">{\"@context\":\"https:\/\/schema.org\",\"@graph\":[{\"@type\":\"WebPage\",\"@id\":\"https:\/\/www.sgagora.com.br\/sg\/governador-sanciona-lei-que-proibe-porte-de-arma-branca-em-minas-gerais\/\",\"url\":\"https:\/\/www.sgagora.com.br\/sg\/governador-sanciona-lei-que-proibe-porte-de-arma-branca-em-minas-gerais\/\",\"name\":\"Governador sanciona Lei que pro\u00edbe porte de arma branca em Minas Gerais\",\"isPartOf\":{\"@id\":\"https:\/\/www.sgagora.com.br\/sg\/#website\"},\"datePublished\":\"2016-08-01T10:53:59+00:00\",\"dateModified\":\"2016-08-01T10:53:59+00:00\",\"author\":{\"@id\":\"https:\/\/www.sgagora.com.br\/sg\/#\/schema\/person\/2be62cfb47cee3e0b305e4f7a765ae41\"},\"description\":\"Decis\u00e3o sobre o porte de arma branca foi publicada no Di\u00e1rio Oficial do estado nesta quinta-feira (28).\",\"breadcrumb\":{\"@id\":\"https:\/\/www.sgagora.com.br\/sg\/governador-sanciona-lei-que-proibe-porte-de-arma-branca-em-minas-gerais\/#breadcrumb\"},\"inLanguage\":\"pt-BR\",\"potentialAction\":[{\"@type\":\"ReadAction\",\"target\":[\"https:\/\/www.sgagora.com.br\/sg\/governador-sanciona-lei-que-proibe-porte-de-arma-branca-em-minas-gerais\/\"]}]},{\"@type\":\"BreadcrumbList\",\"@id\":\"https:\/\/www.sgagora.com.br\/sg\/governador-sanciona-lei-que-proibe-porte-de-arma-branca-em-minas-gerais\/#breadcrumb\",\"itemListElement\":[{\"@type\":\"ListItem\",\"position\":1,\"name\":\"In\u00edcio\",\"item\":\"https:\/\/www.sgagora.com.br\/sg\/\"},{\"@type\":\"ListItem\",\"position\":2,\"name\":\"Governador sanciona Lei que pro\u00edbe porte de arma branca em Minas Gerais\"}]},{\"@type\":\"WebSite\",\"@id\":\"https:\/\/www.sgagora.com.br\/sg\/#website\",\"url\":\"https:\/\/www.sgagora.com.br\/sg\/\",\"name\":\"SGAgora\",\"description\":\"Not\u00edcias de S\u00e3o Gotardo\",\"potentialAction\":[{\"@type\":\"SearchAction\",\"target\":{\"@type\":\"EntryPoint\",\"urlTemplate\":\"https:\/\/www.sgagora.com.br\/sg\/?s={search_term_string}\"},\"query-input\":\"required name=search_term_string\"}],\"inLanguage\":\"pt-BR\"},{\"@type\":\"Person\",\"@id\":\"https:\/\/www.sgagora.com.br\/sg\/#\/schema\/person\/2be62cfb47cee3e0b305e4f7a765ae41\",\"name\":\"SG Agora\",\"image\":{\"@type\":\"ImageObject\",\"inLanguage\":\"pt-BR\",\"@id\":\"https:\/\/www.sgagora.com.br\/sg\/#\/schema\/person\/image\/\",\"url\":\"https:\/\/secure.gravatar.com\/avatar\/a0c612a9a8c3e7419d6fd4f92e749d8d?s=96&d=mm&r=g\",\"contentUrl\":\"https:\/\/secure.gravatar.com\/avatar\/a0c612a9a8c3e7419d6fd4f92e749d8d?s=96&d=mm&r=g\",\"caption\":\"SG Agora\"},\"url\":\"https:\/\/www.sgagora.com.br\/sg\/author\/admin\/\"}]}<\/script>\n<!-- \/ Yoast SEO plugin. -->","yoast_head_json":{"title":"Governador sanciona Lei que pro\u00edbe porte de arma branca em Minas Gerais","description":"Decis\u00e3o sobre o porte de arma branca foi publicada no Di\u00e1rio Oficial do estado nesta quinta-feira (28).","robots":{"index":"index","follow":"follow","max-snippet":"max-snippet:-1","max-image-preview":"max-image-preview:large","max-video-preview":"max-video-preview:-1"},"canonical":"https:\/\/www.sgagora.com.br\/sg\/governador-sanciona-lei-que-proibe-porte-de-arma-branca-em-minas-gerais\/","og_locale":"pt_BR","og_type":"article","og_title":"Governador sanciona Lei que pro\u00edbe porte de arma branca em Minas Gerais","og_description":"Decis\u00e3o sobre o porte de arma branca foi publicada no Di\u00e1rio Oficial do estado nesta quinta-feira (28).","og_url":"https:\/\/www.sgagora.com.br\/sg\/governador-sanciona-lei-que-proibe-porte-de-arma-branca-em-minas-gerais\/","og_site_name":"SGAgora","article_publisher":"https:\/\/www.facebook.com\/sgagora","article_published_time":"2016-08-01T10:53:59+00:00","og_image":[{"width":458,"height":433,"url":"https:\/\/www.sgagora.com.br\/sg\/wp-content\/uploads\/2016\/08\/IMG-20160329-WA0089-1.png","type":"image\/png"}],"author":"SG Agora","twitter_misc":{"Escrito por":"SG Agora","Est. tempo de leitura":"1 minuto"},"schema":{"@context":"https:\/\/schema.org","@graph":[{"@type":"WebPage","@id":"https:\/\/www.sgagora.com.br\/sg\/governador-sanciona-lei-que-proibe-porte-de-arma-branca-em-minas-gerais\/","url":"https:\/\/www.sgagora.com.br\/sg\/governador-sanciona-lei-que-proibe-porte-de-arma-branca-em-minas-gerais\/","name":"Governador sanciona Lei que pro\u00edbe porte de arma branca em Minas Gerais","isPartOf":{"@id":"https:\/\/www.sgagora.com.br\/sg\/#website"},"datePublished":"2016-08-01T10:53:59+00:00","dateModified":"2016-08-01T10:53:59+00:00","author":{"@id":"https:\/\/www.sgagora.com.br\/sg\/#\/schema\/person\/2be62cfb47cee3e0b305e4f7a765ae41"},"description":"Decis\u00e3o sobre o porte de arma branca foi publicada no Di\u00e1rio Oficial do estado nesta quinta-feira (28).","breadcrumb":{"@id":"https:\/\/www.sgagora.com.br\/sg\/governador-sanciona-lei-que-proibe-porte-de-arma-branca-em-minas-gerais\/#breadcrumb"},"inLanguage":"pt-BR","potentialAction":[{"@type":"ReadAction","target":["https:\/\/www.sgagora.com.br\/sg\/governador-sanciona-lei-que-proibe-porte-de-arma-branca-em-minas-gerais\/"]}]},{"@type":"BreadcrumbList","@id":"https:\/\/www.sgagora.com.br\/sg\/governador-sanciona-lei-que-proibe-porte-de-arma-branca-em-minas-gerais\/#breadcrumb","itemListElement":[{"@type":"ListItem","position":1,"name":"In\u00edcio","item":"https:\/\/www.sgagora.com.br\/sg\/"},{"@type":"ListItem","position":2,"name":"Governador sanciona Lei que pro\u00edbe porte de arma branca em Minas Gerais"}]},{"@type":"WebSite","@id":"https:\/\/www.sgagora.com.br\/sg\/#website","url":"https:\/\/www.sgagora.com.br\/sg\/","name":"SGAgora","description":"Not\u00edcias de S\u00e3o Gotardo","potentialAction":[{"@type":"SearchAction","target":{"@type":"EntryPoint","urlTemplate":"https:\/\/www.sgagora.com.br\/sg\/?s={search_term_string}"},"query-input":"required name=search_term_string"}],"inLanguage":"pt-BR"},{"@type":"Person","@id":"https:\/\/www.sgagora.com.br\/sg\/#\/schema\/person\/2be62cfb47cee3e0b305e4f7a765ae41","name":"SG Agora","image":{"@type":"ImageObject","inLanguage":"pt-BR","@id":"https:\/\/www.sgagora.com.br\/sg\/#\/schema\/person\/image\/","url":"https:\/\/secure.gravatar.com\/avatar\/a0c612a9a8c3e7419d6fd4f92e749d8d?s=96&d=mm&r=g","contentUrl":"https:\/\/secure.gravatar.com\/avatar\/a0c612a9a8c3e7419d6fd4f92e749d8d?s=96&d=mm&r=g","caption":"SG Agora"},"url":"https:\/\/www.sgagora.com.br\/sg\/author\/admin\/"}]}},"_links":{"self":[{"href":"https:\/\/www.sgagora.com.br\/sg\/wp-json\/wp\/v2\/posts\/999931280"}],"collection":[{"href":"https:\/\/www.sgagora.com.br\/sg\/wp-json\/wp\/v2\/posts"}],"about":[{"href":"https:\/\/www.sgagora.com.br\/sg\/wp-json\/wp\/v2\/types\/post"}],"author":[{"embeddable":true,"href":"https:\/\/www.sgagora.com.br\/sg\/wp-json\/wp\/v2\/users\/1"}],"replies":[{"embeddable":true,"href":"https:\/\/www.sgagora.com.br\/sg\/wp-json\/wp\/v2\/comments?post=999931280"}],"version-history":[{"count":1,"href":"https:\/\/www.sgagora.com.br\/sg\/wp-json\/wp\/v2\/posts\/999931280\/revisions"}],"predecessor-version":[{"id":999931282,"href":"https:\/\/www.sgagora.com.br\/sg\/wp-json\/wp\/v2\/posts\/999931280\/revisions\/999931282"}],"wp:featuredmedia":[{"embeddable":true,"href":"https:\/\/www.sgagora.com.br\/sg\/wp-json\/wp\/v2\/media\/999931281"}],"wp:attachment":[{"href":"https:\/\/www.sgagora.com.br\/sg\/wp-json\/wp\/v2\/media?parent=999931280"}],"wp:term":[{"taxonomy":"category","embeddable":true,"href":"https:\/\/www.sgagora.com.br\/sg\/wp-json\/wp\/v2\/categories?post=999931280"},{"taxonomy":"post_tag","embeddable":true,"href":"https:\/\/www.sgagora.com.br\/sg\/wp-json\/wp\/v2\/tags?post=999931280"}],"curies":[{"name":"wp","href":"https:\/\/api.w.org\/{rel}","templated":true}]}}