{"id":999931482,"date":"2016-08-03T16:33:46","date_gmt":"2016-08-03T16:33:46","guid":{"rendered":"http:\/\/www.sgagora.com.br\/sg\/?p=999931482"},"modified":"2016-08-03T17:09:03","modified_gmt":"2016-08-03T17:09:03","slug":"sgesporte1-com-recorde-de-atletas-natacao-do-brasil-chega-ao-rio-para-os-jogos-olimpicos","status":"publish","type":"post","link":"https:\/\/www.sgagora.com.br\/sg\/sgesporte1-com-recorde-de-atletas-natacao-do-brasil-chega-ao-rio-para-os-jogos-olimpicos\/","title":{"rendered":"Com recorde de atletas, nata\u00e7\u00e3o do Brasil chega ao Rio para os Jogos Ol\u00edmpicos"},"content":{"rendered":"<p>A equipe ol\u00edmpica brasileira de nata\u00e7\u00e3o est\u00e1 no Rio. O time composto por 33 atletas, o maior que o Brasil j\u00e1 teve na modalidade em uma Olimp\u00edada, desembarcou na cidade no in\u00edcio da tarde desta ter\u00e7a-feira, no aeroporto Santos Dumont, no Centro. De l\u00e1, partiram direto para a Vila Ol\u00edmpica, na Barra da Tijuca &#8211; com exce\u00e7\u00e3o de \u00cdtalo Manzine, Graciele Herrmann e Henrique Martins, que por enquanto ficar\u00e3o hospedados no bairro do Flamengo, na Zona Sul. \u00c0 noite, os nadadores iniciam os treinos no Centro Aqu\u00e1tico.<\/p>\n<p>Sem o campe\u00e3o ol\u00edmpico Cesar Cielo, que n\u00e3o conseguiu vaga, as principais refer\u00eancias do time s\u00e3o Thiago Pereira (prata em Londres 2012), Bruno Fratus (bronze no Mundial de Kazan) e Etiene Medeiros (prata no Mundial de Kazan).<\/p>\n<p>Etiene, ali\u00e1s, esteve no olho do furac\u00e3o recentemente. Flagrada por uso de fenoterol, a nadadora caiu no doping e sua participa\u00e7\u00e3o na Rio 2016 esteve fortemente amea\u00e7ada. A defesa da atleta, no entanto, conseguiu provar que ela n\u00e3o teve a inten\u00e7\u00e3o de se dopar e que o resultado positivo teria sido provocado pela utiliza\u00e7\u00e3o de um medicamento para asma, doen\u00e7a inflamat\u00f3ria das vias a\u00e9reas. O exame antidoping que flagrou a atleta de 25 anos foi realizado no dia 8 de maio, fora do per\u00edodo de competi\u00e7\u00f5es. Etiene passou pela \u00e1rea de desembarque em sil\u00eancio e n\u00e3o quis falar com a reportagem.<\/p>\n<p>Etiene tem \u00edndice para disputar tr\u00eas provas individuais (50m livre, 100m livre e 100m costas) e est\u00e1 na equipe do revezamento 4x100m livre. Ela, no entanto, ainda n\u00e3o est\u00e1 totalmente tranquila. A Federa\u00e7\u00e3o Internacional de Nata\u00e7\u00e3o (Fina) ou a Autoridade Brasileira de Controle de Dopagem (ABCD) podem recorrer do resultado do julgamento, o que voltaria a colocar em risco sua participa\u00e7\u00e3o ol\u00edmpica.<br \/>\n&#8220;N\u00e3o tem sombra de ningu\u00e9m&#8221;<\/p>\n<p>Bruno Fratus, nadador brasileiro que desbancou Cesar Cielo na prova dos 50m livre para vir \u00e0 Rio 2016, disse que n\u00e3o est\u00e1 preocupado com uma poss\u00edvel compara\u00e7\u00e3o com o medalhista de ouro em Pequim 2008 e bronze em Londres 2012. Questionado sobre sua expectativa pessoal na Olimp\u00edada, o nadador pregou cautela.<\/p>\n<p>&#8211; N\u00e3o tem sombra de ningu\u00e9m, todos aqueles que conseguiram \u00edndice est\u00e3o aqui por m\u00e9ritos e porque s\u00e3o muito talentosos, t\u00eam capacidade de marcar o pr\u00f3prio nome. Primeiro a gente tem que pensar nas eliminat\u00f3rias e na semifinal, e depois pensar numa final ol\u00edmpica.<br \/>\nPara Thiago Pereira, a d\u00favida \u00e9 se os Jogos do Rio 2016 ser\u00e3o os \u00faltimos de sua carreira. O nadador de 30 anos fala que est\u00e1 na melhor fase, se diz otimista por competir em casa e prefere focar na atual edi\u00e7\u00e3o da Olimp\u00edada antes de decidir sobre essa &#8220;saideira&#8221;.<\/p>\n<p>&#8211; \u00c9 sempre muito bom competir em casa, ainda mais no meu estado. Chego no meu melhor momento. Vamos esperar essa olimp\u00edada para pensar no pr\u00f3ximo ciclo. Antes eu quero ganhar uma irm\u00e3zinha &#8211; referindo-se \u00e0 prata conquistada em Londres.<br \/>\nAs provas da nata\u00e7\u00e3o acontecem j\u00e1 a partir deste s\u00e1bado e v\u00e3o at\u00e9 a ter\u00e7a-feira, 16 de agosto.<\/p>\n<p><strong>Confira a lista dos brasileiros classificados:<\/strong><\/p>\n<p>Masculino (22 atletas):<br \/>\nBruno Fratus (50m livre)<br \/>\n\u00cdtalo Manzine (50m livre)<br \/>\nMarcelo Chierighini (100m livre, 4x100m livre e 4x100m medley)<br \/>\nNicolas Oliveira (100m livre, 200m livre e 4x100m livre)<br \/>\nJo\u00e3o de Lucca (200m livre e 4x100m livre)<br \/>\nMatheus Santana (4x100m livre)<br \/>\nGabriel Santos (4x100m livre)<br \/>\nAndr\u00e9 Pereira (4x200m livre)<br \/>\nLuiz Altamir (400m livre)<br \/>\nBrandonn Almeida (1500m livre e 400m medley)<br \/>\nMiguel Valente (1500m livre)<br \/>\nJo\u00e3o Gomes Jr (100m peito e 4x100m medley)<br \/>\nFelipe Fran\u00e7a (100m peito)<br \/>\nTales Cerdeira (200m peito)<br \/>\nThiago Simon (200m peito)<br \/>\nGuilherme Guido (100m costas e 4x100m medley)<br \/>\nLeonardo de Deus (200m costas e 200m borboleta)<br \/>\nKaio Marcio (200m borboleta)<br \/>\nHenrique Martins (100m borboleta e 4x100m medley)<br \/>\nMarcos Macedo (100m borboleta)<br \/>\nHenrique Rodrigues (200m medley)<br \/>\nThiago Pereira (200m medley)<\/p>\n<p>Feminino (11 atletas):<br \/>\nEtiene Medeiros (50m livre, 100m livre, 100m costas e 4x100m livre)<br \/>\nGraciele Herrmann (50m livre)<br \/>\nLarissa Oliveira (100m livre, 200m livre, 4x100m livre e 4x200m livre)<br \/>\nJessica Bruin (4x200m livre)<br \/>\nGabrielle Roncatto (4x200m livre)<br \/>\nManuella Lyrio (200m livre, 4x100m livre<\/p>\n<p>&nbsp;<\/p>\n<p><em><strong>Reportagem<\/strong>\u00a0<strong>Original<\/strong>:<a href=\"http:\/\/globoesporte.globo.com\/olimpiadas\/natacao\/noticia\/2016\/08\/com-recorde-de-atletas-natacao-do-brasil-chega-ao-rio-para-os-jogos.html\">http:\/\/globoesporte.globo.com\/olimpiadas\/natacao\/noticia\/2016\/08\/com-recorde-de-atletas-natacao-do-brasil-chega-ao-rio-para-os-jogos.html<\/a><\/em><\/p>\n","protected":false},"excerpt":{"rendered":"<p>A equipe ol\u00edmpica brasileira de nata\u00e7\u00e3o est\u00e1 no Rio. O time composto por 33 atletas, o maior que o Brasil j\u00e1 teve na modalidade em uma Olimp\u00edada, desembarcou na cidade no in\u00edcio da tarde desta &#8230; <a class=\"readmore\" href=\"https:\/\/www.sgagora.com.br\/sg\/sgesporte1-com-recorde-de-atletas-natacao-do-brasil-chega-ao-rio-para-os-jogos-olimpicos\/\">Leia Mais<\/a><\/p>\n","protected":false},"author":1,"featured_media":999931483,"comment_status":"closed","ping_status":"closed","sticky":false,"template":"","format":"standard","meta":{"_bbp_topic_count":0,"_bbp_reply_count":0,"_bbp_total_topic_count":0,"_bbp_total_reply_count":0,"_bbp_voice_count":0,"_bbp_anonymous_reply_count":0,"_bbp_topic_count_hidden":0,"_bbp_reply_count_hidden":0,"_bbp_forum_subforum_count":0},"categories":[6],"tags":[215,161],"yoast_head":"<!-- This site is optimized with the Yoast SEO plugin v20.5 - https:\/\/yoast.com\/wordpress\/plugins\/seo\/ -->\n<title>Com recorde de atletas, nata\u00e7\u00e3o do Brasil chega ao Rio para os Jogos Ol\u00edmpicos<\/title>\n<meta name=\"description\" content=\"O time composto por 33 atletas \u00e9 o maior que o Brasil j\u00e1 teve na modalidade em jogos Ol\u00edmpicos.\" \/>\n<meta name=\"robots\" content=\"index, follow, max-snippet:-1, max-image-preview:large, max-video-preview:-1\" \/>\n<link rel=\"canonical\" href=\"https:\/\/www.sgagora.com.br\/sg\/sgesporte1-com-recorde-de-atletas-natacao-do-brasil-chega-ao-rio-para-os-jogos-olimpicos\/\" \/>\n<meta property=\"og:locale\" content=\"pt_BR\" \/>\n<meta property=\"og:type\" content=\"article\" \/>\n<meta property=\"og:title\" content=\"Com recorde de atletas, nata\u00e7\u00e3o do Brasil chega ao Rio para os Jogos Ol\u00edmpicos\" \/>\n<meta property=\"og:description\" content=\"O time composto por 33 atletas \u00e9 o maior que o Brasil j\u00e1 teve na modalidade em jogos Ol\u00edmpicos.\" \/>\n<meta property=\"og:url\" content=\"https:\/\/www.sgagora.com.br\/sg\/sgesporte1-com-recorde-de-atletas-natacao-do-brasil-chega-ao-rio-para-os-jogos-olimpicos\/\" \/>\n<meta property=\"og:site_name\" content=\"SGAgora\" \/>\n<meta property=\"article:publisher\" content=\"https:\/\/www.facebook.com\/sgagora\" \/>\n<meta property=\"article:published_time\" content=\"2016-08-03T16:33:46+00:00\" \/>\n<meta property=\"article:modified_time\" content=\"2016-08-03T17:09:03+00:00\" \/>\n<meta property=\"og:image\" content=\"https:\/\/www.sgagora.com.br\/sg\/wp-content\/uploads\/2016\/08\/aneis-olimpicos-olympic-rings.jpg\" \/>\n\t<meta property=\"og:image:width\" content=\"600\" \/>\n\t<meta property=\"og:image:height\" content=\"365\" \/>\n\t<meta property=\"og:image:type\" content=\"image\/jpeg\" \/>\n<meta name=\"author\" content=\"SG Agora\" \/>\n<meta name=\"twitter:label1\" content=\"Escrito por\" \/>\n\t<meta name=\"twitter:data1\" content=\"SG Agora\" \/>\n\t<meta name=\"twitter:label2\" content=\"Est. tempo de leitura\" \/>\n\t<meta name=\"twitter:data2\" content=\"4 minutos\" \/>\n<script type=\"application\/ld+json\" class=\"yoast-schema-graph\">{\"@context\":\"https:\/\/schema.org\",\"@graph\":[{\"@type\":\"WebPage\",\"@id\":\"https:\/\/www.sgagora.com.br\/sg\/sgesporte1-com-recorde-de-atletas-natacao-do-brasil-chega-ao-rio-para-os-jogos-olimpicos\/\",\"url\":\"https:\/\/www.sgagora.com.br\/sg\/sgesporte1-com-recorde-de-atletas-natacao-do-brasil-chega-ao-rio-para-os-jogos-olimpicos\/\",\"name\":\"Com recorde de atletas, nata\u00e7\u00e3o do Brasil chega ao Rio para os Jogos Ol\u00edmpicos\",\"isPartOf\":{\"@id\":\"https:\/\/www.sgagora.com.br\/sg\/#website\"},\"datePublished\":\"2016-08-03T16:33:46+00:00\",\"dateModified\":\"2016-08-03T17:09:03+00:00\",\"author\":{\"@id\":\"https:\/\/www.sgagora.com.br\/sg\/#\/schema\/person\/2be62cfb47cee3e0b305e4f7a765ae41\"},\"description\":\"O time composto por 33 atletas \u00e9 o maior que o Brasil j\u00e1 teve na modalidade em jogos Ol\u00edmpicos.\",\"breadcrumb\":{\"@id\":\"https:\/\/www.sgagora.com.br\/sg\/sgesporte1-com-recorde-de-atletas-natacao-do-brasil-chega-ao-rio-para-os-jogos-olimpicos\/#breadcrumb\"},\"inLanguage\":\"pt-BR\",\"potentialAction\":[{\"@type\":\"ReadAction\",\"target\":[\"https:\/\/www.sgagora.com.br\/sg\/sgesporte1-com-recorde-de-atletas-natacao-do-brasil-chega-ao-rio-para-os-jogos-olimpicos\/\"]}]},{\"@type\":\"BreadcrumbList\",\"@id\":\"https:\/\/www.sgagora.com.br\/sg\/sgesporte1-com-recorde-de-atletas-natacao-do-brasil-chega-ao-rio-para-os-jogos-olimpicos\/#breadcrumb\",\"itemListElement\":[{\"@type\":\"ListItem\",\"position\":1,\"name\":\"In\u00edcio\",\"item\":\"https:\/\/www.sgagora.com.br\/sg\/\"},{\"@type\":\"ListItem\",\"position\":2,\"name\":\"Com recorde de atletas, nata\u00e7\u00e3o do Brasil chega ao Rio para os Jogos Ol\u00edmpicos\"}]},{\"@type\":\"WebSite\",\"@id\":\"https:\/\/www.sgagora.com.br\/sg\/#website\",\"url\":\"https:\/\/www.sgagora.com.br\/sg\/\",\"name\":\"SGAgora\",\"description\":\"Not\u00edcias de S\u00e3o Gotardo\",\"potentialAction\":[{\"@type\":\"SearchAction\",\"target\":{\"@type\":\"EntryPoint\",\"urlTemplate\":\"https:\/\/www.sgagora.com.br\/sg\/?s={search_term_string}\"},\"query-input\":\"required name=search_term_string\"}],\"inLanguage\":\"pt-BR\"},{\"@type\":\"Person\",\"@id\":\"https:\/\/www.sgagora.com.br\/sg\/#\/schema\/person\/2be62cfb47cee3e0b305e4f7a765ae41\",\"name\":\"SG Agora\",\"image\":{\"@type\":\"ImageObject\",\"inLanguage\":\"pt-BR\",\"@id\":\"https:\/\/www.sgagora.com.br\/sg\/#\/schema\/person\/image\/\",\"url\":\"https:\/\/secure.gravatar.com\/avatar\/a0c612a9a8c3e7419d6fd4f92e749d8d?s=96&d=mm&r=g\",\"contentUrl\":\"https:\/\/secure.gravatar.com\/avatar\/a0c612a9a8c3e7419d6fd4f92e749d8d?s=96&d=mm&r=g\",\"caption\":\"SG Agora\"},\"url\":\"https:\/\/www.sgagora.com.br\/sg\/author\/admin\/\"}]}<\/script>\n<!-- \/ Yoast SEO plugin. -->","yoast_head_json":{"title":"Com recorde de atletas, nata\u00e7\u00e3o do Brasil chega ao Rio para os Jogos Ol\u00edmpicos","description":"O time composto por 33 atletas \u00e9 o maior que o Brasil j\u00e1 teve na modalidade em jogos Ol\u00edmpicos.","robots":{"index":"index","follow":"follow","max-snippet":"max-snippet:-1","max-image-preview":"max-image-preview:large","max-video-preview":"max-video-preview:-1"},"canonical":"https:\/\/www.sgagora.com.br\/sg\/sgesporte1-com-recorde-de-atletas-natacao-do-brasil-chega-ao-rio-para-os-jogos-olimpicos\/","og_locale":"pt_BR","og_type":"article","og_title":"Com recorde de atletas, nata\u00e7\u00e3o do Brasil chega ao Rio para os Jogos Ol\u00edmpicos","og_description":"O time composto por 33 atletas \u00e9 o maior que o Brasil j\u00e1 teve na modalidade em jogos Ol\u00edmpicos.","og_url":"https:\/\/www.sgagora.com.br\/sg\/sgesporte1-com-recorde-de-atletas-natacao-do-brasil-chega-ao-rio-para-os-jogos-olimpicos\/","og_site_name":"SGAgora","article_publisher":"https:\/\/www.facebook.com\/sgagora","article_published_time":"2016-08-03T16:33:46+00:00","article_modified_time":"2016-08-03T17:09:03+00:00","og_image":[{"width":600,"height":365,"url":"https:\/\/www.sgagora.com.br\/sg\/wp-content\/uploads\/2016\/08\/aneis-olimpicos-olympic-rings.jpg","type":"image\/jpeg"}],"author":"SG Agora","twitter_misc":{"Escrito por":"SG Agora","Est. tempo de leitura":"4 minutos"},"schema":{"@context":"https:\/\/schema.org","@graph":[{"@type":"WebPage","@id":"https:\/\/www.sgagora.com.br\/sg\/sgesporte1-com-recorde-de-atletas-natacao-do-brasil-chega-ao-rio-para-os-jogos-olimpicos\/","url":"https:\/\/www.sgagora.com.br\/sg\/sgesporte1-com-recorde-de-atletas-natacao-do-brasil-chega-ao-rio-para-os-jogos-olimpicos\/","name":"Com recorde de atletas, nata\u00e7\u00e3o do Brasil chega ao Rio para os Jogos Ol\u00edmpicos","isPartOf":{"@id":"https:\/\/www.sgagora.com.br\/sg\/#website"},"datePublished":"2016-08-03T16:33:46+00:00","dateModified":"2016-08-03T17:09:03+00:00","author":{"@id":"https:\/\/www.sgagora.com.br\/sg\/#\/schema\/person\/2be62cfb47cee3e0b305e4f7a765ae41"},"description":"O time composto por 33 atletas \u00e9 o maior que o Brasil j\u00e1 teve na modalidade em jogos Ol\u00edmpicos.","breadcrumb":{"@id":"https:\/\/www.sgagora.com.br\/sg\/sgesporte1-com-recorde-de-atletas-natacao-do-brasil-chega-ao-rio-para-os-jogos-olimpicos\/#breadcrumb"},"inLanguage":"pt-BR","potentialAction":[{"@type":"ReadAction","target":["https:\/\/www.sgagora.com.br\/sg\/sgesporte1-com-recorde-de-atletas-natacao-do-brasil-chega-ao-rio-para-os-jogos-olimpicos\/"]}]},{"@type":"BreadcrumbList","@id":"https:\/\/www.sgagora.com.br\/sg\/sgesporte1-com-recorde-de-atletas-natacao-do-brasil-chega-ao-rio-para-os-jogos-olimpicos\/#breadcrumb","itemListElement":[{"@type":"ListItem","position":1,"name":"In\u00edcio","item":"https:\/\/www.sgagora.com.br\/sg\/"},{"@type":"ListItem","position":2,"name":"Com recorde de atletas, nata\u00e7\u00e3o do Brasil chega ao Rio para os Jogos Ol\u00edmpicos"}]},{"@type":"WebSite","@id":"https:\/\/www.sgagora.com.br\/sg\/#website","url":"https:\/\/www.sgagora.com.br\/sg\/","name":"SGAgora","description":"Not\u00edcias de S\u00e3o Gotardo","potentialAction":[{"@type":"SearchAction","target":{"@type":"EntryPoint","urlTemplate":"https:\/\/www.sgagora.com.br\/sg\/?s={search_term_string}"},"query-input":"required name=search_term_string"}],"inLanguage":"pt-BR"},{"@type":"Person","@id":"https:\/\/www.sgagora.com.br\/sg\/#\/schema\/person\/2be62cfb47cee3e0b305e4f7a765ae41","name":"SG Agora","image":{"@type":"ImageObject","inLanguage":"pt-BR","@id":"https:\/\/www.sgagora.com.br\/sg\/#\/schema\/person\/image\/","url":"https:\/\/secure.gravatar.com\/avatar\/a0c612a9a8c3e7419d6fd4f92e749d8d?s=96&d=mm&r=g","contentUrl":"https:\/\/secure.gravatar.com\/avatar\/a0c612a9a8c3e7419d6fd4f92e749d8d?s=96&d=mm&r=g","caption":"SG Agora"},"url":"https:\/\/www.sgagora.com.br\/sg\/author\/admin\/"}]}},"_links":{"self":[{"href":"https:\/\/www.sgagora.com.br\/sg\/wp-json\/wp\/v2\/posts\/999931482"}],"collection":[{"href":"https:\/\/www.sgagora.com.br\/sg\/wp-json\/wp\/v2\/posts"}],"about":[{"href":"https:\/\/www.sgagora.com.br\/sg\/wp-json\/wp\/v2\/types\/post"}],"author":[{"embeddable":true,"href":"https:\/\/www.sgagora.com.br\/sg\/wp-json\/wp\/v2\/users\/1"}],"replies":[{"embeddable":true,"href":"https:\/\/www.sgagora.com.br\/sg\/wp-json\/wp\/v2\/comments?post=999931482"}],"version-history":[{"count":3,"href":"https:\/\/www.sgagora.com.br\/sg\/wp-json\/wp\/v2\/posts\/999931482\/revisions"}],"predecessor-version":[{"id":999931504,"href":"https:\/\/www.sgagora.com.br\/sg\/wp-json\/wp\/v2\/posts\/999931482\/revisions\/999931504"}],"wp:featuredmedia":[{"embeddable":true,"href":"https:\/\/www.sgagora.com.br\/sg\/wp-json\/wp\/v2\/media\/999931483"}],"wp:attachment":[{"href":"https:\/\/www.sgagora.com.br\/sg\/wp-json\/wp\/v2\/media?parent=999931482"}],"wp:term":[{"taxonomy":"category","embeddable":true,"href":"https:\/\/www.sgagora.com.br\/sg\/wp-json\/wp\/v2\/categories?post=999931482"},{"taxonomy":"post_tag","embeddable":true,"href":"https:\/\/www.sgagora.com.br\/sg\/wp-json\/wp\/v2\/tags?post=999931482"}],"curies":[{"name":"wp","href":"https:\/\/api.w.org\/{rel}","templated":true}]}}