{"id":999931775,"date":"2016-08-11T10:16:30","date_gmt":"2016-08-11T10:16:30","guid":{"rendered":"http:\/\/www.sgagora.com.br\/sg\/?p=999931775"},"modified":"2016-08-17T13:53:26","modified_gmt":"2016-08-17T13:53:26","slug":"ibge-eleva-safra-de-cafe-do-brasil-em-07-para-491-milhoes-de-sacas","status":"publish","type":"post","link":"https:\/\/www.sgagora.com.br\/sg\/ibge-eleva-safra-de-cafe-do-brasil-em-07-para-491-milhoes-de-sacas\/","title":{"rendered":"IBGE eleva safra de caf\u00e9 do Brasil em 0,7%, para 49,1 milh\u00f5es de sacas"},"content":{"rendered":"<p>S\u00c3O PAULO (Reuters) &#8211; A safra de caf\u00e9 do Brasil deste ano foi estimada ter\u00e7a-feira em cerca de 49,1 milh\u00f5es de sacas de 60 kg, alta de 0,7 por cento ante a proje\u00e7\u00e3o divulgada no m\u00eas passado, segundo dados do Instituto Brasileiro de Geografia e Estat\u00edstica (IBGE).<\/p>\n<p>A previs\u00e3o de safra de caf\u00e9 ar\u00e1bica, que responde pela maior parte do caf\u00e9 produzido no pa\u00eds, foi elevada em 1 por cento, para 40,36 milh\u00f5es de sacas.<\/p>\n<p>A estimativa para a safra de caf\u00e9 robusta foi reduzida em 0,4 por cento ante a proje\u00e7\u00e3o anterior, a aproximadamente 8,74 milh\u00f5es de sacas.<\/p>\n<p>A colheita de caf\u00e9 deste ano est\u00e1 em fase final no Brasil, o maior produtor e exportador global.<\/p>\n","protected":false},"excerpt":{"rendered":"<p>S\u00c3O PAULO (Reuters) &#8211; A safra de caf\u00e9 do Brasil deste ano foi estimada ter\u00e7a-feira em cerca de 49,1 milh\u00f5es de sacas de 60 kg, alta de 0,7 por cento ante a proje\u00e7\u00e3o divulgada no &#8230; <a class=\"readmore\" href=\"https:\/\/www.sgagora.com.br\/sg\/ibge-eleva-safra-de-cafe-do-brasil-em-07-para-491-milhoes-de-sacas\/\">Leia Mais<\/a><\/p>\n","protected":false},"author":1,"featured_media":999931776,"comment_status":"open","ping_status":"open","sticky":false,"template":"","format":"standard","meta":{"_bbp_topic_count":0,"_bbp_reply_count":0,"_bbp_total_topic_count":0,"_bbp_total_reply_count":0,"_bbp_voice_count":0,"_bbp_anonymous_reply_count":0,"_bbp_topic_count_hidden":0,"_bbp_reply_count_hidden":0,"_bbp_forum_subforum_count":0},"categories":[77],"tags":[228,169],"yoast_head":"<!-- This site is optimized with the Yoast SEO plugin v20.5 - https:\/\/yoast.com\/wordpress\/plugins\/seo\/ -->\n<title>IBGE eleva safra de caf\u00e9 do Brasil em 0,7%, para 49,1 milh\u00f5es de sacas<\/title>\n<meta name=\"description\" content=\"A safra de caf\u00e9 do Brasil deste ano foi estimada ter\u00e7a-feira em cerca de 49,1 milh\u00f5es de sacas de 60 kg.\" \/>\n<meta name=\"robots\" content=\"index, follow, max-snippet:-1, max-image-preview:large, max-video-preview:-1\" \/>\n<link rel=\"canonical\" href=\"https:\/\/www.sgagora.com.br\/sg\/ibge-eleva-safra-de-cafe-do-brasil-em-07-para-491-milhoes-de-sacas\/\" \/>\n<meta property=\"og:locale\" content=\"pt_BR\" \/>\n<meta property=\"og:type\" content=\"article\" \/>\n<meta property=\"og:title\" content=\"IBGE eleva safra de caf\u00e9 do Brasil em 0,7%, para 49,1 milh\u00f5es de sacas\" \/>\n<meta property=\"og:description\" content=\"A safra de caf\u00e9 do Brasil deste ano foi estimada ter\u00e7a-feira em cerca de 49,1 milh\u00f5es de sacas de 60 kg.\" \/>\n<meta property=\"og:url\" content=\"https:\/\/www.sgagora.com.br\/sg\/ibge-eleva-safra-de-cafe-do-brasil-em-07-para-491-milhoes-de-sacas\/\" \/>\n<meta property=\"og:site_name\" content=\"SGAgora\" \/>\n<meta property=\"article:publisher\" content=\"https:\/\/www.facebook.com\/sgagora\" \/>\n<meta property=\"article:published_time\" content=\"2016-08-11T10:16:30+00:00\" \/>\n<meta property=\"article:modified_time\" content=\"2016-08-17T13:53:26+00:00\" \/>\n<meta property=\"og:image\" content=\"https:\/\/www.sgagora.com.br\/sg\/wp-content\/uploads\/2016\/08\/colheita-de-cafe-696x464-e1470853266969.jpg\" \/>\n\t<meta property=\"og:image:width\" content=\"600\" \/>\n\t<meta property=\"og:image:height\" content=\"400\" \/>\n\t<meta property=\"og:image:type\" content=\"image\/jpeg\" \/>\n<meta name=\"author\" content=\"SG Agora\" \/>\n<meta name=\"twitter:label1\" content=\"Escrito por\" \/>\n\t<meta name=\"twitter:data1\" content=\"SG Agora\" \/>\n\t<meta name=\"twitter:label2\" content=\"Est. tempo de leitura\" \/>\n\t<meta name=\"twitter:data2\" content=\"1 minuto\" \/>\n<script type=\"application\/ld+json\" class=\"yoast-schema-graph\">{\"@context\":\"https:\/\/schema.org\",\"@graph\":[{\"@type\":\"WebPage\",\"@id\":\"https:\/\/www.sgagora.com.br\/sg\/ibge-eleva-safra-de-cafe-do-brasil-em-07-para-491-milhoes-de-sacas\/\",\"url\":\"https:\/\/www.sgagora.com.br\/sg\/ibge-eleva-safra-de-cafe-do-brasil-em-07-para-491-milhoes-de-sacas\/\",\"name\":\"IBGE eleva safra de caf\u00e9 do Brasil em 0,7%, para 49,1 milh\u00f5es de sacas\",\"isPartOf\":{\"@id\":\"https:\/\/www.sgagora.com.br\/sg\/#website\"},\"datePublished\":\"2016-08-11T10:16:30+00:00\",\"dateModified\":\"2016-08-17T13:53:26+00:00\",\"author\":{\"@id\":\"https:\/\/www.sgagora.com.br\/sg\/#\/schema\/person\/2be62cfb47cee3e0b305e4f7a765ae41\"},\"description\":\"A safra de caf\u00e9 do Brasil deste ano foi estimada ter\u00e7a-feira em cerca de 49,1 milh\u00f5es de sacas de 60 kg.\",\"breadcrumb\":{\"@id\":\"https:\/\/www.sgagora.com.br\/sg\/ibge-eleva-safra-de-cafe-do-brasil-em-07-para-491-milhoes-de-sacas\/#breadcrumb\"},\"inLanguage\":\"pt-BR\",\"potentialAction\":[{\"@type\":\"ReadAction\",\"target\":[\"https:\/\/www.sgagora.com.br\/sg\/ibge-eleva-safra-de-cafe-do-brasil-em-07-para-491-milhoes-de-sacas\/\"]}]},{\"@type\":\"BreadcrumbList\",\"@id\":\"https:\/\/www.sgagora.com.br\/sg\/ibge-eleva-safra-de-cafe-do-brasil-em-07-para-491-milhoes-de-sacas\/#breadcrumb\",\"itemListElement\":[{\"@type\":\"ListItem\",\"position\":1,\"name\":\"In\u00edcio\",\"item\":\"https:\/\/www.sgagora.com.br\/sg\/\"},{\"@type\":\"ListItem\",\"position\":2,\"name\":\"IBGE eleva safra de caf\u00e9 do Brasil em 0,7%, para 49,1 milh\u00f5es de sacas\"}]},{\"@type\":\"WebSite\",\"@id\":\"https:\/\/www.sgagora.com.br\/sg\/#website\",\"url\":\"https:\/\/www.sgagora.com.br\/sg\/\",\"name\":\"SGAgora\",\"description\":\"Not\u00edcias de S\u00e3o Gotardo\",\"potentialAction\":[{\"@type\":\"SearchAction\",\"target\":{\"@type\":\"EntryPoint\",\"urlTemplate\":\"https:\/\/www.sgagora.com.br\/sg\/?s={search_term_string}\"},\"query-input\":\"required name=search_term_string\"}],\"inLanguage\":\"pt-BR\"},{\"@type\":\"Person\",\"@id\":\"https:\/\/www.sgagora.com.br\/sg\/#\/schema\/person\/2be62cfb47cee3e0b305e4f7a765ae41\",\"name\":\"SG Agora\",\"image\":{\"@type\":\"ImageObject\",\"inLanguage\":\"pt-BR\",\"@id\":\"https:\/\/www.sgagora.com.br\/sg\/#\/schema\/person\/image\/\",\"url\":\"https:\/\/secure.gravatar.com\/avatar\/a0c612a9a8c3e7419d6fd4f92e749d8d?s=96&d=mm&r=g\",\"contentUrl\":\"https:\/\/secure.gravatar.com\/avatar\/a0c612a9a8c3e7419d6fd4f92e749d8d?s=96&d=mm&r=g\",\"caption\":\"SG Agora\"},\"url\":\"https:\/\/www.sgagora.com.br\/sg\/author\/admin\/\"}]}<\/script>\n<!-- \/ Yoast SEO plugin. -->","yoast_head_json":{"title":"IBGE eleva safra de caf\u00e9 do Brasil em 0,7%, para 49,1 milh\u00f5es de sacas","description":"A safra de caf\u00e9 do Brasil deste ano foi estimada ter\u00e7a-feira em cerca de 49,1 milh\u00f5es de sacas de 60 kg.","robots":{"index":"index","follow":"follow","max-snippet":"max-snippet:-1","max-image-preview":"max-image-preview:large","max-video-preview":"max-video-preview:-1"},"canonical":"https:\/\/www.sgagora.com.br\/sg\/ibge-eleva-safra-de-cafe-do-brasil-em-07-para-491-milhoes-de-sacas\/","og_locale":"pt_BR","og_type":"article","og_title":"IBGE eleva safra de caf\u00e9 do Brasil em 0,7%, para 49,1 milh\u00f5es de sacas","og_description":"A safra de caf\u00e9 do Brasil deste ano foi estimada ter\u00e7a-feira em cerca de 49,1 milh\u00f5es de sacas de 60 kg.","og_url":"https:\/\/www.sgagora.com.br\/sg\/ibge-eleva-safra-de-cafe-do-brasil-em-07-para-491-milhoes-de-sacas\/","og_site_name":"SGAgora","article_publisher":"https:\/\/www.facebook.com\/sgagora","article_published_time":"2016-08-11T10:16:30+00:00","article_modified_time":"2016-08-17T13:53:26+00:00","og_image":[{"width":600,"height":400,"url":"https:\/\/www.sgagora.com.br\/sg\/wp-content\/uploads\/2016\/08\/colheita-de-cafe-696x464-e1470853266969.jpg","type":"image\/jpeg"}],"author":"SG Agora","twitter_misc":{"Escrito por":"SG Agora","Est. tempo de leitura":"1 minuto"},"schema":{"@context":"https:\/\/schema.org","@graph":[{"@type":"WebPage","@id":"https:\/\/www.sgagora.com.br\/sg\/ibge-eleva-safra-de-cafe-do-brasil-em-07-para-491-milhoes-de-sacas\/","url":"https:\/\/www.sgagora.com.br\/sg\/ibge-eleva-safra-de-cafe-do-brasil-em-07-para-491-milhoes-de-sacas\/","name":"IBGE eleva safra de caf\u00e9 do Brasil em 0,7%, para 49,1 milh\u00f5es de sacas","isPartOf":{"@id":"https:\/\/www.sgagora.com.br\/sg\/#website"},"datePublished":"2016-08-11T10:16:30+00:00","dateModified":"2016-08-17T13:53:26+00:00","author":{"@id":"https:\/\/www.sgagora.com.br\/sg\/#\/schema\/person\/2be62cfb47cee3e0b305e4f7a765ae41"},"description":"A safra de caf\u00e9 do Brasil deste ano foi estimada ter\u00e7a-feira em cerca de 49,1 milh\u00f5es de sacas de 60 kg.","breadcrumb":{"@id":"https:\/\/www.sgagora.com.br\/sg\/ibge-eleva-safra-de-cafe-do-brasil-em-07-para-491-milhoes-de-sacas\/#breadcrumb"},"inLanguage":"pt-BR","potentialAction":[{"@type":"ReadAction","target":["https:\/\/www.sgagora.com.br\/sg\/ibge-eleva-safra-de-cafe-do-brasil-em-07-para-491-milhoes-de-sacas\/"]}]},{"@type":"BreadcrumbList","@id":"https:\/\/www.sgagora.com.br\/sg\/ibge-eleva-safra-de-cafe-do-brasil-em-07-para-491-milhoes-de-sacas\/#breadcrumb","itemListElement":[{"@type":"ListItem","position":1,"name":"In\u00edcio","item":"https:\/\/www.sgagora.com.br\/sg\/"},{"@type":"ListItem","position":2,"name":"IBGE eleva safra de caf\u00e9 do Brasil em 0,7%, para 49,1 milh\u00f5es de sacas"}]},{"@type":"WebSite","@id":"https:\/\/www.sgagora.com.br\/sg\/#website","url":"https:\/\/www.sgagora.com.br\/sg\/","name":"SGAgora","description":"Not\u00edcias de S\u00e3o Gotardo","potentialAction":[{"@type":"SearchAction","target":{"@type":"EntryPoint","urlTemplate":"https:\/\/www.sgagora.com.br\/sg\/?s={search_term_string}"},"query-input":"required name=search_term_string"}],"inLanguage":"pt-BR"},{"@type":"Person","@id":"https:\/\/www.sgagora.com.br\/sg\/#\/schema\/person\/2be62cfb47cee3e0b305e4f7a765ae41","name":"SG Agora","image":{"@type":"ImageObject","inLanguage":"pt-BR","@id":"https:\/\/www.sgagora.com.br\/sg\/#\/schema\/person\/image\/","url":"https:\/\/secure.gravatar.com\/avatar\/a0c612a9a8c3e7419d6fd4f92e749d8d?s=96&d=mm&r=g","contentUrl":"https:\/\/secure.gravatar.com\/avatar\/a0c612a9a8c3e7419d6fd4f92e749d8d?s=96&d=mm&r=g","caption":"SG Agora"},"url":"https:\/\/www.sgagora.com.br\/sg\/author\/admin\/"}]}},"_links":{"self":[{"href":"https:\/\/www.sgagora.com.br\/sg\/wp-json\/wp\/v2\/posts\/999931775"}],"collection":[{"href":"https:\/\/www.sgagora.com.br\/sg\/wp-json\/wp\/v2\/posts"}],"about":[{"href":"https:\/\/www.sgagora.com.br\/sg\/wp-json\/wp\/v2\/types\/post"}],"author":[{"embeddable":true,"href":"https:\/\/www.sgagora.com.br\/sg\/wp-json\/wp\/v2\/users\/1"}],"replies":[{"embeddable":true,"href":"https:\/\/www.sgagora.com.br\/sg\/wp-json\/wp\/v2\/comments?post=999931775"}],"version-history":[{"count":2,"href":"https:\/\/www.sgagora.com.br\/sg\/wp-json\/wp\/v2\/posts\/999931775\/revisions"}],"predecessor-version":[{"id":999931868,"href":"https:\/\/www.sgagora.com.br\/sg\/wp-json\/wp\/v2\/posts\/999931775\/revisions\/999931868"}],"wp:featuredmedia":[{"embeddable":true,"href":"https:\/\/www.sgagora.com.br\/sg\/wp-json\/wp\/v2\/media\/999931776"}],"wp:attachment":[{"href":"https:\/\/www.sgagora.com.br\/sg\/wp-json\/wp\/v2\/media?parent=999931775"}],"wp:term":[{"taxonomy":"category","embeddable":true,"href":"https:\/\/www.sgagora.com.br\/sg\/wp-json\/wp\/v2\/categories?post=999931775"},{"taxonomy":"post_tag","embeddable":true,"href":"https:\/\/www.sgagora.com.br\/sg\/wp-json\/wp\/v2\/tags?post=999931775"}],"curies":[{"name":"wp","href":"https:\/\/api.w.org\/{rel}","templated":true}]}}