{"id":999933076,"date":"2016-08-31T17:31:03","date_gmt":"2016-08-31T17:31:03","guid":{"rendered":"http:\/\/www.sgagora.com.br\/sg\/?p=999933076"},"modified":"2016-08-31T17:36:42","modified_gmt":"2016-08-31T17:36:42","slug":"privacidade-zero-whatsapp-compartilha-seus-dados-mesmo-que-voce-diga-nao","status":"publish","type":"post","link":"https:\/\/www.sgagora.com.br\/sg\/privacidade-zero-whatsapp-compartilha-seus-dados-mesmo-que-voce-diga-nao\/","title":{"rendered":"Privacidade zero: WhatsApp compartilha seus dados mesmo que voc\u00ea diga &#8216;n\u00e3o&#8217;"},"content":{"rendered":"<p>Na \u00faltima quinta-feira (25), o WhatsApp atualizou os termos de privacidade e gerou bastante pol\u00eamica na internet. De acordo com uma postagem no pr\u00f3prio blog do servi\u00e7o, o mensageiro come\u00e7aria a compartilhar uma &#8220;quantidade limitada&#8221; de informa\u00e7\u00f5es sobre seus usu\u00e1rios com o Facebook \u2013 o que inclui o n\u00famero de celular.<br \/>\nDiante da situa\u00e7\u00e3o controversa, at\u00e9 mesmo um tutorial sobre como atualizar o WhatsApp e n\u00e3o entregar seus dados para o Facebook foi formulado. Entretanto, parece que nem mesmo seguindo o passo a passo as suas informa\u00e7\u00f5es estar\u00e3o livres das &#8220;garras&#8221; de Mark Zuckerberg. Ao menos \u00e9 isso o que indica o site AntiMedia, que analisou cuidadosamente os novos termos e at\u00e9 mesmo a p\u00e1gina de perguntas frequentes do WhatsApp.<\/p>\n<p><em><strong>Privacidade zero<\/strong><\/em><\/p>\n<p>Por mais que voc\u00ea siga o tutorial muito bem explicado na p\u00e1gina do WhatsApp, uma mensagem deixa claro que isso n\u00e3o vai evitar que suas informa\u00e7\u00f5es sejam compartilhadas com a rede social.<br \/>\n&#8220;A fam\u00edlia de empresas do Facebook vai receber e utilizar estes dados para outros prop\u00f3sitos, tais como aprimorar a infraestrutura e sistemas de entrega, entender como nossos servi\u00e7os e os servi\u00e7os deles s\u00e3o utilizados, melhorar sistemas de seguran\u00e7a, combate ao spam, abusos e atividades de viola\u00e7\u00e3o.&#8221;<br \/>\nPortanto, n\u00e3o adianta se esconder. As suas informa\u00e7\u00f5es no mensageiros ser\u00e3o, sim, compartilhadas com o Facebook. Os usu\u00e1rios n\u00e3o t\u00eam escolha, a n\u00e3o ser utilizar outro aplicativo para se comunicar com seus amigos e familiares. Lembrando que ningu\u00e9m \u00e9 obrigado a usar o WhatsApp e existe uma grande quantidade de apps que oferecem exatamente as mesmas funcionalidades \u2013 quando n\u00e3o ainda mais.<\/p>\n<p><em><strong>Reportagem e Foto:<\/strong>\u00a0<a href=\"http:\/\/www.tecmundo.com.br\/whatsapp\/108928-privacidade-zero-whatsapp-compartilha-dados-mesmo-voce-diga-nao.htm?utm_source=tecmundo.com.br&amp;utm_medium=home&amp;utm_campaign=tv\">http:\/\/www.tecmundo.com.br\/whatsapp\/108928-privacidade-zero-whatsapp-compartilha-dados-mesmo-voce-diga-nao.htm?utm_source=tecmundo.com.br&amp;utm_medium=home&amp;utm_campaign=tv<\/a><\/em><\/p>\n","protected":false},"excerpt":{"rendered":"<p>Na \u00faltima quinta-feira (25), o WhatsApp atualizou os termos de privacidade e gerou bastante pol\u00eamica na internet. De acordo com uma postagem no pr\u00f3prio blog do servi\u00e7o, o mensageiro come\u00e7aria a compartilhar uma &#8220;quantidade limitada&#8221; &#8230; <a class=\"readmore\" href=\"https:\/\/www.sgagora.com.br\/sg\/privacidade-zero-whatsapp-compartilha-seus-dados-mesmo-que-voce-diga-nao\/\">Leia Mais<\/a><\/p>\n","protected":false},"author":1,"featured_media":999933077,"comment_status":"open","ping_status":"open","sticky":false,"template":"","format":"standard","meta":{"_bbp_topic_count":0,"_bbp_reply_count":0,"_bbp_total_topic_count":0,"_bbp_total_reply_count":0,"_bbp_voice_count":0,"_bbp_anonymous_reply_count":0,"_bbp_topic_count_hidden":0,"_bbp_reply_count_hidden":0,"_bbp_forum_subforum_count":0},"categories":[77],"tags":[131,89],"yoast_head":"<!-- This site is optimized with the Yoast SEO plugin v20.5 - https:\/\/yoast.com\/wordpress\/plugins\/seo\/ -->\n<title>Privacidade zero: WhatsApp compartilha seus dados mesmo que voc\u00ea diga &#039;n\u00e3o&#039;<\/title>\n<meta name=\"description\" content=\"Na \u00faltima quinta-feira (25), o WhatsApp atualizou os termos de privacidade e gerou bastante pol\u00eamica na internet.\" \/>\n<meta name=\"robots\" content=\"index, follow, max-snippet:-1, max-image-preview:large, max-video-preview:-1\" \/>\n<link rel=\"canonical\" href=\"https:\/\/www.sgagora.com.br\/sg\/privacidade-zero-whatsapp-compartilha-seus-dados-mesmo-que-voce-diga-nao\/\" \/>\n<meta property=\"og:locale\" content=\"pt_BR\" \/>\n<meta property=\"og:type\" content=\"article\" \/>\n<meta property=\"og:title\" content=\"Privacidade zero: WhatsApp compartilha seus dados mesmo que voc\u00ea diga &#039;n\u00e3o&#039;\" \/>\n<meta property=\"og:description\" content=\"Na \u00faltima quinta-feira (25), o WhatsApp atualizou os termos de privacidade e gerou bastante pol\u00eamica na internet.\" \/>\n<meta property=\"og:url\" content=\"https:\/\/www.sgagora.com.br\/sg\/privacidade-zero-whatsapp-compartilha-seus-dados-mesmo-que-voce-diga-nao\/\" \/>\n<meta property=\"og:site_name\" content=\"SGAgora\" \/>\n<meta property=\"article:publisher\" content=\"https:\/\/www.facebook.com\/sgagora\" \/>\n<meta property=\"article:published_time\" content=\"2016-08-31T17:31:03+00:00\" \/>\n<meta property=\"article:modified_time\" content=\"2016-08-31T17:36:42+00:00\" \/>\n<meta property=\"og:image\" content=\"https:\/\/www.sgagora.com.br\/sg\/wp-content\/uploads\/2016\/08\/Tecnologia-e1472664607597.jpg\" \/>\n\t<meta property=\"og:image:width\" content=\"600\" \/>\n\t<meta property=\"og:image:height\" content=\"257\" \/>\n\t<meta property=\"og:image:type\" content=\"image\/jpeg\" \/>\n<meta name=\"author\" content=\"SG Agora\" \/>\n<meta name=\"twitter:label1\" content=\"Escrito por\" \/>\n\t<meta name=\"twitter:data1\" content=\"SG Agora\" \/>\n\t<meta name=\"twitter:label2\" content=\"Est. tempo de leitura\" \/>\n\t<meta name=\"twitter:data2\" content=\"2 minutos\" \/>\n<script type=\"application\/ld+json\" class=\"yoast-schema-graph\">{\"@context\":\"https:\/\/schema.org\",\"@graph\":[{\"@type\":\"WebPage\",\"@id\":\"https:\/\/www.sgagora.com.br\/sg\/privacidade-zero-whatsapp-compartilha-seus-dados-mesmo-que-voce-diga-nao\/\",\"url\":\"https:\/\/www.sgagora.com.br\/sg\/privacidade-zero-whatsapp-compartilha-seus-dados-mesmo-que-voce-diga-nao\/\",\"name\":\"Privacidade zero: WhatsApp compartilha seus dados mesmo que voc\u00ea diga 'n\u00e3o'\",\"isPartOf\":{\"@id\":\"https:\/\/www.sgagora.com.br\/sg\/#website\"},\"datePublished\":\"2016-08-31T17:31:03+00:00\",\"dateModified\":\"2016-08-31T17:36:42+00:00\",\"author\":{\"@id\":\"https:\/\/www.sgagora.com.br\/sg\/#\/schema\/person\/2be62cfb47cee3e0b305e4f7a765ae41\"},\"description\":\"Na \u00faltima quinta-feira (25), o WhatsApp atualizou os termos de privacidade e gerou bastante pol\u00eamica na internet.\",\"breadcrumb\":{\"@id\":\"https:\/\/www.sgagora.com.br\/sg\/privacidade-zero-whatsapp-compartilha-seus-dados-mesmo-que-voce-diga-nao\/#breadcrumb\"},\"inLanguage\":\"pt-BR\",\"potentialAction\":[{\"@type\":\"ReadAction\",\"target\":[\"https:\/\/www.sgagora.com.br\/sg\/privacidade-zero-whatsapp-compartilha-seus-dados-mesmo-que-voce-diga-nao\/\"]}]},{\"@type\":\"BreadcrumbList\",\"@id\":\"https:\/\/www.sgagora.com.br\/sg\/privacidade-zero-whatsapp-compartilha-seus-dados-mesmo-que-voce-diga-nao\/#breadcrumb\",\"itemListElement\":[{\"@type\":\"ListItem\",\"position\":1,\"name\":\"In\u00edcio\",\"item\":\"https:\/\/www.sgagora.com.br\/sg\/\"},{\"@type\":\"ListItem\",\"position\":2,\"name\":\"Privacidade zero: WhatsApp compartilha seus dados mesmo que voc\u00ea diga &#8216;n\u00e3o&#8217;\"}]},{\"@type\":\"WebSite\",\"@id\":\"https:\/\/www.sgagora.com.br\/sg\/#website\",\"url\":\"https:\/\/www.sgagora.com.br\/sg\/\",\"name\":\"SGAgora\",\"description\":\"Not\u00edcias de S\u00e3o Gotardo\",\"potentialAction\":[{\"@type\":\"SearchAction\",\"target\":{\"@type\":\"EntryPoint\",\"urlTemplate\":\"https:\/\/www.sgagora.com.br\/sg\/?s={search_term_string}\"},\"query-input\":\"required name=search_term_string\"}],\"inLanguage\":\"pt-BR\"},{\"@type\":\"Person\",\"@id\":\"https:\/\/www.sgagora.com.br\/sg\/#\/schema\/person\/2be62cfb47cee3e0b305e4f7a765ae41\",\"name\":\"SG Agora\",\"image\":{\"@type\":\"ImageObject\",\"inLanguage\":\"pt-BR\",\"@id\":\"https:\/\/www.sgagora.com.br\/sg\/#\/schema\/person\/image\/\",\"url\":\"https:\/\/secure.gravatar.com\/avatar\/a0c612a9a8c3e7419d6fd4f92e749d8d?s=96&d=mm&r=g\",\"contentUrl\":\"https:\/\/secure.gravatar.com\/avatar\/a0c612a9a8c3e7419d6fd4f92e749d8d?s=96&d=mm&r=g\",\"caption\":\"SG Agora\"},\"url\":\"https:\/\/www.sgagora.com.br\/sg\/author\/admin\/\"}]}<\/script>\n<!-- \/ Yoast SEO plugin. -->","yoast_head_json":{"title":"Privacidade zero: WhatsApp compartilha seus dados mesmo que voc\u00ea diga 'n\u00e3o'","description":"Na \u00faltima quinta-feira (25), o WhatsApp atualizou os termos de privacidade e gerou bastante pol\u00eamica na internet.","robots":{"index":"index","follow":"follow","max-snippet":"max-snippet:-1","max-image-preview":"max-image-preview:large","max-video-preview":"max-video-preview:-1"},"canonical":"https:\/\/www.sgagora.com.br\/sg\/privacidade-zero-whatsapp-compartilha-seus-dados-mesmo-que-voce-diga-nao\/","og_locale":"pt_BR","og_type":"article","og_title":"Privacidade zero: WhatsApp compartilha seus dados mesmo que voc\u00ea diga 'n\u00e3o'","og_description":"Na \u00faltima quinta-feira (25), o WhatsApp atualizou os termos de privacidade e gerou bastante pol\u00eamica na internet.","og_url":"https:\/\/www.sgagora.com.br\/sg\/privacidade-zero-whatsapp-compartilha-seus-dados-mesmo-que-voce-diga-nao\/","og_site_name":"SGAgora","article_publisher":"https:\/\/www.facebook.com\/sgagora","article_published_time":"2016-08-31T17:31:03+00:00","article_modified_time":"2016-08-31T17:36:42+00:00","og_image":[{"width":600,"height":257,"url":"https:\/\/www.sgagora.com.br\/sg\/wp-content\/uploads\/2016\/08\/Tecnologia-e1472664607597.jpg","type":"image\/jpeg"}],"author":"SG Agora","twitter_misc":{"Escrito por":"SG Agora","Est. tempo de leitura":"2 minutos"},"schema":{"@context":"https:\/\/schema.org","@graph":[{"@type":"WebPage","@id":"https:\/\/www.sgagora.com.br\/sg\/privacidade-zero-whatsapp-compartilha-seus-dados-mesmo-que-voce-diga-nao\/","url":"https:\/\/www.sgagora.com.br\/sg\/privacidade-zero-whatsapp-compartilha-seus-dados-mesmo-que-voce-diga-nao\/","name":"Privacidade zero: WhatsApp compartilha seus dados mesmo que voc\u00ea diga 'n\u00e3o'","isPartOf":{"@id":"https:\/\/www.sgagora.com.br\/sg\/#website"},"datePublished":"2016-08-31T17:31:03+00:00","dateModified":"2016-08-31T17:36:42+00:00","author":{"@id":"https:\/\/www.sgagora.com.br\/sg\/#\/schema\/person\/2be62cfb47cee3e0b305e4f7a765ae41"},"description":"Na \u00faltima quinta-feira (25), o WhatsApp atualizou os termos de privacidade e gerou bastante pol\u00eamica na internet.","breadcrumb":{"@id":"https:\/\/www.sgagora.com.br\/sg\/privacidade-zero-whatsapp-compartilha-seus-dados-mesmo-que-voce-diga-nao\/#breadcrumb"},"inLanguage":"pt-BR","potentialAction":[{"@type":"ReadAction","target":["https:\/\/www.sgagora.com.br\/sg\/privacidade-zero-whatsapp-compartilha-seus-dados-mesmo-que-voce-diga-nao\/"]}]},{"@type":"BreadcrumbList","@id":"https:\/\/www.sgagora.com.br\/sg\/privacidade-zero-whatsapp-compartilha-seus-dados-mesmo-que-voce-diga-nao\/#breadcrumb","itemListElement":[{"@type":"ListItem","position":1,"name":"In\u00edcio","item":"https:\/\/www.sgagora.com.br\/sg\/"},{"@type":"ListItem","position":2,"name":"Privacidade zero: WhatsApp compartilha seus dados mesmo que voc\u00ea diga &#8216;n\u00e3o&#8217;"}]},{"@type":"WebSite","@id":"https:\/\/www.sgagora.com.br\/sg\/#website","url":"https:\/\/www.sgagora.com.br\/sg\/","name":"SGAgora","description":"Not\u00edcias de S\u00e3o Gotardo","potentialAction":[{"@type":"SearchAction","target":{"@type":"EntryPoint","urlTemplate":"https:\/\/www.sgagora.com.br\/sg\/?s={search_term_string}"},"query-input":"required name=search_term_string"}],"inLanguage":"pt-BR"},{"@type":"Person","@id":"https:\/\/www.sgagora.com.br\/sg\/#\/schema\/person\/2be62cfb47cee3e0b305e4f7a765ae41","name":"SG Agora","image":{"@type":"ImageObject","inLanguage":"pt-BR","@id":"https:\/\/www.sgagora.com.br\/sg\/#\/schema\/person\/image\/","url":"https:\/\/secure.gravatar.com\/avatar\/a0c612a9a8c3e7419d6fd4f92e749d8d?s=96&d=mm&r=g","contentUrl":"https:\/\/secure.gravatar.com\/avatar\/a0c612a9a8c3e7419d6fd4f92e749d8d?s=96&d=mm&r=g","caption":"SG Agora"},"url":"https:\/\/www.sgagora.com.br\/sg\/author\/admin\/"}]}},"_links":{"self":[{"href":"https:\/\/www.sgagora.com.br\/sg\/wp-json\/wp\/v2\/posts\/999933076"}],"collection":[{"href":"https:\/\/www.sgagora.com.br\/sg\/wp-json\/wp\/v2\/posts"}],"about":[{"href":"https:\/\/www.sgagora.com.br\/sg\/wp-json\/wp\/v2\/types\/post"}],"author":[{"embeddable":true,"href":"https:\/\/www.sgagora.com.br\/sg\/wp-json\/wp\/v2\/users\/1"}],"replies":[{"embeddable":true,"href":"https:\/\/www.sgagora.com.br\/sg\/wp-json\/wp\/v2\/comments?post=999933076"}],"version-history":[{"count":1,"href":"https:\/\/www.sgagora.com.br\/sg\/wp-json\/wp\/v2\/posts\/999933076\/revisions"}],"predecessor-version":[{"id":999933078,"href":"https:\/\/www.sgagora.com.br\/sg\/wp-json\/wp\/v2\/posts\/999933076\/revisions\/999933078"}],"wp:featuredmedia":[{"embeddable":true,"href":"https:\/\/www.sgagora.com.br\/sg\/wp-json\/wp\/v2\/media\/999933077"}],"wp:attachment":[{"href":"https:\/\/www.sgagora.com.br\/sg\/wp-json\/wp\/v2\/media?parent=999933076"}],"wp:term":[{"taxonomy":"category","embeddable":true,"href":"https:\/\/www.sgagora.com.br\/sg\/wp-json\/wp\/v2\/categories?post=999933076"},{"taxonomy":"post_tag","embeddable":true,"href":"https:\/\/www.sgagora.com.br\/sg\/wp-json\/wp\/v2\/tags?post=999933076"}],"curies":[{"name":"wp","href":"https:\/\/api.w.org\/{rel}","templated":true}]}}