{"id":999934837,"date":"2016-10-06T18:15:27","date_gmt":"2016-10-06T18:15:27","guid":{"rendered":"http:\/\/www.sgagora.com.br\/sg\/?p=999934837"},"modified":"2016-10-06T18:15:27","modified_gmt":"2016-10-06T18:15:27","slug":"de-olho-em-corte-e-na-argentina-selecao-tem-seis-pendurados-em-natal","status":"publish","type":"post","link":"https:\/\/www.sgagora.com.br\/sg\/de-olho-em-corte-e-na-argentina-selecao-tem-seis-pendurados-em-natal\/","title":{"rendered":"De olho em corte e na Argentina, Sele\u00e7\u00e3o tem seis pendurados em Natal"},"content":{"rendered":"<p>Al\u00e9m da busca pela vit\u00f3ria contra a Bol\u00edvia, a Sele\u00e7\u00e3o entra em campo nesta quinta-feira com outra preocupa\u00e7\u00e3o a mais. O Brasil de Tite tem seis jogadores pendurados nas eliminat\u00f3rias da Copa do Mundo: Lucas Lima, Daniel Alves, Filipe Lu\u00eds, Giuliano, Miranda e Neymar. Os cinco \u00faltimos ser\u00e3o titulares na Arena das Dunas, \u00e0s 21h45 (de Bras\u00edlia), em Natal.<\/p>\n<p>Poss\u00edveis suspens\u00f5es v\u00e3o influenciar diretamente em duas situa\u00e7\u00f5es. Com 24 jogadores convocados, j\u00e1 que Paulinho est\u00e1 suspenso contra a Bol\u00edvia, \u00e9 poss\u00edvel que o treinador seja obrigado a cortar um atleta visando a partida contra a Venezuela, ter\u00e7a-feira, em M\u00e9rida. Qualquer suspens\u00e3o evitaria essa situa\u00e7\u00e3o. Assim como daria a certeza de que o atleta suspenso estaria \u00e0 disposi\u00e7\u00e3o para o cl\u00e1ssico contra a Argentina, dia 11 de novembro, no Mineir\u00e3o. Tite, no entanto, garante n\u00e3o pensar nisso.<\/p>\n<p>\u2013 Os tr\u00eas pontos valem a mesma coisa. Eu sei que tem conota\u00e7\u00e3o maior por ser um cl\u00e1ssico, mas qual \u00e9 o nosso objetivo? N\u00e3o queremos nos classificar? Vale igual. Temos que ter o m\u00ednimo de intelig\u00eancia para avaliar isso, os atletas e eu. Se tivermos que tomar oito cart\u00f5es e todos ficarem fora, mas termos o melhor desempenho poss\u00edvel, ent\u00e3o v\u00e3o ficar fora &#8211; avisou.<\/p>\n<p>Depois de bater Equador e Col\u00f4mbia em setembro, a Sele\u00e7\u00e3o tenta manter os 100% de aproveitamento sob o comando de Tite para tentar alcan\u00e7ar a lideran\u00e7a das eliminat\u00f3rias. Atualmente ocupa a segunda posi\u00e7\u00e3o, atr\u00e1s do Uruguai, com 15 pontos ganhos.<\/p>\n<p><em><strong>Brasil x Bol\u00edvia<\/strong><\/em><\/p>\n<p><em><strong>Local:<\/strong><\/em> Arena das Dunas, em Natal-RN<\/p>\n<p><em><strong>Data e hor\u00e1rio:<\/strong><\/em> quinta-feira, \u00e0s 21h45 (hor\u00e1rio de Bras\u00edlia)<\/p>\n<p><em><strong>Escala\u00e7\u00e3o:<\/strong><\/em> Alisson, Daniel Alves, Marquinhos, Miranda e Filipe Lu\u00eds; Fernandinho; Giuliano, Renato Augusto, Philippe Coutinho e Neymar; Gabriel Jesus.<\/p>\n<p><em><strong>Desfalque:<\/strong><\/em> Paulinho.<\/p>\n<p><em><strong>Pendurados:<\/strong><\/em> Daniel Alves, Filipe Luis, Giuliano, Lucas Lima, Miranda e Neymar<\/p>\n<p><em><strong>Arbitragem:<\/strong> <\/em>Wilson Lamouroux (COL), Alexander Guzm\u00e1n e Eduardo D\u00edaz (COL).<\/p>\n<p>&nbsp;<\/p>\n<p><em><strong>Reportagem Original:\u00a0<\/strong><a href=\"http:\/\/globoesporte.globo.com\/futebol\/selecao-brasileira\/noticia\/2016\/10\/de-olho-em-corte-e-na-argentina-selecao-tem-seis-pendurados-em-natal.html\">http:\/\/globoesporte.globo.com\/futebol\/selecao-brasileira\/noticia\/2016\/10\/de-olho-em-corte-e-na-argentina-selecao-tem-seis-pendurados-em-natal.html<\/a><\/em><\/p>\n<p>&nbsp;<\/p>\n","protected":false},"excerpt":{"rendered":"<p>Al\u00e9m da busca pela vit\u00f3ria contra a Bol\u00edvia, a Sele\u00e7\u00e3o entra em campo nesta quinta-feira com outra preocupa\u00e7\u00e3o a mais. O Brasil de Tite tem seis jogadores pendurados nas eliminat\u00f3rias da Copa do Mundo: Lucas &#8230; <a class=\"readmore\" href=\"https:\/\/www.sgagora.com.br\/sg\/de-olho-em-corte-e-na-argentina-selecao-tem-seis-pendurados-em-natal\/\">Leia Mais<\/a><\/p>\n","protected":false},"author":1,"featured_media":999934840,"comment_status":"open","ping_status":"open","sticky":false,"template":"","format":"standard","meta":{"_bbp_topic_count":0,"_bbp_reply_count":0,"_bbp_total_topic_count":0,"_bbp_total_reply_count":0,"_bbp_voice_count":0,"_bbp_anonymous_reply_count":0,"_bbp_topic_count_hidden":0,"_bbp_reply_count_hidden":0,"_bbp_forum_subforum_count":0},"categories":[1,6],"tags":[212,287,161],"yoast_head":"<!-- This site is optimized with the Yoast SEO plugin v20.5 - https:\/\/yoast.com\/wordpress\/plugins\/seo\/ -->\n<title>De olho em corte e na Argentina, Sele\u00e7\u00e3o tem seis pendurados em Natal<\/title>\n<meta name=\"description\" content=\"Cinco deles ser\u00e3o titulares: Daniel Alves, Filipe Lu\u00eds, Giuliano, Miranda e Neymar. Tite garante que nenhum jogador.vai for\u00e7ar cart\u00e3o para enfrentar os hermanos.\" \/>\n<meta name=\"robots\" content=\"index, follow, max-snippet:-1, max-image-preview:large, max-video-preview:-1\" \/>\n<link rel=\"canonical\" href=\"https:\/\/www.sgagora.com.br\/sg\/de-olho-em-corte-e-na-argentina-selecao-tem-seis-pendurados-em-natal\/\" \/>\n<meta property=\"og:locale\" content=\"pt_BR\" \/>\n<meta property=\"og:type\" content=\"article\" \/>\n<meta property=\"og:title\" content=\"De olho em corte e na Argentina, Sele\u00e7\u00e3o tem seis pendurados em Natal\" \/>\n<meta property=\"og:description\" content=\"Cinco deles ser\u00e3o titulares: Daniel Alves, Filipe Lu\u00eds, Giuliano, Miranda e Neymar. Tite garante que nenhum jogador.vai for\u00e7ar cart\u00e3o para enfrentar os hermanos.\" \/>\n<meta property=\"og:url\" content=\"https:\/\/www.sgagora.com.br\/sg\/de-olho-em-corte-e-na-argentina-selecao-tem-seis-pendurados-em-natal\/\" \/>\n<meta property=\"og:site_name\" content=\"SGAgora\" \/>\n<meta property=\"article:publisher\" content=\"https:\/\/www.facebook.com\/sgagora\" \/>\n<meta property=\"article:published_time\" content=\"2016-10-06T18:15:27+00:00\" \/>\n<meta property=\"og:image\" content=\"https:\/\/www.sgagora.com.br\/sg\/wp-content\/uploads\/2016\/10\/neymar-e1475777638467.jpg\" \/>\n\t<meta property=\"og:image:width\" content=\"600\" \/>\n\t<meta property=\"og:image:height\" content=\"336\" \/>\n\t<meta property=\"og:image:type\" content=\"image\/jpeg\" \/>\n<meta name=\"author\" content=\"SG Agora\" \/>\n<meta name=\"twitter:label1\" content=\"Escrito por\" \/>\n\t<meta name=\"twitter:data1\" content=\"SG Agora\" \/>\n\t<meta name=\"twitter:label2\" content=\"Est. tempo de leitura\" \/>\n\t<meta name=\"twitter:data2\" content=\"2 minutos\" \/>\n<script type=\"application\/ld+json\" class=\"yoast-schema-graph\">{\"@context\":\"https:\/\/schema.org\",\"@graph\":[{\"@type\":\"WebPage\",\"@id\":\"https:\/\/www.sgagora.com.br\/sg\/de-olho-em-corte-e-na-argentina-selecao-tem-seis-pendurados-em-natal\/\",\"url\":\"https:\/\/www.sgagora.com.br\/sg\/de-olho-em-corte-e-na-argentina-selecao-tem-seis-pendurados-em-natal\/\",\"name\":\"De olho em corte e na Argentina, Sele\u00e7\u00e3o tem seis pendurados em Natal\",\"isPartOf\":{\"@id\":\"https:\/\/www.sgagora.com.br\/sg\/#website\"},\"datePublished\":\"2016-10-06T18:15:27+00:00\",\"dateModified\":\"2016-10-06T18:15:27+00:00\",\"author\":{\"@id\":\"https:\/\/www.sgagora.com.br\/sg\/#\/schema\/person\/2be62cfb47cee3e0b305e4f7a765ae41\"},\"description\":\"Cinco deles ser\u00e3o titulares: Daniel Alves, Filipe Lu\u00eds, Giuliano, Miranda e Neymar. Tite garante que nenhum jogador.vai for\u00e7ar cart\u00e3o para enfrentar os hermanos.\",\"breadcrumb\":{\"@id\":\"https:\/\/www.sgagora.com.br\/sg\/de-olho-em-corte-e-na-argentina-selecao-tem-seis-pendurados-em-natal\/#breadcrumb\"},\"inLanguage\":\"pt-BR\",\"potentialAction\":[{\"@type\":\"ReadAction\",\"target\":[\"https:\/\/www.sgagora.com.br\/sg\/de-olho-em-corte-e-na-argentina-selecao-tem-seis-pendurados-em-natal\/\"]}]},{\"@type\":\"BreadcrumbList\",\"@id\":\"https:\/\/www.sgagora.com.br\/sg\/de-olho-em-corte-e-na-argentina-selecao-tem-seis-pendurados-em-natal\/#breadcrumb\",\"itemListElement\":[{\"@type\":\"ListItem\",\"position\":1,\"name\":\"In\u00edcio\",\"item\":\"https:\/\/www.sgagora.com.br\/sg\/\"},{\"@type\":\"ListItem\",\"position\":2,\"name\":\"De olho em corte e na Argentina, Sele\u00e7\u00e3o tem seis pendurados em Natal\"}]},{\"@type\":\"WebSite\",\"@id\":\"https:\/\/www.sgagora.com.br\/sg\/#website\",\"url\":\"https:\/\/www.sgagora.com.br\/sg\/\",\"name\":\"SGAgora\",\"description\":\"Not\u00edcias de S\u00e3o Gotardo\",\"potentialAction\":[{\"@type\":\"SearchAction\",\"target\":{\"@type\":\"EntryPoint\",\"urlTemplate\":\"https:\/\/www.sgagora.com.br\/sg\/?s={search_term_string}\"},\"query-input\":\"required name=search_term_string\"}],\"inLanguage\":\"pt-BR\"},{\"@type\":\"Person\",\"@id\":\"https:\/\/www.sgagora.com.br\/sg\/#\/schema\/person\/2be62cfb47cee3e0b305e4f7a765ae41\",\"name\":\"SG Agora\",\"image\":{\"@type\":\"ImageObject\",\"inLanguage\":\"pt-BR\",\"@id\":\"https:\/\/www.sgagora.com.br\/sg\/#\/schema\/person\/image\/\",\"url\":\"https:\/\/secure.gravatar.com\/avatar\/a0c612a9a8c3e7419d6fd4f92e749d8d?s=96&d=mm&r=g\",\"contentUrl\":\"https:\/\/secure.gravatar.com\/avatar\/a0c612a9a8c3e7419d6fd4f92e749d8d?s=96&d=mm&r=g\",\"caption\":\"SG Agora\"},\"url\":\"https:\/\/www.sgagora.com.br\/sg\/author\/admin\/\"}]}<\/script>\n<!-- \/ Yoast SEO plugin. -->","yoast_head_json":{"title":"De olho em corte e na Argentina, Sele\u00e7\u00e3o tem seis pendurados em Natal","description":"Cinco deles ser\u00e3o titulares: Daniel Alves, Filipe Lu\u00eds, Giuliano, Miranda e Neymar. Tite garante que nenhum jogador.vai for\u00e7ar cart\u00e3o para enfrentar os hermanos.","robots":{"index":"index","follow":"follow","max-snippet":"max-snippet:-1","max-image-preview":"max-image-preview:large","max-video-preview":"max-video-preview:-1"},"canonical":"https:\/\/www.sgagora.com.br\/sg\/de-olho-em-corte-e-na-argentina-selecao-tem-seis-pendurados-em-natal\/","og_locale":"pt_BR","og_type":"article","og_title":"De olho em corte e na Argentina, Sele\u00e7\u00e3o tem seis pendurados em Natal","og_description":"Cinco deles ser\u00e3o titulares: Daniel Alves, Filipe Lu\u00eds, Giuliano, Miranda e Neymar. Tite garante que nenhum jogador.vai for\u00e7ar cart\u00e3o para enfrentar os hermanos.","og_url":"https:\/\/www.sgagora.com.br\/sg\/de-olho-em-corte-e-na-argentina-selecao-tem-seis-pendurados-em-natal\/","og_site_name":"SGAgora","article_publisher":"https:\/\/www.facebook.com\/sgagora","article_published_time":"2016-10-06T18:15:27+00:00","og_image":[{"width":600,"height":336,"url":"https:\/\/www.sgagora.com.br\/sg\/wp-content\/uploads\/2016\/10\/neymar-e1475777638467.jpg","type":"image\/jpeg"}],"author":"SG Agora","twitter_misc":{"Escrito por":"SG Agora","Est. tempo de leitura":"2 minutos"},"schema":{"@context":"https:\/\/schema.org","@graph":[{"@type":"WebPage","@id":"https:\/\/www.sgagora.com.br\/sg\/de-olho-em-corte-e-na-argentina-selecao-tem-seis-pendurados-em-natal\/","url":"https:\/\/www.sgagora.com.br\/sg\/de-olho-em-corte-e-na-argentina-selecao-tem-seis-pendurados-em-natal\/","name":"De olho em corte e na Argentina, Sele\u00e7\u00e3o tem seis pendurados em Natal","isPartOf":{"@id":"https:\/\/www.sgagora.com.br\/sg\/#website"},"datePublished":"2016-10-06T18:15:27+00:00","dateModified":"2016-10-06T18:15:27+00:00","author":{"@id":"https:\/\/www.sgagora.com.br\/sg\/#\/schema\/person\/2be62cfb47cee3e0b305e4f7a765ae41"},"description":"Cinco deles ser\u00e3o titulares: Daniel Alves, Filipe Lu\u00eds, Giuliano, Miranda e Neymar. Tite garante que nenhum jogador.vai for\u00e7ar cart\u00e3o para enfrentar os hermanos.","breadcrumb":{"@id":"https:\/\/www.sgagora.com.br\/sg\/de-olho-em-corte-e-na-argentina-selecao-tem-seis-pendurados-em-natal\/#breadcrumb"},"inLanguage":"pt-BR","potentialAction":[{"@type":"ReadAction","target":["https:\/\/www.sgagora.com.br\/sg\/de-olho-em-corte-e-na-argentina-selecao-tem-seis-pendurados-em-natal\/"]}]},{"@type":"BreadcrumbList","@id":"https:\/\/www.sgagora.com.br\/sg\/de-olho-em-corte-e-na-argentina-selecao-tem-seis-pendurados-em-natal\/#breadcrumb","itemListElement":[{"@type":"ListItem","position":1,"name":"In\u00edcio","item":"https:\/\/www.sgagora.com.br\/sg\/"},{"@type":"ListItem","position":2,"name":"De olho em corte e na Argentina, Sele\u00e7\u00e3o tem seis pendurados em Natal"}]},{"@type":"WebSite","@id":"https:\/\/www.sgagora.com.br\/sg\/#website","url":"https:\/\/www.sgagora.com.br\/sg\/","name":"SGAgora","description":"Not\u00edcias de S\u00e3o Gotardo","potentialAction":[{"@type":"SearchAction","target":{"@type":"EntryPoint","urlTemplate":"https:\/\/www.sgagora.com.br\/sg\/?s={search_term_string}"},"query-input":"required name=search_term_string"}],"inLanguage":"pt-BR"},{"@type":"Person","@id":"https:\/\/www.sgagora.com.br\/sg\/#\/schema\/person\/2be62cfb47cee3e0b305e4f7a765ae41","name":"SG Agora","image":{"@type":"ImageObject","inLanguage":"pt-BR","@id":"https:\/\/www.sgagora.com.br\/sg\/#\/schema\/person\/image\/","url":"https:\/\/secure.gravatar.com\/avatar\/a0c612a9a8c3e7419d6fd4f92e749d8d?s=96&d=mm&r=g","contentUrl":"https:\/\/secure.gravatar.com\/avatar\/a0c612a9a8c3e7419d6fd4f92e749d8d?s=96&d=mm&r=g","caption":"SG Agora"},"url":"https:\/\/www.sgagora.com.br\/sg\/author\/admin\/"}]}},"_links":{"self":[{"href":"https:\/\/www.sgagora.com.br\/sg\/wp-json\/wp\/v2\/posts\/999934837"}],"collection":[{"href":"https:\/\/www.sgagora.com.br\/sg\/wp-json\/wp\/v2\/posts"}],"about":[{"href":"https:\/\/www.sgagora.com.br\/sg\/wp-json\/wp\/v2\/types\/post"}],"author":[{"embeddable":true,"href":"https:\/\/www.sgagora.com.br\/sg\/wp-json\/wp\/v2\/users\/1"}],"replies":[{"embeddable":true,"href":"https:\/\/www.sgagora.com.br\/sg\/wp-json\/wp\/v2\/comments?post=999934837"}],"version-history":[{"count":2,"href":"https:\/\/www.sgagora.com.br\/sg\/wp-json\/wp\/v2\/posts\/999934837\/revisions"}],"predecessor-version":[{"id":999934841,"href":"https:\/\/www.sgagora.com.br\/sg\/wp-json\/wp\/v2\/posts\/999934837\/revisions\/999934841"}],"wp:featuredmedia":[{"embeddable":true,"href":"https:\/\/www.sgagora.com.br\/sg\/wp-json\/wp\/v2\/media\/999934840"}],"wp:attachment":[{"href":"https:\/\/www.sgagora.com.br\/sg\/wp-json\/wp\/v2\/media?parent=999934837"}],"wp:term":[{"taxonomy":"category","embeddable":true,"href":"https:\/\/www.sgagora.com.br\/sg\/wp-json\/wp\/v2\/categories?post=999934837"},{"taxonomy":"post_tag","embeddable":true,"href":"https:\/\/www.sgagora.com.br\/sg\/wp-json\/wp\/v2\/tags?post=999934837"}],"curies":[{"name":"wp","href":"https:\/\/api.w.org\/{rel}","templated":true}]}}