{"id":999941443,"date":"2017-04-10T19:59:54","date_gmt":"2017-04-10T19:59:54","guid":{"rendered":"http:\/\/www.sgagora.com.br\/sg\/?p=999941443"},"modified":"2017-04-12T06:36:26","modified_gmt":"2017-04-12T06:36:26","slug":"jovem-desaparece-em-sao-gotardo-e-policia-pede-ajuda-para-encontra-lo","status":"publish","type":"post","link":"https:\/\/www.sgagora.com.br\/sg\/jovem-desaparece-em-sao-gotardo-e-policia-pede-ajuda-para-encontra-lo\/","title":{"rendered":"Jovem desaparece em S\u00e3o Gotardo e pol\u00edcia pede ajuda para encontr\u00e1-lo"},"content":{"rendered":"<p>Um jovem de S\u00e3o Gotardo est\u00e1 desaparecido desde o \u00faltimo s\u00e1bado (08\/04). Igor Franklin Pimenta, de 26 anos, foi visto pela \u00faltima vez em seu ve\u00edculo, um Gol\/G3, de cor azul clara e placas HBL-1683. O desaparecido trajava bermuda jeans, camiseta lil\u00e1s, chinelos de dedo e bon\u00e9.<\/p>\n<p>Qualquer informa\u00e7\u00e3o que possa ajudar a Pol\u00edcia Militar e seus familiares a encontr\u00e1-lo, poder\u00e1 ser passada atrav\u00e9s do telefone emergencial da PM, o 190. A identidade do colaborador ser\u00e1 mantida no mais absoluto sigilo.<\/p>\n<p><strong>Reportagem Atualizada:<\/strong><\/p>\n<p>Em contato com o Portal SG AGORA, a fam\u00edlia do desaparecido informou que o jovem j\u00e1 foi encontrado. Os familiares agradecem \u00e0 todas as pessoas que compartilharam a reportagem e avisarem que seu ente querido est\u00e1 bem.<\/p>\n<p>&nbsp;<\/p>\n<p><em><strong>Reportagem:<\/strong> Diego Oliveira\/Portal SG AGORA \/ <strong>Fonte da Reportagem:<\/strong> Pol\u00edcia Militar de S\u00e3o Gotardo \/ <strong>Foto Capa:<\/strong> Divulga\u00e7\u00e3o\/Facebook<\/em><\/p>\n","protected":false},"excerpt":{"rendered":"<p>Um jovem de S\u00e3o Gotardo est\u00e1 desaparecido desde o \u00faltimo s\u00e1bado (08\/04). Igor Franklin Pimenta, de 26 anos, foi visto pela \u00faltima vez em seu ve\u00edculo, um Gol\/G3, de cor azul clara e placas HBL-1683. &#8230; <a class=\"readmore\" href=\"https:\/\/www.sgagora.com.br\/sg\/jovem-desaparece-em-sao-gotardo-e-policia-pede-ajuda-para-encontra-lo\/\">Leia Mais<\/a><\/p>\n","protected":false},"author":1,"featured_media":999941444,"comment_status":"open","ping_status":"open","sticky":false,"template":"","format":"standard","meta":{"_bbp_topic_count":0,"_bbp_reply_count":0,"_bbp_total_topic_count":0,"_bbp_total_reply_count":0,"_bbp_voice_count":0,"_bbp_anonymous_reply_count":0,"_bbp_topic_count_hidden":0,"_bbp_reply_count_hidden":0,"_bbp_forum_subforum_count":0},"categories":[84,77],"tags":[642,659,120,132,133,138,194,346,131,157],"yoast_head":"<!-- This site is optimized with the Yoast SEO plugin v20.5 - https:\/\/yoast.com\/wordpress\/plugins\/seo\/ -->\n<title>Jovem desaparece em S\u00e3o Gotardo e pol\u00edcia pede ajuda para encontr\u00e1-lo<\/title>\n<meta name=\"description\" content=\"Um jovem de S\u00e3o Gotardo est\u00e1 desaparecido desde o \u00faltimo s\u00e1bado (08\/04).\" \/>\n<meta name=\"robots\" content=\"index, follow, max-snippet:-1, max-image-preview:large, max-video-preview:-1\" \/>\n<link rel=\"canonical\" href=\"https:\/\/www.sgagora.com.br\/sg\/jovem-desaparece-em-sao-gotardo-e-policia-pede-ajuda-para-encontra-lo\/\" \/>\n<meta property=\"og:locale\" content=\"pt_BR\" \/>\n<meta property=\"og:type\" content=\"article\" \/>\n<meta property=\"og:title\" content=\"Jovem desaparece em S\u00e3o Gotardo e pol\u00edcia pede ajuda para encontr\u00e1-lo\" \/>\n<meta property=\"og:description\" content=\"Um jovem de S\u00e3o Gotardo est\u00e1 desaparecido desde o \u00faltimo s\u00e1bado (08\/04).\" \/>\n<meta property=\"og:url\" content=\"https:\/\/www.sgagora.com.br\/sg\/jovem-desaparece-em-sao-gotardo-e-policia-pede-ajuda-para-encontra-lo\/\" \/>\n<meta property=\"og:site_name\" content=\"SGAgora\" \/>\n<meta property=\"article:publisher\" content=\"https:\/\/www.facebook.com\/sgagora\" \/>\n<meta property=\"article:published_time\" content=\"2017-04-10T19:59:54+00:00\" \/>\n<meta property=\"article:modified_time\" content=\"2017-04-12T06:36:26+00:00\" \/>\n<meta property=\"og:image\" content=\"https:\/\/www.sgagora.com.br\/sg\/wp-content\/uploads\/2017\/04\/14021672_563405057176765_1895349067664622657_n-e1491854280178.jpg\" \/>\n\t<meta property=\"og:image:width\" content=\"550\" \/>\n\t<meta property=\"og:image:height\" content=\"549\" \/>\n\t<meta property=\"og:image:type\" content=\"image\/jpeg\" \/>\n<meta name=\"author\" content=\"SG Agora\" \/>\n<meta name=\"twitter:label1\" content=\"Escrito por\" \/>\n\t<meta name=\"twitter:data1\" content=\"SG Agora\" \/>\n\t<meta name=\"twitter:label2\" content=\"Est. tempo de leitura\" \/>\n\t<meta name=\"twitter:data2\" content=\"1 minuto\" \/>\n<script type=\"application\/ld+json\" class=\"yoast-schema-graph\">{\"@context\":\"https:\/\/schema.org\",\"@graph\":[{\"@type\":\"WebPage\",\"@id\":\"https:\/\/www.sgagora.com.br\/sg\/jovem-desaparece-em-sao-gotardo-e-policia-pede-ajuda-para-encontra-lo\/\",\"url\":\"https:\/\/www.sgagora.com.br\/sg\/jovem-desaparece-em-sao-gotardo-e-policia-pede-ajuda-para-encontra-lo\/\",\"name\":\"Jovem desaparece em S\u00e3o Gotardo e pol\u00edcia pede ajuda para encontr\u00e1-lo\",\"isPartOf\":{\"@id\":\"https:\/\/www.sgagora.com.br\/sg\/#website\"},\"datePublished\":\"2017-04-10T19:59:54+00:00\",\"dateModified\":\"2017-04-12T06:36:26+00:00\",\"author\":{\"@id\":\"https:\/\/www.sgagora.com.br\/sg\/#\/schema\/person\/2be62cfb47cee3e0b305e4f7a765ae41\"},\"description\":\"Um jovem de S\u00e3o Gotardo est\u00e1 desaparecido desde o \u00faltimo s\u00e1bado (08\/04).\",\"breadcrumb\":{\"@id\":\"https:\/\/www.sgagora.com.br\/sg\/jovem-desaparece-em-sao-gotardo-e-policia-pede-ajuda-para-encontra-lo\/#breadcrumb\"},\"inLanguage\":\"pt-BR\",\"potentialAction\":[{\"@type\":\"ReadAction\",\"target\":[\"https:\/\/www.sgagora.com.br\/sg\/jovem-desaparece-em-sao-gotardo-e-policia-pede-ajuda-para-encontra-lo\/\"]}]},{\"@type\":\"BreadcrumbList\",\"@id\":\"https:\/\/www.sgagora.com.br\/sg\/jovem-desaparece-em-sao-gotardo-e-policia-pede-ajuda-para-encontra-lo\/#breadcrumb\",\"itemListElement\":[{\"@type\":\"ListItem\",\"position\":1,\"name\":\"In\u00edcio\",\"item\":\"https:\/\/www.sgagora.com.br\/sg\/\"},{\"@type\":\"ListItem\",\"position\":2,\"name\":\"Jovem desaparece em S\u00e3o Gotardo e pol\u00edcia pede ajuda para encontr\u00e1-lo\"}]},{\"@type\":\"WebSite\",\"@id\":\"https:\/\/www.sgagora.com.br\/sg\/#website\",\"url\":\"https:\/\/www.sgagora.com.br\/sg\/\",\"name\":\"SGAgora\",\"description\":\"Not\u00edcias de S\u00e3o Gotardo\",\"potentialAction\":[{\"@type\":\"SearchAction\",\"target\":{\"@type\":\"EntryPoint\",\"urlTemplate\":\"https:\/\/www.sgagora.com.br\/sg\/?s={search_term_string}\"},\"query-input\":\"required name=search_term_string\"}],\"inLanguage\":\"pt-BR\"},{\"@type\":\"Person\",\"@id\":\"https:\/\/www.sgagora.com.br\/sg\/#\/schema\/person\/2be62cfb47cee3e0b305e4f7a765ae41\",\"name\":\"SG Agora\",\"image\":{\"@type\":\"ImageObject\",\"inLanguage\":\"pt-BR\",\"@id\":\"https:\/\/www.sgagora.com.br\/sg\/#\/schema\/person\/image\/\",\"url\":\"https:\/\/secure.gravatar.com\/avatar\/a0c612a9a8c3e7419d6fd4f92e749d8d?s=96&d=mm&r=g\",\"contentUrl\":\"https:\/\/secure.gravatar.com\/avatar\/a0c612a9a8c3e7419d6fd4f92e749d8d?s=96&d=mm&r=g\",\"caption\":\"SG Agora\"},\"url\":\"https:\/\/www.sgagora.com.br\/sg\/author\/admin\/\"}]}<\/script>\n<!-- \/ Yoast SEO plugin. -->","yoast_head_json":{"title":"Jovem desaparece em S\u00e3o Gotardo e pol\u00edcia pede ajuda para encontr\u00e1-lo","description":"Um jovem de S\u00e3o Gotardo est\u00e1 desaparecido desde o \u00faltimo s\u00e1bado (08\/04).","robots":{"index":"index","follow":"follow","max-snippet":"max-snippet:-1","max-image-preview":"max-image-preview:large","max-video-preview":"max-video-preview:-1"},"canonical":"https:\/\/www.sgagora.com.br\/sg\/jovem-desaparece-em-sao-gotardo-e-policia-pede-ajuda-para-encontra-lo\/","og_locale":"pt_BR","og_type":"article","og_title":"Jovem desaparece em S\u00e3o Gotardo e pol\u00edcia pede ajuda para encontr\u00e1-lo","og_description":"Um jovem de S\u00e3o Gotardo est\u00e1 desaparecido desde o \u00faltimo s\u00e1bado (08\/04).","og_url":"https:\/\/www.sgagora.com.br\/sg\/jovem-desaparece-em-sao-gotardo-e-policia-pede-ajuda-para-encontra-lo\/","og_site_name":"SGAgora","article_publisher":"https:\/\/www.facebook.com\/sgagora","article_published_time":"2017-04-10T19:59:54+00:00","article_modified_time":"2017-04-12T06:36:26+00:00","og_image":[{"width":550,"height":549,"url":"https:\/\/www.sgagora.com.br\/sg\/wp-content\/uploads\/2017\/04\/14021672_563405057176765_1895349067664622657_n-e1491854280178.jpg","type":"image\/jpeg"}],"author":"SG Agora","twitter_misc":{"Escrito por":"SG Agora","Est. tempo de leitura":"1 minuto"},"schema":{"@context":"https:\/\/schema.org","@graph":[{"@type":"WebPage","@id":"https:\/\/www.sgagora.com.br\/sg\/jovem-desaparece-em-sao-gotardo-e-policia-pede-ajuda-para-encontra-lo\/","url":"https:\/\/www.sgagora.com.br\/sg\/jovem-desaparece-em-sao-gotardo-e-policia-pede-ajuda-para-encontra-lo\/","name":"Jovem desaparece em S\u00e3o Gotardo e pol\u00edcia pede ajuda para encontr\u00e1-lo","isPartOf":{"@id":"https:\/\/www.sgagora.com.br\/sg\/#website"},"datePublished":"2017-04-10T19:59:54+00:00","dateModified":"2017-04-12T06:36:26+00:00","author":{"@id":"https:\/\/www.sgagora.com.br\/sg\/#\/schema\/person\/2be62cfb47cee3e0b305e4f7a765ae41"},"description":"Um jovem de S\u00e3o Gotardo est\u00e1 desaparecido desde o \u00faltimo s\u00e1bado (08\/04).","breadcrumb":{"@id":"https:\/\/www.sgagora.com.br\/sg\/jovem-desaparece-em-sao-gotardo-e-policia-pede-ajuda-para-encontra-lo\/#breadcrumb"},"inLanguage":"pt-BR","potentialAction":[{"@type":"ReadAction","target":["https:\/\/www.sgagora.com.br\/sg\/jovem-desaparece-em-sao-gotardo-e-policia-pede-ajuda-para-encontra-lo\/"]}]},{"@type":"BreadcrumbList","@id":"https:\/\/www.sgagora.com.br\/sg\/jovem-desaparece-em-sao-gotardo-e-policia-pede-ajuda-para-encontra-lo\/#breadcrumb","itemListElement":[{"@type":"ListItem","position":1,"name":"In\u00edcio","item":"https:\/\/www.sgagora.com.br\/sg\/"},{"@type":"ListItem","position":2,"name":"Jovem desaparece em S\u00e3o Gotardo e pol\u00edcia pede ajuda para encontr\u00e1-lo"}]},{"@type":"WebSite","@id":"https:\/\/www.sgagora.com.br\/sg\/#website","url":"https:\/\/www.sgagora.com.br\/sg\/","name":"SGAgora","description":"Not\u00edcias de S\u00e3o Gotardo","potentialAction":[{"@type":"SearchAction","target":{"@type":"EntryPoint","urlTemplate":"https:\/\/www.sgagora.com.br\/sg\/?s={search_term_string}"},"query-input":"required name=search_term_string"}],"inLanguage":"pt-BR"},{"@type":"Person","@id":"https:\/\/www.sgagora.com.br\/sg\/#\/schema\/person\/2be62cfb47cee3e0b305e4f7a765ae41","name":"SG Agora","image":{"@type":"ImageObject","inLanguage":"pt-BR","@id":"https:\/\/www.sgagora.com.br\/sg\/#\/schema\/person\/image\/","url":"https:\/\/secure.gravatar.com\/avatar\/a0c612a9a8c3e7419d6fd4f92e749d8d?s=96&d=mm&r=g","contentUrl":"https:\/\/secure.gravatar.com\/avatar\/a0c612a9a8c3e7419d6fd4f92e749d8d?s=96&d=mm&r=g","caption":"SG Agora"},"url":"https:\/\/www.sgagora.com.br\/sg\/author\/admin\/"}]}},"_links":{"self":[{"href":"https:\/\/www.sgagora.com.br\/sg\/wp-json\/wp\/v2\/posts\/999941443"}],"collection":[{"href":"https:\/\/www.sgagora.com.br\/sg\/wp-json\/wp\/v2\/posts"}],"about":[{"href":"https:\/\/www.sgagora.com.br\/sg\/wp-json\/wp\/v2\/types\/post"}],"author":[{"embeddable":true,"href":"https:\/\/www.sgagora.com.br\/sg\/wp-json\/wp\/v2\/users\/1"}],"replies":[{"embeddable":true,"href":"https:\/\/www.sgagora.com.br\/sg\/wp-json\/wp\/v2\/comments?post=999941443"}],"version-history":[{"count":5,"href":"https:\/\/www.sgagora.com.br\/sg\/wp-json\/wp\/v2\/posts\/999941443\/revisions"}],"predecessor-version":[{"id":999941506,"href":"https:\/\/www.sgagora.com.br\/sg\/wp-json\/wp\/v2\/posts\/999941443\/revisions\/999941506"}],"wp:featuredmedia":[{"embeddable":true,"href":"https:\/\/www.sgagora.com.br\/sg\/wp-json\/wp\/v2\/media\/999941444"}],"wp:attachment":[{"href":"https:\/\/www.sgagora.com.br\/sg\/wp-json\/wp\/v2\/media?parent=999941443"}],"wp:term":[{"taxonomy":"category","embeddable":true,"href":"https:\/\/www.sgagora.com.br\/sg\/wp-json\/wp\/v2\/categories?post=999941443"},{"taxonomy":"post_tag","embeddable":true,"href":"https:\/\/www.sgagora.com.br\/sg\/wp-json\/wp\/v2\/tags?post=999941443"}],"curies":[{"name":"wp","href":"https:\/\/api.w.org\/{rel}","templated":true}]}}