{"id":999942112,"date":"2017-05-16T16:14:59","date_gmt":"2017-05-16T16:14:59","guid":{"rendered":"http:\/\/www.sgagora.com.br\/sg\/?p=999942112"},"modified":"2017-05-16T16:14:59","modified_gmt":"2017-05-16T16:14:59","slug":"motorista-sangotardense-fica-ferido-em-grave-acidente-na-br-365","status":"publish","type":"post","link":"https:\/\/www.sgagora.com.br\/sg\/motorista-sangotardense-fica-ferido-em-grave-acidente-na-br-365\/","title":{"rendered":"Motorista Sangotardense fica ferido em grave acidente na BR-365"},"content":{"rendered":"<p>Na noite dessa segunda-feira (15\/05), na BR-365, entre Patos de Minas e Varj\u00e3o de Minas, um grave acidente envolvendo uma caminhonete VW\/Amarok e um ve\u00edculo Fiat\/P\u00e1lio deixou duas feridas, sendo uma em estado grave. Nos ve\u00edculos estavam somente os motoristas, que foram encaminhados para o hospital por ambul\u00e2ncias de Varj\u00e3o de Minas.<\/p>\n<p>Segundo as informa\u00e7\u00f5es, o condutor da caminhonete, Jos\u00e9 Faustino, de 82 anos, seguia sentido Patos de Minas\/Varj\u00e3o de Minas, quando perdeu o controle direcional em uma curva, subiu em um barranco, invadiu a contram\u00e3o e colidiu frontalmente contra o ve\u00edculo Fiat\/P\u00e1lio, com placas de Patos de Minas, que era conduzido por Michel Souza Costa, de 30 anos, morador de S\u00e3o Gotardo\u00a0e que trabalha em uma empresa em Patos de Minas.<\/p>\n<p>Michel Souza estava trabalhando e seguia de Varj\u00e3o de Minas, sentido \u00e0 Patos de Minas. O homem de 30 anos foi socorrido com sangramento no nariz e sentido dores no joelho. O estado do vendedor \u00e9 est\u00e1vel. O idoso que sofre de problemas no cora\u00e7\u00e3o passou mal e foi encaminhado em estado grave para o hospital.<\/p>\n<p><strong>Confira as fotos do acidente:<\/strong><\/p>\n\n\t\t<style type=\"text\/css\">\n\t\t\t#gallery-1 {\n\t\t\t\tmargin: auto;\n\t\t\t}\n\t\t\t#gallery-1 .gallery-item {\n\t\t\t\tfloat: left;\n\t\t\t\tmargin-top: 10px;\n\t\t\t\ttext-align: center;\n\t\t\t\twidth: 20%;\n\t\t\t}\n\t\t\t#gallery-1 img {\n\t\t\t\tborder: 2px solid #cfcfcf;\n\t\t\t}\n\t\t\t#gallery-1 .gallery-caption {\n\t\t\t\tmargin-left: 0;\n\t\t\t}\n\t\t\t\/* see gallery_shortcode() in wp-includes\/media.php *\/\n\t\t<\/style>\n\t\t<div id='gallery-1' class='gallery galleryid-999942112 gallery-columns-5 gallery-size-thumbnail'><dl class='gallery-item'>\n\t\t\t<dt class='gallery-icon landscape'>\n\t\t\t\t<a class=\"prettyphoto\" rel=\"prettyPhoto[gallery]\" href='https:\/\/www.sgagora.com.br\/sg\/wp-content\/uploads\/2017\/05\/9b51b95bf826665bc00beb19519e4e1c_D.jpg'><img width=\"80\" height=\"80\" src=\"https:\/\/www.sgagora.com.br\/sg\/wp-content\/uploads\/2017\/05\/9b51b95bf826665bc00beb19519e4e1c_D-80x80.jpg\" class=\"attachment-thumbnail size-thumbnail\" alt=\"\" decoding=\"async\" loading=\"lazy\" \/><\/a>\n\t\t\t<\/dt><\/dl><dl class='gallery-item'>\n\t\t\t<dt class='gallery-icon landscape'>\n\t\t\t\t<a class=\"prettyphoto\" rel=\"prettyPhoto[gallery]\" href='https:\/\/www.sgagora.com.br\/sg\/wp-content\/uploads\/2017\/05\/a6442_00e7d79376b874df87264414d13d39c6_B.jpg'><img width=\"80\" height=\"80\" src=\"https:\/\/www.sgagora.com.br\/sg\/wp-content\/uploads\/2017\/05\/a6442_00e7d79376b874df87264414d13d39c6_B-80x80.jpg\" class=\"attachment-thumbnail size-thumbnail\" alt=\"\" decoding=\"async\" loading=\"lazy\" \/><\/a>\n\t\t\t<\/dt><\/dl><dl class='gallery-item'>\n\t\t\t<dt class='gallery-icon landscape'>\n\t\t\t\t<a class=\"prettyphoto\" rel=\"prettyPhoto[gallery]\" href='https:\/\/www.sgagora.com.br\/sg\/wp-content\/uploads\/2017\/05\/a6442_2d8b55c71987888474ba0540bec14c94_B.jpg'><img width=\"80\" height=\"80\" src=\"https:\/\/www.sgagora.com.br\/sg\/wp-content\/uploads\/2017\/05\/a6442_2d8b55c71987888474ba0540bec14c94_B-80x80.jpg\" class=\"attachment-thumbnail size-thumbnail\" alt=\"\" decoding=\"async\" loading=\"lazy\" \/><\/a>\n\t\t\t<\/dt><\/dl><dl class='gallery-item'>\n\t\t\t<dt class='gallery-icon landscape'>\n\t\t\t\t<a class=\"prettyphoto\" rel=\"prettyPhoto[gallery]\" href='https:\/\/www.sgagora.com.br\/sg\/wp-content\/uploads\/2017\/05\/a6442_4c1d5403653eea92b45d9943c73ae9f6_B.jpg'><img width=\"80\" height=\"80\" src=\"https:\/\/www.sgagora.com.br\/sg\/wp-content\/uploads\/2017\/05\/a6442_4c1d5403653eea92b45d9943c73ae9f6_B-80x80.jpg\" class=\"attachment-thumbnail size-thumbnail\" alt=\"\" decoding=\"async\" loading=\"lazy\" \/><\/a>\n\t\t\t<\/dt><\/dl><dl class='gallery-item'>\n\t\t\t<dt class='gallery-icon landscape'>\n\t\t\t\t<a class=\"prettyphoto\" rel=\"prettyPhoto[gallery]\" href='https:\/\/www.sgagora.com.br\/sg\/wp-content\/uploads\/2017\/05\/a6442_6fb653da20fbcd44966031b67755e8d8_B-1.jpg'><img width=\"80\" height=\"80\" src=\"https:\/\/www.sgagora.com.br\/sg\/wp-content\/uploads\/2017\/05\/a6442_6fb653da20fbcd44966031b67755e8d8_B-1-80x80.jpg\" class=\"attachment-thumbnail size-thumbnail\" alt=\"\" decoding=\"async\" loading=\"lazy\" \/><\/a>\n\t\t\t<\/dt><\/dl><br style=\"clear: both\" \/><dl class='gallery-item'>\n\t\t\t<dt class='gallery-icon landscape'>\n\t\t\t\t<a class=\"prettyphoto\" rel=\"prettyPhoto[gallery]\" href='https:\/\/www.sgagora.com.br\/sg\/wp-content\/uploads\/2017\/05\/a6442_17db8f03eb80be3c2800cf3164aacb15_B.jpg'><img width=\"80\" height=\"80\" src=\"https:\/\/www.sgagora.com.br\/sg\/wp-content\/uploads\/2017\/05\/a6442_17db8f03eb80be3c2800cf3164aacb15_B-80x80.jpg\" class=\"attachment-thumbnail size-thumbnail\" alt=\"\" decoding=\"async\" loading=\"lazy\" \/><\/a>\n\t\t\t<\/dt><\/dl><dl class='gallery-item'>\n\t\t\t<dt class='gallery-icon landscape'>\n\t\t\t\t<a class=\"prettyphoto\" rel=\"prettyPhoto[gallery]\" href='https:\/\/www.sgagora.com.br\/sg\/wp-content\/uploads\/2017\/05\/a6442_58c0f7e0b78389c90c8ae0420817890d_B.jpg'><img width=\"80\" height=\"80\" src=\"https:\/\/www.sgagora.com.br\/sg\/wp-content\/uploads\/2017\/05\/a6442_58c0f7e0b78389c90c8ae0420817890d_B-80x80.jpg\" class=\"attachment-thumbnail size-thumbnail\" alt=\"\" decoding=\"async\" loading=\"lazy\" \/><\/a>\n\t\t\t<\/dt><\/dl><dl class='gallery-item'>\n\t\t\t<dt class='gallery-icon landscape'>\n\t\t\t\t<a class=\"prettyphoto\" rel=\"prettyPhoto[gallery]\" href='https:\/\/www.sgagora.com.br\/sg\/wp-content\/uploads\/2017\/05\/a6442_073a7cd5c94fe86705bd47215df045cc_B.jpg'><img width=\"80\" height=\"80\" src=\"https:\/\/www.sgagora.com.br\/sg\/wp-content\/uploads\/2017\/05\/a6442_073a7cd5c94fe86705bd47215df045cc_B-80x80.jpg\" class=\"attachment-thumbnail size-thumbnail\" alt=\"\" decoding=\"async\" loading=\"lazy\" \/><\/a>\n\t\t\t<\/dt><\/dl><dl class='gallery-item'>\n\t\t\t<dt class='gallery-icon landscape'>\n\t\t\t\t<a class=\"prettyphoto\" rel=\"prettyPhoto[gallery]\" href='https:\/\/www.sgagora.com.br\/sg\/wp-content\/uploads\/2017\/05\/a6442_350f8cfcf5feac53523d18e89fd9c09b_B.jpg'><img width=\"80\" height=\"80\" src=\"https:\/\/www.sgagora.com.br\/sg\/wp-content\/uploads\/2017\/05\/a6442_350f8cfcf5feac53523d18e89fd9c09b_B-80x80.jpg\" class=\"attachment-thumbnail size-thumbnail\" alt=\"\" decoding=\"async\" loading=\"lazy\" \/><\/a>\n\t\t\t<\/dt><\/dl><dl class='gallery-item'>\n\t\t\t<dt class='gallery-icon landscape'>\n\t\t\t\t<a class=\"prettyphoto\" rel=\"prettyPhoto[gallery]\" href='https:\/\/www.sgagora.com.br\/sg\/wp-content\/uploads\/2017\/05\/a6442_b3b53661537b032cd4d5784ab6c5dbd3_B.jpg'><img width=\"80\" height=\"80\" src=\"https:\/\/www.sgagora.com.br\/sg\/wp-content\/uploads\/2017\/05\/a6442_b3b53661537b032cd4d5784ab6c5dbd3_B-80x80.jpg\" class=\"attachment-thumbnail size-thumbnail\" alt=\"\" decoding=\"async\" loading=\"lazy\" \/><\/a>\n\t\t\t<\/dt><\/dl><br style=\"clear: both\" \/>\n\t\t<\/div>\n\n<p>&nbsp;<\/p>\n<p><em><strong>Reportagem:<\/strong> Diego Oliveira \/ <strong>Fonte da Reportagem e Fotos:\u00a0<\/strong>Aislan Henrique\/Andr\u00e9 Am\u00e2ncio\/Patos Agora<\/em><\/p>\n","protected":false},"excerpt":{"rendered":"<p>Na noite dessa segunda-feira (15\/05), na BR-365, entre Patos de Minas e Varj\u00e3o de Minas, um grave acidente envolvendo uma caminhonete VW\/Amarok e um ve\u00edculo Fiat\/P\u00e1lio deixou duas feridas, sendo uma em estado grave. Nos &#8230; <a class=\"readmore\" href=\"https:\/\/www.sgagora.com.br\/sg\/motorista-sangotardense-fica-ferido-em-grave-acidente-na-br-365\/\">Leia Mais<\/a><\/p>\n","protected":false},"author":1,"featured_media":999942113,"comment_status":"open","ping_status":"open","sticky":false,"template":"","format":"standard","meta":{"_bbp_topic_count":0,"_bbp_reply_count":0,"_bbp_total_topic_count":0,"_bbp_total_reply_count":0,"_bbp_voice_count":0,"_bbp_anonymous_reply_count":0,"_bbp_topic_count_hidden":0,"_bbp_reply_count_hidden":0,"_bbp_forum_subforum_count":0},"categories":[84,77,81],"tags":[265,318,659,121,138,194,131,157,921],"yoast_head":"<!-- This site is optimized with the Yoast SEO plugin v20.5 - https:\/\/yoast.com\/wordpress\/plugins\/seo\/ -->\n<title>Motorista Sangotardense fica ferido em grave acidente na BR-365<\/title>\n<meta name=\"description\" content=\"Grave acidente envolvendo uma caminhonete VW\/Amarok e um ve\u00edculo Fiat\/P\u00e1lio deixou duas feridas.\" \/>\n<meta name=\"robots\" content=\"index, follow, max-snippet:-1, max-image-preview:large, max-video-preview:-1\" \/>\n<link rel=\"canonical\" href=\"https:\/\/www.sgagora.com.br\/sg\/motorista-sangotardense-fica-ferido-em-grave-acidente-na-br-365\/\" \/>\n<meta property=\"og:locale\" content=\"pt_BR\" \/>\n<meta property=\"og:type\" content=\"article\" \/>\n<meta property=\"og:title\" content=\"Motorista Sangotardense fica ferido em grave acidente na BR-365\" \/>\n<meta property=\"og:description\" content=\"Grave acidente envolvendo uma caminhonete VW\/Amarok e um ve\u00edculo Fiat\/P\u00e1lio deixou duas feridas.\" \/>\n<meta property=\"og:url\" content=\"https:\/\/www.sgagora.com.br\/sg\/motorista-sangotardense-fica-ferido-em-grave-acidente-na-br-365\/\" \/>\n<meta property=\"og:site_name\" content=\"SGAgora\" \/>\n<meta property=\"article:publisher\" content=\"https:\/\/www.facebook.com\/sgagora\" \/>\n<meta property=\"article:published_time\" content=\"2017-05-16T16:14:59+00:00\" \/>\n<meta property=\"og:image\" content=\"https:\/\/www.sgagora.com.br\/sg\/wp-content\/uploads\/2017\/05\/a6442_6fb653da20fbcd44966031b67755e8d8_B-e1494950856822.jpg\" \/>\n\t<meta property=\"og:image:width\" content=\"600\" \/>\n\t<meta property=\"og:image:height\" content=\"399\" \/>\n\t<meta property=\"og:image:type\" content=\"image\/jpeg\" \/>\n<meta name=\"author\" content=\"SG Agora\" \/>\n<meta name=\"twitter:label1\" content=\"Escrito por\" \/>\n\t<meta name=\"twitter:data1\" content=\"SG Agora\" \/>\n\t<meta name=\"twitter:label2\" content=\"Est. tempo de leitura\" \/>\n\t<meta name=\"twitter:data2\" content=\"1 minuto\" \/>\n<script type=\"application\/ld+json\" class=\"yoast-schema-graph\">{\"@context\":\"https:\/\/schema.org\",\"@graph\":[{\"@type\":\"WebPage\",\"@id\":\"https:\/\/www.sgagora.com.br\/sg\/motorista-sangotardense-fica-ferido-em-grave-acidente-na-br-365\/\",\"url\":\"https:\/\/www.sgagora.com.br\/sg\/motorista-sangotardense-fica-ferido-em-grave-acidente-na-br-365\/\",\"name\":\"Motorista Sangotardense fica ferido em grave acidente na BR-365\",\"isPartOf\":{\"@id\":\"https:\/\/www.sgagora.com.br\/sg\/#website\"},\"datePublished\":\"2017-05-16T16:14:59+00:00\",\"dateModified\":\"2017-05-16T16:14:59+00:00\",\"author\":{\"@id\":\"https:\/\/www.sgagora.com.br\/sg\/#\/schema\/person\/2be62cfb47cee3e0b305e4f7a765ae41\"},\"description\":\"Grave acidente envolvendo uma caminhonete VW\/Amarok e um ve\u00edculo Fiat\/P\u00e1lio deixou duas feridas.\",\"breadcrumb\":{\"@id\":\"https:\/\/www.sgagora.com.br\/sg\/motorista-sangotardense-fica-ferido-em-grave-acidente-na-br-365\/#breadcrumb\"},\"inLanguage\":\"pt-BR\",\"potentialAction\":[{\"@type\":\"ReadAction\",\"target\":[\"https:\/\/www.sgagora.com.br\/sg\/motorista-sangotardense-fica-ferido-em-grave-acidente-na-br-365\/\"]}]},{\"@type\":\"BreadcrumbList\",\"@id\":\"https:\/\/www.sgagora.com.br\/sg\/motorista-sangotardense-fica-ferido-em-grave-acidente-na-br-365\/#breadcrumb\",\"itemListElement\":[{\"@type\":\"ListItem\",\"position\":1,\"name\":\"In\u00edcio\",\"item\":\"https:\/\/www.sgagora.com.br\/sg\/\"},{\"@type\":\"ListItem\",\"position\":2,\"name\":\"Motorista Sangotardense fica ferido em grave acidente na BR-365\"}]},{\"@type\":\"WebSite\",\"@id\":\"https:\/\/www.sgagora.com.br\/sg\/#website\",\"url\":\"https:\/\/www.sgagora.com.br\/sg\/\",\"name\":\"SGAgora\",\"description\":\"Not\u00edcias de S\u00e3o Gotardo\",\"potentialAction\":[{\"@type\":\"SearchAction\",\"target\":{\"@type\":\"EntryPoint\",\"urlTemplate\":\"https:\/\/www.sgagora.com.br\/sg\/?s={search_term_string}\"},\"query-input\":\"required name=search_term_string\"}],\"inLanguage\":\"pt-BR\"},{\"@type\":\"Person\",\"@id\":\"https:\/\/www.sgagora.com.br\/sg\/#\/schema\/person\/2be62cfb47cee3e0b305e4f7a765ae41\",\"name\":\"SG Agora\",\"image\":{\"@type\":\"ImageObject\",\"inLanguage\":\"pt-BR\",\"@id\":\"https:\/\/www.sgagora.com.br\/sg\/#\/schema\/person\/image\/\",\"url\":\"https:\/\/secure.gravatar.com\/avatar\/a0c612a9a8c3e7419d6fd4f92e749d8d?s=96&d=mm&r=g\",\"contentUrl\":\"https:\/\/secure.gravatar.com\/avatar\/a0c612a9a8c3e7419d6fd4f92e749d8d?s=96&d=mm&r=g\",\"caption\":\"SG Agora\"},\"url\":\"https:\/\/www.sgagora.com.br\/sg\/author\/admin\/\"}]}<\/script>\n<!-- \/ Yoast SEO plugin. -->","yoast_head_json":{"title":"Motorista Sangotardense fica ferido em grave acidente na BR-365","description":"Grave acidente envolvendo uma caminhonete VW\/Amarok e um ve\u00edculo Fiat\/P\u00e1lio deixou duas feridas.","robots":{"index":"index","follow":"follow","max-snippet":"max-snippet:-1","max-image-preview":"max-image-preview:large","max-video-preview":"max-video-preview:-1"},"canonical":"https:\/\/www.sgagora.com.br\/sg\/motorista-sangotardense-fica-ferido-em-grave-acidente-na-br-365\/","og_locale":"pt_BR","og_type":"article","og_title":"Motorista Sangotardense fica ferido em grave acidente na BR-365","og_description":"Grave acidente envolvendo uma caminhonete VW\/Amarok e um ve\u00edculo Fiat\/P\u00e1lio deixou duas feridas.","og_url":"https:\/\/www.sgagora.com.br\/sg\/motorista-sangotardense-fica-ferido-em-grave-acidente-na-br-365\/","og_site_name":"SGAgora","article_publisher":"https:\/\/www.facebook.com\/sgagora","article_published_time":"2017-05-16T16:14:59+00:00","og_image":[{"width":600,"height":399,"url":"https:\/\/www.sgagora.com.br\/sg\/wp-content\/uploads\/2017\/05\/a6442_6fb653da20fbcd44966031b67755e8d8_B-e1494950856822.jpg","type":"image\/jpeg"}],"author":"SG Agora","twitter_misc":{"Escrito por":"SG Agora","Est. tempo de leitura":"1 minuto"},"schema":{"@context":"https:\/\/schema.org","@graph":[{"@type":"WebPage","@id":"https:\/\/www.sgagora.com.br\/sg\/motorista-sangotardense-fica-ferido-em-grave-acidente-na-br-365\/","url":"https:\/\/www.sgagora.com.br\/sg\/motorista-sangotardense-fica-ferido-em-grave-acidente-na-br-365\/","name":"Motorista Sangotardense fica ferido em grave acidente na BR-365","isPartOf":{"@id":"https:\/\/www.sgagora.com.br\/sg\/#website"},"datePublished":"2017-05-16T16:14:59+00:00","dateModified":"2017-05-16T16:14:59+00:00","author":{"@id":"https:\/\/www.sgagora.com.br\/sg\/#\/schema\/person\/2be62cfb47cee3e0b305e4f7a765ae41"},"description":"Grave acidente envolvendo uma caminhonete VW\/Amarok e um ve\u00edculo Fiat\/P\u00e1lio deixou duas feridas.","breadcrumb":{"@id":"https:\/\/www.sgagora.com.br\/sg\/motorista-sangotardense-fica-ferido-em-grave-acidente-na-br-365\/#breadcrumb"},"inLanguage":"pt-BR","potentialAction":[{"@type":"ReadAction","target":["https:\/\/www.sgagora.com.br\/sg\/motorista-sangotardense-fica-ferido-em-grave-acidente-na-br-365\/"]}]},{"@type":"BreadcrumbList","@id":"https:\/\/www.sgagora.com.br\/sg\/motorista-sangotardense-fica-ferido-em-grave-acidente-na-br-365\/#breadcrumb","itemListElement":[{"@type":"ListItem","position":1,"name":"In\u00edcio","item":"https:\/\/www.sgagora.com.br\/sg\/"},{"@type":"ListItem","position":2,"name":"Motorista Sangotardense fica ferido em grave acidente na BR-365"}]},{"@type":"WebSite","@id":"https:\/\/www.sgagora.com.br\/sg\/#website","url":"https:\/\/www.sgagora.com.br\/sg\/","name":"SGAgora","description":"Not\u00edcias de S\u00e3o Gotardo","potentialAction":[{"@type":"SearchAction","target":{"@type":"EntryPoint","urlTemplate":"https:\/\/www.sgagora.com.br\/sg\/?s={search_term_string}"},"query-input":"required name=search_term_string"}],"inLanguage":"pt-BR"},{"@type":"Person","@id":"https:\/\/www.sgagora.com.br\/sg\/#\/schema\/person\/2be62cfb47cee3e0b305e4f7a765ae41","name":"SG Agora","image":{"@type":"ImageObject","inLanguage":"pt-BR","@id":"https:\/\/www.sgagora.com.br\/sg\/#\/schema\/person\/image\/","url":"https:\/\/secure.gravatar.com\/avatar\/a0c612a9a8c3e7419d6fd4f92e749d8d?s=96&d=mm&r=g","contentUrl":"https:\/\/secure.gravatar.com\/avatar\/a0c612a9a8c3e7419d6fd4f92e749d8d?s=96&d=mm&r=g","caption":"SG Agora"},"url":"https:\/\/www.sgagora.com.br\/sg\/author\/admin\/"}]}},"_links":{"self":[{"href":"https:\/\/www.sgagora.com.br\/sg\/wp-json\/wp\/v2\/posts\/999942112"}],"collection":[{"href":"https:\/\/www.sgagora.com.br\/sg\/wp-json\/wp\/v2\/posts"}],"about":[{"href":"https:\/\/www.sgagora.com.br\/sg\/wp-json\/wp\/v2\/types\/post"}],"author":[{"embeddable":true,"href":"https:\/\/www.sgagora.com.br\/sg\/wp-json\/wp\/v2\/users\/1"}],"replies":[{"embeddable":true,"href":"https:\/\/www.sgagora.com.br\/sg\/wp-json\/wp\/v2\/comments?post=999942112"}],"version-history":[{"count":1,"href":"https:\/\/www.sgagora.com.br\/sg\/wp-json\/wp\/v2\/posts\/999942112\/revisions"}],"predecessor-version":[{"id":999942124,"href":"https:\/\/www.sgagora.com.br\/sg\/wp-json\/wp\/v2\/posts\/999942112\/revisions\/999942124"}],"wp:featuredmedia":[{"embeddable":true,"href":"https:\/\/www.sgagora.com.br\/sg\/wp-json\/wp\/v2\/media\/999942113"}],"wp:attachment":[{"href":"https:\/\/www.sgagora.com.br\/sg\/wp-json\/wp\/v2\/media?parent=999942112"}],"wp:term":[{"taxonomy":"category","embeddable":true,"href":"https:\/\/www.sgagora.com.br\/sg\/wp-json\/wp\/v2\/categories?post=999942112"},{"taxonomy":"post_tag","embeddable":true,"href":"https:\/\/www.sgagora.com.br\/sg\/wp-json\/wp\/v2\/tags?post=999942112"}],"curies":[{"name":"wp","href":"https:\/\/api.w.org\/{rel}","templated":true}]}}