{"id":999942871,"date":"2017-06-21T13:17:54","date_gmt":"2017-06-21T13:17:54","guid":{"rendered":"https:\/\/www.sgagora.com.br\/sg\/?p=999942871"},"modified":"2017-06-21T13:17:54","modified_gmt":"2017-06-21T13:17:54","slug":"ministerio-da-saude-amplia-vacinacao-contra-hpv-para-meninos-de-11-ate-15-anos","status":"publish","type":"post","link":"https:\/\/www.sgagora.com.br\/sg\/ministerio-da-saude-amplia-vacinacao-contra-hpv-para-meninos-de-11-ate-15-anos\/","title":{"rendered":"Minist\u00e9rio da Sa\u00fade amplia vacina\u00e7\u00e3o contra HPV para meninos de 11 at\u00e9 15 anos"},"content":{"rendered":"<p>O Minist\u00e9rio da Sa\u00fade anunciou, nesta ter\u00e7a-feira (20), que vai ampliar a oferta da vacina contra o HPV para os meninos de 11 at\u00e9 15 anos. A imuniza\u00e7\u00e3o para o p\u00fablico masculino passou a ser disponibilizada no Sistema \u00danico de Sa\u00fade (SUS) em janeiro deste ano, e era destinada apenas aos garotos de 12 a 13 anos. Crian\u00e7as e jovens, de 9 a 26 anos, que t\u00eam HIV\/aids tamb\u00e9m j\u00e1 podiam receber a dose.<\/p>\n<p>Segundo o Minist\u00e9rio da Sa\u00fade, com a inclus\u00e3o desse p\u00fablico, cerca de 3,3 milh\u00f5es de adolescentes, a meta para 2017 \u00e9 proteger 80% dos 7,1 milh\u00f5es de meninos de 11 a 15 anos e 4,3 milh\u00f5es de meninas de 9 a 15 anos.<\/p>\n<p>As secretarias estaduais de sa\u00fade do pa\u00eds foram informadas sobre a amplia\u00e7\u00e3o da faixa et\u00e1ria e as doses j\u00e1 est\u00e3o dispon\u00edveis nos postos, apontou o ministro da sa\u00fade Ricardo Barros (PP-PR) durante coletiva de imprensa nesta ter\u00e7a.<\/p>\n<p>&#8220;A inclus\u00e3o de meninos proporciona a prote\u00e7\u00e3o indireta das meninas&#8221;, disse a coordenadora-geral do Programa Nacional de Imuniza\u00e7\u00f5es, Carla Magda Domingues.<\/p>\n<p>Al\u00e9m dessa mudan\u00e7a, meninas que chegaram aos 15 anos sem receber as duas doses contra o HPV poder\u00e3o receber a imuniza\u00e7\u00e3o. Pacientes oncol\u00f3gicos e transplantados de 9 a 26 anos tamb\u00e9m passaram a compor o p\u00fablico-alvo.<\/p>\n<p>Para alcan\u00e7ar a meta e incentivar a vacina\u00e7\u00e3o de crian\u00e7as e adolescentes, o Minist\u00e9rio da Sa\u00fade fez uma parceria com o Minist\u00e9rio da Educa\u00e7\u00e3o por meio do Programa Sa\u00fade na Escola. A proposta, de acordo com a pasta, \u00e9 que os estudantes apresentem, durante o processo de matr\u00edcula, a caderneta de vacina\u00e7\u00e3o e as institui\u00e7\u00f5es comuniquem o sistema sobre as doses priorit\u00e1rias.<\/p>\n<p><strong>Validade da vacina<\/strong><\/p>\n<p>A imuniza\u00e7\u00e3o contra o HPV foi incorporada nos postos de sa\u00fade em 2014. Como o prazo de validade dos frascos dura tr\u00eas anos, atualmente, existem 2,1 mil doses nos estados e munic\u00edpios que vencem agora em junho e 231 mil que v\u00e3o expirar em agosto deste ano.<\/p>\n<p>Em setembro, a previs\u00e3o \u00e9 de que 233,7 mil doses ven\u00e7am. At\u00e9 o fim do ano, calcula-se que cerca de 465 mil vacinas est\u00e3o com vencimento previsto. Outras 1,1 milh\u00e3o t\u00eam a validade de vencimento no primeiro semestre de 2018.<\/p>\n<p>Para evitar a perda de estoques, o Minist\u00e9rio da Sa\u00fade afirmou que encaminha regularmente informes aos estados solicitando empenho na melhoria das coberturas vacinais, especialmente em rela\u00e7\u00e3o ao HPV.<\/p>\n<p>Segundo o Programa Nacional de Imuniza\u00e7\u00f5es (PNI), uma perda de at\u00e9 5% das doses distribu\u00eddas nos postos \u00e9 consider\u00e1vel aceit\u00e1vel \u201cem fun\u00e7\u00e3o de condi\u00e7\u00f5es log\u00edsticas e operacionais\u201d.<\/p>\n<p>Durante a coletiva, o Minist\u00e9rio da Sa\u00fade reconheceu que os estados e munic\u00edpios precisam avan\u00e7ar na cobertura vacinal do HPV em meninos e meninas. Desde o in\u00edcio da vacina\u00e7\u00e3o em 2014 at\u00e9 2 de junho deste ano, 72,45% das meninas de 9 a 15 anos (8,6 milh\u00f5es) foram imunizadas com a primeira dose. No entanto, apenas 45,1% desse p\u00fablico (5,3 milh\u00f5es) receberam as duas aplica\u00e7\u00f5es da vacina.<\/p>\n<p>De janeiro a 2 de junho deste ano, 594,8 mil meninos de 12 a 13 anos se vacinaram com a primeira dose da vacina, o que corresponde a 16,5 % dos 3,6 milh\u00f5es de adolescentes nessa faixa et\u00e1ria que devem se imunizar.<\/p>\n<p><strong>Quantas doses s\u00e3o necess\u00e1rias?<\/strong><\/p>\n<p>O Minist\u00e9rio da Sa\u00fade explicou que meninos e meninas devem tomar duas doses da vacina contra HPV, com intervalo de seis meses entre elas. Para as pessoas que t\u00eam HIV, a faixa et\u00e1ria \u00e9 de 9 a 26 anos, e o esquema vacinal \u00e9 de tr\u00eas doses (intervalo de 0, 2 e 6 meses). Os pacientes com HIV precisam apresentar prescri\u00e7\u00e3o m\u00e9dica para receber a imuniza\u00e7\u00e3o.<\/p>\n<p>&nbsp;<\/p>\n<p><em><strong>Reportagem:<\/strong> http:\/\/g1.globo.com\/bemestar\/noticia\/ministerio-da-saude-amplia-vacinacao-contra-hpv-para-meninos-de-11-ate-15-anos.ghtml \/<strong> Foto Capa:<\/strong> Maur\u00edcio Baz\u00edlio\/Divulga\u00e7\u00e3o SES<\/em><\/p>\n","protected":false},"excerpt":{"rendered":"<p>O Minist\u00e9rio da Sa\u00fade anunciou, nesta ter\u00e7a-feira (20), que vai ampliar a oferta da vacina contra o HPV para os meninos de 11 at\u00e9 15 anos. A imuniza\u00e7\u00e3o para o p\u00fablico masculino passou a ser &#8230; <a class=\"readmore\" href=\"https:\/\/www.sgagora.com.br\/sg\/ministerio-da-saude-amplia-vacinacao-contra-hpv-para-meninos-de-11-ate-15-anos\/\">Leia Mais<\/a><\/p>\n","protected":false},"author":1,"featured_media":999942872,"comment_status":"open","ping_status":"open","sticky":false,"template":"","format":"standard","meta":{"_bbp_topic_count":0,"_bbp_reply_count":0,"_bbp_total_topic_count":0,"_bbp_total_reply_count":0,"_bbp_voice_count":0,"_bbp_anonymous_reply_count":0,"_bbp_topic_count_hidden":0,"_bbp_reply_count_hidden":0,"_bbp_forum_subforum_count":0},"categories":[4],"tags":[520,97,484,370,971,659,194,136],"yoast_head":"<!-- This site is optimized with the Yoast SEO plugin v20.5 - https:\/\/yoast.com\/wordpress\/plugins\/seo\/ -->\n<title>Minist\u00e9rio da Sa\u00fade amplia vacina\u00e7\u00e3o contra HPV para meninos de 11 at\u00e9 15 anos<\/title>\n<meta name=\"description\" content=\"Com inclus\u00e3o desses adolescentes no programa de vacina\u00e7\u00e3o, governo prev\u00ea imuniza\u00e7\u00e3o de 3,3 milh\u00f5es de pessoas a mais em 2017.\" \/>\n<meta name=\"robots\" content=\"index, follow, max-snippet:-1, max-image-preview:large, max-video-preview:-1\" \/>\n<link rel=\"canonical\" href=\"https:\/\/www.sgagora.com.br\/sg\/ministerio-da-saude-amplia-vacinacao-contra-hpv-para-meninos-de-11-ate-15-anos\/\" \/>\n<meta property=\"og:locale\" content=\"pt_BR\" \/>\n<meta property=\"og:type\" content=\"article\" \/>\n<meta property=\"og:title\" content=\"Minist\u00e9rio da Sa\u00fade amplia vacina\u00e7\u00e3o contra HPV para meninos de 11 at\u00e9 15 anos\" \/>\n<meta property=\"og:description\" content=\"Com inclus\u00e3o desses adolescentes no programa de vacina\u00e7\u00e3o, governo prev\u00ea imuniza\u00e7\u00e3o de 3,3 milh\u00f5es de pessoas a mais em 2017.\" \/>\n<meta property=\"og:url\" content=\"https:\/\/www.sgagora.com.br\/sg\/ministerio-da-saude-amplia-vacinacao-contra-hpv-para-meninos-de-11-ate-15-anos\/\" \/>\n<meta property=\"og:site_name\" content=\"SGAgora\" \/>\n<meta property=\"article:publisher\" content=\"https:\/\/www.facebook.com\/sgagora\" \/>\n<meta property=\"article:published_time\" content=\"2017-06-21T13:17:54+00:00\" \/>\n<meta property=\"og:image\" content=\"https:\/\/www.sgagora.com.br\/sg\/wp-content\/uploads\/2017\/06\/download-e1498050979580.jpg\" \/>\n\t<meta property=\"og:image:width\" content=\"600\" \/>\n\t<meta property=\"og:image:height\" content=\"376\" \/>\n\t<meta property=\"og:image:type\" content=\"image\/jpeg\" \/>\n<meta name=\"author\" content=\"SG Agora\" \/>\n<meta name=\"twitter:label1\" content=\"Escrito por\" \/>\n\t<meta name=\"twitter:data1\" content=\"SG Agora\" \/>\n\t<meta name=\"twitter:label2\" content=\"Est. tempo de leitura\" \/>\n\t<meta name=\"twitter:data2\" content=\"3 minutos\" \/>\n<script type=\"application\/ld+json\" class=\"yoast-schema-graph\">{\"@context\":\"https:\/\/schema.org\",\"@graph\":[{\"@type\":\"WebPage\",\"@id\":\"https:\/\/www.sgagora.com.br\/sg\/ministerio-da-saude-amplia-vacinacao-contra-hpv-para-meninos-de-11-ate-15-anos\/\",\"url\":\"https:\/\/www.sgagora.com.br\/sg\/ministerio-da-saude-amplia-vacinacao-contra-hpv-para-meninos-de-11-ate-15-anos\/\",\"name\":\"Minist\u00e9rio da Sa\u00fade amplia vacina\u00e7\u00e3o contra HPV para meninos de 11 at\u00e9 15 anos\",\"isPartOf\":{\"@id\":\"https:\/\/www.sgagora.com.br\/sg\/#website\"},\"datePublished\":\"2017-06-21T13:17:54+00:00\",\"dateModified\":\"2017-06-21T13:17:54+00:00\",\"author\":{\"@id\":\"https:\/\/www.sgagora.com.br\/sg\/#\/schema\/person\/2be62cfb47cee3e0b305e4f7a765ae41\"},\"description\":\"Com inclus\u00e3o desses adolescentes no programa de vacina\u00e7\u00e3o, governo prev\u00ea imuniza\u00e7\u00e3o de 3,3 milh\u00f5es de pessoas a mais em 2017.\",\"breadcrumb\":{\"@id\":\"https:\/\/www.sgagora.com.br\/sg\/ministerio-da-saude-amplia-vacinacao-contra-hpv-para-meninos-de-11-ate-15-anos\/#breadcrumb\"},\"inLanguage\":\"pt-BR\",\"potentialAction\":[{\"@type\":\"ReadAction\",\"target\":[\"https:\/\/www.sgagora.com.br\/sg\/ministerio-da-saude-amplia-vacinacao-contra-hpv-para-meninos-de-11-ate-15-anos\/\"]}]},{\"@type\":\"BreadcrumbList\",\"@id\":\"https:\/\/www.sgagora.com.br\/sg\/ministerio-da-saude-amplia-vacinacao-contra-hpv-para-meninos-de-11-ate-15-anos\/#breadcrumb\",\"itemListElement\":[{\"@type\":\"ListItem\",\"position\":1,\"name\":\"In\u00edcio\",\"item\":\"https:\/\/www.sgagora.com.br\/sg\/\"},{\"@type\":\"ListItem\",\"position\":2,\"name\":\"Minist\u00e9rio da Sa\u00fade amplia vacina\u00e7\u00e3o contra HPV para meninos de 11 at\u00e9 15 anos\"}]},{\"@type\":\"WebSite\",\"@id\":\"https:\/\/www.sgagora.com.br\/sg\/#website\",\"url\":\"https:\/\/www.sgagora.com.br\/sg\/\",\"name\":\"SGAgora\",\"description\":\"Not\u00edcias de S\u00e3o Gotardo\",\"potentialAction\":[{\"@type\":\"SearchAction\",\"target\":{\"@type\":\"EntryPoint\",\"urlTemplate\":\"https:\/\/www.sgagora.com.br\/sg\/?s={search_term_string}\"},\"query-input\":\"required name=search_term_string\"}],\"inLanguage\":\"pt-BR\"},{\"@type\":\"Person\",\"@id\":\"https:\/\/www.sgagora.com.br\/sg\/#\/schema\/person\/2be62cfb47cee3e0b305e4f7a765ae41\",\"name\":\"SG Agora\",\"image\":{\"@type\":\"ImageObject\",\"inLanguage\":\"pt-BR\",\"@id\":\"https:\/\/www.sgagora.com.br\/sg\/#\/schema\/person\/image\/\",\"url\":\"https:\/\/secure.gravatar.com\/avatar\/a0c612a9a8c3e7419d6fd4f92e749d8d?s=96&d=mm&r=g\",\"contentUrl\":\"https:\/\/secure.gravatar.com\/avatar\/a0c612a9a8c3e7419d6fd4f92e749d8d?s=96&d=mm&r=g\",\"caption\":\"SG Agora\"},\"url\":\"https:\/\/www.sgagora.com.br\/sg\/author\/admin\/\"}]}<\/script>\n<!-- \/ Yoast SEO plugin. -->","yoast_head_json":{"title":"Minist\u00e9rio da Sa\u00fade amplia vacina\u00e7\u00e3o contra HPV para meninos de 11 at\u00e9 15 anos","description":"Com inclus\u00e3o desses adolescentes no programa de vacina\u00e7\u00e3o, governo prev\u00ea imuniza\u00e7\u00e3o de 3,3 milh\u00f5es de pessoas a mais em 2017.","robots":{"index":"index","follow":"follow","max-snippet":"max-snippet:-1","max-image-preview":"max-image-preview:large","max-video-preview":"max-video-preview:-1"},"canonical":"https:\/\/www.sgagora.com.br\/sg\/ministerio-da-saude-amplia-vacinacao-contra-hpv-para-meninos-de-11-ate-15-anos\/","og_locale":"pt_BR","og_type":"article","og_title":"Minist\u00e9rio da Sa\u00fade amplia vacina\u00e7\u00e3o contra HPV para meninos de 11 at\u00e9 15 anos","og_description":"Com inclus\u00e3o desses adolescentes no programa de vacina\u00e7\u00e3o, governo prev\u00ea imuniza\u00e7\u00e3o de 3,3 milh\u00f5es de pessoas a mais em 2017.","og_url":"https:\/\/www.sgagora.com.br\/sg\/ministerio-da-saude-amplia-vacinacao-contra-hpv-para-meninos-de-11-ate-15-anos\/","og_site_name":"SGAgora","article_publisher":"https:\/\/www.facebook.com\/sgagora","article_published_time":"2017-06-21T13:17:54+00:00","og_image":[{"width":600,"height":376,"url":"https:\/\/www.sgagora.com.br\/sg\/wp-content\/uploads\/2017\/06\/download-e1498050979580.jpg","type":"image\/jpeg"}],"author":"SG Agora","twitter_misc":{"Escrito por":"SG Agora","Est. tempo de leitura":"3 minutos"},"schema":{"@context":"https:\/\/schema.org","@graph":[{"@type":"WebPage","@id":"https:\/\/www.sgagora.com.br\/sg\/ministerio-da-saude-amplia-vacinacao-contra-hpv-para-meninos-de-11-ate-15-anos\/","url":"https:\/\/www.sgagora.com.br\/sg\/ministerio-da-saude-amplia-vacinacao-contra-hpv-para-meninos-de-11-ate-15-anos\/","name":"Minist\u00e9rio da Sa\u00fade amplia vacina\u00e7\u00e3o contra HPV para meninos de 11 at\u00e9 15 anos","isPartOf":{"@id":"https:\/\/www.sgagora.com.br\/sg\/#website"},"datePublished":"2017-06-21T13:17:54+00:00","dateModified":"2017-06-21T13:17:54+00:00","author":{"@id":"https:\/\/www.sgagora.com.br\/sg\/#\/schema\/person\/2be62cfb47cee3e0b305e4f7a765ae41"},"description":"Com inclus\u00e3o desses adolescentes no programa de vacina\u00e7\u00e3o, governo prev\u00ea imuniza\u00e7\u00e3o de 3,3 milh\u00f5es de pessoas a mais em 2017.","breadcrumb":{"@id":"https:\/\/www.sgagora.com.br\/sg\/ministerio-da-saude-amplia-vacinacao-contra-hpv-para-meninos-de-11-ate-15-anos\/#breadcrumb"},"inLanguage":"pt-BR","potentialAction":[{"@type":"ReadAction","target":["https:\/\/www.sgagora.com.br\/sg\/ministerio-da-saude-amplia-vacinacao-contra-hpv-para-meninos-de-11-ate-15-anos\/"]}]},{"@type":"BreadcrumbList","@id":"https:\/\/www.sgagora.com.br\/sg\/ministerio-da-saude-amplia-vacinacao-contra-hpv-para-meninos-de-11-ate-15-anos\/#breadcrumb","itemListElement":[{"@type":"ListItem","position":1,"name":"In\u00edcio","item":"https:\/\/www.sgagora.com.br\/sg\/"},{"@type":"ListItem","position":2,"name":"Minist\u00e9rio da Sa\u00fade amplia vacina\u00e7\u00e3o contra HPV para meninos de 11 at\u00e9 15 anos"}]},{"@type":"WebSite","@id":"https:\/\/www.sgagora.com.br\/sg\/#website","url":"https:\/\/www.sgagora.com.br\/sg\/","name":"SGAgora","description":"Not\u00edcias de S\u00e3o Gotardo","potentialAction":[{"@type":"SearchAction","target":{"@type":"EntryPoint","urlTemplate":"https:\/\/www.sgagora.com.br\/sg\/?s={search_term_string}"},"query-input":"required name=search_term_string"}],"inLanguage":"pt-BR"},{"@type":"Person","@id":"https:\/\/www.sgagora.com.br\/sg\/#\/schema\/person\/2be62cfb47cee3e0b305e4f7a765ae41","name":"SG Agora","image":{"@type":"ImageObject","inLanguage":"pt-BR","@id":"https:\/\/www.sgagora.com.br\/sg\/#\/schema\/person\/image\/","url":"https:\/\/secure.gravatar.com\/avatar\/a0c612a9a8c3e7419d6fd4f92e749d8d?s=96&d=mm&r=g","contentUrl":"https:\/\/secure.gravatar.com\/avatar\/a0c612a9a8c3e7419d6fd4f92e749d8d?s=96&d=mm&r=g","caption":"SG Agora"},"url":"https:\/\/www.sgagora.com.br\/sg\/author\/admin\/"}]}},"_links":{"self":[{"href":"https:\/\/www.sgagora.com.br\/sg\/wp-json\/wp\/v2\/posts\/999942871"}],"collection":[{"href":"https:\/\/www.sgagora.com.br\/sg\/wp-json\/wp\/v2\/posts"}],"about":[{"href":"https:\/\/www.sgagora.com.br\/sg\/wp-json\/wp\/v2\/types\/post"}],"author":[{"embeddable":true,"href":"https:\/\/www.sgagora.com.br\/sg\/wp-json\/wp\/v2\/users\/1"}],"replies":[{"embeddable":true,"href":"https:\/\/www.sgagora.com.br\/sg\/wp-json\/wp\/v2\/comments?post=999942871"}],"version-history":[{"count":1,"href":"https:\/\/www.sgagora.com.br\/sg\/wp-json\/wp\/v2\/posts\/999942871\/revisions"}],"predecessor-version":[{"id":999942873,"href":"https:\/\/www.sgagora.com.br\/sg\/wp-json\/wp\/v2\/posts\/999942871\/revisions\/999942873"}],"wp:featuredmedia":[{"embeddable":true,"href":"https:\/\/www.sgagora.com.br\/sg\/wp-json\/wp\/v2\/media\/999942872"}],"wp:attachment":[{"href":"https:\/\/www.sgagora.com.br\/sg\/wp-json\/wp\/v2\/media?parent=999942871"}],"wp:term":[{"taxonomy":"category","embeddable":true,"href":"https:\/\/www.sgagora.com.br\/sg\/wp-json\/wp\/v2\/categories?post=999942871"},{"taxonomy":"post_tag","embeddable":true,"href":"https:\/\/www.sgagora.com.br\/sg\/wp-json\/wp\/v2\/tags?post=999942871"}],"curies":[{"name":"wp","href":"https:\/\/api.w.org\/{rel}","templated":true}]}}