{"id":999952467,"date":"2017-12-05T23:35:30","date_gmt":"2017-12-05T23:35:30","guid":{"rendered":"https:\/\/www.sgagora.com.br\/sg\/?p=999952467"},"modified":"2017-12-20T16:09:02","modified_gmt":"2017-12-20T16:09:02","slug":"apos-trocar-tiros-com-autores-homem-e-assassinado-em-matutina","status":"publish","type":"post","link":"https:\/\/www.sgagora.com.br\/sg\/apos-trocar-tiros-com-autores-homem-e-assassinado-em-matutina\/","title":{"rendered":"Ap\u00f3s trocar tiros com autores, homem \u00e9 assassinado em Matutina"},"content":{"rendered":"<p>No final da tarde desta ter\u00e7a-feira (05\/12) em Matutina, um homem de 58 anos faleceu, ap\u00f3s ser baleado em frente a sua resid\u00eancia. O crime ocorreu por volta das 17:35 da tarde. A v\u00edtima Joaquim Luiz de Souza, chegou a ser socorrida, porem n\u00e3o resistiu e morreu no Hospital Municipal de Matutina.\u00a0Os autores respons\u00e1veis pelos disparos foram encontrados e presos pela PM pr\u00f3ximos a cidade de S\u00e3o Gotardo.\u00a0 Uma arma de fogo tamb\u00e9m foi apreendida.<\/p>\n<p>Segundo informa\u00e7\u00f5es preliminares da Pol\u00edcia Militar de Matutina e S\u00e3o Gotardo, a v\u00edtima estava em sua resid\u00eancia, quando foi surpreendida por dois homens, sendo um deles portanto um rev\u00f3lver calibre 38, os quais efetuaram v\u00e1rios disparos contra a v\u00edtima. Ainda de acordo com a PM, a v\u00edtima teria reagido ao crime, disparando tamb\u00e9m com uma arma de fogo contra um dos autores, estes quais ap\u00f3s a troca de tiros, teriam evadido sentido \u00e0 S\u00e3o Gotardo. Ap\u00f3s ser baleado, a v\u00edtima chegou a ser socorrida e encaminhada para o Hospital Municipal de Matutina, porem n\u00e3o resistiu aos v\u00e1rios ferimentos e veio a \u00f3bito. A arma utilizada por ele para revidar o crime n\u00e3o foi localizada.<\/p>\n<p>Durante a ocorr\u00eancia, guarni\u00e7\u00f5es de S\u00e3o Gotardo, localizaram\u00a0o ve\u00edculo com os autores do crime e uma arma de fogo pr\u00f3ximos ao per\u00edmetro urbano da cidade. Um dos\u00a0suspeitos estava ferido, por dois disparos de arma de fogo, feitos pela v\u00edtima durante o tiroteio. O autor do crime foi encaminhado para o Pronto Socorro Municipal\u00a0de S\u00e3o Gotardo e posteriormente, devido \u00e0 gravidade dos\u00a0ferimentos,\u00a0transferido para\u00a0o Hospital Regional em Patos de Minas, para os devidos cuidados m\u00e9dicos. A arma de\u00a0fogo que estava em posse dos homens tamb\u00e9m foi apreendida. O outro autor, o qual n\u00e3o foi ferido, foi encaminhado para a delegacia de plant\u00e3o de Patos de Minas.<\/p>\n<p><strong>Reportagem e Atualiza\u00e7\u00e3o!<\/strong><\/p>\n<p>&nbsp;<\/p>\n<p><em><strong>Reportagem:<\/strong> Diego Oliveira\/Portal SG AGORA \/<strong> Fonte da Reportagem:<\/strong> Pol\u00edcia Militar de S\u00e3o Gotardo e Matutina<\/em><\/p>\n","protected":false},"excerpt":{"rendered":"<p>No final da tarde desta ter\u00e7a-feira (05\/12) em Matutina, um homem de 58 anos faleceu, ap\u00f3s ser baleado em frente a sua resid\u00eancia. O crime ocorreu por volta das 17:35 da tarde. A v\u00edtima Joaquim &#8230; <a class=\"readmore\" href=\"https:\/\/www.sgagora.com.br\/sg\/apos-trocar-tiros-com-autores-homem-e-assassinado-em-matutina\/\">Leia Mais<\/a><\/p>\n","protected":false},"author":1,"featured_media":19972,"comment_status":"open","ping_status":"open","sticky":false,"template":"","format":"standard","meta":{"_bbp_topic_count":0,"_bbp_reply_count":0,"_bbp_total_topic_count":0,"_bbp_total_reply_count":0,"_bbp_voice_count":0,"_bbp_anonymous_reply_count":0,"_bbp_topic_count_hidden":0,"_bbp_reply_count_hidden":0,"_bbp_forum_subforum_count":0},"categories":[84,77],"tags":[642,139,659,132,133,138,194,131,157,1038],"yoast_head":"<!-- This site is optimized with the Yoast SEO plugin v20.5 - https:\/\/yoast.com\/wordpress\/plugins\/seo\/ -->\n<title>Ap\u00f3s trocar tiros com autores, homem \u00e9 assassinado em Matutina<\/title>\n<meta name=\"description\" content=\"Autores respons\u00e1veis pelos disparos foram encontrados e presos pela PM pr\u00f3ximos a cidade de S\u00e3o Gotardo. Uma arma de fogo tamb\u00e9m foi apreendida.\" \/>\n<meta name=\"robots\" content=\"index, follow, max-snippet:-1, max-image-preview:large, max-video-preview:-1\" \/>\n<link rel=\"canonical\" href=\"https:\/\/www.sgagora.com.br\/sg\/apos-trocar-tiros-com-autores-homem-e-assassinado-em-matutina\/\" \/>\n<meta property=\"og:locale\" content=\"pt_BR\" \/>\n<meta property=\"og:type\" content=\"article\" \/>\n<meta property=\"og:title\" content=\"Ap\u00f3s trocar tiros com autores, homem \u00e9 assassinado em Matutina\" \/>\n<meta property=\"og:description\" content=\"Autores respons\u00e1veis pelos disparos foram encontrados e presos pela PM pr\u00f3ximos a cidade de S\u00e3o Gotardo. Uma arma de fogo tamb\u00e9m foi apreendida.\" \/>\n<meta property=\"og:url\" content=\"https:\/\/www.sgagora.com.br\/sg\/apos-trocar-tiros-com-autores-homem-e-assassinado-em-matutina\/\" \/>\n<meta property=\"og:site_name\" content=\"SGAgora\" \/>\n<meta property=\"article:publisher\" content=\"https:\/\/www.facebook.com\/sgagora\" \/>\n<meta property=\"article:published_time\" content=\"2017-12-05T23:35:30+00:00\" \/>\n<meta property=\"article:modified_time\" content=\"2017-12-20T16:09:02+00:00\" \/>\n<meta property=\"og:image\" content=\"https:\/\/www.sgagora.com.br\/sg\/wp-content\/uploads\/2015\/10\/Usar-em-reportagens-de-morte-sem-fotos.png\" \/>\n\t<meta property=\"og:image:width\" content=\"600\" \/>\n\t<meta property=\"og:image:height\" content=\"336\" \/>\n\t<meta property=\"og:image:type\" content=\"image\/png\" \/>\n<meta name=\"author\" content=\"SG Agora\" \/>\n<meta name=\"twitter:label1\" content=\"Escrito por\" \/>\n\t<meta name=\"twitter:data1\" content=\"SG Agora\" \/>\n\t<meta name=\"twitter:label2\" content=\"Est. tempo de leitura\" \/>\n\t<meta name=\"twitter:data2\" content=\"2 minutos\" \/>\n<script type=\"application\/ld+json\" class=\"yoast-schema-graph\">{\"@context\":\"https:\/\/schema.org\",\"@graph\":[{\"@type\":\"WebPage\",\"@id\":\"https:\/\/www.sgagora.com.br\/sg\/apos-trocar-tiros-com-autores-homem-e-assassinado-em-matutina\/\",\"url\":\"https:\/\/www.sgagora.com.br\/sg\/apos-trocar-tiros-com-autores-homem-e-assassinado-em-matutina\/\",\"name\":\"Ap\u00f3s trocar tiros com autores, homem \u00e9 assassinado em Matutina\",\"isPartOf\":{\"@id\":\"https:\/\/www.sgagora.com.br\/sg\/#website\"},\"datePublished\":\"2017-12-05T23:35:30+00:00\",\"dateModified\":\"2017-12-20T16:09:02+00:00\",\"author\":{\"@id\":\"https:\/\/www.sgagora.com.br\/sg\/#\/schema\/person\/2be62cfb47cee3e0b305e4f7a765ae41\"},\"description\":\"Autores respons\u00e1veis pelos disparos foram encontrados e presos pela PM pr\u00f3ximos a cidade de S\u00e3o Gotardo. Uma arma de fogo tamb\u00e9m foi apreendida.\",\"breadcrumb\":{\"@id\":\"https:\/\/www.sgagora.com.br\/sg\/apos-trocar-tiros-com-autores-homem-e-assassinado-em-matutina\/#breadcrumb\"},\"inLanguage\":\"pt-BR\",\"potentialAction\":[{\"@type\":\"ReadAction\",\"target\":[\"https:\/\/www.sgagora.com.br\/sg\/apos-trocar-tiros-com-autores-homem-e-assassinado-em-matutina\/\"]}]},{\"@type\":\"BreadcrumbList\",\"@id\":\"https:\/\/www.sgagora.com.br\/sg\/apos-trocar-tiros-com-autores-homem-e-assassinado-em-matutina\/#breadcrumb\",\"itemListElement\":[{\"@type\":\"ListItem\",\"position\":1,\"name\":\"In\u00edcio\",\"item\":\"https:\/\/www.sgagora.com.br\/sg\/\"},{\"@type\":\"ListItem\",\"position\":2,\"name\":\"Ap\u00f3s trocar tiros com autores, homem \u00e9 assassinado em Matutina\"}]},{\"@type\":\"WebSite\",\"@id\":\"https:\/\/www.sgagora.com.br\/sg\/#website\",\"url\":\"https:\/\/www.sgagora.com.br\/sg\/\",\"name\":\"SGAgora\",\"description\":\"Not\u00edcias de S\u00e3o Gotardo\",\"potentialAction\":[{\"@type\":\"SearchAction\",\"target\":{\"@type\":\"EntryPoint\",\"urlTemplate\":\"https:\/\/www.sgagora.com.br\/sg\/?s={search_term_string}\"},\"query-input\":\"required name=search_term_string\"}],\"inLanguage\":\"pt-BR\"},{\"@type\":\"Person\",\"@id\":\"https:\/\/www.sgagora.com.br\/sg\/#\/schema\/person\/2be62cfb47cee3e0b305e4f7a765ae41\",\"name\":\"SG Agora\",\"image\":{\"@type\":\"ImageObject\",\"inLanguage\":\"pt-BR\",\"@id\":\"https:\/\/www.sgagora.com.br\/sg\/#\/schema\/person\/image\/\",\"url\":\"https:\/\/secure.gravatar.com\/avatar\/a0c612a9a8c3e7419d6fd4f92e749d8d?s=96&d=mm&r=g\",\"contentUrl\":\"https:\/\/secure.gravatar.com\/avatar\/a0c612a9a8c3e7419d6fd4f92e749d8d?s=96&d=mm&r=g\",\"caption\":\"SG Agora\"},\"url\":\"https:\/\/www.sgagora.com.br\/sg\/author\/admin\/\"}]}<\/script>\n<!-- \/ Yoast SEO plugin. -->","yoast_head_json":{"title":"Ap\u00f3s trocar tiros com autores, homem \u00e9 assassinado em Matutina","description":"Autores respons\u00e1veis pelos disparos foram encontrados e presos pela PM pr\u00f3ximos a cidade de S\u00e3o Gotardo. Uma arma de fogo tamb\u00e9m foi apreendida.","robots":{"index":"index","follow":"follow","max-snippet":"max-snippet:-1","max-image-preview":"max-image-preview:large","max-video-preview":"max-video-preview:-1"},"canonical":"https:\/\/www.sgagora.com.br\/sg\/apos-trocar-tiros-com-autores-homem-e-assassinado-em-matutina\/","og_locale":"pt_BR","og_type":"article","og_title":"Ap\u00f3s trocar tiros com autores, homem \u00e9 assassinado em Matutina","og_description":"Autores respons\u00e1veis pelos disparos foram encontrados e presos pela PM pr\u00f3ximos a cidade de S\u00e3o Gotardo. Uma arma de fogo tamb\u00e9m foi apreendida.","og_url":"https:\/\/www.sgagora.com.br\/sg\/apos-trocar-tiros-com-autores-homem-e-assassinado-em-matutina\/","og_site_name":"SGAgora","article_publisher":"https:\/\/www.facebook.com\/sgagora","article_published_time":"2017-12-05T23:35:30+00:00","article_modified_time":"2017-12-20T16:09:02+00:00","og_image":[{"width":600,"height":336,"url":"https:\/\/www.sgagora.com.br\/sg\/wp-content\/uploads\/2015\/10\/Usar-em-reportagens-de-morte-sem-fotos.png","type":"image\/png"}],"author":"SG Agora","twitter_misc":{"Escrito por":"SG Agora","Est. tempo de leitura":"2 minutos"},"schema":{"@context":"https:\/\/schema.org","@graph":[{"@type":"WebPage","@id":"https:\/\/www.sgagora.com.br\/sg\/apos-trocar-tiros-com-autores-homem-e-assassinado-em-matutina\/","url":"https:\/\/www.sgagora.com.br\/sg\/apos-trocar-tiros-com-autores-homem-e-assassinado-em-matutina\/","name":"Ap\u00f3s trocar tiros com autores, homem \u00e9 assassinado em Matutina","isPartOf":{"@id":"https:\/\/www.sgagora.com.br\/sg\/#website"},"datePublished":"2017-12-05T23:35:30+00:00","dateModified":"2017-12-20T16:09:02+00:00","author":{"@id":"https:\/\/www.sgagora.com.br\/sg\/#\/schema\/person\/2be62cfb47cee3e0b305e4f7a765ae41"},"description":"Autores respons\u00e1veis pelos disparos foram encontrados e presos pela PM pr\u00f3ximos a cidade de S\u00e3o Gotardo. Uma arma de fogo tamb\u00e9m foi apreendida.","breadcrumb":{"@id":"https:\/\/www.sgagora.com.br\/sg\/apos-trocar-tiros-com-autores-homem-e-assassinado-em-matutina\/#breadcrumb"},"inLanguage":"pt-BR","potentialAction":[{"@type":"ReadAction","target":["https:\/\/www.sgagora.com.br\/sg\/apos-trocar-tiros-com-autores-homem-e-assassinado-em-matutina\/"]}]},{"@type":"BreadcrumbList","@id":"https:\/\/www.sgagora.com.br\/sg\/apos-trocar-tiros-com-autores-homem-e-assassinado-em-matutina\/#breadcrumb","itemListElement":[{"@type":"ListItem","position":1,"name":"In\u00edcio","item":"https:\/\/www.sgagora.com.br\/sg\/"},{"@type":"ListItem","position":2,"name":"Ap\u00f3s trocar tiros com autores, homem \u00e9 assassinado em Matutina"}]},{"@type":"WebSite","@id":"https:\/\/www.sgagora.com.br\/sg\/#website","url":"https:\/\/www.sgagora.com.br\/sg\/","name":"SGAgora","description":"Not\u00edcias de S\u00e3o Gotardo","potentialAction":[{"@type":"SearchAction","target":{"@type":"EntryPoint","urlTemplate":"https:\/\/www.sgagora.com.br\/sg\/?s={search_term_string}"},"query-input":"required name=search_term_string"}],"inLanguage":"pt-BR"},{"@type":"Person","@id":"https:\/\/www.sgagora.com.br\/sg\/#\/schema\/person\/2be62cfb47cee3e0b305e4f7a765ae41","name":"SG Agora","image":{"@type":"ImageObject","inLanguage":"pt-BR","@id":"https:\/\/www.sgagora.com.br\/sg\/#\/schema\/person\/image\/","url":"https:\/\/secure.gravatar.com\/avatar\/a0c612a9a8c3e7419d6fd4f92e749d8d?s=96&d=mm&r=g","contentUrl":"https:\/\/secure.gravatar.com\/avatar\/a0c612a9a8c3e7419d6fd4f92e749d8d?s=96&d=mm&r=g","caption":"SG Agora"},"url":"https:\/\/www.sgagora.com.br\/sg\/author\/admin\/"}]}},"_links":{"self":[{"href":"https:\/\/www.sgagora.com.br\/sg\/wp-json\/wp\/v2\/posts\/999952467"}],"collection":[{"href":"https:\/\/www.sgagora.com.br\/sg\/wp-json\/wp\/v2\/posts"}],"about":[{"href":"https:\/\/www.sgagora.com.br\/sg\/wp-json\/wp\/v2\/types\/post"}],"author":[{"embeddable":true,"href":"https:\/\/www.sgagora.com.br\/sg\/wp-json\/wp\/v2\/users\/1"}],"replies":[{"embeddable":true,"href":"https:\/\/www.sgagora.com.br\/sg\/wp-json\/wp\/v2\/comments?post=999952467"}],"version-history":[{"count":1,"href":"https:\/\/www.sgagora.com.br\/sg\/wp-json\/wp\/v2\/posts\/999952467\/revisions"}],"predecessor-version":[{"id":999952468,"href":"https:\/\/www.sgagora.com.br\/sg\/wp-json\/wp\/v2\/posts\/999952467\/revisions\/999952468"}],"wp:featuredmedia":[{"embeddable":true,"href":"https:\/\/www.sgagora.com.br\/sg\/wp-json\/wp\/v2\/media\/19972"}],"wp:attachment":[{"href":"https:\/\/www.sgagora.com.br\/sg\/wp-json\/wp\/v2\/media?parent=999952467"}],"wp:term":[{"taxonomy":"category","embeddable":true,"href":"https:\/\/www.sgagora.com.br\/sg\/wp-json\/wp\/v2\/categories?post=999952467"},{"taxonomy":"post_tag","embeddable":true,"href":"https:\/\/www.sgagora.com.br\/sg\/wp-json\/wp\/v2\/tags?post=999952467"}],"curies":[{"name":"wp","href":"https:\/\/api.w.org\/{rel}","templated":true}]}}