{"id":999952956,"date":"2017-12-29T17:07:34","date_gmt":"2017-12-29T17:07:34","guid":{"rendered":"https:\/\/www.sgagora.com.br\/sg\/?p=999952956"},"modified":"2017-12-29T17:07:34","modified_gmt":"2017-12-29T17:07:34","slug":"dede-fala-de-sonho-da-libertadores-pelo-cruzeiro","status":"publish","type":"post","link":"https:\/\/www.sgagora.com.br\/sg\/dede-fala-de-sonho-da-libertadores-pelo-cruzeiro\/","title":{"rendered":"Ded\u00e9 fala de sonho da Libertadores pelo Cruzeiro"},"content":{"rendered":"<p>Ded\u00e9 encheu de expectativa a torcida do Cruzeiro. Al\u00e9m de comentar uma possibilidade de retorno do meia Ricardo Goulart, o zagueiro se mostrou absolutamente otimista com o 2018 da Raposa. Em v\u00eddeo transmitido ao vivo por meio de seu Instagram, no in\u00edcio da tarde desta sexta-feira, o camisa 26 falou do sonho de ganhar uma Libertadores com a camisa celeste e ainda projetou a possibilidade de jogar o Mundial de Clubes. Ele comparou a transi\u00e7\u00e3o das temporadas (2017 para 2018) com a virada dos anos de 2013 e 2014, quando o Cruzeiro conquistou dois Brasileiros seguidos.<\/p>\n<div>\u201cEsse ano \u00e9 um ano que tem tudo para ser um dos melhores anos do Cruzeiro. O time que tem, a sequ\u00eancia que tivemos de 2017 para 2018 est\u00e1 parecida de 2013 e 2014. Manter o time, contrata\u00e7\u00e3o de pe\u00e7as importantes de reposi\u00e7\u00e3o e \u00e9 o que tenho para falar para voc\u00eas. Se der tudo certo, se Deus quiser, eu n\u00e3o tenha nenhuma contus\u00e3o a mais. Essa situa\u00e7\u00e3o do meu joelho atrapalhou a gente vai trabalhar para que nunca mais eu tenha contus\u00e3o vestindo a camisa do Cruzeiro. Que termine o ano da melhor forma poss\u00edvel, mantendo meu v\u00ednculo com o Cruzeiro, as independentemente do que for, quero sair pela porta da frente, dando o meu melhor. Esse ano promete\u201d, garantiu o zagueiro.<\/div>\n<div><\/div>\n<div>Em recupera\u00e7\u00e3o de um edema \u00f3sseo no joelho esquerdo, o zagueiro respondeu perguntas dos torcedores no Instagram justamente quando realizava um trabalho f\u00edsico numa academia. \u201cC\u00e1 para n\u00f3s, na\u00e7\u00e3o cruzeirense, imagina a gente campe\u00e3o da Libertadores. Imagina a festa que vamos fazer. Vamos apoiar at\u00e9 o final. Desde o Estadual at\u00e9 o \u00faltimo jogo que tiver para ser campe\u00e3o. Vamos tentar lotar os est\u00e1dios. Tomara que seja bem acess\u00edvel quest\u00e3o de ingressos e coisas para a torcida para que vire uma na\u00e7\u00e3o s\u00f3, uma coisa s\u00f3, torcida e time. Isso faz a diferen\u00e7a. Todo mundo viu na Copa do Brasil. Desde o come\u00e7o, o que jogador tem a pedir \u00e9 apoio total independentemente de qualquer situa\u00e7\u00e3o\u201d, pediu o defensor, que comentou at\u00e9 a possibilidade de chegar ao Mundial de Clubes em 2018.<\/div>\n<div><\/div>\n<div>\u201cPode ter certeza qualquer time da Europa, se o Cruzeiro tiver (no Mundial de Clubes) vai batalhar para ser campe\u00e3o. Estamos otimistas com a Libertadores, mas tem que estar no campo para mostrar o otimismo e que podemos vencer. Cruzeiro est\u00e1 trabalhando por refor\u00e7os, vamos fortes\u201d, prometeu Ded\u00e9. Durante a transmiss\u00e3o ao vivo no Instagram, ele recebeu centenas de mensagens, perguntas e se mostrou muito simp\u00e1tico aos torcedores, ainda que bastante cansado pelos in\u00fameros exerc\u00edcios que realizava paralelamente.<\/div>\n<div><\/div>\n<div>De acordo com S\u00e9rgio Campolina, novo chefe do departamento m\u00e9dico do Cruzeiro e que j\u00e1 assumiu a responsabilidade no tratamento de Ded\u00e9, o retorno do zagueiro aos gramados poder\u00e1 acontecer em fevereiro. A Raposa se reapresenta em 3 de janeiro, na Toca II, e o zagueiro passar\u00e1 por uma leitura das condi\u00e7\u00f5es. O objetivo dos m\u00e9dicos \u00e9 colocar o camisa 26 em prepara\u00e7\u00e3o f\u00edsica no primeiro m\u00eas do ano para, a\u00ed sim, deix\u00e1-lo \u00e0 disposi\u00e7\u00e3o de Mano Menezes.<\/div>\n<div><\/div>\n<div><\/div>\n<div><em><strong>Reportagem original:<\/strong><\/em><\/div>\n<div><em><strong>\u00a0<\/strong><a href=\"https:\/\/www.mg.superesportes.com.br\/app\/noticias\/futebol\/cruzeiro\/2017\/12\/29\/noticia_cruzeiro,449252\/dede-fala-de-sonho-da-libertadores-pelo-cruzeiro.shtml\">https:\/\/www.mg.superesportes.com.br\/app\/noticias\/futebol\/cruzeiro\/2017\/12\/29\/noticia_cruzeiro,449252\/dede-fala-de-sonho-da-libertadores-pelo-cruzeiro.shtml<\/a><\/em><\/div>\n","protected":false},"excerpt":{"rendered":"<p>Ded\u00e9 encheu de expectativa a torcida do Cruzeiro. Al\u00e9m de comentar uma possibilidade de retorno do meia Ricardo Goulart, o zagueiro se mostrou absolutamente otimista com o 2018 da Raposa. Em v\u00eddeo transmitido ao vivo &#8230; <a class=\"readmore\" href=\"https:\/\/www.sgagora.com.br\/sg\/dede-fala-de-sonho-da-libertadores-pelo-cruzeiro\/\">Leia Mais<\/a><\/p>\n","protected":false},"author":1,"featured_media":999952957,"comment_status":"open","ping_status":"open","sticky":false,"template":"","format":"standard","meta":{"_bbp_topic_count":0,"_bbp_reply_count":0,"_bbp_total_topic_count":0,"_bbp_total_reply_count":0,"_bbp_voice_count":0,"_bbp_anonymous_reply_count":0,"_bbp_topic_count_hidden":0,"_bbp_reply_count_hidden":0,"_bbp_forum_subforum_count":0},"categories":[6],"tags":[1346,767,213,1414,161,1413],"yoast_head":"<!-- This site is optimized with the Yoast SEO plugin v20.5 - https:\/\/yoast.com\/wordpress\/plugins\/seo\/ -->\n<title>Ded\u00e9 fala de sonho da Libertadores pelo Cruzeiro<\/title>\n<meta name=\"description\" content=\"Al\u00e9m disso compara: &#039;A sequ\u00eancia de 2017 para 2018 est\u00e1 parecida com 2013 e 2014&#039;. Zagueiro est\u00e1 em tratamento de um edema \u00f3sseo do joelho esquerdo\" \/>\n<meta name=\"robots\" content=\"index, follow, max-snippet:-1, max-image-preview:large, max-video-preview:-1\" \/>\n<link rel=\"canonical\" href=\"https:\/\/www.sgagora.com.br\/sg\/dede-fala-de-sonho-da-libertadores-pelo-cruzeiro\/\" \/>\n<meta property=\"og:locale\" content=\"pt_BR\" \/>\n<meta property=\"og:type\" content=\"article\" \/>\n<meta property=\"og:title\" content=\"Ded\u00e9 fala de sonho da Libertadores pelo Cruzeiro\" \/>\n<meta property=\"og:description\" content=\"Al\u00e9m disso compara: &#039;A sequ\u00eancia de 2017 para 2018 est\u00e1 parecida com 2013 e 2014&#039;. Zagueiro est\u00e1 em tratamento de um edema \u00f3sseo do joelho esquerdo\" \/>\n<meta property=\"og:url\" content=\"https:\/\/www.sgagora.com.br\/sg\/dede-fala-de-sonho-da-libertadores-pelo-cruzeiro\/\" \/>\n<meta property=\"og:site_name\" content=\"SGAgora\" \/>\n<meta property=\"article:publisher\" content=\"https:\/\/www.facebook.com\/sgagora\" \/>\n<meta property=\"article:published_time\" content=\"2017-12-29T17:07:34+00:00\" \/>\n<meta property=\"og:image\" content=\"https:\/\/www.sgagora.com.br\/sg\/wp-content\/uploads\/2017\/12\/20171229141532952778u-e1514567166274.jpg\" \/>\n\t<meta property=\"og:image:width\" content=\"600\" \/>\n\t<meta property=\"og:image:height\" content=\"400\" \/>\n\t<meta property=\"og:image:type\" content=\"image\/jpeg\" \/>\n<meta name=\"author\" content=\"SG Agora\" \/>\n<meta name=\"twitter:label1\" content=\"Escrito por\" \/>\n\t<meta name=\"twitter:data1\" content=\"SG Agora\" \/>\n\t<meta name=\"twitter:label2\" content=\"Est. tempo de leitura\" \/>\n\t<meta name=\"twitter:data2\" content=\"3 minutos\" \/>\n<script type=\"application\/ld+json\" class=\"yoast-schema-graph\">{\"@context\":\"https:\/\/schema.org\",\"@graph\":[{\"@type\":\"WebPage\",\"@id\":\"https:\/\/www.sgagora.com.br\/sg\/dede-fala-de-sonho-da-libertadores-pelo-cruzeiro\/\",\"url\":\"https:\/\/www.sgagora.com.br\/sg\/dede-fala-de-sonho-da-libertadores-pelo-cruzeiro\/\",\"name\":\"Ded\u00e9 fala de sonho da Libertadores pelo Cruzeiro\",\"isPartOf\":{\"@id\":\"https:\/\/www.sgagora.com.br\/sg\/#website\"},\"datePublished\":\"2017-12-29T17:07:34+00:00\",\"dateModified\":\"2017-12-29T17:07:34+00:00\",\"author\":{\"@id\":\"https:\/\/www.sgagora.com.br\/sg\/#\/schema\/person\/2be62cfb47cee3e0b305e4f7a765ae41\"},\"description\":\"Al\u00e9m disso compara: 'A sequ\u00eancia de 2017 para 2018 est\u00e1 parecida com 2013 e 2014'. Zagueiro est\u00e1 em tratamento de um edema \u00f3sseo do joelho esquerdo\",\"breadcrumb\":{\"@id\":\"https:\/\/www.sgagora.com.br\/sg\/dede-fala-de-sonho-da-libertadores-pelo-cruzeiro\/#breadcrumb\"},\"inLanguage\":\"pt-BR\",\"potentialAction\":[{\"@type\":\"ReadAction\",\"target\":[\"https:\/\/www.sgagora.com.br\/sg\/dede-fala-de-sonho-da-libertadores-pelo-cruzeiro\/\"]}]},{\"@type\":\"BreadcrumbList\",\"@id\":\"https:\/\/www.sgagora.com.br\/sg\/dede-fala-de-sonho-da-libertadores-pelo-cruzeiro\/#breadcrumb\",\"itemListElement\":[{\"@type\":\"ListItem\",\"position\":1,\"name\":\"In\u00edcio\",\"item\":\"https:\/\/www.sgagora.com.br\/sg\/\"},{\"@type\":\"ListItem\",\"position\":2,\"name\":\"Ded\u00e9 fala de sonho da Libertadores pelo Cruzeiro\"}]},{\"@type\":\"WebSite\",\"@id\":\"https:\/\/www.sgagora.com.br\/sg\/#website\",\"url\":\"https:\/\/www.sgagora.com.br\/sg\/\",\"name\":\"SGAgora\",\"description\":\"Not\u00edcias de S\u00e3o Gotardo\",\"potentialAction\":[{\"@type\":\"SearchAction\",\"target\":{\"@type\":\"EntryPoint\",\"urlTemplate\":\"https:\/\/www.sgagora.com.br\/sg\/?s={search_term_string}\"},\"query-input\":\"required name=search_term_string\"}],\"inLanguage\":\"pt-BR\"},{\"@type\":\"Person\",\"@id\":\"https:\/\/www.sgagora.com.br\/sg\/#\/schema\/person\/2be62cfb47cee3e0b305e4f7a765ae41\",\"name\":\"SG Agora\",\"image\":{\"@type\":\"ImageObject\",\"inLanguage\":\"pt-BR\",\"@id\":\"https:\/\/www.sgagora.com.br\/sg\/#\/schema\/person\/image\/\",\"url\":\"https:\/\/secure.gravatar.com\/avatar\/a0c612a9a8c3e7419d6fd4f92e749d8d?s=96&d=mm&r=g\",\"contentUrl\":\"https:\/\/secure.gravatar.com\/avatar\/a0c612a9a8c3e7419d6fd4f92e749d8d?s=96&d=mm&r=g\",\"caption\":\"SG Agora\"},\"url\":\"https:\/\/www.sgagora.com.br\/sg\/author\/admin\/\"}]}<\/script>\n<!-- \/ Yoast SEO plugin. -->","yoast_head_json":{"title":"Ded\u00e9 fala de sonho da Libertadores pelo Cruzeiro","description":"Al\u00e9m disso compara: 'A sequ\u00eancia de 2017 para 2018 est\u00e1 parecida com 2013 e 2014'. Zagueiro est\u00e1 em tratamento de um edema \u00f3sseo do joelho esquerdo","robots":{"index":"index","follow":"follow","max-snippet":"max-snippet:-1","max-image-preview":"max-image-preview:large","max-video-preview":"max-video-preview:-1"},"canonical":"https:\/\/www.sgagora.com.br\/sg\/dede-fala-de-sonho-da-libertadores-pelo-cruzeiro\/","og_locale":"pt_BR","og_type":"article","og_title":"Ded\u00e9 fala de sonho da Libertadores pelo Cruzeiro","og_description":"Al\u00e9m disso compara: 'A sequ\u00eancia de 2017 para 2018 est\u00e1 parecida com 2013 e 2014'. Zagueiro est\u00e1 em tratamento de um edema \u00f3sseo do joelho esquerdo","og_url":"https:\/\/www.sgagora.com.br\/sg\/dede-fala-de-sonho-da-libertadores-pelo-cruzeiro\/","og_site_name":"SGAgora","article_publisher":"https:\/\/www.facebook.com\/sgagora","article_published_time":"2017-12-29T17:07:34+00:00","og_image":[{"width":600,"height":400,"url":"https:\/\/www.sgagora.com.br\/sg\/wp-content\/uploads\/2017\/12\/20171229141532952778u-e1514567166274.jpg","type":"image\/jpeg"}],"author":"SG Agora","twitter_misc":{"Escrito por":"SG Agora","Est. tempo de leitura":"3 minutos"},"schema":{"@context":"https:\/\/schema.org","@graph":[{"@type":"WebPage","@id":"https:\/\/www.sgagora.com.br\/sg\/dede-fala-de-sonho-da-libertadores-pelo-cruzeiro\/","url":"https:\/\/www.sgagora.com.br\/sg\/dede-fala-de-sonho-da-libertadores-pelo-cruzeiro\/","name":"Ded\u00e9 fala de sonho da Libertadores pelo Cruzeiro","isPartOf":{"@id":"https:\/\/www.sgagora.com.br\/sg\/#website"},"datePublished":"2017-12-29T17:07:34+00:00","dateModified":"2017-12-29T17:07:34+00:00","author":{"@id":"https:\/\/www.sgagora.com.br\/sg\/#\/schema\/person\/2be62cfb47cee3e0b305e4f7a765ae41"},"description":"Al\u00e9m disso compara: 'A sequ\u00eancia de 2017 para 2018 est\u00e1 parecida com 2013 e 2014'. Zagueiro est\u00e1 em tratamento de um edema \u00f3sseo do joelho esquerdo","breadcrumb":{"@id":"https:\/\/www.sgagora.com.br\/sg\/dede-fala-de-sonho-da-libertadores-pelo-cruzeiro\/#breadcrumb"},"inLanguage":"pt-BR","potentialAction":[{"@type":"ReadAction","target":["https:\/\/www.sgagora.com.br\/sg\/dede-fala-de-sonho-da-libertadores-pelo-cruzeiro\/"]}]},{"@type":"BreadcrumbList","@id":"https:\/\/www.sgagora.com.br\/sg\/dede-fala-de-sonho-da-libertadores-pelo-cruzeiro\/#breadcrumb","itemListElement":[{"@type":"ListItem","position":1,"name":"In\u00edcio","item":"https:\/\/www.sgagora.com.br\/sg\/"},{"@type":"ListItem","position":2,"name":"Ded\u00e9 fala de sonho da Libertadores pelo Cruzeiro"}]},{"@type":"WebSite","@id":"https:\/\/www.sgagora.com.br\/sg\/#website","url":"https:\/\/www.sgagora.com.br\/sg\/","name":"SGAgora","description":"Not\u00edcias de S\u00e3o Gotardo","potentialAction":[{"@type":"SearchAction","target":{"@type":"EntryPoint","urlTemplate":"https:\/\/www.sgagora.com.br\/sg\/?s={search_term_string}"},"query-input":"required name=search_term_string"}],"inLanguage":"pt-BR"},{"@type":"Person","@id":"https:\/\/www.sgagora.com.br\/sg\/#\/schema\/person\/2be62cfb47cee3e0b305e4f7a765ae41","name":"SG Agora","image":{"@type":"ImageObject","inLanguage":"pt-BR","@id":"https:\/\/www.sgagora.com.br\/sg\/#\/schema\/person\/image\/","url":"https:\/\/secure.gravatar.com\/avatar\/a0c612a9a8c3e7419d6fd4f92e749d8d?s=96&d=mm&r=g","contentUrl":"https:\/\/secure.gravatar.com\/avatar\/a0c612a9a8c3e7419d6fd4f92e749d8d?s=96&d=mm&r=g","caption":"SG Agora"},"url":"https:\/\/www.sgagora.com.br\/sg\/author\/admin\/"}]}},"_links":{"self":[{"href":"https:\/\/www.sgagora.com.br\/sg\/wp-json\/wp\/v2\/posts\/999952956"}],"collection":[{"href":"https:\/\/www.sgagora.com.br\/sg\/wp-json\/wp\/v2\/posts"}],"about":[{"href":"https:\/\/www.sgagora.com.br\/sg\/wp-json\/wp\/v2\/types\/post"}],"author":[{"embeddable":true,"href":"https:\/\/www.sgagora.com.br\/sg\/wp-json\/wp\/v2\/users\/1"}],"replies":[{"embeddable":true,"href":"https:\/\/www.sgagora.com.br\/sg\/wp-json\/wp\/v2\/comments?post=999952956"}],"version-history":[{"count":1,"href":"https:\/\/www.sgagora.com.br\/sg\/wp-json\/wp\/v2\/posts\/999952956\/revisions"}],"predecessor-version":[{"id":999952958,"href":"https:\/\/www.sgagora.com.br\/sg\/wp-json\/wp\/v2\/posts\/999952956\/revisions\/999952958"}],"wp:featuredmedia":[{"embeddable":true,"href":"https:\/\/www.sgagora.com.br\/sg\/wp-json\/wp\/v2\/media\/999952957"}],"wp:attachment":[{"href":"https:\/\/www.sgagora.com.br\/sg\/wp-json\/wp\/v2\/media?parent=999952956"}],"wp:term":[{"taxonomy":"category","embeddable":true,"href":"https:\/\/www.sgagora.com.br\/sg\/wp-json\/wp\/v2\/categories?post=999952956"},{"taxonomy":"post_tag","embeddable":true,"href":"https:\/\/www.sgagora.com.br\/sg\/wp-json\/wp\/v2\/tags?post=999952956"}],"curies":[{"name":"wp","href":"https:\/\/api.w.org\/{rel}","templated":true}]}}