{"id":999954028,"date":"2018-02-09T12:17:14","date_gmt":"2018-02-09T12:17:14","guid":{"rendered":"https:\/\/www.sgagora.com.br\/sg\/?p=999954028"},"modified":"2018-02-09T13:54:41","modified_gmt":"2018-02-09T13:54:41","slug":"policia-civil-abre-76-vagas-para-delegado-com-salario-de-r-114-mil","status":"publish","type":"post","link":"https:\/\/www.sgagora.com.br\/sg\/policia-civil-abre-76-vagas-para-delegado-com-salario-de-r-114-mil\/","title":{"rendered":"Pol\u00edcia Civil abre 76 vagas para delegado com sal\u00e1rio de R$ 11,4 mil"},"content":{"rendered":"<p style=\"text-align: justify;\">Edital publicado pelo governo mineiro prev\u00ea a contrata\u00e7\u00e3o de 76 delegados para integrar a Pol\u00edcia Civil. Os novos policiais ser\u00e3o alocados no interior do Estado. As inscri\u00e7\u00f5es podem ser feitas entre 16 de abril e 15 de maio.<\/p>\n<p style=\"text-align: justify;\">&#8220;O governador autorizou a realiza\u00e7\u00e3o do concurso para delegado, o que representa um grande ganho para nossa institui\u00e7\u00e3o e tamb\u00e9m para a sociedade\u201d, afirma o chefe da Pol\u00edcia Civil, delegado-geral Jo\u00e3o Octac\u00edlio Silva Neto.<\/p>\n<p style=\"text-align: justify;\">A jornada de trabalho \u00e9 de 40 horas semanais, com sal\u00e1rio inicial de R$ 11.475,57. Conforme o edital, oito vagas s\u00e3o reservadas a pessoas com defici\u00eancia.<\/p>\n<p style=\"text-align: justify;\">S\u00e3o requisitos para ingressar no cargo o t\u00edtulo de bacharel em direito, ter pelo menos 18 anos, ser brasileiro nato ou naturalizado, estar em dia com as obriga\u00e7\u00f5es eleitorais e estar em pleno exerc\u00edcio dos direitos civis e pol\u00edticos.<\/p>\n<p style=\"text-align: center;\"><span style=\"color: #ff0000;\"><strong>(CONTINUA AP\u00d3S A PUBLICIDADE)<\/strong><\/span><img decoding=\"async\" loading=\"lazy\" class=\"aligncenter size-full wp-image-999954010\" src=\"https:\/\/www.sgagora.com.br\/sg\/wp-content\/uploads\/2018\/02\/Uninter-2.gif\" alt=\"Uninter-2\" width=\"600\" height=\"250\" \/><\/p>\n<p style=\"text-align: justify;\">A prova objetiva ter\u00e1 car\u00e1ter eliminat\u00f3rio e classificat\u00f3rio, com data prov\u00e1vel de realiza\u00e7\u00e3o no dia 17 de junho. O teste ser\u00e1 realizado em Belo Horizonte. Ser\u00e3o 70 quest\u00f5es de m\u00faltipla-escolha, sendo: 10 quest\u00f5es de direito administrativo; 10 quest\u00f5es de direito civil; 10 quest\u00f5es de direito constitucional; 10 quest\u00f5es de direito penal; 10 quest\u00f5es de direito processual penal; cinco quest\u00f5es de direitos humanos; 10 quest\u00f5es de medicina legal; cinco quest\u00f5es de no\u00e7\u00f5es de criminologia.<\/p>\n<p style=\"text-align: justify;\">O concurso p\u00fablico prev\u00ea, na sequ\u00eancia dos testes de conhecimento, uma prova dissertativa (eliminat\u00f3ria e classificat\u00f3ria), prova oral (eliminat\u00f3ria e classificat\u00f3ria), avalia\u00e7\u00e3o psicol\u00f3gica (eliminat\u00f3ria), exames biom\u00e9dicos e biof\u00edsicos (etapa eliminat\u00f3ria), al\u00e9m de prova de t\u00edtulos (classificat\u00f3ria) e investiga\u00e7\u00e3o social (eliminat\u00f3ria).<\/p>\n<p>&nbsp;<\/p>\n<p style=\"text-align: justify;\"><strong>Reportagem Original e Foto Capa:<\/strong> Jornal O Tempo \/ http:\/\/www.otempo.com.br\/capa\/economia\/pol%C3%ADcia-civil-abre-76-vagas-para-delegado-com-sal%C3%A1rio-de-r-11-4-mil-1.1571626<\/p>\n","protected":false},"excerpt":{"rendered":"<p>Edital publicado pelo governo mineiro prev\u00ea a contrata\u00e7\u00e3o de 76 delegados para integrar a Pol\u00edcia Civil. Os novos policiais ser\u00e3o alocados no interior do Estado. As inscri\u00e7\u00f5es podem ser feitas entre 16 de abril e &#8230; <a class=\"readmore\" href=\"https:\/\/www.sgagora.com.br\/sg\/policia-civil-abre-76-vagas-para-delegado-com-salario-de-r-114-mil\/\">Leia Mais<\/a><\/p>\n","protected":false},"author":1,"featured_media":999954031,"comment_status":"open","ping_status":"open","sticky":false,"template":"","format":"standard","meta":{"_bbp_topic_count":0,"_bbp_reply_count":0,"_bbp_total_topic_count":0,"_bbp_total_reply_count":0,"_bbp_voice_count":0,"_bbp_anonymous_reply_count":0,"_bbp_topic_count_hidden":0,"_bbp_reply_count_hidden":0,"_bbp_forum_subforum_count":0},"categories":[77],"tags":[1526,269,659,1256,120,1007,194,616,131],"yoast_head":"<!-- This site is optimized with the Yoast SEO plugin v20.5 - https:\/\/yoast.com\/wordpress\/plugins\/seo\/ -->\n<title>Pol\u00edcia Civil abre 76 vagas para delegado com sal\u00e1rio de R$ 11,4 mil<\/title>\n<meta name=\"description\" content=\"Edital publicado pelo governo mineiro prev\u00ea a contrata\u00e7\u00e3o de 76 delegados para integrar a Pol\u00edcia Civil.\" \/>\n<meta name=\"robots\" content=\"index, follow, max-snippet:-1, max-image-preview:large, max-video-preview:-1\" \/>\n<link rel=\"canonical\" href=\"https:\/\/www.sgagora.com.br\/sg\/policia-civil-abre-76-vagas-para-delegado-com-salario-de-r-114-mil\/\" \/>\n<meta property=\"og:locale\" content=\"pt_BR\" \/>\n<meta property=\"og:type\" content=\"article\" \/>\n<meta property=\"og:title\" content=\"Pol\u00edcia Civil abre 76 vagas para delegado com sal\u00e1rio de R$ 11,4 mil\" \/>\n<meta property=\"og:description\" content=\"Edital publicado pelo governo mineiro prev\u00ea a contrata\u00e7\u00e3o de 76 delegados para integrar a Pol\u00edcia Civil.\" \/>\n<meta property=\"og:url\" content=\"https:\/\/www.sgagora.com.br\/sg\/policia-civil-abre-76-vagas-para-delegado-com-salario-de-r-114-mil\/\" \/>\n<meta property=\"og:site_name\" content=\"SGAgora\" \/>\n<meta property=\"article:publisher\" content=\"https:\/\/www.facebook.com\/sgagora\" \/>\n<meta property=\"article:published_time\" content=\"2018-02-09T12:17:14+00:00\" \/>\n<meta property=\"article:modified_time\" content=\"2018-02-09T13:54:41+00:00\" \/>\n<meta property=\"og:image\" content=\"https:\/\/www.sgagora.com.br\/sg\/wp-content\/uploads\/2018\/02\/image-2-e1518178511768.jpg\" \/>\n\t<meta property=\"og:image:width\" content=\"600\" \/>\n\t<meta property=\"og:image:height\" content=\"400\" \/>\n\t<meta property=\"og:image:type\" content=\"image\/jpeg\" \/>\n<meta name=\"author\" content=\"SG Agora\" \/>\n<meta name=\"twitter:label1\" content=\"Escrito por\" \/>\n\t<meta name=\"twitter:data1\" content=\"SG Agora\" \/>\n\t<meta name=\"twitter:label2\" content=\"Est. tempo de leitura\" \/>\n\t<meta name=\"twitter:data2\" content=\"2 minutos\" \/>\n<script type=\"application\/ld+json\" class=\"yoast-schema-graph\">{\"@context\":\"https:\/\/schema.org\",\"@graph\":[{\"@type\":\"WebPage\",\"@id\":\"https:\/\/www.sgagora.com.br\/sg\/policia-civil-abre-76-vagas-para-delegado-com-salario-de-r-114-mil\/\",\"url\":\"https:\/\/www.sgagora.com.br\/sg\/policia-civil-abre-76-vagas-para-delegado-com-salario-de-r-114-mil\/\",\"name\":\"Pol\u00edcia Civil abre 76 vagas para delegado com sal\u00e1rio de R$ 11,4 mil\",\"isPartOf\":{\"@id\":\"https:\/\/www.sgagora.com.br\/sg\/#website\"},\"datePublished\":\"2018-02-09T12:17:14+00:00\",\"dateModified\":\"2018-02-09T13:54:41+00:00\",\"author\":{\"@id\":\"https:\/\/www.sgagora.com.br\/sg\/#\/schema\/person\/2be62cfb47cee3e0b305e4f7a765ae41\"},\"description\":\"Edital publicado pelo governo mineiro prev\u00ea a contrata\u00e7\u00e3o de 76 delegados para integrar a Pol\u00edcia Civil.\",\"breadcrumb\":{\"@id\":\"https:\/\/www.sgagora.com.br\/sg\/policia-civil-abre-76-vagas-para-delegado-com-salario-de-r-114-mil\/#breadcrumb\"},\"inLanguage\":\"pt-BR\",\"potentialAction\":[{\"@type\":\"ReadAction\",\"target\":[\"https:\/\/www.sgagora.com.br\/sg\/policia-civil-abre-76-vagas-para-delegado-com-salario-de-r-114-mil\/\"]}]},{\"@type\":\"BreadcrumbList\",\"@id\":\"https:\/\/www.sgagora.com.br\/sg\/policia-civil-abre-76-vagas-para-delegado-com-salario-de-r-114-mil\/#breadcrumb\",\"itemListElement\":[{\"@type\":\"ListItem\",\"position\":1,\"name\":\"In\u00edcio\",\"item\":\"https:\/\/www.sgagora.com.br\/sg\/\"},{\"@type\":\"ListItem\",\"position\":2,\"name\":\"Pol\u00edcia Civil abre 76 vagas para delegado com sal\u00e1rio de R$ 11,4 mil\"}]},{\"@type\":\"WebSite\",\"@id\":\"https:\/\/www.sgagora.com.br\/sg\/#website\",\"url\":\"https:\/\/www.sgagora.com.br\/sg\/\",\"name\":\"SGAgora\",\"description\":\"Not\u00edcias de S\u00e3o Gotardo\",\"potentialAction\":[{\"@type\":\"SearchAction\",\"target\":{\"@type\":\"EntryPoint\",\"urlTemplate\":\"https:\/\/www.sgagora.com.br\/sg\/?s={search_term_string}\"},\"query-input\":\"required name=search_term_string\"}],\"inLanguage\":\"pt-BR\"},{\"@type\":\"Person\",\"@id\":\"https:\/\/www.sgagora.com.br\/sg\/#\/schema\/person\/2be62cfb47cee3e0b305e4f7a765ae41\",\"name\":\"SG Agora\",\"image\":{\"@type\":\"ImageObject\",\"inLanguage\":\"pt-BR\",\"@id\":\"https:\/\/www.sgagora.com.br\/sg\/#\/schema\/person\/image\/\",\"url\":\"https:\/\/secure.gravatar.com\/avatar\/a0c612a9a8c3e7419d6fd4f92e749d8d?s=96&d=mm&r=g\",\"contentUrl\":\"https:\/\/secure.gravatar.com\/avatar\/a0c612a9a8c3e7419d6fd4f92e749d8d?s=96&d=mm&r=g\",\"caption\":\"SG Agora\"},\"url\":\"https:\/\/www.sgagora.com.br\/sg\/author\/admin\/\"}]}<\/script>\n<!-- \/ Yoast SEO plugin. -->","yoast_head_json":{"title":"Pol\u00edcia Civil abre 76 vagas para delegado com sal\u00e1rio de R$ 11,4 mil","description":"Edital publicado pelo governo mineiro prev\u00ea a contrata\u00e7\u00e3o de 76 delegados para integrar a Pol\u00edcia Civil.","robots":{"index":"index","follow":"follow","max-snippet":"max-snippet:-1","max-image-preview":"max-image-preview:large","max-video-preview":"max-video-preview:-1"},"canonical":"https:\/\/www.sgagora.com.br\/sg\/policia-civil-abre-76-vagas-para-delegado-com-salario-de-r-114-mil\/","og_locale":"pt_BR","og_type":"article","og_title":"Pol\u00edcia Civil abre 76 vagas para delegado com sal\u00e1rio de R$ 11,4 mil","og_description":"Edital publicado pelo governo mineiro prev\u00ea a contrata\u00e7\u00e3o de 76 delegados para integrar a Pol\u00edcia Civil.","og_url":"https:\/\/www.sgagora.com.br\/sg\/policia-civil-abre-76-vagas-para-delegado-com-salario-de-r-114-mil\/","og_site_name":"SGAgora","article_publisher":"https:\/\/www.facebook.com\/sgagora","article_published_time":"2018-02-09T12:17:14+00:00","article_modified_time":"2018-02-09T13:54:41+00:00","og_image":[{"width":600,"height":400,"url":"https:\/\/www.sgagora.com.br\/sg\/wp-content\/uploads\/2018\/02\/image-2-e1518178511768.jpg","type":"image\/jpeg"}],"author":"SG Agora","twitter_misc":{"Escrito por":"SG Agora","Est. tempo de leitura":"2 minutos"},"schema":{"@context":"https:\/\/schema.org","@graph":[{"@type":"WebPage","@id":"https:\/\/www.sgagora.com.br\/sg\/policia-civil-abre-76-vagas-para-delegado-com-salario-de-r-114-mil\/","url":"https:\/\/www.sgagora.com.br\/sg\/policia-civil-abre-76-vagas-para-delegado-com-salario-de-r-114-mil\/","name":"Pol\u00edcia Civil abre 76 vagas para delegado com sal\u00e1rio de R$ 11,4 mil","isPartOf":{"@id":"https:\/\/www.sgagora.com.br\/sg\/#website"},"datePublished":"2018-02-09T12:17:14+00:00","dateModified":"2018-02-09T13:54:41+00:00","author":{"@id":"https:\/\/www.sgagora.com.br\/sg\/#\/schema\/person\/2be62cfb47cee3e0b305e4f7a765ae41"},"description":"Edital publicado pelo governo mineiro prev\u00ea a contrata\u00e7\u00e3o de 76 delegados para integrar a Pol\u00edcia Civil.","breadcrumb":{"@id":"https:\/\/www.sgagora.com.br\/sg\/policia-civil-abre-76-vagas-para-delegado-com-salario-de-r-114-mil\/#breadcrumb"},"inLanguage":"pt-BR","potentialAction":[{"@type":"ReadAction","target":["https:\/\/www.sgagora.com.br\/sg\/policia-civil-abre-76-vagas-para-delegado-com-salario-de-r-114-mil\/"]}]},{"@type":"BreadcrumbList","@id":"https:\/\/www.sgagora.com.br\/sg\/policia-civil-abre-76-vagas-para-delegado-com-salario-de-r-114-mil\/#breadcrumb","itemListElement":[{"@type":"ListItem","position":1,"name":"In\u00edcio","item":"https:\/\/www.sgagora.com.br\/sg\/"},{"@type":"ListItem","position":2,"name":"Pol\u00edcia Civil abre 76 vagas para delegado com sal\u00e1rio de R$ 11,4 mil"}]},{"@type":"WebSite","@id":"https:\/\/www.sgagora.com.br\/sg\/#website","url":"https:\/\/www.sgagora.com.br\/sg\/","name":"SGAgora","description":"Not\u00edcias de S\u00e3o Gotardo","potentialAction":[{"@type":"SearchAction","target":{"@type":"EntryPoint","urlTemplate":"https:\/\/www.sgagora.com.br\/sg\/?s={search_term_string}"},"query-input":"required name=search_term_string"}],"inLanguage":"pt-BR"},{"@type":"Person","@id":"https:\/\/www.sgagora.com.br\/sg\/#\/schema\/person\/2be62cfb47cee3e0b305e4f7a765ae41","name":"SG Agora","image":{"@type":"ImageObject","inLanguage":"pt-BR","@id":"https:\/\/www.sgagora.com.br\/sg\/#\/schema\/person\/image\/","url":"https:\/\/secure.gravatar.com\/avatar\/a0c612a9a8c3e7419d6fd4f92e749d8d?s=96&d=mm&r=g","contentUrl":"https:\/\/secure.gravatar.com\/avatar\/a0c612a9a8c3e7419d6fd4f92e749d8d?s=96&d=mm&r=g","caption":"SG Agora"},"url":"https:\/\/www.sgagora.com.br\/sg\/author\/admin\/"}]}},"_links":{"self":[{"href":"https:\/\/www.sgagora.com.br\/sg\/wp-json\/wp\/v2\/posts\/999954028"}],"collection":[{"href":"https:\/\/www.sgagora.com.br\/sg\/wp-json\/wp\/v2\/posts"}],"about":[{"href":"https:\/\/www.sgagora.com.br\/sg\/wp-json\/wp\/v2\/types\/post"}],"author":[{"embeddable":true,"href":"https:\/\/www.sgagora.com.br\/sg\/wp-json\/wp\/v2\/users\/1"}],"replies":[{"embeddable":true,"href":"https:\/\/www.sgagora.com.br\/sg\/wp-json\/wp\/v2\/comments?post=999954028"}],"version-history":[{"count":2,"href":"https:\/\/www.sgagora.com.br\/sg\/wp-json\/wp\/v2\/posts\/999954028\/revisions"}],"predecessor-version":[{"id":999954038,"href":"https:\/\/www.sgagora.com.br\/sg\/wp-json\/wp\/v2\/posts\/999954028\/revisions\/999954038"}],"wp:featuredmedia":[{"embeddable":true,"href":"https:\/\/www.sgagora.com.br\/sg\/wp-json\/wp\/v2\/media\/999954031"}],"wp:attachment":[{"href":"https:\/\/www.sgagora.com.br\/sg\/wp-json\/wp\/v2\/media?parent=999954028"}],"wp:term":[{"taxonomy":"category","embeddable":true,"href":"https:\/\/www.sgagora.com.br\/sg\/wp-json\/wp\/v2\/categories?post=999954028"},{"taxonomy":"post_tag","embeddable":true,"href":"https:\/\/www.sgagora.com.br\/sg\/wp-json\/wp\/v2\/tags?post=999954028"}],"curies":[{"name":"wp","href":"https:\/\/api.w.org\/{rel}","templated":true}]}}