{"id":999961415,"date":"2018-08-08T18:56:43","date_gmt":"2018-08-08T18:56:43","guid":{"rendered":"https:\/\/www.sgagora.com.br\/sg\/?p=999961415"},"modified":"2018-08-08T18:56:43","modified_gmt":"2018-08-08T18:56:43","slug":"droga-que-seria-distribuida-em-patos-de-minas-e-apreendida-pela-policia-militar-rodoviaria","status":"publish","type":"post","link":"https:\/\/www.sgagora.com.br\/sg\/droga-que-seria-distribuida-em-patos-de-minas-e-apreendida-pela-policia-militar-rodoviaria\/","title":{"rendered":"Droga que seria distribu\u00edda em Patos de Minas \u00e9 apreendida pela Pol\u00edcia Militar Rodovi\u00e1ria"},"content":{"rendered":"<p style=\"text-align: justify;\">Na tarde desta quarta-feira (08\/08) na MGC-354, dois homens foram presos, ap\u00f3s serem flagrados transportando cerca de 45 quilos de maconha, droga esta que seria distribu\u00edda na cidade de Patos de Minas. A apreens\u00e3o considerada uma das maiores da regi\u00e3o no ano de 2018, foi efetuada, ap\u00f3s os suspeitos serem flagrados por um policial que estava em seu ve\u00edculo particular e desconfiou da atitude suspeita dos envolvidos as margens da rodovia. Toda a droga apreendida foi encaminhada para a Delegacia de Pol\u00edcia Civil de Patos de Minas, para demais provid\u00eancias, juntamente com os autores presos durante a ocorr\u00eancia.<\/p>\n<p style=\"text-align: center;\"><span style=\"color: #ff0000;\"><strong>(CONTINUA AP\u00d3S A PUBLICIDADE)<\/strong><\/span><img decoding=\"async\" loading=\"lazy\" class=\"aligncenter size-full wp-image-999954010\" src=\"https:\/\/www.sgagora.com.br\/sg\/wp-content\/uploads\/2018\/02\/Uninter-2.gif\" alt=\"Uninter-2\" width=\"600\" height=\"250\" \/><\/p>\n<p style=\"text-align: justify;\">Segundo informa\u00e7\u00f5es da Pol\u00edcia Milita Rodovi\u00e1ria, ap\u00f3s receberem a informa\u00e7\u00e3o de que um ve\u00edculo Fiat\/P\u00e1lio de cor vermelha e com placas da cidade de Patos de Minas estaria parado em atitude suspeita as margens da MGC-354, uma viatura da pol\u00edcia rodovi\u00e1ria deslocou at\u00e9 o local denunciado. No acostamento juntamente com o ve\u00edculo estavam os autores V.R.M. e J.C.A., ambos j\u00e1 conhecidos no meio policial. Com a autoriza\u00e7\u00e3o dos suspeitos, foram realizadas buscas no autom\u00f3vel, sendo localizados no porta mala, uma caixa de papel\u00e3o, contendo 47 tabletes de maconha.<\/p>\n<p style=\"text-align: center;\"><span style=\"color: #ff0000;\"><strong>(CONTINUA AP\u00d3S A PUBLICIDADE)<\/strong><\/span><img decoding=\"async\" loading=\"lazy\" class=\"aligncenter size-full wp-image-999961402\" src=\"https:\/\/www.sgagora.com.br\/sg\/wp-content\/uploads\/2018\/08\/DIA-DOS-PAIS.gif\" alt=\"DIA-DOS-PAIS\" width=\"600\" height=\"250\" \/><\/p>\n<p style=\"text-align: justify;\">Com a droga localizada, os autores foram indagados sobre a proced\u00eancia da mesma e alegaram apenas que haviam adquirido os entorpecentes na zona rural pr\u00f3xima a cidade de Patroc\u00ednio. De acordo com os envolvidos a droga seria distribu\u00edda no bairro Esperan\u00e7a, na cidade de Patos de Minas. Confirmado o crime cometido, os autores foram presos em flagrante delito e juntamente com a droga apreendida, foram conduzidos para a Depol de Patos de Minas. O ve\u00edculo que era usado para transportar a droga tamb\u00e9m foi apreendido e encaminhado para o P\u00e1tio autorizado da Pol\u00edcia Civil.<\/p>\n<pre style=\"text-align: center;\"><img decoding=\"async\" loading=\"lazy\" class=\"aligncenter size-full wp-image-999961416\" src=\"https:\/\/www.sgagora.com.br\/sg\/wp-content\/uploads\/2018\/08\/2b322559-e816-4934-aa55-bf5f603b71b8.jpg\" alt=\"2b322559-e816-4934-aa55-bf5f603b71b8\" width=\"600\" height=\"450\" srcset=\"https:\/\/www.sgagora.com.br\/sg\/wp-content\/uploads\/2018\/08\/2b322559-e816-4934-aa55-bf5f603b71b8.jpg 600w, https:\/\/www.sgagora.com.br\/sg\/wp-content\/uploads\/2018\/08\/2b322559-e816-4934-aa55-bf5f603b71b8-300x225.jpg 300w\" sizes=\"(max-width: 600px) 100vw, 600px\" \/>Droga seria distribu\u00edda em Patos de Minas (Foto: PMR)<\/pre>\n<p>&nbsp;<\/p>\n<p style=\"text-align: justify;\"><em><strong>Reportagem:<\/strong> Diego Oliveira\/Portal SG AGORA \/ <strong>Fonte da Reportagem, Fotos utilizadas e Foto Capa:<\/strong> Pol\u00edcia Militar Rodovi\u00e1ria<\/em><\/p>\n","protected":false},"excerpt":{"rendered":"<p>Na tarde desta quarta-feira (08\/08) na MGC-354, dois homens foram presos, ap\u00f3s serem flagrados transportando cerca de 45 quilos de maconha, droga esta que seria distribu\u00edda na cidade de Patos de Minas. A apreens\u00e3o considerada &#8230; <a class=\"readmore\" href=\"https:\/\/www.sgagora.com.br\/sg\/droga-que-seria-distribuida-em-patos-de-minas-e-apreendida-pela-policia-militar-rodoviaria\/\">Leia Mais<\/a><\/p>\n","protected":false},"author":1,"featured_media":999961417,"comment_status":"open","ping_status":"open","sticky":false,"template":"","format":"standard","meta":{"_bbp_topic_count":0,"_bbp_reply_count":0,"_bbp_total_topic_count":0,"_bbp_total_reply_count":0,"_bbp_voice_count":0,"_bbp_anonymous_reply_count":0,"_bbp_topic_count_hidden":0,"_bbp_reply_count_hidden":0,"_bbp_forum_subforum_count":0},"categories":[84,77],"tags":[202,659,121,341,194,131,157,407],"yoast_head":"<!-- This site is optimized with the Yoast SEO plugin v20.5 - https:\/\/yoast.com\/wordpress\/plugins\/seo\/ -->\n<title>Droga que seria distribu\u00edda em Patos de Minas \u00e9 apreendida pela Pol\u00edcia Militar Rodovi\u00e1ria<\/title>\n<meta name=\"description\" content=\"Na tarde desta quarta-feira (08\/08) na MGC-354, dois homens foram presos, ap\u00f3s serem flagrados transportando cerca de 45 quilos de maconha.\" \/>\n<meta name=\"robots\" content=\"index, follow, max-snippet:-1, max-image-preview:large, max-video-preview:-1\" \/>\n<link rel=\"canonical\" href=\"https:\/\/www.sgagora.com.br\/sg\/droga-que-seria-distribuida-em-patos-de-minas-e-apreendida-pela-policia-militar-rodoviaria\/\" \/>\n<meta property=\"og:locale\" content=\"pt_BR\" \/>\n<meta property=\"og:type\" content=\"article\" \/>\n<meta property=\"og:title\" content=\"Droga que seria distribu\u00edda em Patos de Minas \u00e9 apreendida pela Pol\u00edcia Militar Rodovi\u00e1ria\" \/>\n<meta property=\"og:description\" content=\"Na tarde desta quarta-feira (08\/08) na MGC-354, dois homens foram presos, ap\u00f3s serem flagrados transportando cerca de 45 quilos de maconha.\" \/>\n<meta property=\"og:url\" content=\"https:\/\/www.sgagora.com.br\/sg\/droga-que-seria-distribuida-em-patos-de-minas-e-apreendida-pela-policia-militar-rodoviaria\/\" \/>\n<meta property=\"og:site_name\" content=\"SGAgora\" \/>\n<meta property=\"article:publisher\" content=\"https:\/\/www.facebook.com\/sgagora\" \/>\n<meta property=\"article:published_time\" content=\"2018-08-08T18:56:43+00:00\" \/>\n<meta property=\"og:image\" content=\"https:\/\/www.sgagora.com.br\/sg\/wp-content\/uploads\/2018\/08\/967e0c63-e1ca-4552-8bc8-88ee6c68aa4e.jpg\" \/>\n\t<meta property=\"og:image:width\" content=\"600\" \/>\n\t<meta property=\"og:image:height\" content=\"450\" \/>\n\t<meta property=\"og:image:type\" content=\"image\/jpeg\" \/>\n<meta name=\"author\" content=\"SG Agora\" \/>\n<meta name=\"twitter:label1\" content=\"Escrito por\" \/>\n\t<meta name=\"twitter:data1\" content=\"SG Agora\" \/>\n\t<meta name=\"twitter:label2\" content=\"Est. tempo de leitura\" \/>\n\t<meta name=\"twitter:data2\" content=\"2 minutos\" \/>\n<script type=\"application\/ld+json\" class=\"yoast-schema-graph\">{\"@context\":\"https:\/\/schema.org\",\"@graph\":[{\"@type\":\"WebPage\",\"@id\":\"https:\/\/www.sgagora.com.br\/sg\/droga-que-seria-distribuida-em-patos-de-minas-e-apreendida-pela-policia-militar-rodoviaria\/\",\"url\":\"https:\/\/www.sgagora.com.br\/sg\/droga-que-seria-distribuida-em-patos-de-minas-e-apreendida-pela-policia-militar-rodoviaria\/\",\"name\":\"Droga que seria distribu\u00edda em Patos de Minas \u00e9 apreendida pela Pol\u00edcia Militar Rodovi\u00e1ria\",\"isPartOf\":{\"@id\":\"https:\/\/www.sgagora.com.br\/sg\/#website\"},\"datePublished\":\"2018-08-08T18:56:43+00:00\",\"dateModified\":\"2018-08-08T18:56:43+00:00\",\"author\":{\"@id\":\"https:\/\/www.sgagora.com.br\/sg\/#\/schema\/person\/2be62cfb47cee3e0b305e4f7a765ae41\"},\"description\":\"Na tarde desta quarta-feira (08\/08) na MGC-354, dois homens foram presos, ap\u00f3s serem flagrados transportando cerca de 45 quilos de maconha.\",\"breadcrumb\":{\"@id\":\"https:\/\/www.sgagora.com.br\/sg\/droga-que-seria-distribuida-em-patos-de-minas-e-apreendida-pela-policia-militar-rodoviaria\/#breadcrumb\"},\"inLanguage\":\"pt-BR\",\"potentialAction\":[{\"@type\":\"ReadAction\",\"target\":[\"https:\/\/www.sgagora.com.br\/sg\/droga-que-seria-distribuida-em-patos-de-minas-e-apreendida-pela-policia-militar-rodoviaria\/\"]}]},{\"@type\":\"BreadcrumbList\",\"@id\":\"https:\/\/www.sgagora.com.br\/sg\/droga-que-seria-distribuida-em-patos-de-minas-e-apreendida-pela-policia-militar-rodoviaria\/#breadcrumb\",\"itemListElement\":[{\"@type\":\"ListItem\",\"position\":1,\"name\":\"In\u00edcio\",\"item\":\"https:\/\/www.sgagora.com.br\/sg\/\"},{\"@type\":\"ListItem\",\"position\":2,\"name\":\"Droga que seria distribu\u00edda em Patos de Minas \u00e9 apreendida pela Pol\u00edcia Militar Rodovi\u00e1ria\"}]},{\"@type\":\"WebSite\",\"@id\":\"https:\/\/www.sgagora.com.br\/sg\/#website\",\"url\":\"https:\/\/www.sgagora.com.br\/sg\/\",\"name\":\"SGAgora\",\"description\":\"Not\u00edcias de S\u00e3o Gotardo\",\"potentialAction\":[{\"@type\":\"SearchAction\",\"target\":{\"@type\":\"EntryPoint\",\"urlTemplate\":\"https:\/\/www.sgagora.com.br\/sg\/?s={search_term_string}\"},\"query-input\":\"required name=search_term_string\"}],\"inLanguage\":\"pt-BR\"},{\"@type\":\"Person\",\"@id\":\"https:\/\/www.sgagora.com.br\/sg\/#\/schema\/person\/2be62cfb47cee3e0b305e4f7a765ae41\",\"name\":\"SG Agora\",\"image\":{\"@type\":\"ImageObject\",\"inLanguage\":\"pt-BR\",\"@id\":\"https:\/\/www.sgagora.com.br\/sg\/#\/schema\/person\/image\/\",\"url\":\"https:\/\/secure.gravatar.com\/avatar\/a0c612a9a8c3e7419d6fd4f92e749d8d?s=96&d=mm&r=g\",\"contentUrl\":\"https:\/\/secure.gravatar.com\/avatar\/a0c612a9a8c3e7419d6fd4f92e749d8d?s=96&d=mm&r=g\",\"caption\":\"SG Agora\"},\"url\":\"https:\/\/www.sgagora.com.br\/sg\/author\/admin\/\"}]}<\/script>\n<!-- \/ Yoast SEO plugin. -->","yoast_head_json":{"title":"Droga que seria distribu\u00edda em Patos de Minas \u00e9 apreendida pela Pol\u00edcia Militar Rodovi\u00e1ria","description":"Na tarde desta quarta-feira (08\/08) na MGC-354, dois homens foram presos, ap\u00f3s serem flagrados transportando cerca de 45 quilos de maconha.","robots":{"index":"index","follow":"follow","max-snippet":"max-snippet:-1","max-image-preview":"max-image-preview:large","max-video-preview":"max-video-preview:-1"},"canonical":"https:\/\/www.sgagora.com.br\/sg\/droga-que-seria-distribuida-em-patos-de-minas-e-apreendida-pela-policia-militar-rodoviaria\/","og_locale":"pt_BR","og_type":"article","og_title":"Droga que seria distribu\u00edda em Patos de Minas \u00e9 apreendida pela Pol\u00edcia Militar Rodovi\u00e1ria","og_description":"Na tarde desta quarta-feira (08\/08) na MGC-354, dois homens foram presos, ap\u00f3s serem flagrados transportando cerca de 45 quilos de maconha.","og_url":"https:\/\/www.sgagora.com.br\/sg\/droga-que-seria-distribuida-em-patos-de-minas-e-apreendida-pela-policia-militar-rodoviaria\/","og_site_name":"SGAgora","article_publisher":"https:\/\/www.facebook.com\/sgagora","article_published_time":"2018-08-08T18:56:43+00:00","og_image":[{"width":600,"height":450,"url":"https:\/\/www.sgagora.com.br\/sg\/wp-content\/uploads\/2018\/08\/967e0c63-e1ca-4552-8bc8-88ee6c68aa4e.jpg","type":"image\/jpeg"}],"author":"SG Agora","twitter_misc":{"Escrito por":"SG Agora","Est. tempo de leitura":"2 minutos"},"schema":{"@context":"https:\/\/schema.org","@graph":[{"@type":"WebPage","@id":"https:\/\/www.sgagora.com.br\/sg\/droga-que-seria-distribuida-em-patos-de-minas-e-apreendida-pela-policia-militar-rodoviaria\/","url":"https:\/\/www.sgagora.com.br\/sg\/droga-que-seria-distribuida-em-patos-de-minas-e-apreendida-pela-policia-militar-rodoviaria\/","name":"Droga que seria distribu\u00edda em Patos de Minas \u00e9 apreendida pela Pol\u00edcia Militar Rodovi\u00e1ria","isPartOf":{"@id":"https:\/\/www.sgagora.com.br\/sg\/#website"},"datePublished":"2018-08-08T18:56:43+00:00","dateModified":"2018-08-08T18:56:43+00:00","author":{"@id":"https:\/\/www.sgagora.com.br\/sg\/#\/schema\/person\/2be62cfb47cee3e0b305e4f7a765ae41"},"description":"Na tarde desta quarta-feira (08\/08) na MGC-354, dois homens foram presos, ap\u00f3s serem flagrados transportando cerca de 45 quilos de maconha.","breadcrumb":{"@id":"https:\/\/www.sgagora.com.br\/sg\/droga-que-seria-distribuida-em-patos-de-minas-e-apreendida-pela-policia-militar-rodoviaria\/#breadcrumb"},"inLanguage":"pt-BR","potentialAction":[{"@type":"ReadAction","target":["https:\/\/www.sgagora.com.br\/sg\/droga-que-seria-distribuida-em-patos-de-minas-e-apreendida-pela-policia-militar-rodoviaria\/"]}]},{"@type":"BreadcrumbList","@id":"https:\/\/www.sgagora.com.br\/sg\/droga-que-seria-distribuida-em-patos-de-minas-e-apreendida-pela-policia-militar-rodoviaria\/#breadcrumb","itemListElement":[{"@type":"ListItem","position":1,"name":"In\u00edcio","item":"https:\/\/www.sgagora.com.br\/sg\/"},{"@type":"ListItem","position":2,"name":"Droga que seria distribu\u00edda em Patos de Minas \u00e9 apreendida pela Pol\u00edcia Militar Rodovi\u00e1ria"}]},{"@type":"WebSite","@id":"https:\/\/www.sgagora.com.br\/sg\/#website","url":"https:\/\/www.sgagora.com.br\/sg\/","name":"SGAgora","description":"Not\u00edcias de S\u00e3o Gotardo","potentialAction":[{"@type":"SearchAction","target":{"@type":"EntryPoint","urlTemplate":"https:\/\/www.sgagora.com.br\/sg\/?s={search_term_string}"},"query-input":"required name=search_term_string"}],"inLanguage":"pt-BR"},{"@type":"Person","@id":"https:\/\/www.sgagora.com.br\/sg\/#\/schema\/person\/2be62cfb47cee3e0b305e4f7a765ae41","name":"SG Agora","image":{"@type":"ImageObject","inLanguage":"pt-BR","@id":"https:\/\/www.sgagora.com.br\/sg\/#\/schema\/person\/image\/","url":"https:\/\/secure.gravatar.com\/avatar\/a0c612a9a8c3e7419d6fd4f92e749d8d?s=96&d=mm&r=g","contentUrl":"https:\/\/secure.gravatar.com\/avatar\/a0c612a9a8c3e7419d6fd4f92e749d8d?s=96&d=mm&r=g","caption":"SG Agora"},"url":"https:\/\/www.sgagora.com.br\/sg\/author\/admin\/"}]}},"_links":{"self":[{"href":"https:\/\/www.sgagora.com.br\/sg\/wp-json\/wp\/v2\/posts\/999961415"}],"collection":[{"href":"https:\/\/www.sgagora.com.br\/sg\/wp-json\/wp\/v2\/posts"}],"about":[{"href":"https:\/\/www.sgagora.com.br\/sg\/wp-json\/wp\/v2\/types\/post"}],"author":[{"embeddable":true,"href":"https:\/\/www.sgagora.com.br\/sg\/wp-json\/wp\/v2\/users\/1"}],"replies":[{"embeddable":true,"href":"https:\/\/www.sgagora.com.br\/sg\/wp-json\/wp\/v2\/comments?post=999961415"}],"version-history":[{"count":1,"href":"https:\/\/www.sgagora.com.br\/sg\/wp-json\/wp\/v2\/posts\/999961415\/revisions"}],"predecessor-version":[{"id":999961418,"href":"https:\/\/www.sgagora.com.br\/sg\/wp-json\/wp\/v2\/posts\/999961415\/revisions\/999961418"}],"wp:featuredmedia":[{"embeddable":true,"href":"https:\/\/www.sgagora.com.br\/sg\/wp-json\/wp\/v2\/media\/999961417"}],"wp:attachment":[{"href":"https:\/\/www.sgagora.com.br\/sg\/wp-json\/wp\/v2\/media?parent=999961415"}],"wp:term":[{"taxonomy":"category","embeddable":true,"href":"https:\/\/www.sgagora.com.br\/sg\/wp-json\/wp\/v2\/categories?post=999961415"},{"taxonomy":"post_tag","embeddable":true,"href":"https:\/\/www.sgagora.com.br\/sg\/wp-json\/wp\/v2\/tags?post=999961415"}],"curies":[{"name":"wp","href":"https:\/\/api.w.org\/{rel}","templated":true}]}}