{"id":999962299,"date":"2018-09-15T14:18:55","date_gmt":"2018-09-15T14:18:55","guid":{"rendered":"https:\/\/www.sgagora.com.br\/sg\/?p=999962299"},"modified":"2019-04-09T04:43:16","modified_gmt":"2019-04-09T04:43:16","slug":"reconhecimento-nacional-cabeleireiro-de-sao-gotardo-conquista-premio-tesoura-de-prata","status":"publish","type":"post","link":"https:\/\/www.sgagora.com.br\/sg\/reconhecimento-nacional-cabeleireiro-de-sao-gotardo-conquista-premio-tesoura-de-prata\/","title":{"rendered":"Reconhecimento nacional: Cabeleireiro de S\u00e3o Gotardo conquista pr\u00eamio Tesoura de Prata"},"content":{"rendered":"<p style=\"text-align: justify;\">S\u00e3o Gotardo mais uma vez foi destaque no cen\u00e1rio nacional. Nesta \u00faltima quarta-feira (12\/09) na cidade de Campinas, no estado de S\u00e3o Paulo, foi realizada mais uma etapa do pr\u00eamio Tesoura de Prata 2018, que escolher\u00e1 os melhores cabeleireiros do Brasil, para disputarem o t\u00edtulo Tesoura de Ouro, em Abril de 2019. Ambos os pr\u00eamios s\u00e3o considerados as maiores premia\u00e7\u00f5es no pa\u00eds de disputa de cabeleireiros.\u00a0\u00danico representante de S\u00e3o Gotardo e tamb\u00e9m de Minas Gerais, Elias Oliveira, da Barbearia S\u00e3o Gotardo, representou bem nossa cidade e faturou o pr\u00eamio Tesoura de Prata e a vaga para disputar o trof\u00e9u Tesoura de Ouro.<\/p>\n<p style=\"text-align: justify;\"><strong>LEIA MAIS:<a href=\"https:\/\/www.sgagora.com.br\/sg\/profissional-de-sao-gotardo-e-escolhido-para-participar-de-etapa-classificatoria-que-elegera-o-melhor-cabeleireiro-do-brasil\/\" target=\"_blank\">\u00a0<span style=\"color: #ff0000;\">Profissional de S\u00e3o Gotardo \u00e9 escolhido para participar de etapa classificat\u00f3ria que eleger\u00e1 o melhor cabeleireiro do Brasil<\/span><\/a><\/strong><\/p>\n<p style=\"text-align: justify;\">Convidando profissionais em cabelos e barbas masculinas de todo o pa\u00eds, a premia\u00e7\u00e3o Tesoura de Prata, desafiou todos os cabeleireiro em 2018, a transformarem um simples cabelo ou barba, em uma verdadeira &#8220;obra de arte&#8221; e de beleza. Para demonstrarem seu trabalho e a transforma\u00e7\u00e3o, os cabeleireiro gravaram um v\u00eddeo de um minuto e meio, mostrando todos os passos e procedimentos realizados pelo profissional, no cabelo ou barba de um volunt\u00e1rio.Elias n\u00e3o decepcionou e fez um corte &#8220;low fade&#8221; platinado, mudando completamente a apar\u00eancia e visual de seu volunt\u00e1rio. A transforma\u00e7\u00e3o impressionou todos os jurados, que elegeram o cabeleireiro o novo Tesoura de Prata.<\/p>\n<p style=\"text-align: center;\"><span style=\"color: #ff0000;\"><strong>(CONTINUA AP\u00d3S A PUBLICIDADE)<\/strong><\/span><img decoding=\"async\" loading=\"lazy\" class=\"aligncenter size-full wp-image-999954010\" src=\"https:\/\/www.sgagora.com.br\/sg\/wp-content\/uploads\/2018\/02\/Uninter-2.gif\" alt=\"Uninter-2\" width=\"600\" height=\"250\" \/><\/p>\n<p style=\"text-align: justify;\">Em conversa com o cabeleireiro nesta \u00faltima sexta-feira (14\/09), Elias contou ao Portal SG AGORA, que ficou extremamente emocionado com a premia\u00e7\u00e3o ganha, devido ao grande n\u00famero de cabeleireiros talentosos que disputaram o t\u00edtulo na cidade paulista. Ele contou ainda, que al\u00e9m do pr\u00eamio recebido, novas t\u00e9cnicas foram aprendidas por ele atrav\u00e9s do bate-papo com outros profissionais que disputaram o trof\u00e9u. Elias pensa agora, em como poder\u00e1 mais uma vez representar S\u00e3o Gotardo bem, trazendo o pr\u00eamio Tesouro de Ouro, que ser\u00e1 disputado no dia 17 de Abril de 2019.<\/p>\n<p style=\"text-align: justify;\"><strong>LEIA MAIS:<a href=\"https:\/\/www.sgagora.com.br\/sg\/profissional-de-sao-gotardo-e-escolhido-para-participar-de-etapa-classificatoria-que-elegera-o-melhor-cabeleireiro-do-brasil\/\" target=\"_blank\">\u00a0<span style=\"color: #ff0000;\">Profissional de S\u00e3o Gotardo \u00e9 escolhido para participar de etapa classificat\u00f3ria que eleger\u00e1 o melhor cabeleireiro do Brasil<\/span><\/a><\/strong><\/p>\n<p style=\"text-align: justify;\">O Portal SG AGORA parabeniza o profissional natural da cidade de Guarulhos, mas que reside e trabalha hoje em S\u00e3o Gotardo, Elias Oliveira, por honrar e representar de forma t\u00e3o brilhante todos os profissionais de nossa cidade. Atrav\u00e9s de sua humildade e tranquilidade, com certeza o cabeleireiro nos dar\u00e1 novas alegrias e trar\u00e1 em 2019, o pr\u00eamio de Tesoura de Ouro, para S\u00e3o Gotardo e para a regi\u00e3o do Alto Parana\u00edba!<\/p>\n<p style=\"text-align: center;\"><span style=\"color: #ff0000;\"><strong>(CONTINUA AP\u00d3S A PUBLICIDADE)<\/strong><\/span><img decoding=\"async\" loading=\"lazy\" class=\"aligncenter size-full wp-image-999956947\" src=\"https:\/\/www.sgagora.com.br\/sg\/wp-content\/uploads\/2018\/05\/%C3%82ncora.gif\" alt=\"\u00c2ncora\" width=\"600\" height=\"250\" \/><\/p>\n<p>&nbsp;<\/p>\n<p style=\"text-align: justify;\"><em><strong>Reportagem:<\/strong>\u00a0Diego Oliveira\/Portal SG AGORA \/\u00a0<strong>Fonte da Reportagem, Fotos Utilizadas e Foto Capa:<\/strong>\u00a0Elias Oliveira\/Barbearia S\u00e3o Gotardo\/Tesoura de Ouro<\/em><\/p>\n","protected":false},"excerpt":{"rendered":"<p>S\u00e3o Gotardo mais uma vez foi destaque no cen\u00e1rio nacional. Nesta \u00faltima quarta-feira (12\/09) na cidade de Campinas, no estado de S\u00e3o Paulo, foi realizada mais uma etapa do pr\u00eamio Tesoura de Prata 2018, que &#8230; <a class=\"readmore\" href=\"https:\/\/www.sgagora.com.br\/sg\/reconhecimento-nacional-cabeleireiro-de-sao-gotardo-conquista-premio-tesoura-de-prata\/\">Leia Mais<\/a><\/p>\n","protected":false},"author":1,"featured_media":999962302,"comment_status":"open","ping_status":"open","sticky":false,"template":"","format":"standard","meta":{"_bbp_topic_count":0,"_bbp_reply_count":0,"_bbp_total_topic_count":0,"_bbp_total_reply_count":0,"_bbp_voice_count":0,"_bbp_anonymous_reply_count":0,"_bbp_topic_count_hidden":0,"_bbp_reply_count_hidden":0,"_bbp_forum_subforum_count":0},"categories":[84,77],"tags":[1949,1947,659,120,138,194,131,1951,1950],"yoast_head":"<!-- This site is optimized with the Yoast SEO plugin v20.5 - https:\/\/yoast.com\/wordpress\/plugins\/seo\/ -->\n<title>Cabeleireiro de S\u00e3o Gotardo conquista pr\u00eamio Tesoura de Prata<\/title>\n<meta name=\"description\" content=\"\u00danico representante de Minas Gerais, Elias Oliveira, da Barbearia S\u00e3o Gotardo, representou bem nossa cidade e faturou o pr\u00eamio Tesoura de Prata.\" \/>\n<meta name=\"robots\" content=\"index, follow, max-snippet:-1, max-image-preview:large, max-video-preview:-1\" \/>\n<link rel=\"canonical\" href=\"https:\/\/www.sgagora.com.br\/sg\/reconhecimento-nacional-cabeleireiro-de-sao-gotardo-conquista-premio-tesoura-de-prata\/\" \/>\n<meta property=\"og:locale\" content=\"pt_BR\" \/>\n<meta property=\"og:type\" content=\"article\" \/>\n<meta property=\"og:title\" content=\"Cabeleireiro de S\u00e3o Gotardo conquista pr\u00eamio Tesoura de Prata\" \/>\n<meta property=\"og:description\" content=\"\u00danico representante de Minas Gerais, Elias Oliveira, da Barbearia S\u00e3o Gotardo, representou bem nossa cidade e faturou o pr\u00eamio Tesoura de Prata.\" \/>\n<meta property=\"og:url\" content=\"https:\/\/www.sgagora.com.br\/sg\/reconhecimento-nacional-cabeleireiro-de-sao-gotardo-conquista-premio-tesoura-de-prata\/\" \/>\n<meta property=\"og:site_name\" content=\"SGAgora\" \/>\n<meta property=\"article:publisher\" content=\"https:\/\/www.facebook.com\/sgagora\" \/>\n<meta property=\"article:published_time\" content=\"2018-09-15T14:18:55+00:00\" \/>\n<meta property=\"article:modified_time\" content=\"2019-04-09T04:43:16+00:00\" \/>\n<meta property=\"og:image\" content=\"https:\/\/www.sgagora.com.br\/sg\/wp-content\/uploads\/2018\/09\/41727134_668143053585377_6496736732166225920_n.jpg\" \/>\n\t<meta property=\"og:image:width\" content=\"338\" \/>\n\t<meta property=\"og:image:height\" content=\"600\" \/>\n\t<meta property=\"og:image:type\" content=\"image\/jpeg\" \/>\n<meta name=\"author\" content=\"SG Agora\" \/>\n<meta name=\"twitter:label1\" content=\"Escrito por\" \/>\n\t<meta name=\"twitter:data1\" content=\"SG Agora\" \/>\n\t<meta name=\"twitter:label2\" content=\"Est. tempo de leitura\" \/>\n\t<meta name=\"twitter:data2\" content=\"2 minutos\" \/>\n<script type=\"application\/ld+json\" class=\"yoast-schema-graph\">{\"@context\":\"https:\/\/schema.org\",\"@graph\":[{\"@type\":\"WebPage\",\"@id\":\"https:\/\/www.sgagora.com.br\/sg\/reconhecimento-nacional-cabeleireiro-de-sao-gotardo-conquista-premio-tesoura-de-prata\/\",\"url\":\"https:\/\/www.sgagora.com.br\/sg\/reconhecimento-nacional-cabeleireiro-de-sao-gotardo-conquista-premio-tesoura-de-prata\/\",\"name\":\"Cabeleireiro de S\u00e3o Gotardo conquista pr\u00eamio Tesoura de Prata\",\"isPartOf\":{\"@id\":\"https:\/\/www.sgagora.com.br\/sg\/#website\"},\"datePublished\":\"2018-09-15T14:18:55+00:00\",\"dateModified\":\"2019-04-09T04:43:16+00:00\",\"author\":{\"@id\":\"https:\/\/www.sgagora.com.br\/sg\/#\/schema\/person\/2be62cfb47cee3e0b305e4f7a765ae41\"},\"description\":\"\u00danico representante de Minas Gerais, Elias Oliveira, da Barbearia S\u00e3o Gotardo, representou bem nossa cidade e faturou o pr\u00eamio Tesoura de Prata.\",\"breadcrumb\":{\"@id\":\"https:\/\/www.sgagora.com.br\/sg\/reconhecimento-nacional-cabeleireiro-de-sao-gotardo-conquista-premio-tesoura-de-prata\/#breadcrumb\"},\"inLanguage\":\"pt-BR\",\"potentialAction\":[{\"@type\":\"ReadAction\",\"target\":[\"https:\/\/www.sgagora.com.br\/sg\/reconhecimento-nacional-cabeleireiro-de-sao-gotardo-conquista-premio-tesoura-de-prata\/\"]}]},{\"@type\":\"BreadcrumbList\",\"@id\":\"https:\/\/www.sgagora.com.br\/sg\/reconhecimento-nacional-cabeleireiro-de-sao-gotardo-conquista-premio-tesoura-de-prata\/#breadcrumb\",\"itemListElement\":[{\"@type\":\"ListItem\",\"position\":1,\"name\":\"In\u00edcio\",\"item\":\"https:\/\/www.sgagora.com.br\/sg\/\"},{\"@type\":\"ListItem\",\"position\":2,\"name\":\"Reconhecimento nacional: Cabeleireiro de S\u00e3o Gotardo conquista pr\u00eamio Tesoura de Prata\"}]},{\"@type\":\"WebSite\",\"@id\":\"https:\/\/www.sgagora.com.br\/sg\/#website\",\"url\":\"https:\/\/www.sgagora.com.br\/sg\/\",\"name\":\"SGAgora\",\"description\":\"Not\u00edcias de S\u00e3o Gotardo\",\"potentialAction\":[{\"@type\":\"SearchAction\",\"target\":{\"@type\":\"EntryPoint\",\"urlTemplate\":\"https:\/\/www.sgagora.com.br\/sg\/?s={search_term_string}\"},\"query-input\":\"required name=search_term_string\"}],\"inLanguage\":\"pt-BR\"},{\"@type\":\"Person\",\"@id\":\"https:\/\/www.sgagora.com.br\/sg\/#\/schema\/person\/2be62cfb47cee3e0b305e4f7a765ae41\",\"name\":\"SG Agora\",\"image\":{\"@type\":\"ImageObject\",\"inLanguage\":\"pt-BR\",\"@id\":\"https:\/\/www.sgagora.com.br\/sg\/#\/schema\/person\/image\/\",\"url\":\"https:\/\/secure.gravatar.com\/avatar\/a0c612a9a8c3e7419d6fd4f92e749d8d?s=96&d=mm&r=g\",\"contentUrl\":\"https:\/\/secure.gravatar.com\/avatar\/a0c612a9a8c3e7419d6fd4f92e749d8d?s=96&d=mm&r=g\",\"caption\":\"SG Agora\"},\"url\":\"https:\/\/www.sgagora.com.br\/sg\/author\/admin\/\"}]}<\/script>\n<!-- \/ Yoast SEO plugin. -->","yoast_head_json":{"title":"Cabeleireiro de S\u00e3o Gotardo conquista pr\u00eamio Tesoura de Prata","description":"\u00danico representante de Minas Gerais, Elias Oliveira, da Barbearia S\u00e3o Gotardo, representou bem nossa cidade e faturou o pr\u00eamio Tesoura de Prata.","robots":{"index":"index","follow":"follow","max-snippet":"max-snippet:-1","max-image-preview":"max-image-preview:large","max-video-preview":"max-video-preview:-1"},"canonical":"https:\/\/www.sgagora.com.br\/sg\/reconhecimento-nacional-cabeleireiro-de-sao-gotardo-conquista-premio-tesoura-de-prata\/","og_locale":"pt_BR","og_type":"article","og_title":"Cabeleireiro de S\u00e3o Gotardo conquista pr\u00eamio Tesoura de Prata","og_description":"\u00danico representante de Minas Gerais, Elias Oliveira, da Barbearia S\u00e3o Gotardo, representou bem nossa cidade e faturou o pr\u00eamio Tesoura de Prata.","og_url":"https:\/\/www.sgagora.com.br\/sg\/reconhecimento-nacional-cabeleireiro-de-sao-gotardo-conquista-premio-tesoura-de-prata\/","og_site_name":"SGAgora","article_publisher":"https:\/\/www.facebook.com\/sgagora","article_published_time":"2018-09-15T14:18:55+00:00","article_modified_time":"2019-04-09T04:43:16+00:00","og_image":[{"width":338,"height":600,"url":"https:\/\/www.sgagora.com.br\/sg\/wp-content\/uploads\/2018\/09\/41727134_668143053585377_6496736732166225920_n.jpg","type":"image\/jpeg"}],"author":"SG Agora","twitter_misc":{"Escrito por":"SG Agora","Est. tempo de leitura":"2 minutos"},"schema":{"@context":"https:\/\/schema.org","@graph":[{"@type":"WebPage","@id":"https:\/\/www.sgagora.com.br\/sg\/reconhecimento-nacional-cabeleireiro-de-sao-gotardo-conquista-premio-tesoura-de-prata\/","url":"https:\/\/www.sgagora.com.br\/sg\/reconhecimento-nacional-cabeleireiro-de-sao-gotardo-conquista-premio-tesoura-de-prata\/","name":"Cabeleireiro de S\u00e3o Gotardo conquista pr\u00eamio Tesoura de Prata","isPartOf":{"@id":"https:\/\/www.sgagora.com.br\/sg\/#website"},"datePublished":"2018-09-15T14:18:55+00:00","dateModified":"2019-04-09T04:43:16+00:00","author":{"@id":"https:\/\/www.sgagora.com.br\/sg\/#\/schema\/person\/2be62cfb47cee3e0b305e4f7a765ae41"},"description":"\u00danico representante de Minas Gerais, Elias Oliveira, da Barbearia S\u00e3o Gotardo, representou bem nossa cidade e faturou o pr\u00eamio Tesoura de Prata.","breadcrumb":{"@id":"https:\/\/www.sgagora.com.br\/sg\/reconhecimento-nacional-cabeleireiro-de-sao-gotardo-conquista-premio-tesoura-de-prata\/#breadcrumb"},"inLanguage":"pt-BR","potentialAction":[{"@type":"ReadAction","target":["https:\/\/www.sgagora.com.br\/sg\/reconhecimento-nacional-cabeleireiro-de-sao-gotardo-conquista-premio-tesoura-de-prata\/"]}]},{"@type":"BreadcrumbList","@id":"https:\/\/www.sgagora.com.br\/sg\/reconhecimento-nacional-cabeleireiro-de-sao-gotardo-conquista-premio-tesoura-de-prata\/#breadcrumb","itemListElement":[{"@type":"ListItem","position":1,"name":"In\u00edcio","item":"https:\/\/www.sgagora.com.br\/sg\/"},{"@type":"ListItem","position":2,"name":"Reconhecimento nacional: Cabeleireiro de S\u00e3o Gotardo conquista pr\u00eamio Tesoura de Prata"}]},{"@type":"WebSite","@id":"https:\/\/www.sgagora.com.br\/sg\/#website","url":"https:\/\/www.sgagora.com.br\/sg\/","name":"SGAgora","description":"Not\u00edcias de S\u00e3o Gotardo","potentialAction":[{"@type":"SearchAction","target":{"@type":"EntryPoint","urlTemplate":"https:\/\/www.sgagora.com.br\/sg\/?s={search_term_string}"},"query-input":"required name=search_term_string"}],"inLanguage":"pt-BR"},{"@type":"Person","@id":"https:\/\/www.sgagora.com.br\/sg\/#\/schema\/person\/2be62cfb47cee3e0b305e4f7a765ae41","name":"SG Agora","image":{"@type":"ImageObject","inLanguage":"pt-BR","@id":"https:\/\/www.sgagora.com.br\/sg\/#\/schema\/person\/image\/","url":"https:\/\/secure.gravatar.com\/avatar\/a0c612a9a8c3e7419d6fd4f92e749d8d?s=96&d=mm&r=g","contentUrl":"https:\/\/secure.gravatar.com\/avatar\/a0c612a9a8c3e7419d6fd4f92e749d8d?s=96&d=mm&r=g","caption":"SG Agora"},"url":"https:\/\/www.sgagora.com.br\/sg\/author\/admin\/"}]}},"_links":{"self":[{"href":"https:\/\/www.sgagora.com.br\/sg\/wp-json\/wp\/v2\/posts\/999962299"}],"collection":[{"href":"https:\/\/www.sgagora.com.br\/sg\/wp-json\/wp\/v2\/posts"}],"about":[{"href":"https:\/\/www.sgagora.com.br\/sg\/wp-json\/wp\/v2\/types\/post"}],"author":[{"embeddable":true,"href":"https:\/\/www.sgagora.com.br\/sg\/wp-json\/wp\/v2\/users\/1"}],"replies":[{"embeddable":true,"href":"https:\/\/www.sgagora.com.br\/sg\/wp-json\/wp\/v2\/comments?post=999962299"}],"version-history":[{"count":4,"href":"https:\/\/www.sgagora.com.br\/sg\/wp-json\/wp\/v2\/posts\/999962299\/revisions"}],"predecessor-version":[{"id":999968265,"href":"https:\/\/www.sgagora.com.br\/sg\/wp-json\/wp\/v2\/posts\/999962299\/revisions\/999968265"}],"wp:featuredmedia":[{"embeddable":true,"href":"https:\/\/www.sgagora.com.br\/sg\/wp-json\/wp\/v2\/media\/999962302"}],"wp:attachment":[{"href":"https:\/\/www.sgagora.com.br\/sg\/wp-json\/wp\/v2\/media?parent=999962299"}],"wp:term":[{"taxonomy":"category","embeddable":true,"href":"https:\/\/www.sgagora.com.br\/sg\/wp-json\/wp\/v2\/categories?post=999962299"},{"taxonomy":"post_tag","embeddable":true,"href":"https:\/\/www.sgagora.com.br\/sg\/wp-json\/wp\/v2\/tags?post=999962299"}],"curies":[{"name":"wp","href":"https:\/\/api.w.org\/{rel}","templated":true}]}}