{"id":999962838,"date":"2018-09-26T18:49:46","date_gmt":"2018-09-26T18:49:46","guid":{"rendered":"https:\/\/www.sgagora.com.br\/sg\/?p=999962838"},"modified":"2018-09-26T18:49:46","modified_gmt":"2018-09-26T18:49:46","slug":"caminhao-tomba-na-br-262-em-campos-altos-e-acidente-provoca-a-morte-de-uma-pessoa","status":"publish","type":"post","link":"https:\/\/www.sgagora.com.br\/sg\/caminhao-tomba-na-br-262-em-campos-altos-e-acidente-provoca-a-morte-de-uma-pessoa\/","title":{"rendered":"Caminh\u00e3o tomba na BR-262 em Campos Altos e acidente provoca a morte de uma pessoa"},"content":{"rendered":"<p style=\"font-weight: 400; text-align: justify;\"><span style=\"font-weight: inherit; font-style: inherit;\">Um homem perdeu a vida no in\u00edcio da noite dessa ter\u00e7a-feira (25\/09) no km 607 da BR-262, no munic\u00edpio de Campos Altos. O km 607 \u00e9 mais um trecho da rodovia, dentro do munic\u00edpio de Campos Altos, com alto \u00edndice de acidentes e v\u00edtimas fatais.<\/span><\/p>\n<p style=\"font-weight: 400; text-align: center;\"><span style=\"color: #ff0000;\"><strong>(CONTINUA AP\u00d3S A PUBLICIDADE)<\/strong><\/span><img decoding=\"async\" loading=\"lazy\" class=\"aligncenter size-full wp-image-999954010\" src=\"https:\/\/www.sgagora.com.br\/sg\/wp-content\/uploads\/2018\/02\/Uninter-2.gif\" alt=\"Uninter-2\" width=\"600\" height=\"250\" \/><\/p>\n<p style=\"font-weight: 400; text-align: justify;\"><span style=\"font-weight: inherit; font-style: inherit;\">Segundo o portal TV Bambu\u00ed, Adilson Roberto Alves, de 49 anos e natural de Bambu\u00ed, v\u00edtima fatal do acidente, seguia como passageiro de um caminh\u00e3o com destino a Uberaba quando o motorista perdeu o controle e o ve\u00edculo tombou. Adilson morreu no local.<\/span><\/p>\n<p style=\"font-weight: 400; text-align: center;\"><span style=\"color: #ff0000;\"><strong>(CONTINUA AP\u00d3S A PUBLICIDADE)<\/strong><\/span><img decoding=\"async\" loading=\"lazy\" class=\"aligncenter size-full wp-image-999956947\" src=\"https:\/\/www.sgagora.com.br\/sg\/wp-content\/uploads\/2018\/05\/%C3%82ncora.gif\" alt=\"\u00c2ncora\" width=\"600\" height=\"250\" \/><\/p>\n<p style=\"font-weight: 400; text-align: justify;\"><span style=\"font-weight: inherit; font-style: inherit;\">O motorista foi socorrido em estado grave pela equipe m\u00e9dica da Triunfo Concebra, empresa que gerencia a rodovia, e encaminhada \u00e0 Unidade de Pronto Atendimento (UPA) de Arax\u00e1. A suspeito \u00e9 que a v\u00edtima fatal n\u00e3o usava o cinto de seguran\u00e7a, pois foi ejetada para fora do caminh\u00e3o. O corpo foi removido pelo Instituto M\u00e9dico Legal (IML) de Arax\u00e1.<\/span><\/p>\n<p style=\"font-weight: 400;\">\n<p style=\"font-weight: 400; text-align: justify;\"><em><span style=\"font-weight: inherit;\"><strong>Reportagem e Link Original:<\/strong> Marcelo The Back\/TV KZ \/https:\/\/www.tvkz.com.br\/noticia\/4168\/tombamento-de-caminhao-mata-um-e-deixa-outro-em-estado-grave-na-br-262-em-campos-altos.html \/ <strong>Foto Capa:<\/strong> Reprodu\u00e7\u00e3o\/TV KZ\/Campos Altos<\/span><\/em><\/p>\n","protected":false},"excerpt":{"rendered":"<p>Um homem perdeu a vida no in\u00edcio da noite dessa ter\u00e7a-feira (25\/09) no km 607 da BR-262, no munic\u00edpio de Campos Altos. O km 607 \u00e9 mais um trecho da rodovia, dentro do munic\u00edpio de &#8230; <a class=\"readmore\" href=\"https:\/\/www.sgagora.com.br\/sg\/caminhao-tomba-na-br-262-em-campos-altos-e-acidente-provoca-a-morte-de-uma-pessoa\/\">Leia Mais<\/a><\/p>\n","protected":false},"author":1,"featured_media":999962839,"comment_status":"open","ping_status":"open","sticky":false,"template":"","format":"standard","meta":{"_bbp_topic_count":0,"_bbp_reply_count":0,"_bbp_total_topic_count":0,"_bbp_total_reply_count":0,"_bbp_voice_count":0,"_bbp_anonymous_reply_count":0,"_bbp_topic_count_hidden":0,"_bbp_reply_count_hidden":0,"_bbp_forum_subforum_count":0},"categories":[84,77],"tags":[137,124,342,659,120,194,131],"yoast_head":"<!-- This site is optimized with the Yoast SEO plugin v20.5 - https:\/\/yoast.com\/wordpress\/plugins\/seo\/ -->\n<title>Caminh\u00e3o tomba na BR-262 em Campos Altos e acidente provoca a morte de uma pessoa<\/title>\n<meta name=\"description\" content=\"Um homem perdeu a vida no in\u00edcio da noite dessa ter\u00e7a-feira (25\/09) no km 607 da BR-262, no munic\u00edpio de Campos Altos.\" \/>\n<meta name=\"robots\" content=\"index, follow, max-snippet:-1, max-image-preview:large, max-video-preview:-1\" \/>\n<link rel=\"canonical\" href=\"https:\/\/www.sgagora.com.br\/sg\/caminhao-tomba-na-br-262-em-campos-altos-e-acidente-provoca-a-morte-de-uma-pessoa\/\" \/>\n<meta property=\"og:locale\" content=\"pt_BR\" \/>\n<meta property=\"og:type\" content=\"article\" \/>\n<meta property=\"og:title\" content=\"Caminh\u00e3o tomba na BR-262 em Campos Altos e acidente provoca a morte de uma pessoa\" \/>\n<meta property=\"og:description\" content=\"Um homem perdeu a vida no in\u00edcio da noite dessa ter\u00e7a-feira (25\/09) no km 607 da BR-262, no munic\u00edpio de Campos Altos.\" \/>\n<meta property=\"og:url\" content=\"https:\/\/www.sgagora.com.br\/sg\/caminhao-tomba-na-br-262-em-campos-altos-e-acidente-provoca-a-morte-de-uma-pessoa\/\" \/>\n<meta property=\"og:site_name\" content=\"SGAgora\" \/>\n<meta property=\"article:publisher\" content=\"https:\/\/www.facebook.com\/sgagora\" \/>\n<meta property=\"article:published_time\" content=\"2018-09-26T18:49:46+00:00\" \/>\n<meta property=\"og:image\" content=\"https:\/\/www.sgagora.com.br\/sg\/wp-content\/uploads\/2018\/09\/88cb5dff898c4548e6e2eec60f4c8115-e1537987766552.jpg\" \/>\n\t<meta property=\"og:image:width\" content=\"600\" \/>\n\t<meta property=\"og:image:height\" content=\"465\" \/>\n\t<meta property=\"og:image:type\" content=\"image\/jpeg\" \/>\n<meta name=\"author\" content=\"SG Agora\" \/>\n<meta name=\"twitter:label1\" content=\"Escrito por\" \/>\n\t<meta name=\"twitter:data1\" content=\"SG Agora\" \/>\n\t<meta name=\"twitter:label2\" content=\"Est. tempo de leitura\" \/>\n\t<meta name=\"twitter:data2\" content=\"1 minuto\" \/>\n<script type=\"application\/ld+json\" class=\"yoast-schema-graph\">{\"@context\":\"https:\/\/schema.org\",\"@graph\":[{\"@type\":\"WebPage\",\"@id\":\"https:\/\/www.sgagora.com.br\/sg\/caminhao-tomba-na-br-262-em-campos-altos-e-acidente-provoca-a-morte-de-uma-pessoa\/\",\"url\":\"https:\/\/www.sgagora.com.br\/sg\/caminhao-tomba-na-br-262-em-campos-altos-e-acidente-provoca-a-morte-de-uma-pessoa\/\",\"name\":\"Caminh\u00e3o tomba na BR-262 em Campos Altos e acidente provoca a morte de uma pessoa\",\"isPartOf\":{\"@id\":\"https:\/\/www.sgagora.com.br\/sg\/#website\"},\"datePublished\":\"2018-09-26T18:49:46+00:00\",\"dateModified\":\"2018-09-26T18:49:46+00:00\",\"author\":{\"@id\":\"https:\/\/www.sgagora.com.br\/sg\/#\/schema\/person\/2be62cfb47cee3e0b305e4f7a765ae41\"},\"description\":\"Um homem perdeu a vida no in\u00edcio da noite dessa ter\u00e7a-feira (25\/09) no km 607 da BR-262, no munic\u00edpio de Campos Altos.\",\"breadcrumb\":{\"@id\":\"https:\/\/www.sgagora.com.br\/sg\/caminhao-tomba-na-br-262-em-campos-altos-e-acidente-provoca-a-morte-de-uma-pessoa\/#breadcrumb\"},\"inLanguage\":\"pt-BR\",\"potentialAction\":[{\"@type\":\"ReadAction\",\"target\":[\"https:\/\/www.sgagora.com.br\/sg\/caminhao-tomba-na-br-262-em-campos-altos-e-acidente-provoca-a-morte-de-uma-pessoa\/\"]}]},{\"@type\":\"BreadcrumbList\",\"@id\":\"https:\/\/www.sgagora.com.br\/sg\/caminhao-tomba-na-br-262-em-campos-altos-e-acidente-provoca-a-morte-de-uma-pessoa\/#breadcrumb\",\"itemListElement\":[{\"@type\":\"ListItem\",\"position\":1,\"name\":\"In\u00edcio\",\"item\":\"https:\/\/www.sgagora.com.br\/sg\/\"},{\"@type\":\"ListItem\",\"position\":2,\"name\":\"Caminh\u00e3o tomba na BR-262 em Campos Altos e acidente provoca a morte de uma pessoa\"}]},{\"@type\":\"WebSite\",\"@id\":\"https:\/\/www.sgagora.com.br\/sg\/#website\",\"url\":\"https:\/\/www.sgagora.com.br\/sg\/\",\"name\":\"SGAgora\",\"description\":\"Not\u00edcias de S\u00e3o Gotardo\",\"potentialAction\":[{\"@type\":\"SearchAction\",\"target\":{\"@type\":\"EntryPoint\",\"urlTemplate\":\"https:\/\/www.sgagora.com.br\/sg\/?s={search_term_string}\"},\"query-input\":\"required name=search_term_string\"}],\"inLanguage\":\"pt-BR\"},{\"@type\":\"Person\",\"@id\":\"https:\/\/www.sgagora.com.br\/sg\/#\/schema\/person\/2be62cfb47cee3e0b305e4f7a765ae41\",\"name\":\"SG Agora\",\"image\":{\"@type\":\"ImageObject\",\"inLanguage\":\"pt-BR\",\"@id\":\"https:\/\/www.sgagora.com.br\/sg\/#\/schema\/person\/image\/\",\"url\":\"https:\/\/secure.gravatar.com\/avatar\/a0c612a9a8c3e7419d6fd4f92e749d8d?s=96&d=mm&r=g\",\"contentUrl\":\"https:\/\/secure.gravatar.com\/avatar\/a0c612a9a8c3e7419d6fd4f92e749d8d?s=96&d=mm&r=g\",\"caption\":\"SG Agora\"},\"url\":\"https:\/\/www.sgagora.com.br\/sg\/author\/admin\/\"}]}<\/script>\n<!-- \/ Yoast SEO plugin. -->","yoast_head_json":{"title":"Caminh\u00e3o tomba na BR-262 em Campos Altos e acidente provoca a morte de uma pessoa","description":"Um homem perdeu a vida no in\u00edcio da noite dessa ter\u00e7a-feira (25\/09) no km 607 da BR-262, no munic\u00edpio de Campos Altos.","robots":{"index":"index","follow":"follow","max-snippet":"max-snippet:-1","max-image-preview":"max-image-preview:large","max-video-preview":"max-video-preview:-1"},"canonical":"https:\/\/www.sgagora.com.br\/sg\/caminhao-tomba-na-br-262-em-campos-altos-e-acidente-provoca-a-morte-de-uma-pessoa\/","og_locale":"pt_BR","og_type":"article","og_title":"Caminh\u00e3o tomba na BR-262 em Campos Altos e acidente provoca a morte de uma pessoa","og_description":"Um homem perdeu a vida no in\u00edcio da noite dessa ter\u00e7a-feira (25\/09) no km 607 da BR-262, no munic\u00edpio de Campos Altos.","og_url":"https:\/\/www.sgagora.com.br\/sg\/caminhao-tomba-na-br-262-em-campos-altos-e-acidente-provoca-a-morte-de-uma-pessoa\/","og_site_name":"SGAgora","article_publisher":"https:\/\/www.facebook.com\/sgagora","article_published_time":"2018-09-26T18:49:46+00:00","og_image":[{"width":600,"height":465,"url":"https:\/\/www.sgagora.com.br\/sg\/wp-content\/uploads\/2018\/09\/88cb5dff898c4548e6e2eec60f4c8115-e1537987766552.jpg","type":"image\/jpeg"}],"author":"SG Agora","twitter_misc":{"Escrito por":"SG Agora","Est. tempo de leitura":"1 minuto"},"schema":{"@context":"https:\/\/schema.org","@graph":[{"@type":"WebPage","@id":"https:\/\/www.sgagora.com.br\/sg\/caminhao-tomba-na-br-262-em-campos-altos-e-acidente-provoca-a-morte-de-uma-pessoa\/","url":"https:\/\/www.sgagora.com.br\/sg\/caminhao-tomba-na-br-262-em-campos-altos-e-acidente-provoca-a-morte-de-uma-pessoa\/","name":"Caminh\u00e3o tomba na BR-262 em Campos Altos e acidente provoca a morte de uma pessoa","isPartOf":{"@id":"https:\/\/www.sgagora.com.br\/sg\/#website"},"datePublished":"2018-09-26T18:49:46+00:00","dateModified":"2018-09-26T18:49:46+00:00","author":{"@id":"https:\/\/www.sgagora.com.br\/sg\/#\/schema\/person\/2be62cfb47cee3e0b305e4f7a765ae41"},"description":"Um homem perdeu a vida no in\u00edcio da noite dessa ter\u00e7a-feira (25\/09) no km 607 da BR-262, no munic\u00edpio de Campos Altos.","breadcrumb":{"@id":"https:\/\/www.sgagora.com.br\/sg\/caminhao-tomba-na-br-262-em-campos-altos-e-acidente-provoca-a-morte-de-uma-pessoa\/#breadcrumb"},"inLanguage":"pt-BR","potentialAction":[{"@type":"ReadAction","target":["https:\/\/www.sgagora.com.br\/sg\/caminhao-tomba-na-br-262-em-campos-altos-e-acidente-provoca-a-morte-de-uma-pessoa\/"]}]},{"@type":"BreadcrumbList","@id":"https:\/\/www.sgagora.com.br\/sg\/caminhao-tomba-na-br-262-em-campos-altos-e-acidente-provoca-a-morte-de-uma-pessoa\/#breadcrumb","itemListElement":[{"@type":"ListItem","position":1,"name":"In\u00edcio","item":"https:\/\/www.sgagora.com.br\/sg\/"},{"@type":"ListItem","position":2,"name":"Caminh\u00e3o tomba na BR-262 em Campos Altos e acidente provoca a morte de uma pessoa"}]},{"@type":"WebSite","@id":"https:\/\/www.sgagora.com.br\/sg\/#website","url":"https:\/\/www.sgagora.com.br\/sg\/","name":"SGAgora","description":"Not\u00edcias de S\u00e3o Gotardo","potentialAction":[{"@type":"SearchAction","target":{"@type":"EntryPoint","urlTemplate":"https:\/\/www.sgagora.com.br\/sg\/?s={search_term_string}"},"query-input":"required name=search_term_string"}],"inLanguage":"pt-BR"},{"@type":"Person","@id":"https:\/\/www.sgagora.com.br\/sg\/#\/schema\/person\/2be62cfb47cee3e0b305e4f7a765ae41","name":"SG Agora","image":{"@type":"ImageObject","inLanguage":"pt-BR","@id":"https:\/\/www.sgagora.com.br\/sg\/#\/schema\/person\/image\/","url":"https:\/\/secure.gravatar.com\/avatar\/a0c612a9a8c3e7419d6fd4f92e749d8d?s=96&d=mm&r=g","contentUrl":"https:\/\/secure.gravatar.com\/avatar\/a0c612a9a8c3e7419d6fd4f92e749d8d?s=96&d=mm&r=g","caption":"SG Agora"},"url":"https:\/\/www.sgagora.com.br\/sg\/author\/admin\/"}]}},"_links":{"self":[{"href":"https:\/\/www.sgagora.com.br\/sg\/wp-json\/wp\/v2\/posts\/999962838"}],"collection":[{"href":"https:\/\/www.sgagora.com.br\/sg\/wp-json\/wp\/v2\/posts"}],"about":[{"href":"https:\/\/www.sgagora.com.br\/sg\/wp-json\/wp\/v2\/types\/post"}],"author":[{"embeddable":true,"href":"https:\/\/www.sgagora.com.br\/sg\/wp-json\/wp\/v2\/users\/1"}],"replies":[{"embeddable":true,"href":"https:\/\/www.sgagora.com.br\/sg\/wp-json\/wp\/v2\/comments?post=999962838"}],"version-history":[{"count":1,"href":"https:\/\/www.sgagora.com.br\/sg\/wp-json\/wp\/v2\/posts\/999962838\/revisions"}],"predecessor-version":[{"id":999962840,"href":"https:\/\/www.sgagora.com.br\/sg\/wp-json\/wp\/v2\/posts\/999962838\/revisions\/999962840"}],"wp:featuredmedia":[{"embeddable":true,"href":"https:\/\/www.sgagora.com.br\/sg\/wp-json\/wp\/v2\/media\/999962839"}],"wp:attachment":[{"href":"https:\/\/www.sgagora.com.br\/sg\/wp-json\/wp\/v2\/media?parent=999962838"}],"wp:term":[{"taxonomy":"category","embeddable":true,"href":"https:\/\/www.sgagora.com.br\/sg\/wp-json\/wp\/v2\/categories?post=999962838"},{"taxonomy":"post_tag","embeddable":true,"href":"https:\/\/www.sgagora.com.br\/sg\/wp-json\/wp\/v2\/tags?post=999962838"}],"curies":[{"name":"wp","href":"https:\/\/api.w.org\/{rel}","templated":true}]}}