{"id":999963470,"date":"2018-10-16T10:51:19","date_gmt":"2018-10-16T10:51:19","guid":{"rendered":"https:\/\/www.sgagora.com.br\/sg\/?p=999963470"},"modified":"2018-10-16T11:33:23","modified_gmt":"2018-10-16T11:33:23","slug":"diretora-de-cmei-em-guarda-dos-ferreiros-morre-em-grave-acidente-na-br-354","status":"publish","type":"post","link":"https:\/\/www.sgagora.com.br\/sg\/diretora-de-cmei-em-guarda-dos-ferreiros-morre-em-grave-acidente-na-br-354\/","title":{"rendered":"Diretora de CMEI em Guarda dos Ferreiros morre em grave acidente na BR-354"},"content":{"rendered":"<div style=\"text-align: justify;\">Parece not\u00edcia velha, mas n\u00e3o \u00e9. Mais um grav\u00edssimo acidente foi registrado no KM 328 da BR 354, no munic\u00edpio de Rio Parana\u00edba na noite desta segunda-feira (15). De acordo com as informa\u00e7\u00f5es, um carro Citroen C4 que seguia sentido Rio Parana\u00edba\/Guarda dos Ferreiros bateu de frente com um caminh\u00e3o que seguia no sentido contr\u00e1rio da pista e deixou tr\u00eas pessoas feridas e uma pessoa morta.<\/div>\n<div>\n<p style=\"text-align: justify;\">Segundo as informa\u00e7\u00f5es da Pol\u00edcia Militar Rodovi\u00e1ria, eles foram acionados para atender a solicita\u00e7\u00e3o de um acidente envolvendo dois ve\u00edculos, onde tinha tr\u00eas v\u00edtimas com ferimentos e uma fatal. Ao deslocarem para o local do acidente, eles encontraram uma equipe de apoio da Pol\u00edcia Militar de S\u00e3o Gotardo que j\u00e1 havia sinalizado o local e acionando o socorro.<\/p>\n<p style=\"text-align: justify;\">Os militares relataram que depararam com dois ve\u00edculos envolvidos, um caminh\u00e3o Ford\/F 350 e um autom\u00f3vel Citroen C5 atravessado na pista, ocupando as duas faixas de tr\u00e2nsito. O ve\u00edculo de passeio estavam quatro ocupantes, sendo que tr\u00eas deles foram socorrido para o Pronto Socorro de S\u00e3o Gotardo, s\u00e3o eles: Jos\u00e9 Rodrigues de Paula com ferimentos leves, o passageiro Ricardo Camilo Tonako com ferimentos leves e a Naiara Priscila Leonel com uma fratura exposta no bra\u00e7o.<\/p>\n<\/div>\n<p style=\"text-align: center;\"><span style=\"color: #ff0000;\"><strong>(CONTINUA AP\u00d3S A PUBLICIDADE)<\/strong><\/span><img decoding=\"async\" loading=\"lazy\" class=\"aligncenter size-full wp-image-999963339\" src=\"https:\/\/www.sgagora.com.br\/sg\/wp-content\/uploads\/2018\/10\/UNINTER_Graduacao-e-pos.gif\" alt=\"UNINTER_Graduacao-e-pos\" width=\"600\" height=\"260\" \/><\/p>\n<p style=\"text-align: justify;\">A diretora do CMEI Diorgina Maria de Oliveira da Guarda dos Ferreiros, Elenice das Gra\u00e7as Tonako Faneca de 43 anos, que tamb\u00e9m estava no ve\u00edculo n\u00e3o resistiu aos ferimentos e morreu no local.<\/p>\n<p style=\"text-align: justify;\">J\u00e1 na caminhonete estava Ant\u00f4nio Wilson Francisco dos Santos que teve ferimentos e relatou aos militares que seguia pela rodovia sentido Rio Parana\u00edba \u00e0 Carmo do Parana\u00edba, quando deparou com o ve\u00edculo citroen vindo no sentido contr\u00e1rio e o motorista perdido a dire\u00e7\u00e3o veicular. Ele relatou ainda que apesar ter notado a aproxima\u00e7\u00e3o do ve\u00edculo n\u00e3o conseguiu desviar e evitar que o carro colidisse com a traseiras do autom\u00f3vel na parte dianteira do seu caminh\u00e3o.<\/p>\n<p style=\"text-align: justify;\">A Per\u00edcia T\u00e9cnica da Pol\u00edcia Civil foi acionada e ap\u00f3s realizar os trabalhos de praxe liberou o corpo da v\u00edtima para o ser encaminhado ao IML de Patos de Minas e, posteriormente, para os familiares. Os ve\u00edculos estavam em situa\u00e7\u00e3o regular e por isso, foram liberados no local.<\/p>\n<p style=\"text-align: justify;\">O vel\u00f3rio de Elenice ir\u00e1 aconteceu no Santu\u00e1rio de Guarda dos Ferreiros, com celebra\u00e7\u00e3o da missa de corpo presente \u00e0s 18h.<\/p>\n<p style=\"text-align: center;\"><span style=\"color: #ff0000;\"><strong>(CONTINUA AP\u00d3S A PUBLICIDADE)<\/strong><\/span><img decoding=\"async\" loading=\"lazy\" class=\"aligncenter wp-image-999963448 size-full\" src=\"https:\/\/www.sgagora.com.br\/sg\/wp-content\/uploads\/2018\/10\/GIF-\u00c2ncora-Cart\u00e3o.gif\" width=\"600\" height=\"250\" \/><\/p>\n<p>&nbsp;<\/p>\n<p style=\"text-align: justify;\"><em><strong>Reportagem:<\/strong> Diego Oliveira\/SG AGORA \/ Gilberto Martins\/Parana\u00edba Agora \/ <strong>Foto Capa:<\/strong> Recebida atrav\u00e9s do WhatsApp do Portal SG AGORA<\/em><\/p>\n","protected":false},"excerpt":{"rendered":"<p>Parece not\u00edcia velha, mas n\u00e3o \u00e9. Mais um grav\u00edssimo acidente foi registrado no KM 328 da BR 354, no munic\u00edpio de Rio Parana\u00edba na noite desta segunda-feira (15). De acordo com as informa\u00e7\u00f5es, um carro &#8230; <a class=\"readmore\" href=\"https:\/\/www.sgagora.com.br\/sg\/diretora-de-cmei-em-guarda-dos-ferreiros-morre-em-grave-acidente-na-br-354\/\">Leia Mais<\/a><\/p>\n","protected":false},"author":1,"featured_media":999963471,"comment_status":"open","ping_status":"open","sticky":false,"template":"","format":"standard","meta":{"_bbp_topic_count":0,"_bbp_reply_count":0,"_bbp_total_topic_count":0,"_bbp_total_reply_count":0,"_bbp_voice_count":0,"_bbp_anonymous_reply_count":0,"_bbp_topic_count_hidden":0,"_bbp_reply_count_hidden":0,"_bbp_forum_subforum_count":0},"categories":[77,81],"tags":[137,242,2019,135,659,138,194,131,157],"yoast_head":"<!-- This site is optimized with the Yoast SEO plugin v20.5 - https:\/\/yoast.com\/wordpress\/plugins\/seo\/ -->\n<title>Diretora de CMEI em Guarda dos Ferreiros morre em grave acidente na BR-354<\/title>\n<meta name=\"description\" content=\"Elenice Faneca, 43 anos, que era diretora do CMEI Diorgina Maria de Oliveira, em Guarda dos Ferreiros, n\u00e3o resistiu aos ferimentos e morreu na hora.\" \/>\n<meta name=\"robots\" content=\"index, follow, max-snippet:-1, max-image-preview:large, max-video-preview:-1\" \/>\n<link rel=\"canonical\" href=\"https:\/\/www.sgagora.com.br\/sg\/diretora-de-cmei-em-guarda-dos-ferreiros-morre-em-grave-acidente-na-br-354\/\" \/>\n<meta property=\"og:locale\" content=\"pt_BR\" \/>\n<meta property=\"og:type\" content=\"article\" \/>\n<meta property=\"og:title\" content=\"Diretora de CMEI em Guarda dos Ferreiros morre em grave acidente na BR-354\" \/>\n<meta property=\"og:description\" content=\"Elenice Faneca, 43 anos, que era diretora do CMEI Diorgina Maria de Oliveira, em Guarda dos Ferreiros, n\u00e3o resistiu aos ferimentos e morreu na hora.\" \/>\n<meta property=\"og:url\" content=\"https:\/\/www.sgagora.com.br\/sg\/diretora-de-cmei-em-guarda-dos-ferreiros-morre-em-grave-acidente-na-br-354\/\" \/>\n<meta property=\"og:site_name\" content=\"SGAgora\" \/>\n<meta property=\"article:publisher\" content=\"https:\/\/www.facebook.com\/sgagora\" \/>\n<meta property=\"article:published_time\" content=\"2018-10-16T10:51:19+00:00\" \/>\n<meta property=\"article:modified_time\" content=\"2018-10-16T11:33:23+00:00\" \/>\n<meta property=\"og:image\" content=\"https:\/\/www.sgagora.com.br\/sg\/wp-content\/uploads\/2018\/10\/1f58bae261eb14680a62f61d9216ef94-e1539686545344.jpg\" \/>\n\t<meta property=\"og:image:width\" content=\"600\" \/>\n\t<meta property=\"og:image:height\" content=\"450\" \/>\n\t<meta property=\"og:image:type\" content=\"image\/jpeg\" \/>\n<meta name=\"author\" content=\"SG Agora\" \/>\n<meta name=\"twitter:label1\" content=\"Escrito por\" \/>\n\t<meta name=\"twitter:data1\" content=\"SG Agora\" \/>\n\t<meta name=\"twitter:label2\" content=\"Est. tempo de leitura\" \/>\n\t<meta name=\"twitter:data2\" content=\"2 minutos\" \/>\n<script type=\"application\/ld+json\" class=\"yoast-schema-graph\">{\"@context\":\"https:\/\/schema.org\",\"@graph\":[{\"@type\":\"WebPage\",\"@id\":\"https:\/\/www.sgagora.com.br\/sg\/diretora-de-cmei-em-guarda-dos-ferreiros-morre-em-grave-acidente-na-br-354\/\",\"url\":\"https:\/\/www.sgagora.com.br\/sg\/diretora-de-cmei-em-guarda-dos-ferreiros-morre-em-grave-acidente-na-br-354\/\",\"name\":\"Diretora de CMEI em Guarda dos Ferreiros morre em grave acidente na BR-354\",\"isPartOf\":{\"@id\":\"https:\/\/www.sgagora.com.br\/sg\/#website\"},\"datePublished\":\"2018-10-16T10:51:19+00:00\",\"dateModified\":\"2018-10-16T11:33:23+00:00\",\"author\":{\"@id\":\"https:\/\/www.sgagora.com.br\/sg\/#\/schema\/person\/2be62cfb47cee3e0b305e4f7a765ae41\"},\"description\":\"Elenice Faneca, 43 anos, que era diretora do CMEI Diorgina Maria de Oliveira, em Guarda dos Ferreiros, n\u00e3o resistiu aos ferimentos e morreu na hora.\",\"breadcrumb\":{\"@id\":\"https:\/\/www.sgagora.com.br\/sg\/diretora-de-cmei-em-guarda-dos-ferreiros-morre-em-grave-acidente-na-br-354\/#breadcrumb\"},\"inLanguage\":\"pt-BR\",\"potentialAction\":[{\"@type\":\"ReadAction\",\"target\":[\"https:\/\/www.sgagora.com.br\/sg\/diretora-de-cmei-em-guarda-dos-ferreiros-morre-em-grave-acidente-na-br-354\/\"]}]},{\"@type\":\"BreadcrumbList\",\"@id\":\"https:\/\/www.sgagora.com.br\/sg\/diretora-de-cmei-em-guarda-dos-ferreiros-morre-em-grave-acidente-na-br-354\/#breadcrumb\",\"itemListElement\":[{\"@type\":\"ListItem\",\"position\":1,\"name\":\"In\u00edcio\",\"item\":\"https:\/\/www.sgagora.com.br\/sg\/\"},{\"@type\":\"ListItem\",\"position\":2,\"name\":\"Diretora de CMEI em Guarda dos Ferreiros morre em grave acidente na BR-354\"}]},{\"@type\":\"WebSite\",\"@id\":\"https:\/\/www.sgagora.com.br\/sg\/#website\",\"url\":\"https:\/\/www.sgagora.com.br\/sg\/\",\"name\":\"SGAgora\",\"description\":\"Not\u00edcias de S\u00e3o Gotardo\",\"potentialAction\":[{\"@type\":\"SearchAction\",\"target\":{\"@type\":\"EntryPoint\",\"urlTemplate\":\"https:\/\/www.sgagora.com.br\/sg\/?s={search_term_string}\"},\"query-input\":\"required name=search_term_string\"}],\"inLanguage\":\"pt-BR\"},{\"@type\":\"Person\",\"@id\":\"https:\/\/www.sgagora.com.br\/sg\/#\/schema\/person\/2be62cfb47cee3e0b305e4f7a765ae41\",\"name\":\"SG Agora\",\"image\":{\"@type\":\"ImageObject\",\"inLanguage\":\"pt-BR\",\"@id\":\"https:\/\/www.sgagora.com.br\/sg\/#\/schema\/person\/image\/\",\"url\":\"https:\/\/secure.gravatar.com\/avatar\/a0c612a9a8c3e7419d6fd4f92e749d8d?s=96&d=mm&r=g\",\"contentUrl\":\"https:\/\/secure.gravatar.com\/avatar\/a0c612a9a8c3e7419d6fd4f92e749d8d?s=96&d=mm&r=g\",\"caption\":\"SG Agora\"},\"url\":\"https:\/\/www.sgagora.com.br\/sg\/author\/admin\/\"}]}<\/script>\n<!-- \/ Yoast SEO plugin. -->","yoast_head_json":{"title":"Diretora de CMEI em Guarda dos Ferreiros morre em grave acidente na BR-354","description":"Elenice Faneca, 43 anos, que era diretora do CMEI Diorgina Maria de Oliveira, em Guarda dos Ferreiros, n\u00e3o resistiu aos ferimentos e morreu na hora.","robots":{"index":"index","follow":"follow","max-snippet":"max-snippet:-1","max-image-preview":"max-image-preview:large","max-video-preview":"max-video-preview:-1"},"canonical":"https:\/\/www.sgagora.com.br\/sg\/diretora-de-cmei-em-guarda-dos-ferreiros-morre-em-grave-acidente-na-br-354\/","og_locale":"pt_BR","og_type":"article","og_title":"Diretora de CMEI em Guarda dos Ferreiros morre em grave acidente na BR-354","og_description":"Elenice Faneca, 43 anos, que era diretora do CMEI Diorgina Maria de Oliveira, em Guarda dos Ferreiros, n\u00e3o resistiu aos ferimentos e morreu na hora.","og_url":"https:\/\/www.sgagora.com.br\/sg\/diretora-de-cmei-em-guarda-dos-ferreiros-morre-em-grave-acidente-na-br-354\/","og_site_name":"SGAgora","article_publisher":"https:\/\/www.facebook.com\/sgagora","article_published_time":"2018-10-16T10:51:19+00:00","article_modified_time":"2018-10-16T11:33:23+00:00","og_image":[{"width":600,"height":450,"url":"https:\/\/www.sgagora.com.br\/sg\/wp-content\/uploads\/2018\/10\/1f58bae261eb14680a62f61d9216ef94-e1539686545344.jpg","type":"image\/jpeg"}],"author":"SG Agora","twitter_misc":{"Escrito por":"SG Agora","Est. tempo de leitura":"2 minutos"},"schema":{"@context":"https:\/\/schema.org","@graph":[{"@type":"WebPage","@id":"https:\/\/www.sgagora.com.br\/sg\/diretora-de-cmei-em-guarda-dos-ferreiros-morre-em-grave-acidente-na-br-354\/","url":"https:\/\/www.sgagora.com.br\/sg\/diretora-de-cmei-em-guarda-dos-ferreiros-morre-em-grave-acidente-na-br-354\/","name":"Diretora de CMEI em Guarda dos Ferreiros morre em grave acidente na BR-354","isPartOf":{"@id":"https:\/\/www.sgagora.com.br\/sg\/#website"},"datePublished":"2018-10-16T10:51:19+00:00","dateModified":"2018-10-16T11:33:23+00:00","author":{"@id":"https:\/\/www.sgagora.com.br\/sg\/#\/schema\/person\/2be62cfb47cee3e0b305e4f7a765ae41"},"description":"Elenice Faneca, 43 anos, que era diretora do CMEI Diorgina Maria de Oliveira, em Guarda dos Ferreiros, n\u00e3o resistiu aos ferimentos e morreu na hora.","breadcrumb":{"@id":"https:\/\/www.sgagora.com.br\/sg\/diretora-de-cmei-em-guarda-dos-ferreiros-morre-em-grave-acidente-na-br-354\/#breadcrumb"},"inLanguage":"pt-BR","potentialAction":[{"@type":"ReadAction","target":["https:\/\/www.sgagora.com.br\/sg\/diretora-de-cmei-em-guarda-dos-ferreiros-morre-em-grave-acidente-na-br-354\/"]}]},{"@type":"BreadcrumbList","@id":"https:\/\/www.sgagora.com.br\/sg\/diretora-de-cmei-em-guarda-dos-ferreiros-morre-em-grave-acidente-na-br-354\/#breadcrumb","itemListElement":[{"@type":"ListItem","position":1,"name":"In\u00edcio","item":"https:\/\/www.sgagora.com.br\/sg\/"},{"@type":"ListItem","position":2,"name":"Diretora de CMEI em Guarda dos Ferreiros morre em grave acidente na BR-354"}]},{"@type":"WebSite","@id":"https:\/\/www.sgagora.com.br\/sg\/#website","url":"https:\/\/www.sgagora.com.br\/sg\/","name":"SGAgora","description":"Not\u00edcias de S\u00e3o Gotardo","potentialAction":[{"@type":"SearchAction","target":{"@type":"EntryPoint","urlTemplate":"https:\/\/www.sgagora.com.br\/sg\/?s={search_term_string}"},"query-input":"required name=search_term_string"}],"inLanguage":"pt-BR"},{"@type":"Person","@id":"https:\/\/www.sgagora.com.br\/sg\/#\/schema\/person\/2be62cfb47cee3e0b305e4f7a765ae41","name":"SG Agora","image":{"@type":"ImageObject","inLanguage":"pt-BR","@id":"https:\/\/www.sgagora.com.br\/sg\/#\/schema\/person\/image\/","url":"https:\/\/secure.gravatar.com\/avatar\/a0c612a9a8c3e7419d6fd4f92e749d8d?s=96&d=mm&r=g","contentUrl":"https:\/\/secure.gravatar.com\/avatar\/a0c612a9a8c3e7419d6fd4f92e749d8d?s=96&d=mm&r=g","caption":"SG Agora"},"url":"https:\/\/www.sgagora.com.br\/sg\/author\/admin\/"}]}},"_links":{"self":[{"href":"https:\/\/www.sgagora.com.br\/sg\/wp-json\/wp\/v2\/posts\/999963470"}],"collection":[{"href":"https:\/\/www.sgagora.com.br\/sg\/wp-json\/wp\/v2\/posts"}],"about":[{"href":"https:\/\/www.sgagora.com.br\/sg\/wp-json\/wp\/v2\/types\/post"}],"author":[{"embeddable":true,"href":"https:\/\/www.sgagora.com.br\/sg\/wp-json\/wp\/v2\/users\/1"}],"replies":[{"embeddable":true,"href":"https:\/\/www.sgagora.com.br\/sg\/wp-json\/wp\/v2\/comments?post=999963470"}],"version-history":[{"count":3,"href":"https:\/\/www.sgagora.com.br\/sg\/wp-json\/wp\/v2\/posts\/999963470\/revisions"}],"predecessor-version":[{"id":999963475,"href":"https:\/\/www.sgagora.com.br\/sg\/wp-json\/wp\/v2\/posts\/999963470\/revisions\/999963475"}],"wp:featuredmedia":[{"embeddable":true,"href":"https:\/\/www.sgagora.com.br\/sg\/wp-json\/wp\/v2\/media\/999963471"}],"wp:attachment":[{"href":"https:\/\/www.sgagora.com.br\/sg\/wp-json\/wp\/v2\/media?parent=999963470"}],"wp:term":[{"taxonomy":"category","embeddable":true,"href":"https:\/\/www.sgagora.com.br\/sg\/wp-json\/wp\/v2\/categories?post=999963470"},{"taxonomy":"post_tag","embeddable":true,"href":"https:\/\/www.sgagora.com.br\/sg\/wp-json\/wp\/v2\/tags?post=999963470"}],"curies":[{"name":"wp","href":"https:\/\/api.w.org\/{rel}","templated":true}]}}