{"id":999967427,"date":"2019-02-14T17:10:13","date_gmt":"2019-02-14T17:10:13","guid":{"rendered":"https:\/\/www.sgagora.com.br\/sg\/?p=999967427"},"modified":"2019-02-15T17:55:11","modified_gmt":"2019-02-15T17:55:11","slug":"sexta-feira-banda-biquini-cavadao-e-a-quinta-atracao-confirmada-para-a-fenacen-2019","status":"publish","type":"post","link":"https:\/\/www.sgagora.com.br\/sg\/sexta-feira-banda-biquini-cavadao-e-a-quinta-atracao-confirmada-para-a-fenacen-2019\/","title":{"rendered":"Sexta-Feira: Banda Biqu\u00edni Cavad\u00e3o \u00e9 a quinta atra\u00e7\u00e3o confirmada para a Fenacen 2019"},"content":{"rendered":"<p style=\"text-align: justify;\">E a sexta-feira (19\/02) da Fenacen 2019 ser\u00e1 mesmo de muito rock in roll. Na tarde desta quinta-feira (14\/02) atrav\u00e9s de sua p\u00e1gina do Facebook, a Festa confirmou o que o Portal SG AGORA havia antecipado nesta \u00faltima segunda (11) e anunciou a banda Biqu\u00edni Cavad\u00e3o como uma de suas atra\u00e7\u00f5es de shows da terceira noite da Fenacen 2019. Resta saber agora se este ser\u00e1 o \u00fanico show da noite, ou se o Sindicato dos Produtores Rurais de S\u00e3o Gotardo ir\u00e3o surpreender ainda mais o p\u00fablico e anunciar mais uma atra\u00e7\u00e3o da Festa mais aguardada do Alto Parana\u00edba.<\/p>\n<p style=\"text-align: center;\"><span style=\"color: #ff6600;\"><strong>CONTINUA AP\u00d3S A PUBLICIDADE<\/strong><\/span><img decoding=\"async\" loading=\"lazy\" class=\"aligncenter size-full wp-image-999963339\" src=\"https:\/\/www.sgagora.com.br\/sg\/wp-content\/uploads\/2018\/10\/UNINTER_Graduacao-e-pos.gif\" alt=\"UNINTER_Graduacao-e-pos\" width=\"600\" height=\"260\" \/><\/p>\n<p style=\"text-align: justify;\">Com uma mega estrutura e cinco super outras atra\u00e7\u00f5es j\u00e1 confirmadas, a Fenacen 2019 acontece dos dias 17 \u00e0 21 de Julho em S\u00e3o Gotardo. Al\u00e9m da banda Biqu\u00edni Cavad\u00e3o, a Festa ter\u00e1 os shows dos cantores Leonardo (17), Gusttavo Lima (18), Mano Walter (20) e Matheus e Kauan (20). Assim como em 2018, a noite de s\u00e1bado ter\u00e1 shows duplos no palco principal da Fenacen 2019. A novidade tamb\u00e9m poder\u00e1 presentear o p\u00fablico da festa, na noite de sexta (19). A Festa ainda contar\u00e1 com Rodeio Profissional organizado pela Associa\u00e7\u00e3o de Campe\u00f5es de Rodeio (ACR) e locu\u00e7\u00e3o e comet\u00e1rios de Cuiabano Lima e Bruno Ribeiro.<\/p>\n<p style=\"text-align: center;\"><span style=\"color: #ff6600;\"><strong>CONTINUA AP\u00d3S A PUBLICIDADE<\/strong><\/span><img decoding=\"async\" loading=\"lazy\" class=\"aligncenter size-full wp-image-999964535\" src=\"https:\/\/www.sgagora.com.br\/sg\/wp-content\/uploads\/2018\/11\/Ancora-primavera-3.gif\" alt=\"Ancora-primavera-3\" width=\"600\" height=\"260\" \/><\/p>\n<p style=\"text-align: justify;\">O Portal SG AGORA, o Site oficial da Fenacen, desde o ano de 2014, estar\u00e1 presente mais uma vez na Festa no ano que vem e j\u00e1 prepara v\u00e1rias novidades para o p\u00fablico presente se divertir e registrar com nossos fot\u00f3grafos, seus melhores momentos da Fenacen 2019. Em 2018, mais de 4.300 fotos foram registradas pelas lentes dos nosso fot\u00f3grafos. Agradecemos a confian\u00e7a depositada pelo Sindicato dos Produtores Rurais de S\u00e3o Gotardo em nosso Portal, para divulgar e colaborar com a festa mais importante da nossa cidade h\u00e1 mais de cinco anos. Ao p\u00fablico que marcou presen\u00e7a em nosso BACKSTAGE em 2018, o nosso tamb\u00e9m MUITO OBRIGADO!<\/p>\n<p>&nbsp;<\/p>\n<p style=\"text-align: justify;\"><em><strong>Reportagem:<\/strong> Diego Oliveira\/Portal SG AGORA \/ <strong>Fonte da Reportagem:<\/strong> Sindicato dos Produtores Rurais de S\u00e3o Gotardo\/Divulga\u00e7\u00e3o\/Fenacen \/ <strong>Foto Capa:<\/strong> Divulga\u00e7\u00e3o\/Fenacen 2019<\/em><\/p>\n","protected":false},"excerpt":{"rendered":"<p>E a sexta-feira (19\/02) da Fenacen 2019 ser\u00e1 mesmo de muito rock in roll. Na tarde desta quinta-feira (14\/02) atrav\u00e9s de sua p\u00e1gina do Facebook, a Festa confirmou o que o Portal SG AGORA havia &#8230; <a class=\"readmore\" href=\"https:\/\/www.sgagora.com.br\/sg\/sexta-feira-banda-biquini-cavadao-e-a-quinta-atracao-confirmada-para-a-fenacen-2019\/\">Leia Mais<\/a><\/p>\n","protected":false},"author":1,"featured_media":999967428,"comment_status":"open","ping_status":"open","sticky":false,"template":"","format":"standard","meta":{"_bbp_topic_count":0,"_bbp_reply_count":0,"_bbp_total_topic_count":0,"_bbp_total_reply_count":0,"_bbp_voice_count":0,"_bbp_anonymous_reply_count":0,"_bbp_topic_count_hidden":0,"_bbp_reply_count_hidden":0,"_bbp_forum_subforum_count":0},"categories":[3,77],"tags":[366,2204,1940,1017,659,138,155,194,131],"yoast_head":"<!-- This site is optimized with the Yoast SEO plugin v20.5 - https:\/\/yoast.com\/wordpress\/plugins\/seo\/ -->\n<title>Sexta-Feira: Banda Biqu\u00edni Cavad\u00e3o \u00e9 a quinta atra\u00e7\u00e3o confirmada para a Fenacen 2019<\/title>\n<meta name=\"description\" content=\"E a sexta-feira (19\/02) da Fenacen 2019 ser\u00e1 mesmo de muito rock in roll. Resta saber agora se Festa anunciar\u00e1 mais um show para a terceira noite de shows da Festa.\" \/>\n<meta name=\"robots\" content=\"index, follow, max-snippet:-1, max-image-preview:large, max-video-preview:-1\" \/>\n<link rel=\"canonical\" href=\"https:\/\/www.sgagora.com.br\/sg\/sexta-feira-banda-biquini-cavadao-e-a-quinta-atracao-confirmada-para-a-fenacen-2019\/\" \/>\n<meta property=\"og:locale\" content=\"pt_BR\" \/>\n<meta property=\"og:type\" content=\"article\" \/>\n<meta property=\"og:title\" content=\"Sexta-Feira: Banda Biqu\u00edni Cavad\u00e3o \u00e9 a quinta atra\u00e7\u00e3o confirmada para a Fenacen 2019\" \/>\n<meta property=\"og:description\" content=\"E a sexta-feira (19\/02) da Fenacen 2019 ser\u00e1 mesmo de muito rock in roll. Resta saber agora se Festa anunciar\u00e1 mais um show para a terceira noite de shows da Festa.\" \/>\n<meta property=\"og:url\" content=\"https:\/\/www.sgagora.com.br\/sg\/sexta-feira-banda-biquini-cavadao-e-a-quinta-atracao-confirmada-para-a-fenacen-2019\/\" \/>\n<meta property=\"og:site_name\" content=\"SGAgora\" \/>\n<meta property=\"article:publisher\" content=\"https:\/\/www.facebook.com\/sgagora\" \/>\n<meta property=\"article:published_time\" content=\"2019-02-14T17:10:13+00:00\" \/>\n<meta property=\"article:modified_time\" content=\"2019-02-15T17:55:11+00:00\" \/>\n<meta property=\"og:image\" content=\"https:\/\/www.sgagora.com.br\/sg\/wp-content\/uploads\/2019\/02\/52120285_1905231866266646_7911726481066164224_n-e1550164161341.jpg\" \/>\n\t<meta property=\"og:image:width\" content=\"480\" \/>\n\t<meta property=\"og:image:height\" content=\"600\" \/>\n\t<meta property=\"og:image:type\" content=\"image\/jpeg\" \/>\n<meta name=\"author\" content=\"SG Agora\" \/>\n<meta name=\"twitter:label1\" content=\"Escrito por\" \/>\n\t<meta name=\"twitter:data1\" content=\"SG Agora\" \/>\n\t<meta name=\"twitter:label2\" content=\"Est. tempo de leitura\" \/>\n\t<meta name=\"twitter:data2\" content=\"2 minutos\" \/>\n<script type=\"application\/ld+json\" class=\"yoast-schema-graph\">{\"@context\":\"https:\/\/schema.org\",\"@graph\":[{\"@type\":\"WebPage\",\"@id\":\"https:\/\/www.sgagora.com.br\/sg\/sexta-feira-banda-biquini-cavadao-e-a-quinta-atracao-confirmada-para-a-fenacen-2019\/\",\"url\":\"https:\/\/www.sgagora.com.br\/sg\/sexta-feira-banda-biquini-cavadao-e-a-quinta-atracao-confirmada-para-a-fenacen-2019\/\",\"name\":\"Sexta-Feira: Banda Biqu\u00edni Cavad\u00e3o \u00e9 a quinta atra\u00e7\u00e3o confirmada para a Fenacen 2019\",\"isPartOf\":{\"@id\":\"https:\/\/www.sgagora.com.br\/sg\/#website\"},\"datePublished\":\"2019-02-14T17:10:13+00:00\",\"dateModified\":\"2019-02-15T17:55:11+00:00\",\"author\":{\"@id\":\"https:\/\/www.sgagora.com.br\/sg\/#\/schema\/person\/2be62cfb47cee3e0b305e4f7a765ae41\"},\"description\":\"E a sexta-feira (19\/02) da Fenacen 2019 ser\u00e1 mesmo de muito rock in roll. Resta saber agora se Festa anunciar\u00e1 mais um show para a terceira noite de shows da Festa.\",\"breadcrumb\":{\"@id\":\"https:\/\/www.sgagora.com.br\/sg\/sexta-feira-banda-biquini-cavadao-e-a-quinta-atracao-confirmada-para-a-fenacen-2019\/#breadcrumb\"},\"inLanguage\":\"pt-BR\",\"potentialAction\":[{\"@type\":\"ReadAction\",\"target\":[\"https:\/\/www.sgagora.com.br\/sg\/sexta-feira-banda-biquini-cavadao-e-a-quinta-atracao-confirmada-para-a-fenacen-2019\/\"]}]},{\"@type\":\"BreadcrumbList\",\"@id\":\"https:\/\/www.sgagora.com.br\/sg\/sexta-feira-banda-biquini-cavadao-e-a-quinta-atracao-confirmada-para-a-fenacen-2019\/#breadcrumb\",\"itemListElement\":[{\"@type\":\"ListItem\",\"position\":1,\"name\":\"In\u00edcio\",\"item\":\"https:\/\/www.sgagora.com.br\/sg\/\"},{\"@type\":\"ListItem\",\"position\":2,\"name\":\"Sexta-Feira: Banda Biqu\u00edni Cavad\u00e3o \u00e9 a quinta atra\u00e7\u00e3o confirmada para a Fenacen 2019\"}]},{\"@type\":\"WebSite\",\"@id\":\"https:\/\/www.sgagora.com.br\/sg\/#website\",\"url\":\"https:\/\/www.sgagora.com.br\/sg\/\",\"name\":\"SGAgora\",\"description\":\"Not\u00edcias de S\u00e3o Gotardo\",\"potentialAction\":[{\"@type\":\"SearchAction\",\"target\":{\"@type\":\"EntryPoint\",\"urlTemplate\":\"https:\/\/www.sgagora.com.br\/sg\/?s={search_term_string}\"},\"query-input\":\"required name=search_term_string\"}],\"inLanguage\":\"pt-BR\"},{\"@type\":\"Person\",\"@id\":\"https:\/\/www.sgagora.com.br\/sg\/#\/schema\/person\/2be62cfb47cee3e0b305e4f7a765ae41\",\"name\":\"SG Agora\",\"image\":{\"@type\":\"ImageObject\",\"inLanguage\":\"pt-BR\",\"@id\":\"https:\/\/www.sgagora.com.br\/sg\/#\/schema\/person\/image\/\",\"url\":\"https:\/\/secure.gravatar.com\/avatar\/a0c612a9a8c3e7419d6fd4f92e749d8d?s=96&d=mm&r=g\",\"contentUrl\":\"https:\/\/secure.gravatar.com\/avatar\/a0c612a9a8c3e7419d6fd4f92e749d8d?s=96&d=mm&r=g\",\"caption\":\"SG Agora\"},\"url\":\"https:\/\/www.sgagora.com.br\/sg\/author\/admin\/\"}]}<\/script>\n<!-- \/ Yoast SEO plugin. -->","yoast_head_json":{"title":"Sexta-Feira: Banda Biqu\u00edni Cavad\u00e3o \u00e9 a quinta atra\u00e7\u00e3o confirmada para a Fenacen 2019","description":"E a sexta-feira (19\/02) da Fenacen 2019 ser\u00e1 mesmo de muito rock in roll. Resta saber agora se Festa anunciar\u00e1 mais um show para a terceira noite de shows da Festa.","robots":{"index":"index","follow":"follow","max-snippet":"max-snippet:-1","max-image-preview":"max-image-preview:large","max-video-preview":"max-video-preview:-1"},"canonical":"https:\/\/www.sgagora.com.br\/sg\/sexta-feira-banda-biquini-cavadao-e-a-quinta-atracao-confirmada-para-a-fenacen-2019\/","og_locale":"pt_BR","og_type":"article","og_title":"Sexta-Feira: Banda Biqu\u00edni Cavad\u00e3o \u00e9 a quinta atra\u00e7\u00e3o confirmada para a Fenacen 2019","og_description":"E a sexta-feira (19\/02) da Fenacen 2019 ser\u00e1 mesmo de muito rock in roll. Resta saber agora se Festa anunciar\u00e1 mais um show para a terceira noite de shows da Festa.","og_url":"https:\/\/www.sgagora.com.br\/sg\/sexta-feira-banda-biquini-cavadao-e-a-quinta-atracao-confirmada-para-a-fenacen-2019\/","og_site_name":"SGAgora","article_publisher":"https:\/\/www.facebook.com\/sgagora","article_published_time":"2019-02-14T17:10:13+00:00","article_modified_time":"2019-02-15T17:55:11+00:00","og_image":[{"width":480,"height":600,"url":"https:\/\/www.sgagora.com.br\/sg\/wp-content\/uploads\/2019\/02\/52120285_1905231866266646_7911726481066164224_n-e1550164161341.jpg","type":"image\/jpeg"}],"author":"SG Agora","twitter_misc":{"Escrito por":"SG Agora","Est. tempo de leitura":"2 minutos"},"schema":{"@context":"https:\/\/schema.org","@graph":[{"@type":"WebPage","@id":"https:\/\/www.sgagora.com.br\/sg\/sexta-feira-banda-biquini-cavadao-e-a-quinta-atracao-confirmada-para-a-fenacen-2019\/","url":"https:\/\/www.sgagora.com.br\/sg\/sexta-feira-banda-biquini-cavadao-e-a-quinta-atracao-confirmada-para-a-fenacen-2019\/","name":"Sexta-Feira: Banda Biqu\u00edni Cavad\u00e3o \u00e9 a quinta atra\u00e7\u00e3o confirmada para a Fenacen 2019","isPartOf":{"@id":"https:\/\/www.sgagora.com.br\/sg\/#website"},"datePublished":"2019-02-14T17:10:13+00:00","dateModified":"2019-02-15T17:55:11+00:00","author":{"@id":"https:\/\/www.sgagora.com.br\/sg\/#\/schema\/person\/2be62cfb47cee3e0b305e4f7a765ae41"},"description":"E a sexta-feira (19\/02) da Fenacen 2019 ser\u00e1 mesmo de muito rock in roll. Resta saber agora se Festa anunciar\u00e1 mais um show para a terceira noite de shows da Festa.","breadcrumb":{"@id":"https:\/\/www.sgagora.com.br\/sg\/sexta-feira-banda-biquini-cavadao-e-a-quinta-atracao-confirmada-para-a-fenacen-2019\/#breadcrumb"},"inLanguage":"pt-BR","potentialAction":[{"@type":"ReadAction","target":["https:\/\/www.sgagora.com.br\/sg\/sexta-feira-banda-biquini-cavadao-e-a-quinta-atracao-confirmada-para-a-fenacen-2019\/"]}]},{"@type":"BreadcrumbList","@id":"https:\/\/www.sgagora.com.br\/sg\/sexta-feira-banda-biquini-cavadao-e-a-quinta-atracao-confirmada-para-a-fenacen-2019\/#breadcrumb","itemListElement":[{"@type":"ListItem","position":1,"name":"In\u00edcio","item":"https:\/\/www.sgagora.com.br\/sg\/"},{"@type":"ListItem","position":2,"name":"Sexta-Feira: Banda Biqu\u00edni Cavad\u00e3o \u00e9 a quinta atra\u00e7\u00e3o confirmada para a Fenacen 2019"}]},{"@type":"WebSite","@id":"https:\/\/www.sgagora.com.br\/sg\/#website","url":"https:\/\/www.sgagora.com.br\/sg\/","name":"SGAgora","description":"Not\u00edcias de S\u00e3o Gotardo","potentialAction":[{"@type":"SearchAction","target":{"@type":"EntryPoint","urlTemplate":"https:\/\/www.sgagora.com.br\/sg\/?s={search_term_string}"},"query-input":"required name=search_term_string"}],"inLanguage":"pt-BR"},{"@type":"Person","@id":"https:\/\/www.sgagora.com.br\/sg\/#\/schema\/person\/2be62cfb47cee3e0b305e4f7a765ae41","name":"SG Agora","image":{"@type":"ImageObject","inLanguage":"pt-BR","@id":"https:\/\/www.sgagora.com.br\/sg\/#\/schema\/person\/image\/","url":"https:\/\/secure.gravatar.com\/avatar\/a0c612a9a8c3e7419d6fd4f92e749d8d?s=96&d=mm&r=g","contentUrl":"https:\/\/secure.gravatar.com\/avatar\/a0c612a9a8c3e7419d6fd4f92e749d8d?s=96&d=mm&r=g","caption":"SG Agora"},"url":"https:\/\/www.sgagora.com.br\/sg\/author\/admin\/"}]}},"_links":{"self":[{"href":"https:\/\/www.sgagora.com.br\/sg\/wp-json\/wp\/v2\/posts\/999967427"}],"collection":[{"href":"https:\/\/www.sgagora.com.br\/sg\/wp-json\/wp\/v2\/posts"}],"about":[{"href":"https:\/\/www.sgagora.com.br\/sg\/wp-json\/wp\/v2\/types\/post"}],"author":[{"embeddable":true,"href":"https:\/\/www.sgagora.com.br\/sg\/wp-json\/wp\/v2\/users\/1"}],"replies":[{"embeddable":true,"href":"https:\/\/www.sgagora.com.br\/sg\/wp-json\/wp\/v2\/comments?post=999967427"}],"version-history":[{"count":3,"href":"https:\/\/www.sgagora.com.br\/sg\/wp-json\/wp\/v2\/posts\/999967427\/revisions"}],"predecessor-version":[{"id":999967431,"href":"https:\/\/www.sgagora.com.br\/sg\/wp-json\/wp\/v2\/posts\/999967427\/revisions\/999967431"}],"wp:featuredmedia":[{"embeddable":true,"href":"https:\/\/www.sgagora.com.br\/sg\/wp-json\/wp\/v2\/media\/999967428"}],"wp:attachment":[{"href":"https:\/\/www.sgagora.com.br\/sg\/wp-json\/wp\/v2\/media?parent=999967427"}],"wp:term":[{"taxonomy":"category","embeddable":true,"href":"https:\/\/www.sgagora.com.br\/sg\/wp-json\/wp\/v2\/categories?post=999967427"},{"taxonomy":"post_tag","embeddable":true,"href":"https:\/\/www.sgagora.com.br\/sg\/wp-json\/wp\/v2\/tags?post=999967427"}],"curies":[{"name":"wp","href":"https:\/\/api.w.org\/{rel}","templated":true}]}}