{"id":999967541,"date":"2019-02-20T08:36:23","date_gmt":"2019-02-20T08:36:23","guid":{"rendered":"https:\/\/www.sgagora.com.br\/sg\/?p=999967541"},"modified":"2019-03-08T17:00:25","modified_gmt":"2019-03-08T17:00:25","slug":"uninter-todo-mes-e-mes-de-vestibular-e-novos-alunos-no-polo-em-sao-gotardo","status":"publish","type":"post","link":"https:\/\/www.sgagora.com.br\/sg\/uninter-todo-mes-e-mes-de-vestibular-e-novos-alunos-no-polo-em-sao-gotardo\/","title":{"rendered":"Uninter: Todo m\u00eas \u00e9 m\u00eas de vestibular e novos alunos no Polo em S\u00e3o Gotardo"},"content":{"rendered":"<p style=\"text-align: justify;\">No in\u00edcio desta semana em S\u00e3o Gotardo, foi realizada pela Uninter-SG mais uma aula inaugural para os alunos que ingressaram na Universidade neste m\u00eas de Fevereiro de 2019. A aula serviu para apresentar a institui\u00e7\u00e3o para os novos universit\u00e1rios e tamb\u00e9m para esclarecer como funciona a metodologia de ensino da Uninter em S\u00e3o Gotardo. Os alunos tiraram bastante d\u00favidas durante a aula e depois desfrutaram de um delicioso Coffee-Break oferecido pela a equipe da Universidade para estreitar e aproximar ainda mais os novos estudantes da institui\u00e7\u00e3o de ensino.<\/p>\n<p style=\"text-align: center;\"><span style=\"color: #ff0000;\"><strong>CONTINUA AP\u00d3S A PUBLICIDADE<\/strong><\/span><img decoding=\"async\" loading=\"lazy\" class=\"aligncenter size-full wp-image-999963339\" src=\"https:\/\/www.sgagora.com.br\/sg\/wp-content\/uploads\/2018\/10\/UNINTER_Graduacao-e-pos.gif\" alt=\"UNINTER_Graduacao-e-pos\" width=\"600\" height=\"260\" \/><\/p>\n<p style=\"text-align: justify;\">Presente em S\u00e3o Gotardo desde o ano de 2018, a Uninter oferece ao aluno\u00a0cursos de gradua\u00e7\u00e3o e p\u00f3s-gradua\u00e7\u00e3o nas mais diversificadas \u00e1reas. Em sua metodologia de ensino, a Universidade disp\u00f5e para os alunos aulas te\u00f3ricas e pr\u00e1ticas de acordo com a disponibilidade do aluno, material incluso ao longo do curso, espa\u00e7o dispon\u00edvel no polo para estudo e pesquisa do aluno, vestibular agendado, entre outros benef\u00edcios.<\/p>\n<p style=\"text-align: center;\"><span style=\"color: #ff0000;\"><strong>CONTINUA AP\u00d3S A PUBLICIDADE<\/strong><\/span><img decoding=\"async\" loading=\"lazy\" class=\"aligncenter size-full wp-image-999964535\" src=\"https:\/\/www.sgagora.com.br\/sg\/wp-content\/uploads\/2018\/11\/Ancora-primavera-3.gif\" alt=\"Ancora-primavera-3\" width=\"600\" height=\"260\" \/><\/p>\n<p style=\"text-align: justify;\">Al\u00e9m de todos os benef\u00edcios de estudo, a Uninter\u00a0 ainda \u00e9\u00a0 reconhecida pelo MEC (Minist\u00e9rio da Educa\u00e7\u00e3o) e possui notas 4 e 5 em praticamente todos os seus cursos de gradua\u00e7\u00e3o e p\u00f3s gradua\u00e7\u00e3o a dist\u00e2ncia.\u00a0O Polo da Uninter em S\u00e3o Gotardo, est\u00e1 situado\u00a0Avenida Rio Branco, n\u00famero 134, no centro de S\u00e3o Gotardo. Telefones e Matr\u00edculas:\u00a00800 702 0500 \/ (34) 3615-0639. A institui\u00e7\u00e3o funciona todos os dias a partir das 14:00 horas e fica aberta at\u00e9 as 18:00 horas. Inscri\u00e7\u00e3o on-line:\u00a0<strong><a href=\"https:\/\/www.uninter.com\/?gclid=CjwKCAiAlL_UBRBoEiwAXKgW5xmM5Z4bz_VRXf7tAB9QNHXvSR-zOplPuBp_4hr0yH7Sdp-ILZ3MCxoCYVUQAvD_BwE\" target=\"_blank\">www.uninter.com<\/a>.\u00a0<\/strong>Uninter \u2013 A melhor institui\u00e7\u00e3o de educa\u00e7\u00e3o a dist\u00e2ncia do Brasil!<\/p>\n<pre style=\"text-align: center;\"><img decoding=\"async\" loading=\"lazy\" class=\"aligncenter size-full wp-image-999967542\" src=\"https:\/\/www.sgagora.com.br\/sg\/wp-content\/uploads\/2019\/02\/IMG_2352.jpg\" alt=\"IMG_2352\" width=\"600\" height=\"400\" srcset=\"https:\/\/www.sgagora.com.br\/sg\/wp-content\/uploads\/2019\/02\/IMG_2352.jpg 600w, https:\/\/www.sgagora.com.br\/sg\/wp-content\/uploads\/2019\/02\/IMG_2352-300x200.jpg 300w\" sizes=\"(max-width: 600px) 100vw, 600px\" \/>Novos alunos em sua primeira aula na Uninter-SG\u00a0(Foto: SG AGORA)<\/pre>\n<p>&nbsp;<\/p>\n<p style=\"text-align: justify;\"><em><strong>Reportagem:<\/strong>\u00a0Diego Oliveira\/Portal SG AGORA \/\u00a0<strong>Fotos Utilizadas e Foto Capa:<\/strong>\u00a0Diego Oliveira\/Portal SG AGORA \/\u00a0<strong>Fonte da Reportagem:<\/strong>\u00a0Uninter\/Polo-S\u00e3o Gotardo<\/em><\/p>\n","protected":false},"excerpt":{"rendered":"<p>No in\u00edcio desta semana em S\u00e3o Gotardo, foi realizada pela Uninter-SG mais uma aula inaugural para os alunos que ingressaram na Universidade neste m\u00eas de Fevereiro de 2019. A aula serviu para apresentar a institui\u00e7\u00e3o &#8230; <a class=\"readmore\" href=\"https:\/\/www.sgagora.com.br\/sg\/uninter-todo-mes-e-mes-de-vestibular-e-novos-alunos-no-polo-em-sao-gotardo\/\">Leia Mais<\/a><\/p>\n","protected":false},"author":1,"featured_media":999967543,"comment_status":"open","ping_status":"open","sticky":false,"template":"","format":"standard","meta":{"_bbp_topic_count":0,"_bbp_reply_count":0,"_bbp_total_topic_count":0,"_bbp_total_reply_count":0,"_bbp_voice_count":0,"_bbp_anonymous_reply_count":0,"_bbp_topic_count_hidden":0,"_bbp_reply_count_hidden":0,"_bbp_forum_subforum_count":0},"categories":[84,77,81],"tags":[2225,659,120,138,194,179,131,1538,2073,386],"yoast_head":"<!-- This site is optimized with the Yoast SEO plugin v20.5 - https:\/\/yoast.com\/wordpress\/plugins\/seo\/ -->\n<title>Uninter: Todo m\u00eas \u00e9 m\u00eas de vestibular e novos alunos no Polo em S\u00e3o Gotardo<\/title>\n<meta name=\"description\" content=\"No in\u00edcio desta semana em S\u00e3o Gotardo, foi realizada pela Uninter mais uma aula inaugural para os alunos que ingressaram na Universidade em 2019.\" \/>\n<meta name=\"robots\" content=\"index, follow, max-snippet:-1, max-image-preview:large, max-video-preview:-1\" \/>\n<link rel=\"canonical\" href=\"https:\/\/www.sgagora.com.br\/sg\/uninter-todo-mes-e-mes-de-vestibular-e-novos-alunos-no-polo-em-sao-gotardo\/\" \/>\n<meta property=\"og:locale\" content=\"pt_BR\" \/>\n<meta property=\"og:type\" content=\"article\" \/>\n<meta property=\"og:title\" content=\"Uninter: Todo m\u00eas \u00e9 m\u00eas de vestibular e novos alunos no Polo em S\u00e3o Gotardo\" \/>\n<meta property=\"og:description\" content=\"No in\u00edcio desta semana em S\u00e3o Gotardo, foi realizada pela Uninter mais uma aula inaugural para os alunos que ingressaram na Universidade em 2019.\" \/>\n<meta property=\"og:url\" content=\"https:\/\/www.sgagora.com.br\/sg\/uninter-todo-mes-e-mes-de-vestibular-e-novos-alunos-no-polo-em-sao-gotardo\/\" \/>\n<meta property=\"og:site_name\" content=\"SGAgora\" \/>\n<meta property=\"article:publisher\" content=\"https:\/\/www.facebook.com\/sgagora\" \/>\n<meta property=\"article:published_time\" content=\"2019-02-20T08:36:23+00:00\" \/>\n<meta property=\"article:modified_time\" content=\"2019-03-08T17:00:25+00:00\" \/>\n<meta property=\"og:image\" content=\"https:\/\/www.sgagora.com.br\/sg\/wp-content\/uploads\/2019\/02\/IMG_2362.jpg\" \/>\n\t<meta property=\"og:image:width\" content=\"600\" \/>\n\t<meta property=\"og:image:height\" content=\"400\" \/>\n\t<meta property=\"og:image:type\" content=\"image\/jpeg\" \/>\n<meta name=\"author\" content=\"SG Agora\" \/>\n<meta name=\"twitter:label1\" content=\"Escrito por\" \/>\n\t<meta name=\"twitter:data1\" content=\"SG Agora\" \/>\n\t<meta name=\"twitter:label2\" content=\"Est. tempo de leitura\" \/>\n\t<meta name=\"twitter:data2\" content=\"2 minutos\" \/>\n<script type=\"application\/ld+json\" class=\"yoast-schema-graph\">{\"@context\":\"https:\/\/schema.org\",\"@graph\":[{\"@type\":\"WebPage\",\"@id\":\"https:\/\/www.sgagora.com.br\/sg\/uninter-todo-mes-e-mes-de-vestibular-e-novos-alunos-no-polo-em-sao-gotardo\/\",\"url\":\"https:\/\/www.sgagora.com.br\/sg\/uninter-todo-mes-e-mes-de-vestibular-e-novos-alunos-no-polo-em-sao-gotardo\/\",\"name\":\"Uninter: Todo m\u00eas \u00e9 m\u00eas de vestibular e novos alunos no Polo em S\u00e3o Gotardo\",\"isPartOf\":{\"@id\":\"https:\/\/www.sgagora.com.br\/sg\/#website\"},\"datePublished\":\"2019-02-20T08:36:23+00:00\",\"dateModified\":\"2019-03-08T17:00:25+00:00\",\"author\":{\"@id\":\"https:\/\/www.sgagora.com.br\/sg\/#\/schema\/person\/2be62cfb47cee3e0b305e4f7a765ae41\"},\"description\":\"No in\u00edcio desta semana em S\u00e3o Gotardo, foi realizada pela Uninter mais uma aula inaugural para os alunos que ingressaram na Universidade em 2019.\",\"breadcrumb\":{\"@id\":\"https:\/\/www.sgagora.com.br\/sg\/uninter-todo-mes-e-mes-de-vestibular-e-novos-alunos-no-polo-em-sao-gotardo\/#breadcrumb\"},\"inLanguage\":\"pt-BR\",\"potentialAction\":[{\"@type\":\"ReadAction\",\"target\":[\"https:\/\/www.sgagora.com.br\/sg\/uninter-todo-mes-e-mes-de-vestibular-e-novos-alunos-no-polo-em-sao-gotardo\/\"]}]},{\"@type\":\"BreadcrumbList\",\"@id\":\"https:\/\/www.sgagora.com.br\/sg\/uninter-todo-mes-e-mes-de-vestibular-e-novos-alunos-no-polo-em-sao-gotardo\/#breadcrumb\",\"itemListElement\":[{\"@type\":\"ListItem\",\"position\":1,\"name\":\"In\u00edcio\",\"item\":\"https:\/\/www.sgagora.com.br\/sg\/\"},{\"@type\":\"ListItem\",\"position\":2,\"name\":\"Uninter: Todo m\u00eas \u00e9 m\u00eas de vestibular e novos alunos no Polo em S\u00e3o Gotardo\"}]},{\"@type\":\"WebSite\",\"@id\":\"https:\/\/www.sgagora.com.br\/sg\/#website\",\"url\":\"https:\/\/www.sgagora.com.br\/sg\/\",\"name\":\"SGAgora\",\"description\":\"Not\u00edcias de S\u00e3o Gotardo\",\"potentialAction\":[{\"@type\":\"SearchAction\",\"target\":{\"@type\":\"EntryPoint\",\"urlTemplate\":\"https:\/\/www.sgagora.com.br\/sg\/?s={search_term_string}\"},\"query-input\":\"required name=search_term_string\"}],\"inLanguage\":\"pt-BR\"},{\"@type\":\"Person\",\"@id\":\"https:\/\/www.sgagora.com.br\/sg\/#\/schema\/person\/2be62cfb47cee3e0b305e4f7a765ae41\",\"name\":\"SG Agora\",\"image\":{\"@type\":\"ImageObject\",\"inLanguage\":\"pt-BR\",\"@id\":\"https:\/\/www.sgagora.com.br\/sg\/#\/schema\/person\/image\/\",\"url\":\"https:\/\/secure.gravatar.com\/avatar\/a0c612a9a8c3e7419d6fd4f92e749d8d?s=96&d=mm&r=g\",\"contentUrl\":\"https:\/\/secure.gravatar.com\/avatar\/a0c612a9a8c3e7419d6fd4f92e749d8d?s=96&d=mm&r=g\",\"caption\":\"SG Agora\"},\"url\":\"https:\/\/www.sgagora.com.br\/sg\/author\/admin\/\"}]}<\/script>\n<!-- \/ Yoast SEO plugin. -->","yoast_head_json":{"title":"Uninter: Todo m\u00eas \u00e9 m\u00eas de vestibular e novos alunos no Polo em S\u00e3o Gotardo","description":"No in\u00edcio desta semana em S\u00e3o Gotardo, foi realizada pela Uninter mais uma aula inaugural para os alunos que ingressaram na Universidade em 2019.","robots":{"index":"index","follow":"follow","max-snippet":"max-snippet:-1","max-image-preview":"max-image-preview:large","max-video-preview":"max-video-preview:-1"},"canonical":"https:\/\/www.sgagora.com.br\/sg\/uninter-todo-mes-e-mes-de-vestibular-e-novos-alunos-no-polo-em-sao-gotardo\/","og_locale":"pt_BR","og_type":"article","og_title":"Uninter: Todo m\u00eas \u00e9 m\u00eas de vestibular e novos alunos no Polo em S\u00e3o Gotardo","og_description":"No in\u00edcio desta semana em S\u00e3o Gotardo, foi realizada pela Uninter mais uma aula inaugural para os alunos que ingressaram na Universidade em 2019.","og_url":"https:\/\/www.sgagora.com.br\/sg\/uninter-todo-mes-e-mes-de-vestibular-e-novos-alunos-no-polo-em-sao-gotardo\/","og_site_name":"SGAgora","article_publisher":"https:\/\/www.facebook.com\/sgagora","article_published_time":"2019-02-20T08:36:23+00:00","article_modified_time":"2019-03-08T17:00:25+00:00","og_image":[{"width":600,"height":400,"url":"https:\/\/www.sgagora.com.br\/sg\/wp-content\/uploads\/2019\/02\/IMG_2362.jpg","type":"image\/jpeg"}],"author":"SG Agora","twitter_misc":{"Escrito por":"SG Agora","Est. tempo de leitura":"2 minutos"},"schema":{"@context":"https:\/\/schema.org","@graph":[{"@type":"WebPage","@id":"https:\/\/www.sgagora.com.br\/sg\/uninter-todo-mes-e-mes-de-vestibular-e-novos-alunos-no-polo-em-sao-gotardo\/","url":"https:\/\/www.sgagora.com.br\/sg\/uninter-todo-mes-e-mes-de-vestibular-e-novos-alunos-no-polo-em-sao-gotardo\/","name":"Uninter: Todo m\u00eas \u00e9 m\u00eas de vestibular e novos alunos no Polo em S\u00e3o Gotardo","isPartOf":{"@id":"https:\/\/www.sgagora.com.br\/sg\/#website"},"datePublished":"2019-02-20T08:36:23+00:00","dateModified":"2019-03-08T17:00:25+00:00","author":{"@id":"https:\/\/www.sgagora.com.br\/sg\/#\/schema\/person\/2be62cfb47cee3e0b305e4f7a765ae41"},"description":"No in\u00edcio desta semana em S\u00e3o Gotardo, foi realizada pela Uninter mais uma aula inaugural para os alunos que ingressaram na Universidade em 2019.","breadcrumb":{"@id":"https:\/\/www.sgagora.com.br\/sg\/uninter-todo-mes-e-mes-de-vestibular-e-novos-alunos-no-polo-em-sao-gotardo\/#breadcrumb"},"inLanguage":"pt-BR","potentialAction":[{"@type":"ReadAction","target":["https:\/\/www.sgagora.com.br\/sg\/uninter-todo-mes-e-mes-de-vestibular-e-novos-alunos-no-polo-em-sao-gotardo\/"]}]},{"@type":"BreadcrumbList","@id":"https:\/\/www.sgagora.com.br\/sg\/uninter-todo-mes-e-mes-de-vestibular-e-novos-alunos-no-polo-em-sao-gotardo\/#breadcrumb","itemListElement":[{"@type":"ListItem","position":1,"name":"In\u00edcio","item":"https:\/\/www.sgagora.com.br\/sg\/"},{"@type":"ListItem","position":2,"name":"Uninter: Todo m\u00eas \u00e9 m\u00eas de vestibular e novos alunos no Polo em S\u00e3o Gotardo"}]},{"@type":"WebSite","@id":"https:\/\/www.sgagora.com.br\/sg\/#website","url":"https:\/\/www.sgagora.com.br\/sg\/","name":"SGAgora","description":"Not\u00edcias de S\u00e3o Gotardo","potentialAction":[{"@type":"SearchAction","target":{"@type":"EntryPoint","urlTemplate":"https:\/\/www.sgagora.com.br\/sg\/?s={search_term_string}"},"query-input":"required name=search_term_string"}],"inLanguage":"pt-BR"},{"@type":"Person","@id":"https:\/\/www.sgagora.com.br\/sg\/#\/schema\/person\/2be62cfb47cee3e0b305e4f7a765ae41","name":"SG Agora","image":{"@type":"ImageObject","inLanguage":"pt-BR","@id":"https:\/\/www.sgagora.com.br\/sg\/#\/schema\/person\/image\/","url":"https:\/\/secure.gravatar.com\/avatar\/a0c612a9a8c3e7419d6fd4f92e749d8d?s=96&d=mm&r=g","contentUrl":"https:\/\/secure.gravatar.com\/avatar\/a0c612a9a8c3e7419d6fd4f92e749d8d?s=96&d=mm&r=g","caption":"SG Agora"},"url":"https:\/\/www.sgagora.com.br\/sg\/author\/admin\/"}]}},"_links":{"self":[{"href":"https:\/\/www.sgagora.com.br\/sg\/wp-json\/wp\/v2\/posts\/999967541"}],"collection":[{"href":"https:\/\/www.sgagora.com.br\/sg\/wp-json\/wp\/v2\/posts"}],"about":[{"href":"https:\/\/www.sgagora.com.br\/sg\/wp-json\/wp\/v2\/types\/post"}],"author":[{"embeddable":true,"href":"https:\/\/www.sgagora.com.br\/sg\/wp-json\/wp\/v2\/users\/1"}],"replies":[{"embeddable":true,"href":"https:\/\/www.sgagora.com.br\/sg\/wp-json\/wp\/v2\/comments?post=999967541"}],"version-history":[{"count":1,"href":"https:\/\/www.sgagora.com.br\/sg\/wp-json\/wp\/v2\/posts\/999967541\/revisions"}],"predecessor-version":[{"id":999967544,"href":"https:\/\/www.sgagora.com.br\/sg\/wp-json\/wp\/v2\/posts\/999967541\/revisions\/999967544"}],"wp:featuredmedia":[{"embeddable":true,"href":"https:\/\/www.sgagora.com.br\/sg\/wp-json\/wp\/v2\/media\/999967543"}],"wp:attachment":[{"href":"https:\/\/www.sgagora.com.br\/sg\/wp-json\/wp\/v2\/media?parent=999967541"}],"wp:term":[{"taxonomy":"category","embeddable":true,"href":"https:\/\/www.sgagora.com.br\/sg\/wp-json\/wp\/v2\/categories?post=999967541"},{"taxonomy":"post_tag","embeddable":true,"href":"https:\/\/www.sgagora.com.br\/sg\/wp-json\/wp\/v2\/tags?post=999967541"}],"curies":[{"name":"wp","href":"https:\/\/api.w.org\/{rel}","templated":true}]}}