{"id":999967917,"date":"2019-03-09T09:08:46","date_gmt":"2019-03-09T09:08:46","guid":{"rendered":"https:\/\/www.sgagora.com.br\/sg\/?p=999967917"},"modified":"2019-03-25T15:27:51","modified_gmt":"2019-03-25T15:27:51","slug":"vem-ai-i-corrida-da-mulher-de-sao-gotardo","status":"publish","type":"post","link":"https:\/\/www.sgagora.com.br\/sg\/vem-ai-i-corrida-da-mulher-de-sao-gotardo\/","title":{"rendered":"Vem a\u00ed I Corrida da Mulher de S\u00e3o Gotardo"},"content":{"rendered":"<p style=\"text-align: justify;\">Uma corrida especial e exclusiva para as mulheres de S\u00e3o Gotardo e de toda a regi\u00e3o do Alto Parana\u00edba. No pr\u00f3ximo dia 24 de Mar\u00e7o, acontece a primeira edi\u00e7\u00e3o da Corrida da Mulher de S\u00e3o Gotardo. Promovida pela Secretaria Municipal de Esporte e Lazer de S\u00e3o Gotardo, com o apoio da Pol\u00edcia Militar, a corrida \u00e9 uma homenagem ao Dia Internacional da Mulher, comemorado no \u00faltimo dia 8 de Mar\u00e7o.<\/p>\n<p style=\"text-align: center;\"><span style=\"color: #ff99cc;\"><strong>CONTINUA AP\u00d3S A PUBLICIDADE<\/strong><\/span><img decoding=\"async\" loading=\"lazy\" class=\"aligncenter size-full wp-image-999963339\" src=\"https:\/\/www.sgagora.com.br\/sg\/wp-content\/uploads\/2018\/10\/UNINTER_Graduacao-e-pos.gif\" alt=\"UNINTER_Graduacao-e-pos\" width=\"600\" height=\"260\" \/><\/p>\n<p style=\"text-align: justify;\">Segundo informa\u00e7\u00f5es da organiza\u00e7\u00e3o do evento esportivo, a I Corrida da Mulher de S\u00e3o Gotardo ter\u00e1 a participa\u00e7\u00e3o apenas de mulheres em todas as categorias que ser\u00e3o disputadas. A corrida premiar\u00e1 em dinheiro e com trof\u00e9us, as cinco melhores classificadas geral da competi\u00e7\u00e3o feminina. O trajeto ter\u00e1 in\u00edcio no Pr\u00e9dio Amarelo de S\u00e3o Gotardo e ter\u00e1 percurso de 4,5 Km.<\/p>\n<p style=\"text-align: center;\"><span style=\"color: #ff99cc;\"><strong>CONTINUA AP\u00d3S A PUBLICIDADE<\/strong><\/span><img decoding=\"async\" loading=\"lazy\" class=\"aligncenter size-full wp-image-999967710\" src=\"https:\/\/www.sgagora.com.br\/sg\/wp-content\/uploads\/2019\/02\/GIF-Anivers\u00e1rio-\u00c2ncora.gif\" alt=\"GIF Anivers\u00e1rio \u00c2ncora\" width=\"600\" height=\"250\" \/><\/p>\n<p style=\"text-align: justify;\">Al\u00e9m da premia\u00e7\u00e3o para as melhores colocadas, a I Corrida da Mulher ainda presentear\u00e1 todas as participantes com Kit Medalha e camiseta personalizada da corrida. As inscri\u00e7\u00f5es da corrida poder\u00e3o ser realizadas atrav\u00e9s do site: <span style=\"color: #ff99cc;\"><strong><a style=\"color: #ff99cc;\" href=\"http:\/\/www.corridaeaventura.com.br\" target=\"_blank\">www.corridaeaventura.com.br<\/a><\/strong><\/span>. As inscri\u00e7\u00f5es ter\u00e3o o custo de 30,00 reais e s\u00e3o limitadas, de acordo com a Secretaria Municipal de Esporte e Lazer de S\u00e3o Gotardo. Maiores informa\u00e7\u00f5es pelo telefone (34) 3671-8370.<\/p>\n<p>&nbsp;<\/p>\n<p style=\"text-align: justify;\"><em><strong>Reportagem:<\/strong> Diego Oliveira\/Portal SG AGORA \/ <strong>Fonte da Reportagem e Foto Capa:<\/strong> Secretaria Municipal de Esporte e Lazer de S\u00e3o Gotardo<\/em><\/p>\n","protected":false},"excerpt":{"rendered":"<p>Uma corrida especial e exclusiva para as mulheres de S\u00e3o Gotardo e de toda a regi\u00e3o do Alto Parana\u00edba. No pr\u00f3ximo dia 24 de Mar\u00e7o, acontece a primeira edi\u00e7\u00e3o da Corrida da Mulher de S\u00e3o &#8230; <a class=\"readmore\" href=\"https:\/\/www.sgagora.com.br\/sg\/vem-ai-i-corrida-da-mulher-de-sao-gotardo\/\">Leia Mais<\/a><\/p>\n","protected":false},"author":1,"featured_media":999967918,"comment_status":"open","ping_status":"open","sticky":false,"template":"","format":"standard","meta":{"_bbp_topic_count":0,"_bbp_reply_count":0,"_bbp_total_topic_count":0,"_bbp_total_reply_count":0,"_bbp_voice_count":0,"_bbp_anonymous_reply_count":0,"_bbp_topic_count_hidden":0,"_bbp_reply_count_hidden":0,"_bbp_forum_subforum_count":0},"categories":[79,6],"tags":[553,2246,659,138,194,1551,131],"yoast_head":"<!-- This site is optimized with the Yoast SEO plugin v20.5 - https:\/\/yoast.com\/wordpress\/plugins\/seo\/ -->\n<title>Vem a\u00ed I Corrida da Mulher de S\u00e3o Gotardo<\/title>\n<meta name=\"description\" content=\"Uma corrida especial e exclusiva para as mulheres de S\u00e3o Gotardo e de toda a regi\u00e3o do Alto Parana\u00edba.\" \/>\n<meta name=\"robots\" content=\"index, follow, max-snippet:-1, max-image-preview:large, max-video-preview:-1\" \/>\n<link rel=\"canonical\" href=\"https:\/\/www.sgagora.com.br\/sg\/vem-ai-i-corrida-da-mulher-de-sao-gotardo\/\" \/>\n<meta property=\"og:locale\" content=\"pt_BR\" \/>\n<meta property=\"og:type\" content=\"article\" \/>\n<meta property=\"og:title\" content=\"Vem a\u00ed I Corrida da Mulher de S\u00e3o Gotardo\" \/>\n<meta property=\"og:description\" content=\"Uma corrida especial e exclusiva para as mulheres de S\u00e3o Gotardo e de toda a regi\u00e3o do Alto Parana\u00edba.\" \/>\n<meta property=\"og:url\" content=\"https:\/\/www.sgagora.com.br\/sg\/vem-ai-i-corrida-da-mulher-de-sao-gotardo\/\" \/>\n<meta property=\"og:site_name\" content=\"SGAgora\" \/>\n<meta property=\"article:publisher\" content=\"https:\/\/www.facebook.com\/sgagora\" \/>\n<meta property=\"article:published_time\" content=\"2019-03-09T09:08:46+00:00\" \/>\n<meta property=\"article:modified_time\" content=\"2019-03-25T15:27:51+00:00\" \/>\n<meta property=\"og:image\" content=\"https:\/\/www.sgagora.com.br\/sg\/wp-content\/uploads\/2019\/03\/bc5181f9-a889-4728-961a-9d758c0b8f4c-e1552320461885.jpg\" \/>\n\t<meta property=\"og:image:width\" content=\"405\" \/>\n\t<meta property=\"og:image:height\" content=\"600\" \/>\n\t<meta property=\"og:image:type\" content=\"image\/jpeg\" \/>\n<meta name=\"author\" content=\"SG Agora\" \/>\n<meta name=\"twitter:label1\" content=\"Escrito por\" \/>\n\t<meta name=\"twitter:data1\" content=\"SG Agora\" \/>\n\t<meta name=\"twitter:label2\" content=\"Est. tempo de leitura\" \/>\n\t<meta name=\"twitter:data2\" content=\"1 minuto\" \/>\n<script type=\"application\/ld+json\" class=\"yoast-schema-graph\">{\"@context\":\"https:\/\/schema.org\",\"@graph\":[{\"@type\":\"WebPage\",\"@id\":\"https:\/\/www.sgagora.com.br\/sg\/vem-ai-i-corrida-da-mulher-de-sao-gotardo\/\",\"url\":\"https:\/\/www.sgagora.com.br\/sg\/vem-ai-i-corrida-da-mulher-de-sao-gotardo\/\",\"name\":\"Vem a\u00ed I Corrida da Mulher de S\u00e3o Gotardo\",\"isPartOf\":{\"@id\":\"https:\/\/www.sgagora.com.br\/sg\/#website\"},\"datePublished\":\"2019-03-09T09:08:46+00:00\",\"dateModified\":\"2019-03-25T15:27:51+00:00\",\"author\":{\"@id\":\"https:\/\/www.sgagora.com.br\/sg\/#\/schema\/person\/2be62cfb47cee3e0b305e4f7a765ae41\"},\"description\":\"Uma corrida especial e exclusiva para as mulheres de S\u00e3o Gotardo e de toda a regi\u00e3o do Alto Parana\u00edba.\",\"breadcrumb\":{\"@id\":\"https:\/\/www.sgagora.com.br\/sg\/vem-ai-i-corrida-da-mulher-de-sao-gotardo\/#breadcrumb\"},\"inLanguage\":\"pt-BR\",\"potentialAction\":[{\"@type\":\"ReadAction\",\"target\":[\"https:\/\/www.sgagora.com.br\/sg\/vem-ai-i-corrida-da-mulher-de-sao-gotardo\/\"]}]},{\"@type\":\"BreadcrumbList\",\"@id\":\"https:\/\/www.sgagora.com.br\/sg\/vem-ai-i-corrida-da-mulher-de-sao-gotardo\/#breadcrumb\",\"itemListElement\":[{\"@type\":\"ListItem\",\"position\":1,\"name\":\"In\u00edcio\",\"item\":\"https:\/\/www.sgagora.com.br\/sg\/\"},{\"@type\":\"ListItem\",\"position\":2,\"name\":\"Vem a\u00ed I Corrida da Mulher de S\u00e3o Gotardo\"}]},{\"@type\":\"WebSite\",\"@id\":\"https:\/\/www.sgagora.com.br\/sg\/#website\",\"url\":\"https:\/\/www.sgagora.com.br\/sg\/\",\"name\":\"SGAgora\",\"description\":\"Not\u00edcias de S\u00e3o Gotardo\",\"potentialAction\":[{\"@type\":\"SearchAction\",\"target\":{\"@type\":\"EntryPoint\",\"urlTemplate\":\"https:\/\/www.sgagora.com.br\/sg\/?s={search_term_string}\"},\"query-input\":\"required name=search_term_string\"}],\"inLanguage\":\"pt-BR\"},{\"@type\":\"Person\",\"@id\":\"https:\/\/www.sgagora.com.br\/sg\/#\/schema\/person\/2be62cfb47cee3e0b305e4f7a765ae41\",\"name\":\"SG Agora\",\"image\":{\"@type\":\"ImageObject\",\"inLanguage\":\"pt-BR\",\"@id\":\"https:\/\/www.sgagora.com.br\/sg\/#\/schema\/person\/image\/\",\"url\":\"https:\/\/secure.gravatar.com\/avatar\/a0c612a9a8c3e7419d6fd4f92e749d8d?s=96&d=mm&r=g\",\"contentUrl\":\"https:\/\/secure.gravatar.com\/avatar\/a0c612a9a8c3e7419d6fd4f92e749d8d?s=96&d=mm&r=g\",\"caption\":\"SG Agora\"},\"url\":\"https:\/\/www.sgagora.com.br\/sg\/author\/admin\/\"}]}<\/script>\n<!-- \/ Yoast SEO plugin. -->","yoast_head_json":{"title":"Vem a\u00ed I Corrida da Mulher de S\u00e3o Gotardo","description":"Uma corrida especial e exclusiva para as mulheres de S\u00e3o Gotardo e de toda a regi\u00e3o do Alto Parana\u00edba.","robots":{"index":"index","follow":"follow","max-snippet":"max-snippet:-1","max-image-preview":"max-image-preview:large","max-video-preview":"max-video-preview:-1"},"canonical":"https:\/\/www.sgagora.com.br\/sg\/vem-ai-i-corrida-da-mulher-de-sao-gotardo\/","og_locale":"pt_BR","og_type":"article","og_title":"Vem a\u00ed I Corrida da Mulher de S\u00e3o Gotardo","og_description":"Uma corrida especial e exclusiva para as mulheres de S\u00e3o Gotardo e de toda a regi\u00e3o do Alto Parana\u00edba.","og_url":"https:\/\/www.sgagora.com.br\/sg\/vem-ai-i-corrida-da-mulher-de-sao-gotardo\/","og_site_name":"SGAgora","article_publisher":"https:\/\/www.facebook.com\/sgagora","article_published_time":"2019-03-09T09:08:46+00:00","article_modified_time":"2019-03-25T15:27:51+00:00","og_image":[{"width":405,"height":600,"url":"https:\/\/www.sgagora.com.br\/sg\/wp-content\/uploads\/2019\/03\/bc5181f9-a889-4728-961a-9d758c0b8f4c-e1552320461885.jpg","type":"image\/jpeg"}],"author":"SG Agora","twitter_misc":{"Escrito por":"SG Agora","Est. tempo de leitura":"1 minuto"},"schema":{"@context":"https:\/\/schema.org","@graph":[{"@type":"WebPage","@id":"https:\/\/www.sgagora.com.br\/sg\/vem-ai-i-corrida-da-mulher-de-sao-gotardo\/","url":"https:\/\/www.sgagora.com.br\/sg\/vem-ai-i-corrida-da-mulher-de-sao-gotardo\/","name":"Vem a\u00ed I Corrida da Mulher de S\u00e3o Gotardo","isPartOf":{"@id":"https:\/\/www.sgagora.com.br\/sg\/#website"},"datePublished":"2019-03-09T09:08:46+00:00","dateModified":"2019-03-25T15:27:51+00:00","author":{"@id":"https:\/\/www.sgagora.com.br\/sg\/#\/schema\/person\/2be62cfb47cee3e0b305e4f7a765ae41"},"description":"Uma corrida especial e exclusiva para as mulheres de S\u00e3o Gotardo e de toda a regi\u00e3o do Alto Parana\u00edba.","breadcrumb":{"@id":"https:\/\/www.sgagora.com.br\/sg\/vem-ai-i-corrida-da-mulher-de-sao-gotardo\/#breadcrumb"},"inLanguage":"pt-BR","potentialAction":[{"@type":"ReadAction","target":["https:\/\/www.sgagora.com.br\/sg\/vem-ai-i-corrida-da-mulher-de-sao-gotardo\/"]}]},{"@type":"BreadcrumbList","@id":"https:\/\/www.sgagora.com.br\/sg\/vem-ai-i-corrida-da-mulher-de-sao-gotardo\/#breadcrumb","itemListElement":[{"@type":"ListItem","position":1,"name":"In\u00edcio","item":"https:\/\/www.sgagora.com.br\/sg\/"},{"@type":"ListItem","position":2,"name":"Vem a\u00ed I Corrida da Mulher de S\u00e3o Gotardo"}]},{"@type":"WebSite","@id":"https:\/\/www.sgagora.com.br\/sg\/#website","url":"https:\/\/www.sgagora.com.br\/sg\/","name":"SGAgora","description":"Not\u00edcias de S\u00e3o Gotardo","potentialAction":[{"@type":"SearchAction","target":{"@type":"EntryPoint","urlTemplate":"https:\/\/www.sgagora.com.br\/sg\/?s={search_term_string}"},"query-input":"required name=search_term_string"}],"inLanguage":"pt-BR"},{"@type":"Person","@id":"https:\/\/www.sgagora.com.br\/sg\/#\/schema\/person\/2be62cfb47cee3e0b305e4f7a765ae41","name":"SG Agora","image":{"@type":"ImageObject","inLanguage":"pt-BR","@id":"https:\/\/www.sgagora.com.br\/sg\/#\/schema\/person\/image\/","url":"https:\/\/secure.gravatar.com\/avatar\/a0c612a9a8c3e7419d6fd4f92e749d8d?s=96&d=mm&r=g","contentUrl":"https:\/\/secure.gravatar.com\/avatar\/a0c612a9a8c3e7419d6fd4f92e749d8d?s=96&d=mm&r=g","caption":"SG Agora"},"url":"https:\/\/www.sgagora.com.br\/sg\/author\/admin\/"}]}},"_links":{"self":[{"href":"https:\/\/www.sgagora.com.br\/sg\/wp-json\/wp\/v2\/posts\/999967917"}],"collection":[{"href":"https:\/\/www.sgagora.com.br\/sg\/wp-json\/wp\/v2\/posts"}],"about":[{"href":"https:\/\/www.sgagora.com.br\/sg\/wp-json\/wp\/v2\/types\/post"}],"author":[{"embeddable":true,"href":"https:\/\/www.sgagora.com.br\/sg\/wp-json\/wp\/v2\/users\/1"}],"replies":[{"embeddable":true,"href":"https:\/\/www.sgagora.com.br\/sg\/wp-json\/wp\/v2\/comments?post=999967917"}],"version-history":[{"count":1,"href":"https:\/\/www.sgagora.com.br\/sg\/wp-json\/wp\/v2\/posts\/999967917\/revisions"}],"predecessor-version":[{"id":999967921,"href":"https:\/\/www.sgagora.com.br\/sg\/wp-json\/wp\/v2\/posts\/999967917\/revisions\/999967921"}],"wp:featuredmedia":[{"embeddable":true,"href":"https:\/\/www.sgagora.com.br\/sg\/wp-json\/wp\/v2\/media\/999967918"}],"wp:attachment":[{"href":"https:\/\/www.sgagora.com.br\/sg\/wp-json\/wp\/v2\/media?parent=999967917"}],"wp:term":[{"taxonomy":"category","embeddable":true,"href":"https:\/\/www.sgagora.com.br\/sg\/wp-json\/wp\/v2\/categories?post=999967917"},{"taxonomy":"post_tag","embeddable":true,"href":"https:\/\/www.sgagora.com.br\/sg\/wp-json\/wp\/v2\/tags?post=999967917"}],"curies":[{"name":"wp","href":"https:\/\/api.w.org\/{rel}","templated":true}]}}