{"id":999975668,"date":"2019-10-07T16:08:08","date_gmt":"2019-10-07T16:08:08","guid":{"rendered":"https:\/\/www.sgagora.com.br\/sg\/?p=999975668"},"modified":"2019-11-08T22:47:34","modified_gmt":"2019-11-08T22:47:34","slug":"novos-conselheiros-tutelares-sao-eleitos-em-sao-gotardo-e-guarda-dos-ferreiros","status":"publish","type":"post","link":"https:\/\/www.sgagora.com.br\/sg\/novos-conselheiros-tutelares-sao-eleitos-em-sao-gotardo-e-guarda-dos-ferreiros\/","title":{"rendered":"Novos Conselheiros Tutelares s\u00e3o eleitos em S\u00e3o Gotardo e Guarda dos Ferreiros"},"content":{"rendered":"<p style=\"text-align: justify;\">Durante este \u00faltimo domingo (06\/10) em S\u00e3o Gotardo e Guarda dos Ferreiros, foi realizada a elei\u00e7\u00e3o dos novos Conselheiros Tutelares entre o per\u00edodo de 2020 \u00e0 2023. Ao final da elei\u00e7\u00e3o, cinco pessoas foram eleitas e ser\u00e3o respons\u00e1veis por cuidarem e zelarem das crian\u00e7as e adolescentes de nosso munic\u00edpio. A vota\u00e7\u00e3o ocorreu me maneira pac\u00edfica e democr\u00e1tica nas duas localidades.<\/p>\n<p style=\"text-align: justify;\">Segundo informa\u00e7\u00f5es do Conselho Municipal dos Direitos da Crian\u00e7a e do Adolescente de S\u00e3o Gotardo, as vota\u00e7\u00f5es foram realizadas na Escola Municipal Professor Balena em S\u00e3o Gotardo e na extens\u00e3o do CRAS em Guarda dos Ferreiros. O distrito Guardiano participou pela primeira vez da vota\u00e7\u00e3o os Conselheiros que venceram a elei\u00e7\u00e3o ser\u00e3o destinado para tamb\u00e9m atuarem em Guarda dos Ferreiros.<\/p>\n<p style=\"text-align: center;\"><span style=\"color: #ff0000;\"><strong>CONTINUA AP\u00d3S A PUBLICIDADE<\/strong><\/span><img decoding=\"async\" loading=\"lazy\" class=\"aligncenter size-full wp-image-999963339\" src=\"https:\/\/www.sgagora.com.br\/sg\/wp-content\/uploads\/2018\/10\/UNINTER_Graduacao-e-pos.gif\" alt=\"UNINTER_Graduacao-e-pos\" width=\"600\" height=\"260\" \/><\/p>\n<p style=\"text-align: justify;\">Ao todo, 1.110 votos foram apurados elegendo os seguintes novos Conselheiros Tutelares: Leigiana Alberta Pereira com 455 votos, Cristiana Altamira Gonzatto com 139 votos, Edi Cl\u00e9a de Azevedo com 112 votos, Adriana Aparecida Caetano com 96 votos e Edna Aparecida Gon\u00e7alves Ribeiro 94 votos. Cinco pessoas tamb\u00e9m ficaram com suplentes sendo elas: Jacinta Gomes da Silva, Rosane Aparecida de Oliveira, Ricardo Ribeiro de Souza, Ellen Priscilla Leite e Camila Bruna Freitas de Oliveira.<\/p>\n<p style=\"text-align: justify;\">O Portal SG AGORA parabeniza todos os novos Conselheiros Tutelares por aceitarem um cargo de tamanha responsabilidade em nossa cidade. Que eles, juntamente com o Conselho Municipal dos Direitos da Crian\u00e7a e do Adolescente de S\u00e3o Gotardo, possam continuar zelando e cuidando das crian\u00e7as e adolescentes de nosso munic\u00edpio, mesmo sabendo do qu\u00e3o ser\u00e1 dif\u00edcil o desafio aceito por eles e por toda a popula\u00e7\u00e3o S\u00e3o-Gotardense que votou na elei\u00e7\u00e3o dos novos Conselheiros Tutelares.<\/p>\n<p>&nbsp;<\/p>\n<p style=\"text-align: justify;\"><em><strong>Reportagem:<\/strong> Diego Oliveira\/Portal SG AGORA \/ <strong>Fonte da Reportagem:<\/strong> Sydney Miranda\/Conselho Municipal dos Direitos da Crian\u00e7a e do Adolescente de S\u00e3o Gotardo \/<strong> Foto Capa:<\/strong> Reprodu\u00e7\u00e3o\/Google Imagens<\/em><\/p>\n","protected":false},"excerpt":{"rendered":"<p>Durante este \u00faltimo domingo (06\/10) em S\u00e3o Gotardo e Guarda dos Ferreiros, foi realizada a elei\u00e7\u00e3o dos novos Conselheiros Tutelares entre o per\u00edodo de 2020 \u00e0 2023. Ao final da elei\u00e7\u00e3o, cinco pessoas foram eleitas &#8230; <a class=\"readmore\" href=\"https:\/\/www.sgagora.com.br\/sg\/novos-conselheiros-tutelares-sao-eleitos-em-sao-gotardo-e-guarda-dos-ferreiros\/\">Leia Mais<\/a><\/p>\n","protected":false},"author":1,"featured_media":999975670,"comment_status":"open","ping_status":"open","sticky":false,"template":"","format":"standard","meta":{"_bbp_topic_count":0,"_bbp_reply_count":0,"_bbp_total_topic_count":0,"_bbp_total_reply_count":0,"_bbp_voice_count":0,"_bbp_anonymous_reply_count":0,"_bbp_topic_count_hidden":0,"_bbp_reply_count_hidden":0,"_bbp_forum_subforum_count":0},"categories":[77],"tags":[520,2571,1179,255,1190,135,659,138,194,1275,131],"yoast_head":"<!-- This site is optimized with the Yoast SEO plugin v20.5 - https:\/\/yoast.com\/wordpress\/plugins\/seo\/ -->\n<title>Novos Conselheiros Tutelares s\u00e3o eleitos em S\u00e3o Gotardo e Guarda dos Ferreiros<\/title>\n<meta name=\"description\" content=\"Durante este \u00faltimo domingo em S\u00e3o Gotardo e Guarda dos Ferreiros, foi realizada a elei\u00e7\u00e3o dos novos Conselheiros Tutelares entre o per\u00edodo de 2020 \u00e0 2023.\" \/>\n<meta name=\"robots\" content=\"index, follow, max-snippet:-1, max-image-preview:large, max-video-preview:-1\" \/>\n<link rel=\"canonical\" href=\"https:\/\/www.sgagora.com.br\/sg\/novos-conselheiros-tutelares-sao-eleitos-em-sao-gotardo-e-guarda-dos-ferreiros\/\" \/>\n<meta property=\"og:locale\" content=\"pt_BR\" \/>\n<meta property=\"og:type\" content=\"article\" \/>\n<meta property=\"og:title\" content=\"Novos Conselheiros Tutelares s\u00e3o eleitos em S\u00e3o Gotardo e Guarda dos Ferreiros\" \/>\n<meta property=\"og:description\" content=\"Durante este \u00faltimo domingo em S\u00e3o Gotardo e Guarda dos Ferreiros, foi realizada a elei\u00e7\u00e3o dos novos Conselheiros Tutelares entre o per\u00edodo de 2020 \u00e0 2023.\" \/>\n<meta property=\"og:url\" content=\"https:\/\/www.sgagora.com.br\/sg\/novos-conselheiros-tutelares-sao-eleitos-em-sao-gotardo-e-guarda-dos-ferreiros\/\" \/>\n<meta property=\"og:site_name\" content=\"SGAgora\" \/>\n<meta property=\"article:publisher\" content=\"https:\/\/www.facebook.com\/sgagora\" \/>\n<meta property=\"article:published_time\" content=\"2019-10-07T16:08:08+00:00\" \/>\n<meta property=\"article:modified_time\" content=\"2019-11-08T22:47:34+00:00\" \/>\n<meta property=\"og:image\" content=\"https:\/\/www.sgagora.com.br\/sg\/wp-content\/uploads\/2019\/10\/Elei\u00e7\u00e3o-2018-e1557838383605.jpg\" \/>\n\t<meta property=\"og:image:width\" content=\"600\" \/>\n\t<meta property=\"og:image:height\" content=\"359\" \/>\n\t<meta property=\"og:image:type\" content=\"image\/jpeg\" \/>\n<meta name=\"author\" content=\"SG Agora\" \/>\n<meta name=\"twitter:label1\" content=\"Escrito por\" \/>\n\t<meta name=\"twitter:data1\" content=\"SG Agora\" \/>\n\t<meta name=\"twitter:label2\" content=\"Est. tempo de leitura\" \/>\n\t<meta name=\"twitter:data2\" content=\"2 minutos\" \/>\n<script type=\"application\/ld+json\" class=\"yoast-schema-graph\">{\"@context\":\"https:\/\/schema.org\",\"@graph\":[{\"@type\":\"WebPage\",\"@id\":\"https:\/\/www.sgagora.com.br\/sg\/novos-conselheiros-tutelares-sao-eleitos-em-sao-gotardo-e-guarda-dos-ferreiros\/\",\"url\":\"https:\/\/www.sgagora.com.br\/sg\/novos-conselheiros-tutelares-sao-eleitos-em-sao-gotardo-e-guarda-dos-ferreiros\/\",\"name\":\"Novos Conselheiros Tutelares s\u00e3o eleitos em S\u00e3o Gotardo e Guarda dos Ferreiros\",\"isPartOf\":{\"@id\":\"https:\/\/www.sgagora.com.br\/sg\/#website\"},\"datePublished\":\"2019-10-07T16:08:08+00:00\",\"dateModified\":\"2019-11-08T22:47:34+00:00\",\"author\":{\"@id\":\"https:\/\/www.sgagora.com.br\/sg\/#\/schema\/person\/2be62cfb47cee3e0b305e4f7a765ae41\"},\"description\":\"Durante este \u00faltimo domingo em S\u00e3o Gotardo e Guarda dos Ferreiros, foi realizada a elei\u00e7\u00e3o dos novos Conselheiros Tutelares entre o per\u00edodo de 2020 \u00e0 2023.\",\"breadcrumb\":{\"@id\":\"https:\/\/www.sgagora.com.br\/sg\/novos-conselheiros-tutelares-sao-eleitos-em-sao-gotardo-e-guarda-dos-ferreiros\/#breadcrumb\"},\"inLanguage\":\"pt-BR\",\"potentialAction\":[{\"@type\":\"ReadAction\",\"target\":[\"https:\/\/www.sgagora.com.br\/sg\/novos-conselheiros-tutelares-sao-eleitos-em-sao-gotardo-e-guarda-dos-ferreiros\/\"]}]},{\"@type\":\"BreadcrumbList\",\"@id\":\"https:\/\/www.sgagora.com.br\/sg\/novos-conselheiros-tutelares-sao-eleitos-em-sao-gotardo-e-guarda-dos-ferreiros\/#breadcrumb\",\"itemListElement\":[{\"@type\":\"ListItem\",\"position\":1,\"name\":\"In\u00edcio\",\"item\":\"https:\/\/www.sgagora.com.br\/sg\/\"},{\"@type\":\"ListItem\",\"position\":2,\"name\":\"Novos Conselheiros Tutelares s\u00e3o eleitos em S\u00e3o Gotardo e Guarda dos Ferreiros\"}]},{\"@type\":\"WebSite\",\"@id\":\"https:\/\/www.sgagora.com.br\/sg\/#website\",\"url\":\"https:\/\/www.sgagora.com.br\/sg\/\",\"name\":\"SGAgora\",\"description\":\"Not\u00edcias de S\u00e3o Gotardo\",\"potentialAction\":[{\"@type\":\"SearchAction\",\"target\":{\"@type\":\"EntryPoint\",\"urlTemplate\":\"https:\/\/www.sgagora.com.br\/sg\/?s={search_term_string}\"},\"query-input\":\"required name=search_term_string\"}],\"inLanguage\":\"pt-BR\"},{\"@type\":\"Person\",\"@id\":\"https:\/\/www.sgagora.com.br\/sg\/#\/schema\/person\/2be62cfb47cee3e0b305e4f7a765ae41\",\"name\":\"SG Agora\",\"image\":{\"@type\":\"ImageObject\",\"inLanguage\":\"pt-BR\",\"@id\":\"https:\/\/www.sgagora.com.br\/sg\/#\/schema\/person\/image\/\",\"url\":\"https:\/\/secure.gravatar.com\/avatar\/a0c612a9a8c3e7419d6fd4f92e749d8d?s=96&d=mm&r=g\",\"contentUrl\":\"https:\/\/secure.gravatar.com\/avatar\/a0c612a9a8c3e7419d6fd4f92e749d8d?s=96&d=mm&r=g\",\"caption\":\"SG Agora\"},\"url\":\"https:\/\/www.sgagora.com.br\/sg\/author\/admin\/\"}]}<\/script>\n<!-- \/ Yoast SEO plugin. -->","yoast_head_json":{"title":"Novos Conselheiros Tutelares s\u00e3o eleitos em S\u00e3o Gotardo e Guarda dos Ferreiros","description":"Durante este \u00faltimo domingo em S\u00e3o Gotardo e Guarda dos Ferreiros, foi realizada a elei\u00e7\u00e3o dos novos Conselheiros Tutelares entre o per\u00edodo de 2020 \u00e0 2023.","robots":{"index":"index","follow":"follow","max-snippet":"max-snippet:-1","max-image-preview":"max-image-preview:large","max-video-preview":"max-video-preview:-1"},"canonical":"https:\/\/www.sgagora.com.br\/sg\/novos-conselheiros-tutelares-sao-eleitos-em-sao-gotardo-e-guarda-dos-ferreiros\/","og_locale":"pt_BR","og_type":"article","og_title":"Novos Conselheiros Tutelares s\u00e3o eleitos em S\u00e3o Gotardo e Guarda dos Ferreiros","og_description":"Durante este \u00faltimo domingo em S\u00e3o Gotardo e Guarda dos Ferreiros, foi realizada a elei\u00e7\u00e3o dos novos Conselheiros Tutelares entre o per\u00edodo de 2020 \u00e0 2023.","og_url":"https:\/\/www.sgagora.com.br\/sg\/novos-conselheiros-tutelares-sao-eleitos-em-sao-gotardo-e-guarda-dos-ferreiros\/","og_site_name":"SGAgora","article_publisher":"https:\/\/www.facebook.com\/sgagora","article_published_time":"2019-10-07T16:08:08+00:00","article_modified_time":"2019-11-08T22:47:34+00:00","og_image":[{"width":600,"height":359,"url":"https:\/\/www.sgagora.com.br\/sg\/wp-content\/uploads\/2019\/10\/Elei\u00e7\u00e3o-2018-e1557838383605.jpg","type":"image\/jpeg"}],"author":"SG Agora","twitter_misc":{"Escrito por":"SG Agora","Est. tempo de leitura":"2 minutos"},"schema":{"@context":"https:\/\/schema.org","@graph":[{"@type":"WebPage","@id":"https:\/\/www.sgagora.com.br\/sg\/novos-conselheiros-tutelares-sao-eleitos-em-sao-gotardo-e-guarda-dos-ferreiros\/","url":"https:\/\/www.sgagora.com.br\/sg\/novos-conselheiros-tutelares-sao-eleitos-em-sao-gotardo-e-guarda-dos-ferreiros\/","name":"Novos Conselheiros Tutelares s\u00e3o eleitos em S\u00e3o Gotardo e Guarda dos Ferreiros","isPartOf":{"@id":"https:\/\/www.sgagora.com.br\/sg\/#website"},"datePublished":"2019-10-07T16:08:08+00:00","dateModified":"2019-11-08T22:47:34+00:00","author":{"@id":"https:\/\/www.sgagora.com.br\/sg\/#\/schema\/person\/2be62cfb47cee3e0b305e4f7a765ae41"},"description":"Durante este \u00faltimo domingo em S\u00e3o Gotardo e Guarda dos Ferreiros, foi realizada a elei\u00e7\u00e3o dos novos Conselheiros Tutelares entre o per\u00edodo de 2020 \u00e0 2023.","breadcrumb":{"@id":"https:\/\/www.sgagora.com.br\/sg\/novos-conselheiros-tutelares-sao-eleitos-em-sao-gotardo-e-guarda-dos-ferreiros\/#breadcrumb"},"inLanguage":"pt-BR","potentialAction":[{"@type":"ReadAction","target":["https:\/\/www.sgagora.com.br\/sg\/novos-conselheiros-tutelares-sao-eleitos-em-sao-gotardo-e-guarda-dos-ferreiros\/"]}]},{"@type":"BreadcrumbList","@id":"https:\/\/www.sgagora.com.br\/sg\/novos-conselheiros-tutelares-sao-eleitos-em-sao-gotardo-e-guarda-dos-ferreiros\/#breadcrumb","itemListElement":[{"@type":"ListItem","position":1,"name":"In\u00edcio","item":"https:\/\/www.sgagora.com.br\/sg\/"},{"@type":"ListItem","position":2,"name":"Novos Conselheiros Tutelares s\u00e3o eleitos em S\u00e3o Gotardo e Guarda dos Ferreiros"}]},{"@type":"WebSite","@id":"https:\/\/www.sgagora.com.br\/sg\/#website","url":"https:\/\/www.sgagora.com.br\/sg\/","name":"SGAgora","description":"Not\u00edcias de S\u00e3o Gotardo","potentialAction":[{"@type":"SearchAction","target":{"@type":"EntryPoint","urlTemplate":"https:\/\/www.sgagora.com.br\/sg\/?s={search_term_string}"},"query-input":"required name=search_term_string"}],"inLanguage":"pt-BR"},{"@type":"Person","@id":"https:\/\/www.sgagora.com.br\/sg\/#\/schema\/person\/2be62cfb47cee3e0b305e4f7a765ae41","name":"SG Agora","image":{"@type":"ImageObject","inLanguage":"pt-BR","@id":"https:\/\/www.sgagora.com.br\/sg\/#\/schema\/person\/image\/","url":"https:\/\/secure.gravatar.com\/avatar\/a0c612a9a8c3e7419d6fd4f92e749d8d?s=96&d=mm&r=g","contentUrl":"https:\/\/secure.gravatar.com\/avatar\/a0c612a9a8c3e7419d6fd4f92e749d8d?s=96&d=mm&r=g","caption":"SG Agora"},"url":"https:\/\/www.sgagora.com.br\/sg\/author\/admin\/"}]}},"_links":{"self":[{"href":"https:\/\/www.sgagora.com.br\/sg\/wp-json\/wp\/v2\/posts\/999975668"}],"collection":[{"href":"https:\/\/www.sgagora.com.br\/sg\/wp-json\/wp\/v2\/posts"}],"about":[{"href":"https:\/\/www.sgagora.com.br\/sg\/wp-json\/wp\/v2\/types\/post"}],"author":[{"embeddable":true,"href":"https:\/\/www.sgagora.com.br\/sg\/wp-json\/wp\/v2\/users\/1"}],"replies":[{"embeddable":true,"href":"https:\/\/www.sgagora.com.br\/sg\/wp-json\/wp\/v2\/comments?post=999975668"}],"version-history":[{"count":2,"href":"https:\/\/www.sgagora.com.br\/sg\/wp-json\/wp\/v2\/posts\/999975668\/revisions"}],"predecessor-version":[{"id":999975672,"href":"https:\/\/www.sgagora.com.br\/sg\/wp-json\/wp\/v2\/posts\/999975668\/revisions\/999975672"}],"wp:featuredmedia":[{"embeddable":true,"href":"https:\/\/www.sgagora.com.br\/sg\/wp-json\/wp\/v2\/media\/999975670"}],"wp:attachment":[{"href":"https:\/\/www.sgagora.com.br\/sg\/wp-json\/wp\/v2\/media?parent=999975668"}],"wp:term":[{"taxonomy":"category","embeddable":true,"href":"https:\/\/www.sgagora.com.br\/sg\/wp-json\/wp\/v2\/categories?post=999975668"},{"taxonomy":"post_tag","embeddable":true,"href":"https:\/\/www.sgagora.com.br\/sg\/wp-json\/wp\/v2\/tags?post=999975668"}],"curies":[{"name":"wp","href":"https:\/\/api.w.org\/{rel}","templated":true}]}}