{"id":999976493,"date":"2019-10-31T17:00:16","date_gmt":"2019-10-31T17:00:16","guid":{"rendered":"https:\/\/www.sgagora.com.br\/sg\/agu-vai-apurar-vazamento-de-informacoes-sobre-caso-marielle\/"},"modified":"2019-10-31T17:00:16","modified_gmt":"2019-10-31T17:00:16","slug":"agu-vai-apurar-vazamento-de-informacoes-sobre-caso-marielle","status":"publish","type":"post","link":"https:\/\/www.sgagora.com.br\/sg\/agu-vai-apurar-vazamento-de-informacoes-sobre-caso-marielle\/","title":{"rendered":"AGU vai apurar vazamento de informa\u00e7\u00f5es sobre caso Marielle"},"content":{"rendered":"<div id=\"infocoweb\">\n<div id=\"infocoweb_cabecalho\"><a target=\"_blank\" href=\"https:\/\/www.ig.com.br\/\"><img decoding=\"async\" src=\"https:\/\/gestor.infocoweb.com.br\/images\/logo_ig.png\" alt=\"source\"><\/a><\/div>\n<div id=\"infocoweb_corpo\">\n<p id=\"selo-agencia\">                   <img decoding=\"async\" src=\"https:\/\/i0.statig.com.br\/selos-agencias\/brasil.png\" alt=\"Ag\u00eancia Brasil\" \/>                 <\/p>\n<div class=\"gd12\">\n<figure class=\"foto-legenda  componente-galeria\">                    <span>                       <a href=\"https:\/\/i0.statig.com.br\/bancodeimagens\/eh\/y8\/7u\/ehy87ug4k8zxizdbyhsrqet4z.jpg\" class=\"getHoverIn tp lgImg\" data-caption=\"Marielle Franco foi brutalmente assassinada em 14 de mar\u00e7o de 2018\">                         <img decoding=\"async\" src=\"https:\/\/i0.statig.com.br\/bancodeimagens\/ee\/1t\/sv\/ee1tsv94xored42dq5t2bocc5.jpg\" title=\"Marielle Franco foi brutalmente assassinada em 14 de mar\u00e7o de 2018\" alt=\"Marielle Franco\" class=\"new-galeria\" \/>                       <\/a>                     <\/span>                                                                                                                                               <title>arrow-options<\/title><figcaption class=\"undefined\">                      <cite>Guilherme Cunha\/Alerj<\/cite>                       <\/p>\n<div class=\"undefined\">Marielle Franco foi brutalmente assassinada em 14 de mar\u00e7o de 2018<\/div>\n<\/figcaption><\/figure>\n<\/p><\/div>\n<p class=\"\">O advogado-geral da Uni\u00e3o, Andr\u00e9 Mendon\u00e7a, determinou&nbsp;nesta quarta-feira&nbsp;(30) a abertura de um procedimento para apurar a participa\u00e7\u00e3o de algum agente p\u00fablico no vazamento de informa\u00e7\u00f5es sobre as investiga\u00e7\u00f5es da morte da vereadora                   <strong>Marielle<\/strong>  Franco e do motorista Anderson Gomes.<\/p>\n<p class=\"\">                   <a href=\"https:\/\/ultimosegundo.ig.com.br\/politica\/2019-10-31\/entenda-a-investigacao-dos-acessos-ao-condominio-do-acusado-de-matar-marielle.html\" target=\"_blank\" data-mce-href=\"https:\/\/ultimosegundo.ig.com.br\/politica\/2019-10-31\/entenda-a-investigacao-dos-acessos-ao-condominio-do-acusado-de-matar-marielle.html\">Leia tamb\u00e9m:&nbsp;Entenda a investiga\u00e7\u00e3o dos acessos ao condom\u00ednio do acusado de matar Marielle<\/a>                 <\/p>\n<p>O of\u00edcio sobre a abertura do procedimento, que deve ser conduzido pela Procuradoria-Geral da Uni\u00e3o, \u00f3rg\u00e3o subordinado \u00e0 AGU, foi divulgado pelo presidente Jair Bolsonaro em seu perfil no Facebook.<\/p>\n<p>No documento, Mendon\u00e7a destaca que a investiga\u00e7\u00e3o sobre o assassinato de Marielle corre sob segredo de Justi\u00e7a, e que a atua\u00e7\u00e3o da                   <strong>AGU<\/strong>  ocorre considerando que &#8220;o referido vazamento foi utilizado para relacionar a pessoa do presidente da Rep\u00fablica aos poss\u00edveis envolvidos no crime sob investiga\u00e7\u00e3o&#8221;.<\/p>\n<p>O procedimento da AGU visa averiguar o envolvimento de algum agente p\u00fablico no vazamento il\u00edcito de informa\u00e7\u00f5es sobre o caso.<\/p>\n<p>                   <a href=\"https:\/\/ultimosegundo.ig.com.br\/politica\/2019-10-30\/porteiro-mentiu-ao-citar-bolsonaro-em-depoimento-diz-mp.html\" target=\"_blank\" data-mce-href=\"https:\/\/ultimosegundo.ig.com.br\/politica\/2019-10-30\/porteiro-mentiu-ao-citar-bolsonaro-em-depoimento-diz-mp.html\">Leia tamb\u00e9m:&nbsp;Porteiro mentiu ao citar Bolsonaro em depoimento, diz Minist\u00e9rio P\u00fablico<\/a>                 <\/p>\n<p>O AGU citou o artigo 11 da Lei de Improbidade Administrativa (8.492\/1992), segundo o qual \u00e9 vedado ao agente p\u00fablico &#8220;revelar fato ou circunst\u00e2ncia de que tem ci\u00eancia em raz\u00e3o das atribui\u00e7\u00f5es e que deva permanecer em segredo&#8221;.<\/p>\n<p>Na quarta, o ministro da Justi\u00e7a e Seguran\u00e7a P\u00fablica, Sergio Moro, pediu ao procurador-geral da Rep\u00fablica,                   <strong>Augusto Aras<\/strong> , que investigasse &#8220;todas as circunst\u00e2ncias&#8221; em torno da cita\u00e7\u00e3o ao nome de Bolsonaro no caso Marielle.<\/p>\n<p>Horas depois, a PGR divulgou que, em decis\u00e3o sigilosa, Aras determinou o arquivamento da apura\u00e7\u00e3o envolvendo a cita\u00e7\u00e3o de Bolsonaro nas investiga\u00e7\u00f5es do assassinato, e tamb\u00e9m que ele encaminhou ao Minist\u00e9rio P\u00fablico Federal (MPF) do Rio de Janeiro o pedido de Moro para que sejam averiguadas as circunst\u00e2ncias em torno da cita\u00e7\u00e3o ao nome do presidente.<\/p>\n<p>                   <a href=\"https:\/\/ultimosegundo.ig.com.br\/politica\/2019-10-30\/procuradoria-geral-arquiva-citacao-a-bolsonaro-em-caso-marielle.html\" target=\"_blank\" data-mce-href=\"https:\/\/ultimosegundo.ig.com.br\/politica\/2019-10-30\/procuradoria-geral-arquiva-citacao-a-bolsonaro-em-caso-marielle.html\">Leia tamb\u00e9m:&nbsp;Procuradoria-Geral arquiva cita\u00e7\u00e3o a Bolsonaro em caso Marielle<\/a>                 <\/p>\n<p>A vereadora                   <strong>Marielle<\/strong>  Franco e seu motorista, Anderson Gomes, foram assassinados em 14 de mar\u00e7o do ano passado, quando o carro em que estavam foi atingidos por tiros na regi\u00e3o central do Rio de Janeiro.<\/p>\n<\/div>\n<div id=\"infocoweb_rodape\">Fonte: <a target=\"_blank\" href=\"http:\/\/ultimosegundo.ig.com.br\/politica\/2019-10-31\/agu-vai-apurar-vazamento-de-informacoes-sobre-caso-marielle.html\">IG Pol\u00edtica<\/a><\/div>\n<\/div>\n","protected":false},"excerpt":{"rendered":"<p>arrow-options Guilherme Cunha\/Alerj Marielle Franco foi brutalmente assassinada em 14 de mar\u00e7o de 2018 O advogado-geral da Uni\u00e3o, Andr\u00e9 Mendon\u00e7a, determinou&nbsp;nesta quarta-feira&nbsp;(30) a abertura de um procedimento para apurar a participa\u00e7\u00e3o de algum agente p\u00fablico &#8230; <a class=\"readmore\" href=\"https:\/\/www.sgagora.com.br\/sg\/agu-vai-apurar-vazamento-de-informacoes-sobre-caso-marielle\/\">Leia Mais<\/a><\/p>\n","protected":false},"author":1,"featured_media":999976494,"comment_status":"open","ping_status":"open","sticky":false,"template":"","format":"standard","meta":{"_bbp_topic_count":0,"_bbp_reply_count":0,"_bbp_total_topic_count":0,"_bbp_total_reply_count":0,"_bbp_voice_count":0,"_bbp_anonymous_reply_count":0,"_bbp_topic_count_hidden":0,"_bbp_reply_count_hidden":0,"_bbp_forum_subforum_count":0},"categories":[77],"tags":[],"yoast_head":"<!-- This site is optimized with the Yoast SEO plugin v20.5 - https:\/\/yoast.com\/wordpress\/plugins\/seo\/ -->\n<title>AGU vai apurar vazamento de informa\u00e7\u00f5es sobre caso Marielle - SGAgora<\/title>\n<meta name=\"robots\" content=\"index, follow, max-snippet:-1, max-image-preview:large, max-video-preview:-1\" \/>\n<link rel=\"canonical\" href=\"https:\/\/www.sgagora.com.br\/sg\/agu-vai-apurar-vazamento-de-informacoes-sobre-caso-marielle\/\" \/>\n<meta property=\"og:locale\" content=\"pt_BR\" \/>\n<meta property=\"og:type\" content=\"article\" \/>\n<meta property=\"og:title\" content=\"AGU vai apurar vazamento de informa\u00e7\u00f5es sobre caso Marielle - SGAgora\" \/>\n<meta property=\"og:description\" content=\"arrow-options Guilherme Cunha\/Alerj Marielle Franco foi brutalmente assassinada em 14 de mar\u00e7o de 2018 O advogado-geral da Uni\u00e3o, Andr\u00e9 Mendon\u00e7a, determinou&nbsp;nesta quarta-feira&nbsp;(30) a abertura de um procedimento para apurar a participa\u00e7\u00e3o de algum agente p\u00fablico ... Leia Mais\" \/>\n<meta property=\"og:url\" content=\"https:\/\/www.sgagora.com.br\/sg\/agu-vai-apurar-vazamento-de-informacoes-sobre-caso-marielle\/\" \/>\n<meta property=\"og:site_name\" content=\"SGAgora\" \/>\n<meta property=\"article:publisher\" content=\"https:\/\/www.facebook.com\/sgagora\" \/>\n<meta property=\"article:published_time\" content=\"2019-10-31T17:00:16+00:00\" \/>\n<meta property=\"og:image\" content=\"https:\/\/www.sgagora.com.br\/sg\/wp-content\/uploads\/infocoweb\/2019\/10\/31\/thumbnail-for-999976493.jpg\" \/>\n\t<meta property=\"og:image:width\" content=\"652\" \/>\n\t<meta property=\"og:image:height\" content=\"408\" \/>\n\t<meta property=\"og:image:type\" content=\"image\/jpeg\" \/>\n<meta name=\"author\" content=\"SG Agora\" \/>\n<meta name=\"twitter:label1\" content=\"Escrito por\" \/>\n\t<meta name=\"twitter:data1\" content=\"SG Agora\" \/>\n\t<meta name=\"twitter:label2\" content=\"Est. tempo de leitura\" \/>\n\t<meta name=\"twitter:data2\" content=\"2 minutos\" \/>\n<script type=\"application\/ld+json\" class=\"yoast-schema-graph\">{\"@context\":\"https:\/\/schema.org\",\"@graph\":[{\"@type\":\"WebPage\",\"@id\":\"https:\/\/www.sgagora.com.br\/sg\/agu-vai-apurar-vazamento-de-informacoes-sobre-caso-marielle\/\",\"url\":\"https:\/\/www.sgagora.com.br\/sg\/agu-vai-apurar-vazamento-de-informacoes-sobre-caso-marielle\/\",\"name\":\"AGU vai apurar vazamento de informa\u00e7\u00f5es sobre caso Marielle - SGAgora\",\"isPartOf\":{\"@id\":\"https:\/\/www.sgagora.com.br\/sg\/#website\"},\"datePublished\":\"2019-10-31T17:00:16+00:00\",\"dateModified\":\"2019-10-31T17:00:16+00:00\",\"author\":{\"@id\":\"https:\/\/www.sgagora.com.br\/sg\/#\/schema\/person\/2be62cfb47cee3e0b305e4f7a765ae41\"},\"breadcrumb\":{\"@id\":\"https:\/\/www.sgagora.com.br\/sg\/agu-vai-apurar-vazamento-de-informacoes-sobre-caso-marielle\/#breadcrumb\"},\"inLanguage\":\"pt-BR\",\"potentialAction\":[{\"@type\":\"ReadAction\",\"target\":[\"https:\/\/www.sgagora.com.br\/sg\/agu-vai-apurar-vazamento-de-informacoes-sobre-caso-marielle\/\"]}]},{\"@type\":\"BreadcrumbList\",\"@id\":\"https:\/\/www.sgagora.com.br\/sg\/agu-vai-apurar-vazamento-de-informacoes-sobre-caso-marielle\/#breadcrumb\",\"itemListElement\":[{\"@type\":\"ListItem\",\"position\":1,\"name\":\"In\u00edcio\",\"item\":\"https:\/\/www.sgagora.com.br\/sg\/\"},{\"@type\":\"ListItem\",\"position\":2,\"name\":\"AGU vai apurar vazamento de informa\u00e7\u00f5es sobre caso Marielle\"}]},{\"@type\":\"WebSite\",\"@id\":\"https:\/\/www.sgagora.com.br\/sg\/#website\",\"url\":\"https:\/\/www.sgagora.com.br\/sg\/\",\"name\":\"SGAgora\",\"description\":\"Not\u00edcias de S\u00e3o Gotardo\",\"potentialAction\":[{\"@type\":\"SearchAction\",\"target\":{\"@type\":\"EntryPoint\",\"urlTemplate\":\"https:\/\/www.sgagora.com.br\/sg\/?s={search_term_string}\"},\"query-input\":\"required name=search_term_string\"}],\"inLanguage\":\"pt-BR\"},{\"@type\":\"Person\",\"@id\":\"https:\/\/www.sgagora.com.br\/sg\/#\/schema\/person\/2be62cfb47cee3e0b305e4f7a765ae41\",\"name\":\"SG Agora\",\"image\":{\"@type\":\"ImageObject\",\"inLanguage\":\"pt-BR\",\"@id\":\"https:\/\/www.sgagora.com.br\/sg\/#\/schema\/person\/image\/\",\"url\":\"https:\/\/secure.gravatar.com\/avatar\/a0c612a9a8c3e7419d6fd4f92e749d8d?s=96&d=mm&r=g\",\"contentUrl\":\"https:\/\/secure.gravatar.com\/avatar\/a0c612a9a8c3e7419d6fd4f92e749d8d?s=96&d=mm&r=g\",\"caption\":\"SG Agora\"},\"url\":\"https:\/\/www.sgagora.com.br\/sg\/author\/admin\/\"}]}<\/script>\n<!-- \/ Yoast SEO plugin. -->","yoast_head_json":{"title":"AGU vai apurar vazamento de informa\u00e7\u00f5es sobre caso Marielle - SGAgora","robots":{"index":"index","follow":"follow","max-snippet":"max-snippet:-1","max-image-preview":"max-image-preview:large","max-video-preview":"max-video-preview:-1"},"canonical":"https:\/\/www.sgagora.com.br\/sg\/agu-vai-apurar-vazamento-de-informacoes-sobre-caso-marielle\/","og_locale":"pt_BR","og_type":"article","og_title":"AGU vai apurar vazamento de informa\u00e7\u00f5es sobre caso Marielle - SGAgora","og_description":"arrow-options Guilherme Cunha\/Alerj Marielle Franco foi brutalmente assassinada em 14 de mar\u00e7o de 2018 O advogado-geral da Uni\u00e3o, Andr\u00e9 Mendon\u00e7a, determinou&nbsp;nesta quarta-feira&nbsp;(30) a abertura de um procedimento para apurar a participa\u00e7\u00e3o de algum agente p\u00fablico ... Leia Mais","og_url":"https:\/\/www.sgagora.com.br\/sg\/agu-vai-apurar-vazamento-de-informacoes-sobre-caso-marielle\/","og_site_name":"SGAgora","article_publisher":"https:\/\/www.facebook.com\/sgagora","article_published_time":"2019-10-31T17:00:16+00:00","og_image":[{"width":652,"height":408,"url":"https:\/\/www.sgagora.com.br\/sg\/wp-content\/uploads\/infocoweb\/2019\/10\/31\/thumbnail-for-999976493.jpg","type":"image\/jpeg"}],"author":"SG Agora","twitter_misc":{"Escrito por":"SG Agora","Est. tempo de leitura":"2 minutos"},"schema":{"@context":"https:\/\/schema.org","@graph":[{"@type":"WebPage","@id":"https:\/\/www.sgagora.com.br\/sg\/agu-vai-apurar-vazamento-de-informacoes-sobre-caso-marielle\/","url":"https:\/\/www.sgagora.com.br\/sg\/agu-vai-apurar-vazamento-de-informacoes-sobre-caso-marielle\/","name":"AGU vai apurar vazamento de informa\u00e7\u00f5es sobre caso Marielle - SGAgora","isPartOf":{"@id":"https:\/\/www.sgagora.com.br\/sg\/#website"},"datePublished":"2019-10-31T17:00:16+00:00","dateModified":"2019-10-31T17:00:16+00:00","author":{"@id":"https:\/\/www.sgagora.com.br\/sg\/#\/schema\/person\/2be62cfb47cee3e0b305e4f7a765ae41"},"breadcrumb":{"@id":"https:\/\/www.sgagora.com.br\/sg\/agu-vai-apurar-vazamento-de-informacoes-sobre-caso-marielle\/#breadcrumb"},"inLanguage":"pt-BR","potentialAction":[{"@type":"ReadAction","target":["https:\/\/www.sgagora.com.br\/sg\/agu-vai-apurar-vazamento-de-informacoes-sobre-caso-marielle\/"]}]},{"@type":"BreadcrumbList","@id":"https:\/\/www.sgagora.com.br\/sg\/agu-vai-apurar-vazamento-de-informacoes-sobre-caso-marielle\/#breadcrumb","itemListElement":[{"@type":"ListItem","position":1,"name":"In\u00edcio","item":"https:\/\/www.sgagora.com.br\/sg\/"},{"@type":"ListItem","position":2,"name":"AGU vai apurar vazamento de informa\u00e7\u00f5es sobre caso Marielle"}]},{"@type":"WebSite","@id":"https:\/\/www.sgagora.com.br\/sg\/#website","url":"https:\/\/www.sgagora.com.br\/sg\/","name":"SGAgora","description":"Not\u00edcias de S\u00e3o Gotardo","potentialAction":[{"@type":"SearchAction","target":{"@type":"EntryPoint","urlTemplate":"https:\/\/www.sgagora.com.br\/sg\/?s={search_term_string}"},"query-input":"required name=search_term_string"}],"inLanguage":"pt-BR"},{"@type":"Person","@id":"https:\/\/www.sgagora.com.br\/sg\/#\/schema\/person\/2be62cfb47cee3e0b305e4f7a765ae41","name":"SG Agora","image":{"@type":"ImageObject","inLanguage":"pt-BR","@id":"https:\/\/www.sgagora.com.br\/sg\/#\/schema\/person\/image\/","url":"https:\/\/secure.gravatar.com\/avatar\/a0c612a9a8c3e7419d6fd4f92e749d8d?s=96&d=mm&r=g","contentUrl":"https:\/\/secure.gravatar.com\/avatar\/a0c612a9a8c3e7419d6fd4f92e749d8d?s=96&d=mm&r=g","caption":"SG Agora"},"url":"https:\/\/www.sgagora.com.br\/sg\/author\/admin\/"}]}},"_links":{"self":[{"href":"https:\/\/www.sgagora.com.br\/sg\/wp-json\/wp\/v2\/posts\/999976493"}],"collection":[{"href":"https:\/\/www.sgagora.com.br\/sg\/wp-json\/wp\/v2\/posts"}],"about":[{"href":"https:\/\/www.sgagora.com.br\/sg\/wp-json\/wp\/v2\/types\/post"}],"author":[{"embeddable":true,"href":"https:\/\/www.sgagora.com.br\/sg\/wp-json\/wp\/v2\/users\/1"}],"replies":[{"embeddable":true,"href":"https:\/\/www.sgagora.com.br\/sg\/wp-json\/wp\/v2\/comments?post=999976493"}],"version-history":[{"count":0,"href":"https:\/\/www.sgagora.com.br\/sg\/wp-json\/wp\/v2\/posts\/999976493\/revisions"}],"wp:featuredmedia":[{"embeddable":true,"href":"https:\/\/www.sgagora.com.br\/sg\/wp-json\/wp\/v2\/media\/999976494"}],"wp:attachment":[{"href":"https:\/\/www.sgagora.com.br\/sg\/wp-json\/wp\/v2\/media?parent=999976493"}],"wp:term":[{"taxonomy":"category","embeddable":true,"href":"https:\/\/www.sgagora.com.br\/sg\/wp-json\/wp\/v2\/categories?post=999976493"},{"taxonomy":"post_tag","embeddable":true,"href":"https:\/\/www.sgagora.com.br\/sg\/wp-json\/wp\/v2\/tags?post=999976493"}],"curies":[{"name":"wp","href":"https:\/\/api.w.org\/{rel}","templated":true}]}}