{"id":999976537,"date":"2019-11-01T00:45:09","date_gmt":"2019-11-01T00:45:09","guid":{"rendered":"https:\/\/www.sgagora.com.br\/sg\/ato-institucional-numero-5-marcou-periodo-mais-duro-da-ditadura-militar-entenda\/"},"modified":"2019-11-01T00:45:09","modified_gmt":"2019-11-01T00:45:09","slug":"ato-institucional-numero-5-marcou-periodo-mais-duro-da-ditadura-militar-entenda","status":"publish","type":"post","link":"https:\/\/www.sgagora.com.br\/sg\/ato-institucional-numero-5-marcou-periodo-mais-duro-da-ditadura-militar-entenda\/","title":{"rendered":"Ato Institucional n\u00famero 5 marcou per\u00edodo mais duro da ditadura militar; entenda"},"content":{"rendered":"<div id=\"infocoweb\">\n<div id=\"infocoweb_cabecalho\"><a target=\"_blank\" href=\"https:\/\/www.ig.com.br\/\"><img decoding=\"async\" src=\"https:\/\/gestor.infocoweb.com.br\/images\/logo_ig.png\" alt=\"source\"><\/a><\/div>\n<div id=\"infocoweb_corpo\">\n<div class=\"gd12\">\n<figure class=\"foto-legenda  componente-galeria\">                    <span>                       <a href=\"https:\/\/i0.statig.com.br\/bancodeimagens\/84\/sr\/v0\/84srv04j9zciep67n5yudbhc3.jpg\" class=\"getHoverIn tp lgImg\" data-caption=\"Deputado federal, Eduardo Bolsonaro (PSL-SP) falou em novo AI-5. Relembre o que foi o ato, que marcou per\u00edodo mais duro da ditadura militar\">                         <img decoding=\"async\" src=\"https:\/\/i0.statig.com.br\/bancodeimagens\/92\/41\/t1\/9241t1sfg72b4rcno4x5v5pwf.jpg\" title=\"Deputado federal%2C Eduardo Bolsonaro (PSL-SP) falou em novo AI-5. Relembre o que foi o ato%2C que marcou per\u00edodo mais duro da ditadura militar\" alt=\"Eduardo Bolsonaro\" class=\"new-galeria\" \/>                       <\/a>                     <\/span>                                                                                                                                               <title>arrow-options<\/title><figcaption class=\"undefined\">                      <cite>Jorge William \/ Ag\u00eancia O Globo<\/cite>                       <\/p>\n<div class=\"undefined\">Deputado federal, Eduardo Bolsonaro (PSL-SP) falou em novo AI-5. Relembre o que foi o ato, que marcou per\u00edodo mais duro da ditadura militar<\/div>\n<\/figcaption><\/figure>\n<\/p><\/div>\n<p class=\"\">Na noite de 13 de dezembro de 1968, o governo do general                   <strong>Arthur da Costa e Silva<\/strong> , baixou o                   <strong>Ato Institucional n\u00famero 5<\/strong>  (AI-5). O ano de 1968, conhecido como &#8220;o ano que n\u00e3o acabou&#8221; ficou marcado por sucessivos protestos contra&nbsp;a                   <strong>ditadura militar<\/strong>  e foi considerado pelos militares como uma &#8220;resposta&#8221; a essas tens\u00f5es. O ato institucional \u00e9 considerado por historiadores como a medida mais dura dentro do regime&nbsp;militar e se constituiu em uma esp\u00e9cie de carta branca para o governo punir como bem entendesse os seus opositores pol\u00edticos.<\/p>\n<p class=\"\">Nesta quinta-feira (31), o deputado federal Eduardo Bolsonaro (PSL-SP) voltou a falar sobre a ditadura militar e apresentou o&nbsp;                  <strong>AI-5<\/strong> &nbsp;como uma                   <a href=\"\/\/ultimosegundo.ig.com.br\/politica\/2019-10-31\/eduardo-bolsonaro-diz-que-novo-ai-5-pode-ser-resposta-a-esquerda-radical.html\" target=\"_blank\" data-mce-href=\"o deputado federal Eduardo Bolsonaro falou novamente sobre a ditadura militar, dessa vez, apresentando o AI-5 como uma poss\u00edvel resposta ao que ele considera como &quot;radicaliza\u00e7\u00e3o da esquerda&quot;. Fonte: \u00daltimo Segundo - iG @ https:\/ultimosegundo.ig.com.br\/politica\/2019-10-31\/eduardo-bolsonaro-diz-que-novo-ai-5-pode-ser-resposta-a-esquerda-radical.html\">poss\u00edvel resposta ao que ele considera como &#8220;radicaliza\u00e7\u00e3o da esquerda&#8221;<\/a> .<\/p>\n<h3 class=\"\">                   <strong>Entenda alguns dos principais pontos sobre o AI-5:<\/strong>                 <\/h3>\n<\/p>\n<p>                  <strong>Ponto 1:<\/strong> <\/p>\n<p>Com a medida, pessoas presas por crimes pol\u00edticos ou contra a seguran\u00e7a nacional perderam o direito ao habeas corpus, ou seja, podiam ser presas por policiais sem mandado judicial indefinidamente. <\/p>\n<p>                  <strong>Ponto 2: <\/strong> <\/p>\n<p>O AI-5 aumentou os poderes do presidente da Rep\u00fablica para que ele, sem interm\u00e9dio do Judici\u00e1rio, pudesse decretar o fechamento do Congresso Nacional e intervir nos estados e munic\u00edpios. A medida permitia ainda a cassa\u00e7\u00e3o de mandatos parlamentares e suspens\u00e3o dos direitos pol\u00edticos de qualquer cidad\u00e3o por dez anos, entre outras coisas. O presidente tamb\u00e9m podia demitir ou aposentar servidores p\u00fablicos.<\/p>\n<p>                  <strong>Ponto<\/strong>                   <strong>3:<\/strong> <\/p>\n<p> Durante seus dez anos de vig\u00eancia, o documento fundamentou a cassa\u00e7\u00e3o dos mandatos de 110 deputados federais e de sete senadores, de 161 deputados estaduais, 22 prefeitos e 22 vereadores. No total, essas cassa\u00e7\u00f5es descartaram arbitrariamente mais de seis milh\u00f5es de votos. Por meio do AI-5, tamb\u00e9m foram cassados tr\u00eas ministros do Supremo Tribunal Federal (STF), al\u00e9m de professores universit\u00e1rios e pesquisadores. Todos cr\u00edticos ao regime militar. <\/p>\n<p>                  <strong>Ponto 4:<\/strong> <\/p>\n<p>                  <strong><\/strong> O congresso permaneceu fechado por 10 meses: seria reaberto apenas em outubro de 1969, para a realiza\u00e7\u00e3o das elei\u00e7\u00f5es presidenciais que acabariam conduzindo o general Em\u00edlio Garrastazu M\u00e9dici \u00e0 presid\u00eancia e elegendo o vice Augusto Rademaker.<\/p>\n<\/div>\n<div id=\"infocoweb_rodape\">Fonte: <a target=\"_blank\" href=\"http:\/\/ultimosegundo.ig.com.br\/politica\/2019-10-31\/ato-institucional-numero-5-marcou-periodo-mais-duro-da-ditadura-militar-entenda.html\">IG Pol\u00edtica<\/a><\/div>\n<\/div>\n","protected":false},"excerpt":{"rendered":"<p>arrow-options Jorge William \/ Ag\u00eancia O Globo Deputado federal, Eduardo Bolsonaro (PSL-SP) falou em novo AI-5. Relembre o que foi o ato, que marcou per\u00edodo mais duro da ditadura militar Na noite de 13 de &#8230; <a class=\"readmore\" href=\"https:\/\/www.sgagora.com.br\/sg\/ato-institucional-numero-5-marcou-periodo-mais-duro-da-ditadura-militar-entenda\/\">Leia Mais<\/a><\/p>\n","protected":false},"author":1,"featured_media":999976538,"comment_status":"open","ping_status":"open","sticky":false,"template":"","format":"standard","meta":{"_bbp_topic_count":0,"_bbp_reply_count":0,"_bbp_total_topic_count":0,"_bbp_total_reply_count":0,"_bbp_voice_count":0,"_bbp_anonymous_reply_count":0,"_bbp_topic_count_hidden":0,"_bbp_reply_count_hidden":0,"_bbp_forum_subforum_count":0},"categories":[77],"tags":[],"yoast_head":"<!-- This site is optimized with the Yoast SEO plugin v20.5 - https:\/\/yoast.com\/wordpress\/plugins\/seo\/ -->\n<title>Ato Institucional n\u00famero 5 marcou per\u00edodo mais duro da ditadura militar; entenda - SGAgora<\/title>\n<meta name=\"robots\" content=\"index, follow, max-snippet:-1, max-image-preview:large, max-video-preview:-1\" \/>\n<link rel=\"canonical\" href=\"https:\/\/www.sgagora.com.br\/sg\/ato-institucional-numero-5-marcou-periodo-mais-duro-da-ditadura-militar-entenda\/\" \/>\n<meta property=\"og:locale\" content=\"pt_BR\" \/>\n<meta property=\"og:type\" content=\"article\" \/>\n<meta property=\"og:title\" content=\"Ato Institucional n\u00famero 5 marcou per\u00edodo mais duro da ditadura militar; entenda - SGAgora\" \/>\n<meta property=\"og:description\" content=\"arrow-options Jorge William \/ Ag\u00eancia O Globo Deputado federal, Eduardo Bolsonaro (PSL-SP) falou em novo AI-5. Relembre o que foi o ato, que marcou per\u00edodo mais duro da ditadura militar Na noite de 13 de ... Leia Mais\" \/>\n<meta property=\"og:url\" content=\"https:\/\/www.sgagora.com.br\/sg\/ato-institucional-numero-5-marcou-periodo-mais-duro-da-ditadura-militar-entenda\/\" \/>\n<meta property=\"og:site_name\" content=\"SGAgora\" \/>\n<meta property=\"article:publisher\" content=\"https:\/\/www.facebook.com\/sgagora\" \/>\n<meta property=\"article:published_time\" content=\"2019-11-01T00:45:09+00:00\" \/>\n<meta property=\"og:image\" content=\"https:\/\/www.sgagora.com.br\/sg\/wp-content\/uploads\/infocoweb\/2019\/11\/01\/thumbnail-for-999976537.jpg\" \/>\n\t<meta property=\"og:image:width\" content=\"652\" \/>\n\t<meta property=\"og:image:height\" content=\"408\" \/>\n\t<meta property=\"og:image:type\" content=\"image\/jpeg\" \/>\n<meta name=\"author\" content=\"SG Agora\" \/>\n<meta name=\"twitter:label1\" content=\"Escrito por\" \/>\n\t<meta name=\"twitter:data1\" content=\"SG Agora\" \/>\n\t<meta name=\"twitter:label2\" content=\"Est. tempo de leitura\" \/>\n\t<meta name=\"twitter:data2\" content=\"2 minutos\" \/>\n<script type=\"application\/ld+json\" class=\"yoast-schema-graph\">{\"@context\":\"https:\/\/schema.org\",\"@graph\":[{\"@type\":\"WebPage\",\"@id\":\"https:\/\/www.sgagora.com.br\/sg\/ato-institucional-numero-5-marcou-periodo-mais-duro-da-ditadura-militar-entenda\/\",\"url\":\"https:\/\/www.sgagora.com.br\/sg\/ato-institucional-numero-5-marcou-periodo-mais-duro-da-ditadura-militar-entenda\/\",\"name\":\"Ato Institucional n\u00famero 5 marcou per\u00edodo mais duro da ditadura militar; entenda - SGAgora\",\"isPartOf\":{\"@id\":\"https:\/\/www.sgagora.com.br\/sg\/#website\"},\"datePublished\":\"2019-11-01T00:45:09+00:00\",\"dateModified\":\"2019-11-01T00:45:09+00:00\",\"author\":{\"@id\":\"https:\/\/www.sgagora.com.br\/sg\/#\/schema\/person\/2be62cfb47cee3e0b305e4f7a765ae41\"},\"breadcrumb\":{\"@id\":\"https:\/\/www.sgagora.com.br\/sg\/ato-institucional-numero-5-marcou-periodo-mais-duro-da-ditadura-militar-entenda\/#breadcrumb\"},\"inLanguage\":\"pt-BR\",\"potentialAction\":[{\"@type\":\"ReadAction\",\"target\":[\"https:\/\/www.sgagora.com.br\/sg\/ato-institucional-numero-5-marcou-periodo-mais-duro-da-ditadura-militar-entenda\/\"]}]},{\"@type\":\"BreadcrumbList\",\"@id\":\"https:\/\/www.sgagora.com.br\/sg\/ato-institucional-numero-5-marcou-periodo-mais-duro-da-ditadura-militar-entenda\/#breadcrumb\",\"itemListElement\":[{\"@type\":\"ListItem\",\"position\":1,\"name\":\"In\u00edcio\",\"item\":\"https:\/\/www.sgagora.com.br\/sg\/\"},{\"@type\":\"ListItem\",\"position\":2,\"name\":\"Ato Institucional n\u00famero 5 marcou per\u00edodo mais duro da ditadura militar; entenda\"}]},{\"@type\":\"WebSite\",\"@id\":\"https:\/\/www.sgagora.com.br\/sg\/#website\",\"url\":\"https:\/\/www.sgagora.com.br\/sg\/\",\"name\":\"SGAgora\",\"description\":\"Not\u00edcias de S\u00e3o Gotardo\",\"potentialAction\":[{\"@type\":\"SearchAction\",\"target\":{\"@type\":\"EntryPoint\",\"urlTemplate\":\"https:\/\/www.sgagora.com.br\/sg\/?s={search_term_string}\"},\"query-input\":\"required name=search_term_string\"}],\"inLanguage\":\"pt-BR\"},{\"@type\":\"Person\",\"@id\":\"https:\/\/www.sgagora.com.br\/sg\/#\/schema\/person\/2be62cfb47cee3e0b305e4f7a765ae41\",\"name\":\"SG Agora\",\"image\":{\"@type\":\"ImageObject\",\"inLanguage\":\"pt-BR\",\"@id\":\"https:\/\/www.sgagora.com.br\/sg\/#\/schema\/person\/image\/\",\"url\":\"https:\/\/secure.gravatar.com\/avatar\/a0c612a9a8c3e7419d6fd4f92e749d8d?s=96&d=mm&r=g\",\"contentUrl\":\"https:\/\/secure.gravatar.com\/avatar\/a0c612a9a8c3e7419d6fd4f92e749d8d?s=96&d=mm&r=g\",\"caption\":\"SG Agora\"},\"url\":\"https:\/\/www.sgagora.com.br\/sg\/author\/admin\/\"}]}<\/script>\n<!-- \/ Yoast SEO plugin. -->","yoast_head_json":{"title":"Ato Institucional n\u00famero 5 marcou per\u00edodo mais duro da ditadura militar; entenda - SGAgora","robots":{"index":"index","follow":"follow","max-snippet":"max-snippet:-1","max-image-preview":"max-image-preview:large","max-video-preview":"max-video-preview:-1"},"canonical":"https:\/\/www.sgagora.com.br\/sg\/ato-institucional-numero-5-marcou-periodo-mais-duro-da-ditadura-militar-entenda\/","og_locale":"pt_BR","og_type":"article","og_title":"Ato Institucional n\u00famero 5 marcou per\u00edodo mais duro da ditadura militar; entenda - SGAgora","og_description":"arrow-options Jorge William \/ Ag\u00eancia O Globo Deputado federal, Eduardo Bolsonaro (PSL-SP) falou em novo AI-5. Relembre o que foi o ato, que marcou per\u00edodo mais duro da ditadura militar Na noite de 13 de ... Leia Mais","og_url":"https:\/\/www.sgagora.com.br\/sg\/ato-institucional-numero-5-marcou-periodo-mais-duro-da-ditadura-militar-entenda\/","og_site_name":"SGAgora","article_publisher":"https:\/\/www.facebook.com\/sgagora","article_published_time":"2019-11-01T00:45:09+00:00","og_image":[{"width":652,"height":408,"url":"https:\/\/www.sgagora.com.br\/sg\/wp-content\/uploads\/infocoweb\/2019\/11\/01\/thumbnail-for-999976537.jpg","type":"image\/jpeg"}],"author":"SG Agora","twitter_misc":{"Escrito por":"SG Agora","Est. tempo de leitura":"2 minutos"},"schema":{"@context":"https:\/\/schema.org","@graph":[{"@type":"WebPage","@id":"https:\/\/www.sgagora.com.br\/sg\/ato-institucional-numero-5-marcou-periodo-mais-duro-da-ditadura-militar-entenda\/","url":"https:\/\/www.sgagora.com.br\/sg\/ato-institucional-numero-5-marcou-periodo-mais-duro-da-ditadura-militar-entenda\/","name":"Ato Institucional n\u00famero 5 marcou per\u00edodo mais duro da ditadura militar; entenda - SGAgora","isPartOf":{"@id":"https:\/\/www.sgagora.com.br\/sg\/#website"},"datePublished":"2019-11-01T00:45:09+00:00","dateModified":"2019-11-01T00:45:09+00:00","author":{"@id":"https:\/\/www.sgagora.com.br\/sg\/#\/schema\/person\/2be62cfb47cee3e0b305e4f7a765ae41"},"breadcrumb":{"@id":"https:\/\/www.sgagora.com.br\/sg\/ato-institucional-numero-5-marcou-periodo-mais-duro-da-ditadura-militar-entenda\/#breadcrumb"},"inLanguage":"pt-BR","potentialAction":[{"@type":"ReadAction","target":["https:\/\/www.sgagora.com.br\/sg\/ato-institucional-numero-5-marcou-periodo-mais-duro-da-ditadura-militar-entenda\/"]}]},{"@type":"BreadcrumbList","@id":"https:\/\/www.sgagora.com.br\/sg\/ato-institucional-numero-5-marcou-periodo-mais-duro-da-ditadura-militar-entenda\/#breadcrumb","itemListElement":[{"@type":"ListItem","position":1,"name":"In\u00edcio","item":"https:\/\/www.sgagora.com.br\/sg\/"},{"@type":"ListItem","position":2,"name":"Ato Institucional n\u00famero 5 marcou per\u00edodo mais duro da ditadura militar; entenda"}]},{"@type":"WebSite","@id":"https:\/\/www.sgagora.com.br\/sg\/#website","url":"https:\/\/www.sgagora.com.br\/sg\/","name":"SGAgora","description":"Not\u00edcias de S\u00e3o Gotardo","potentialAction":[{"@type":"SearchAction","target":{"@type":"EntryPoint","urlTemplate":"https:\/\/www.sgagora.com.br\/sg\/?s={search_term_string}"},"query-input":"required name=search_term_string"}],"inLanguage":"pt-BR"},{"@type":"Person","@id":"https:\/\/www.sgagora.com.br\/sg\/#\/schema\/person\/2be62cfb47cee3e0b305e4f7a765ae41","name":"SG Agora","image":{"@type":"ImageObject","inLanguage":"pt-BR","@id":"https:\/\/www.sgagora.com.br\/sg\/#\/schema\/person\/image\/","url":"https:\/\/secure.gravatar.com\/avatar\/a0c612a9a8c3e7419d6fd4f92e749d8d?s=96&d=mm&r=g","contentUrl":"https:\/\/secure.gravatar.com\/avatar\/a0c612a9a8c3e7419d6fd4f92e749d8d?s=96&d=mm&r=g","caption":"SG Agora"},"url":"https:\/\/www.sgagora.com.br\/sg\/author\/admin\/"}]}},"_links":{"self":[{"href":"https:\/\/www.sgagora.com.br\/sg\/wp-json\/wp\/v2\/posts\/999976537"}],"collection":[{"href":"https:\/\/www.sgagora.com.br\/sg\/wp-json\/wp\/v2\/posts"}],"about":[{"href":"https:\/\/www.sgagora.com.br\/sg\/wp-json\/wp\/v2\/types\/post"}],"author":[{"embeddable":true,"href":"https:\/\/www.sgagora.com.br\/sg\/wp-json\/wp\/v2\/users\/1"}],"replies":[{"embeddable":true,"href":"https:\/\/www.sgagora.com.br\/sg\/wp-json\/wp\/v2\/comments?post=999976537"}],"version-history":[{"count":0,"href":"https:\/\/www.sgagora.com.br\/sg\/wp-json\/wp\/v2\/posts\/999976537\/revisions"}],"wp:featuredmedia":[{"embeddable":true,"href":"https:\/\/www.sgagora.com.br\/sg\/wp-json\/wp\/v2\/media\/999976538"}],"wp:attachment":[{"href":"https:\/\/www.sgagora.com.br\/sg\/wp-json\/wp\/v2\/media?parent=999976537"}],"wp:term":[{"taxonomy":"category","embeddable":true,"href":"https:\/\/www.sgagora.com.br\/sg\/wp-json\/wp\/v2\/categories?post=999976537"},{"taxonomy":"post_tag","embeddable":true,"href":"https:\/\/www.sgagora.com.br\/sg\/wp-json\/wp\/v2\/tags?post=999976537"}],"curies":[{"name":"wp","href":"https:\/\/api.w.org\/{rel}","templated":true}]}}