{"id":999976776,"date":"2019-11-03T19:30:03","date_gmt":"2019-11-03T19:30:03","guid":{"rendered":"https:\/\/www.sgagora.com.br\/sg\/mais-preparado-felipe-massa-projeta-segunda-temporada-na-formula-e\/"},"modified":"2019-11-03T19:30:03","modified_gmt":"2019-11-03T19:30:03","slug":"mais-preparado-felipe-massa-projeta-segunda-temporada-na-formula-e","status":"publish","type":"post","link":"https:\/\/www.sgagora.com.br\/sg\/mais-preparado-felipe-massa-projeta-segunda-temporada-na-formula-e\/","title":{"rendered":"&quot;Mais preparado&quot;, Felipe Massa projeta segunda temporada na F\u00f3rmula E"},"content":{"rendered":"<div id=\"infocoweb\">\n<div id=\"infocoweb_cabecalho\"><\/div>\n<div id=\"infocoweb_corpo\">\n<p>Em algumas semanas Felipe Massa inicia a segunda temporada competindo na F\u00f3rmula E. O brasileiro passou 15 anos na F\u00f3rmula 1, onde foi vice-campe\u00e3o mundial em 2008 (quando o brit\u00e2nico Lewis Hamilton ganhou o primeiro de seus cinco t\u00edtulos). A sexta edi\u00e7\u00e3o da categoria automobil\u00edstica de carros el\u00e9tricos inicia no pr\u00f3ximo dia 22 de novembro no circuito de rua de Al-Diriyah, na Ar\u00e1bia Saudita. No dia seguinte, na mesma pista, ser\u00e1 disputada a segunda prova da competi\u00e7\u00e3o, que ter\u00e1 14 etapas ao todo.<\/p>\n<p>&#8220;Ser\u00e3o v\u00e1rios pontos pela frente logo de cara. Pode ser ruim se n\u00e3o chegarmos l\u00e1 100% preparados, mas pode ser bom se chegarmos competitivos e somarmos o m\u00e1ximo de pontos poss\u00edveis antes de um intervalo grande [dois meses at\u00e9 a terceira corrida, em Santiago, no Chile]&#8221;, analisa Massa durante evento de promo\u00e7\u00e3o da F\u00f3rmula E em S\u00e3o Paulo.<\/p>\n<p>A perspectiva do brasileiro passa pela corrida contra o tempo da Venturi, equipe da qual faz parte desde o ano passado. Em outubro a escuderia monegasca anunciou que passaria a utilizar equipamentos (como motor, trem de for\u00e7a e sistemas de refrigera\u00e7\u00e3o e suspens\u00e3o) fornecidos pela Mercedes.<\/p>\n<p>O primeiro grande teste foi na pr\u00e9-temporada da categoria, realizada no circuito Ricardo Tormo, em Val\u00eancia (Espanha) entre 15 e 18 de outubro. Foram seis tomadas de tempo reunindo os 24 pilotos do grid. Massa fez a 12\u00ba marca (1min15s504 no \u00faltimo dia de treinos), sendo o melhor entre os brasileiros. Lucas Di Grassi, da Audi, foi o 17\u00ba (1min15s675).<\/p>\n<p>&#8220;O primeiro dia n\u00e3o foi muito bom [1min17s189], sofremos com algumas coisas que n\u00e3o funcionaram direito na parte eletr\u00f4nica e na configura\u00e7\u00e3o. Melhoramos no segundo dia [1min16s580] e mais ainda para o terceiro. Estabelecemos um bom ritmo&#8221;, avalia. O brasileiro diz que a pista de Val\u00eancia \u00e9 diferente dos circuitos de rua da F\u00f3rmula E, e que, por isso, os resultados na Espanha n\u00e3o determinam favoritismos.<\/p>\n<p>O alem\u00e3o Max Gunther, da BMW, fez o melhor tempo dos testes (1min15s087). A diferen\u00e7a entre ele e o su\u00ed\u00e7o Neel Jani, da Porsche, com a 22\u00ba marca da pr\u00e9-temporada (1min16s053), foi de menos de um segundo. Cen\u00e1rio que refor\u00e7a o equil\u00edbrio visto na \u00faltima edi\u00e7\u00e3o da categoria (em 13 etapas foram nove vencedores diferentes).<\/p>\n<p>O atual campe\u00e3o (ou melhor, bicampe\u00e3o) \u00e9 o franc\u00eas Jean-Eric Vergne, da Techeetah. Massa ficou em 15\u00ba com 36 pontos, tendo como melhor resultado o 3\u00ba lugar na etapa de M\u00f4naco, a nona do circuito. Ele acredita que a experi\u00eancia da primeira temporada poder\u00e1 trazer resultados melhores no campeonato que inicia no pr\u00f3ximo dia 22.<\/p>\n<p>&#8220;A F\u00f3rmula E \u00e9, sem d\u00favida, bem diferente de todas as outras. N\u00e3o s\u00f3 pelo carro el\u00e9trico, mas pelas pistas, o jeito do carro, com pneu de rua, sem carga aerodin\u00e2mica como nos carros que eu estava acostumado. Pilotos com mais experi\u00eancia t\u00eam, sim, vantagem, e estou criando essa experi\u00eancia. Ela vai me ajudar a entender o melhor jeito de guiar, de trabalhar carro, [o controle da] bateria, conhecer as pistas. No fim, estou muito mais preparado&#8221;, encerra.<\/p>\n<div class=\"edicao\">                         Edi\u00e7\u00e3o: <span class=\"txtEsportes\">  F\u00e1bio Lisboa<\/span>           <\/div>\n<div class=\"tags\">             Tags: <span class=\"txtEsportes\">  <a href=\"\/tags\/esportes\">esportes<\/a>  <a href=\"\/tags\/formula-e-0\">F\u00f3rmula E<\/a>  <a href=\"\/tags\/formula-1\">F\u00f3rmula 1<\/a>  <a href=\"\/tags\/automobilismo\">Automobilismo<\/a>  <a href=\"\/tags\/felipe-massa\">Felipe Massa<\/a><\/span>           <\/div>\n<div class=\"row\">                    <\/div>\n<\/div>\n<div id=\"infocoweb_rodape\">Fonte: <a target=\"_blank\" href=\"http:\/\/agenciabrasil.ebc.com.br\/esportes\/noticia\/2019-11\/mais-preparado-felipe-massa-projeta-segunda-temporada-na-formula-e\">EBC Esportes<\/a><\/div>\n<\/div>\n","protected":false},"excerpt":{"rendered":"<p>Em algumas semanas Felipe Massa inicia a segunda temporada competindo na F\u00f3rmula E. O brasileiro passou 15 anos na F\u00f3rmula 1, onde foi vice-campe\u00e3o mundial em 2008 (quando o brit\u00e2nico Lewis Hamilton ganhou o primeiro &#8230; <a class=\"readmore\" href=\"https:\/\/www.sgagora.com.br\/sg\/mais-preparado-felipe-massa-projeta-segunda-temporada-na-formula-e\/\">Leia Mais<\/a><\/p>\n","protected":false},"author":1,"featured_media":999976777,"comment_status":"open","ping_status":"open","sticky":false,"template":"","format":"standard","meta":{"_bbp_topic_count":0,"_bbp_reply_count":0,"_bbp_total_topic_count":0,"_bbp_total_reply_count":0,"_bbp_voice_count":0,"_bbp_anonymous_reply_count":0,"_bbp_topic_count_hidden":0,"_bbp_reply_count_hidden":0,"_bbp_forum_subforum_count":0},"categories":[6],"tags":[],"yoast_head":"<!-- This site is optimized with the Yoast SEO plugin v20.5 - https:\/\/yoast.com\/wordpress\/plugins\/seo\/ -->\n<title>&quot;Mais preparado&quot;, Felipe Massa projeta segunda temporada na F\u00f3rmula E - SGAgora<\/title>\n<meta name=\"robots\" content=\"index, follow, max-snippet:-1, max-image-preview:large, max-video-preview:-1\" \/>\n<link rel=\"canonical\" href=\"https:\/\/www.sgagora.com.br\/sg\/mais-preparado-felipe-massa-projeta-segunda-temporada-na-formula-e\/\" \/>\n<meta property=\"og:locale\" content=\"pt_BR\" \/>\n<meta property=\"og:type\" content=\"article\" \/>\n<meta property=\"og:title\" content=\"&quot;Mais preparado&quot;, Felipe Massa projeta segunda temporada na F\u00f3rmula E - SGAgora\" \/>\n<meta property=\"og:description\" content=\"Em algumas semanas Felipe Massa inicia a segunda temporada competindo na F\u00f3rmula E. O brasileiro passou 15 anos na F\u00f3rmula 1, onde foi vice-campe\u00e3o mundial em 2008 (quando o brit\u00e2nico Lewis Hamilton ganhou o primeiro ... Leia Mais\" \/>\n<meta property=\"og:url\" content=\"https:\/\/www.sgagora.com.br\/sg\/mais-preparado-felipe-massa-projeta-segunda-temporada-na-formula-e\/\" \/>\n<meta property=\"og:site_name\" content=\"SGAgora\" \/>\n<meta property=\"article:publisher\" content=\"https:\/\/www.facebook.com\/sgagora\" \/>\n<meta property=\"article:published_time\" content=\"2019-11-03T19:30:03+00:00\" \/>\n<meta property=\"og:image\" content=\"https:\/\/www.sgagora.com.br\/sg\/wp-content\/uploads\/infocoweb\/2019\/11\/03\/thumbnail-for-999976776.jpg\" \/>\n\t<meta property=\"og:image:width\" content=\"750\" \/>\n\t<meta property=\"og:image:height\" content=\"500\" \/>\n\t<meta property=\"og:image:type\" content=\"image\/jpeg\" \/>\n<meta name=\"author\" content=\"SG Agora\" \/>\n<meta name=\"twitter:label1\" content=\"Escrito por\" \/>\n\t<meta name=\"twitter:data1\" content=\"SG Agora\" \/>\n\t<meta name=\"twitter:label2\" content=\"Est. tempo de leitura\" \/>\n\t<meta name=\"twitter:data2\" content=\"3 minutos\" \/>\n<script type=\"application\/ld+json\" class=\"yoast-schema-graph\">{\"@context\":\"https:\/\/schema.org\",\"@graph\":[{\"@type\":\"WebPage\",\"@id\":\"https:\/\/www.sgagora.com.br\/sg\/mais-preparado-felipe-massa-projeta-segunda-temporada-na-formula-e\/\",\"url\":\"https:\/\/www.sgagora.com.br\/sg\/mais-preparado-felipe-massa-projeta-segunda-temporada-na-formula-e\/\",\"name\":\"&quot;Mais preparado&quot;, Felipe Massa projeta segunda temporada na F\u00f3rmula E - SGAgora\",\"isPartOf\":{\"@id\":\"https:\/\/www.sgagora.com.br\/sg\/#website\"},\"datePublished\":\"2019-11-03T19:30:03+00:00\",\"dateModified\":\"2019-11-03T19:30:03+00:00\",\"author\":{\"@id\":\"https:\/\/www.sgagora.com.br\/sg\/#\/schema\/person\/2be62cfb47cee3e0b305e4f7a765ae41\"},\"breadcrumb\":{\"@id\":\"https:\/\/www.sgagora.com.br\/sg\/mais-preparado-felipe-massa-projeta-segunda-temporada-na-formula-e\/#breadcrumb\"},\"inLanguage\":\"pt-BR\",\"potentialAction\":[{\"@type\":\"ReadAction\",\"target\":[\"https:\/\/www.sgagora.com.br\/sg\/mais-preparado-felipe-massa-projeta-segunda-temporada-na-formula-e\/\"]}]},{\"@type\":\"BreadcrumbList\",\"@id\":\"https:\/\/www.sgagora.com.br\/sg\/mais-preparado-felipe-massa-projeta-segunda-temporada-na-formula-e\/#breadcrumb\",\"itemListElement\":[{\"@type\":\"ListItem\",\"position\":1,\"name\":\"In\u00edcio\",\"item\":\"https:\/\/www.sgagora.com.br\/sg\/\"},{\"@type\":\"ListItem\",\"position\":2,\"name\":\"&quot;Mais preparado&quot;, Felipe Massa projeta segunda temporada na F\u00f3rmula E\"}]},{\"@type\":\"WebSite\",\"@id\":\"https:\/\/www.sgagora.com.br\/sg\/#website\",\"url\":\"https:\/\/www.sgagora.com.br\/sg\/\",\"name\":\"SGAgora\",\"description\":\"Not\u00edcias de S\u00e3o Gotardo\",\"potentialAction\":[{\"@type\":\"SearchAction\",\"target\":{\"@type\":\"EntryPoint\",\"urlTemplate\":\"https:\/\/www.sgagora.com.br\/sg\/?s={search_term_string}\"},\"query-input\":\"required name=search_term_string\"}],\"inLanguage\":\"pt-BR\"},{\"@type\":\"Person\",\"@id\":\"https:\/\/www.sgagora.com.br\/sg\/#\/schema\/person\/2be62cfb47cee3e0b305e4f7a765ae41\",\"name\":\"SG Agora\",\"image\":{\"@type\":\"ImageObject\",\"inLanguage\":\"pt-BR\",\"@id\":\"https:\/\/www.sgagora.com.br\/sg\/#\/schema\/person\/image\/\",\"url\":\"https:\/\/secure.gravatar.com\/avatar\/a0c612a9a8c3e7419d6fd4f92e749d8d?s=96&d=mm&r=g\",\"contentUrl\":\"https:\/\/secure.gravatar.com\/avatar\/a0c612a9a8c3e7419d6fd4f92e749d8d?s=96&d=mm&r=g\",\"caption\":\"SG Agora\"},\"url\":\"https:\/\/www.sgagora.com.br\/sg\/author\/admin\/\"}]}<\/script>\n<!-- \/ Yoast SEO plugin. -->","yoast_head_json":{"title":"&quot;Mais preparado&quot;, Felipe Massa projeta segunda temporada na F\u00f3rmula E - SGAgora","robots":{"index":"index","follow":"follow","max-snippet":"max-snippet:-1","max-image-preview":"max-image-preview:large","max-video-preview":"max-video-preview:-1"},"canonical":"https:\/\/www.sgagora.com.br\/sg\/mais-preparado-felipe-massa-projeta-segunda-temporada-na-formula-e\/","og_locale":"pt_BR","og_type":"article","og_title":"&quot;Mais preparado&quot;, Felipe Massa projeta segunda temporada na F\u00f3rmula E - SGAgora","og_description":"Em algumas semanas Felipe Massa inicia a segunda temporada competindo na F\u00f3rmula E. O brasileiro passou 15 anos na F\u00f3rmula 1, onde foi vice-campe\u00e3o mundial em 2008 (quando o brit\u00e2nico Lewis Hamilton ganhou o primeiro ... Leia Mais","og_url":"https:\/\/www.sgagora.com.br\/sg\/mais-preparado-felipe-massa-projeta-segunda-temporada-na-formula-e\/","og_site_name":"SGAgora","article_publisher":"https:\/\/www.facebook.com\/sgagora","article_published_time":"2019-11-03T19:30:03+00:00","og_image":[{"width":750,"height":500,"url":"https:\/\/www.sgagora.com.br\/sg\/wp-content\/uploads\/infocoweb\/2019\/11\/03\/thumbnail-for-999976776.jpg","type":"image\/jpeg"}],"author":"SG Agora","twitter_misc":{"Escrito por":"SG Agora","Est. tempo de leitura":"3 minutos"},"schema":{"@context":"https:\/\/schema.org","@graph":[{"@type":"WebPage","@id":"https:\/\/www.sgagora.com.br\/sg\/mais-preparado-felipe-massa-projeta-segunda-temporada-na-formula-e\/","url":"https:\/\/www.sgagora.com.br\/sg\/mais-preparado-felipe-massa-projeta-segunda-temporada-na-formula-e\/","name":"&quot;Mais preparado&quot;, Felipe Massa projeta segunda temporada na F\u00f3rmula E - SGAgora","isPartOf":{"@id":"https:\/\/www.sgagora.com.br\/sg\/#website"},"datePublished":"2019-11-03T19:30:03+00:00","dateModified":"2019-11-03T19:30:03+00:00","author":{"@id":"https:\/\/www.sgagora.com.br\/sg\/#\/schema\/person\/2be62cfb47cee3e0b305e4f7a765ae41"},"breadcrumb":{"@id":"https:\/\/www.sgagora.com.br\/sg\/mais-preparado-felipe-massa-projeta-segunda-temporada-na-formula-e\/#breadcrumb"},"inLanguage":"pt-BR","potentialAction":[{"@type":"ReadAction","target":["https:\/\/www.sgagora.com.br\/sg\/mais-preparado-felipe-massa-projeta-segunda-temporada-na-formula-e\/"]}]},{"@type":"BreadcrumbList","@id":"https:\/\/www.sgagora.com.br\/sg\/mais-preparado-felipe-massa-projeta-segunda-temporada-na-formula-e\/#breadcrumb","itemListElement":[{"@type":"ListItem","position":1,"name":"In\u00edcio","item":"https:\/\/www.sgagora.com.br\/sg\/"},{"@type":"ListItem","position":2,"name":"&quot;Mais preparado&quot;, Felipe Massa projeta segunda temporada na F\u00f3rmula E"}]},{"@type":"WebSite","@id":"https:\/\/www.sgagora.com.br\/sg\/#website","url":"https:\/\/www.sgagora.com.br\/sg\/","name":"SGAgora","description":"Not\u00edcias de S\u00e3o Gotardo","potentialAction":[{"@type":"SearchAction","target":{"@type":"EntryPoint","urlTemplate":"https:\/\/www.sgagora.com.br\/sg\/?s={search_term_string}"},"query-input":"required name=search_term_string"}],"inLanguage":"pt-BR"},{"@type":"Person","@id":"https:\/\/www.sgagora.com.br\/sg\/#\/schema\/person\/2be62cfb47cee3e0b305e4f7a765ae41","name":"SG Agora","image":{"@type":"ImageObject","inLanguage":"pt-BR","@id":"https:\/\/www.sgagora.com.br\/sg\/#\/schema\/person\/image\/","url":"https:\/\/secure.gravatar.com\/avatar\/a0c612a9a8c3e7419d6fd4f92e749d8d?s=96&d=mm&r=g","contentUrl":"https:\/\/secure.gravatar.com\/avatar\/a0c612a9a8c3e7419d6fd4f92e749d8d?s=96&d=mm&r=g","caption":"SG Agora"},"url":"https:\/\/www.sgagora.com.br\/sg\/author\/admin\/"}]}},"_links":{"self":[{"href":"https:\/\/www.sgagora.com.br\/sg\/wp-json\/wp\/v2\/posts\/999976776"}],"collection":[{"href":"https:\/\/www.sgagora.com.br\/sg\/wp-json\/wp\/v2\/posts"}],"about":[{"href":"https:\/\/www.sgagora.com.br\/sg\/wp-json\/wp\/v2\/types\/post"}],"author":[{"embeddable":true,"href":"https:\/\/www.sgagora.com.br\/sg\/wp-json\/wp\/v2\/users\/1"}],"replies":[{"embeddable":true,"href":"https:\/\/www.sgagora.com.br\/sg\/wp-json\/wp\/v2\/comments?post=999976776"}],"version-history":[{"count":0,"href":"https:\/\/www.sgagora.com.br\/sg\/wp-json\/wp\/v2\/posts\/999976776\/revisions"}],"wp:featuredmedia":[{"embeddable":true,"href":"https:\/\/www.sgagora.com.br\/sg\/wp-json\/wp\/v2\/media\/999976777"}],"wp:attachment":[{"href":"https:\/\/www.sgagora.com.br\/sg\/wp-json\/wp\/v2\/media?parent=999976776"}],"wp:term":[{"taxonomy":"category","embeddable":true,"href":"https:\/\/www.sgagora.com.br\/sg\/wp-json\/wp\/v2\/categories?post=999976776"},{"taxonomy":"post_tag","embeddable":true,"href":"https:\/\/www.sgagora.com.br\/sg\/wp-json\/wp\/v2\/tags?post=999976776"}],"curies":[{"name":"wp","href":"https:\/\/api.w.org\/{rel}","templated":true}]}}