{"id":999977520,"date":"2019-11-25T06:29:29","date_gmt":"2019-11-25T06:29:29","guid":{"rendered":"https:\/\/www.sgagora.com.br\/sg\/?p=999977520"},"modified":"2019-11-29T20:46:21","modified_gmt":"2019-11-29T20:46:21","slug":"desabamento-de-estrutura-no-centro-de-carmo-do-paranaiba-deixa-uma-pessoa-morta","status":"publish","type":"post","link":"https:\/\/www.sgagora.com.br\/sg\/desabamento-de-estrutura-no-centro-de-carmo-do-paranaiba-deixa-uma-pessoa-morta\/","title":{"rendered":"Desabamento de estrutura no centro de Carmo do Parana\u00edba deixa uma pessoa morta"},"content":{"rendered":"<p style=\"text-align: justify;\">Um desabamento no centro de Carmo do Parana\u00edba deixou uma pessoa morta na manh\u00e3 desta segunda-feira (25\/11). De acordo com as primeiras informa\u00e7\u00f5es, um pedreiro e um servente realizavam uma reforma em um com\u00e9rcio de eletrodom\u00e9sticos quando em determinado momento a estrutura do local caiu. A v\u00edtima faleceu na hora.<\/p>\n<p style=\"text-align: justify;\">Segundo informa\u00e7\u00f5es apuradas pelo Portal Parana\u00edba Agora de Rio Parana\u00edba, a vitima fatal foi identificada como Weverton Moreira da Silva. Homens do Corpo de Bombeiros de Patos de Minas retiraram o corpo da v\u00edtima dos escombros.\u00a0O pedreiro identificado como Wesley conseguiu escapar da trag\u00e9dia com vida.<\/p>\n<p style=\"text-align: justify;\">Como a loja n\u00e3o precisou ser fechada para a reforma, funcion\u00e1rios e clientes tamb\u00e9m estavam no local, mas n\u00e3o ficaram feridos, de acordo com as informa\u00e7\u00f5es.\u00a0As obras come\u00e7aram no \u00faltimo s\u00e1bado (23\/11) e, segundo o relato do pedreiro, o engenheiro respons\u00e1vel n\u00e3o pediu para que colocasse escoras na estrutura durante a reforma.<\/p>\n<p style=\"text-align: center;\"><span style=\"color: #ff0000;\"><strong>CONTINUA AP\u00d3S A PUBLICIDADE<\/strong><\/span><img decoding=\"async\" loading=\"lazy\" class=\"aligncenter size-full wp-image-999963339\" src=\"https:\/\/www.sgagora.com.br\/sg\/wp-content\/uploads\/2018\/10\/UNINTER_Graduacao-e-pos.gif\" alt=\"UNINTER_Graduacao-e-pos\" width=\"600\" height=\"260\" \/><\/p>\n<p style=\"text-align: justify;\">O profissional ainda disse que havia pedido para que o servente continuasse o servi\u00e7o, pois, segundo ele, precisava entregar uma ferramenta que tinha pego emprestada. Ele conta que neste momento, em segundo, a estrutura veio abaixo atingindo em cheio o jovem que trabalhava.<\/p>\n<p style=\"text-align: justify;\">Tanto o pedreiro, quanto outras pessoas que estavam na regi\u00e3o no momento acidente, conseguiram retirar os escombros para tentarem socorrer o jovem, por\u00e9m, ele j\u00e1 n\u00e3o apresentava sinais vitais. A Pol\u00edcia Militar foi acionada e isolou o local at\u00e9 a chegada do Corpo de Bombeiros e a per\u00edcia t\u00e9cnica da Pol\u00edcia Civil.<\/p>\n<p style=\"text-align: justify;\">As causas do acidente ainda ser\u00e3o investigadas pela autoridade policial. Segundo o site T\u00f4 na M\u00eddia CP, o pedreiro contou que o jovem Weverton havia pedido emprego para conseguir pagar as contas de \u00e1gua e luz de sua casa. O corpo de jovem, no entanto, foi encaminhado para IML de Patos de Minas e seguida dever\u00e1 ser liberado para os familiares.<\/p>\n<p>&nbsp;<\/p>\n<p style=\"text-align: justify;\"><em><strong>Reportagem:<\/strong> Gilberto Martins\/Parana\u00edba Agora \/ <strong>Fonte da Reportagem:<\/strong> Parana\u00edba Agora\/T\u00f4 Na M\u00eddia CP\/Pol\u00edcia Militar de Carmo do Parana\u00edba \/ <strong>Foto Capa:<\/strong> Reprodu\u00e7\u00e3o\/Parana\u00edba Agora<\/em><\/p>\n","protected":false},"excerpt":{"rendered":"<p>Um desabamento no centro de Carmo do Parana\u00edba deixou uma pessoa morta na manh\u00e3 desta segunda-feira (25\/11). De acordo com as primeiras informa\u00e7\u00f5es, um pedreiro e um servente realizavam uma reforma em um com\u00e9rcio de &#8230; <a class=\"readmore\" href=\"https:\/\/www.sgagora.com.br\/sg\/desabamento-de-estrutura-no-centro-de-carmo-do-paranaiba-deixa-uma-pessoa-morta\/\">Leia Mais<\/a><\/p>\n","protected":false},"author":1,"featured_media":999977528,"comment_status":"open","ping_status":"open","sticky":false,"template":"","format":"standard","meta":{"_bbp_topic_count":0,"_bbp_reply_count":0,"_bbp_total_topic_count":0,"_bbp_total_reply_count":0,"_bbp_voice_count":0,"_bbp_anonymous_reply_count":0,"_bbp_topic_count_hidden":0,"_bbp_reply_count_hidden":0,"_bbp_forum_subforum_count":0},"categories":[84,77,81],"tags":[174,4243,659,120,133,194,131,2081,157],"yoast_head":"<!-- This site is optimized with the Yoast SEO plugin v20.5 - https:\/\/yoast.com\/wordpress\/plugins\/seo\/ -->\n<title>Desabamento de estrutura no centro de Carmo do Parana\u00edba deixa uma pessoa morta<\/title>\n<meta name=\"description\" content=\"Um desabamento de uma loja no centro de Carmo do Parana\u00edba deixou uma pessoa morta na manh\u00e3 desta segunda-feira (25\/11).\" \/>\n<meta name=\"robots\" content=\"index, follow, max-snippet:-1, max-image-preview:large, max-video-preview:-1\" \/>\n<link rel=\"canonical\" href=\"https:\/\/www.sgagora.com.br\/sg\/desabamento-de-estrutura-no-centro-de-carmo-do-paranaiba-deixa-uma-pessoa-morta\/\" \/>\n<meta property=\"og:locale\" content=\"pt_BR\" \/>\n<meta property=\"og:type\" content=\"article\" \/>\n<meta property=\"og:title\" content=\"Desabamento de estrutura no centro de Carmo do Parana\u00edba deixa uma pessoa morta\" \/>\n<meta property=\"og:description\" content=\"Um desabamento de uma loja no centro de Carmo do Parana\u00edba deixou uma pessoa morta na manh\u00e3 desta segunda-feira (25\/11).\" \/>\n<meta property=\"og:url\" content=\"https:\/\/www.sgagora.com.br\/sg\/desabamento-de-estrutura-no-centro-de-carmo-do-paranaiba-deixa-uma-pessoa-morta\/\" \/>\n<meta property=\"og:site_name\" content=\"SGAgora\" \/>\n<meta property=\"article:publisher\" content=\"https:\/\/www.facebook.com\/sgagora\" \/>\n<meta property=\"article:published_time\" content=\"2019-11-25T06:29:29+00:00\" \/>\n<meta property=\"article:modified_time\" content=\"2019-11-29T20:46:21+00:00\" \/>\n<meta property=\"og:image\" content=\"https:\/\/www.sgagora.com.br\/sg\/wp-content\/uploads\/2019\/11\/acidentecarmo-525x700.jpg\" \/>\n\t<meta property=\"og:image:width\" content=\"525\" \/>\n\t<meta property=\"og:image:height\" content=\"700\" \/>\n\t<meta property=\"og:image:type\" content=\"image\/jpeg\" \/>\n<meta name=\"author\" content=\"SG Agora\" \/>\n<meta name=\"twitter:label1\" content=\"Escrito por\" \/>\n\t<meta name=\"twitter:data1\" content=\"SG Agora\" \/>\n\t<meta name=\"twitter:label2\" content=\"Est. tempo de leitura\" \/>\n\t<meta name=\"twitter:data2\" content=\"2 minutos\" \/>\n<script type=\"application\/ld+json\" class=\"yoast-schema-graph\">{\"@context\":\"https:\/\/schema.org\",\"@graph\":[{\"@type\":\"WebPage\",\"@id\":\"https:\/\/www.sgagora.com.br\/sg\/desabamento-de-estrutura-no-centro-de-carmo-do-paranaiba-deixa-uma-pessoa-morta\/\",\"url\":\"https:\/\/www.sgagora.com.br\/sg\/desabamento-de-estrutura-no-centro-de-carmo-do-paranaiba-deixa-uma-pessoa-morta\/\",\"name\":\"Desabamento de estrutura no centro de Carmo do Parana\u00edba deixa uma pessoa morta\",\"isPartOf\":{\"@id\":\"https:\/\/www.sgagora.com.br\/sg\/#website\"},\"datePublished\":\"2019-11-25T06:29:29+00:00\",\"dateModified\":\"2019-11-29T20:46:21+00:00\",\"author\":{\"@id\":\"https:\/\/www.sgagora.com.br\/sg\/#\/schema\/person\/2be62cfb47cee3e0b305e4f7a765ae41\"},\"description\":\"Um desabamento de uma loja no centro de Carmo do Parana\u00edba deixou uma pessoa morta na manh\u00e3 desta segunda-feira (25\/11).\",\"breadcrumb\":{\"@id\":\"https:\/\/www.sgagora.com.br\/sg\/desabamento-de-estrutura-no-centro-de-carmo-do-paranaiba-deixa-uma-pessoa-morta\/#breadcrumb\"},\"inLanguage\":\"pt-BR\",\"potentialAction\":[{\"@type\":\"ReadAction\",\"target\":[\"https:\/\/www.sgagora.com.br\/sg\/desabamento-de-estrutura-no-centro-de-carmo-do-paranaiba-deixa-uma-pessoa-morta\/\"]}]},{\"@type\":\"BreadcrumbList\",\"@id\":\"https:\/\/www.sgagora.com.br\/sg\/desabamento-de-estrutura-no-centro-de-carmo-do-paranaiba-deixa-uma-pessoa-morta\/#breadcrumb\",\"itemListElement\":[{\"@type\":\"ListItem\",\"position\":1,\"name\":\"In\u00edcio\",\"item\":\"https:\/\/www.sgagora.com.br\/sg\/\"},{\"@type\":\"ListItem\",\"position\":2,\"name\":\"Desabamento de estrutura no centro de Carmo do Parana\u00edba deixa uma pessoa morta\"}]},{\"@type\":\"WebSite\",\"@id\":\"https:\/\/www.sgagora.com.br\/sg\/#website\",\"url\":\"https:\/\/www.sgagora.com.br\/sg\/\",\"name\":\"SGAgora\",\"description\":\"Not\u00edcias de S\u00e3o Gotardo\",\"potentialAction\":[{\"@type\":\"SearchAction\",\"target\":{\"@type\":\"EntryPoint\",\"urlTemplate\":\"https:\/\/www.sgagora.com.br\/sg\/?s={search_term_string}\"},\"query-input\":\"required name=search_term_string\"}],\"inLanguage\":\"pt-BR\"},{\"@type\":\"Person\",\"@id\":\"https:\/\/www.sgagora.com.br\/sg\/#\/schema\/person\/2be62cfb47cee3e0b305e4f7a765ae41\",\"name\":\"SG Agora\",\"image\":{\"@type\":\"ImageObject\",\"inLanguage\":\"pt-BR\",\"@id\":\"https:\/\/www.sgagora.com.br\/sg\/#\/schema\/person\/image\/\",\"url\":\"https:\/\/secure.gravatar.com\/avatar\/a0c612a9a8c3e7419d6fd4f92e749d8d?s=96&d=mm&r=g\",\"contentUrl\":\"https:\/\/secure.gravatar.com\/avatar\/a0c612a9a8c3e7419d6fd4f92e749d8d?s=96&d=mm&r=g\",\"caption\":\"SG Agora\"},\"url\":\"https:\/\/www.sgagora.com.br\/sg\/author\/admin\/\"}]}<\/script>\n<!-- \/ Yoast SEO plugin. -->","yoast_head_json":{"title":"Desabamento de estrutura no centro de Carmo do Parana\u00edba deixa uma pessoa morta","description":"Um desabamento de uma loja no centro de Carmo do Parana\u00edba deixou uma pessoa morta na manh\u00e3 desta segunda-feira (25\/11).","robots":{"index":"index","follow":"follow","max-snippet":"max-snippet:-1","max-image-preview":"max-image-preview:large","max-video-preview":"max-video-preview:-1"},"canonical":"https:\/\/www.sgagora.com.br\/sg\/desabamento-de-estrutura-no-centro-de-carmo-do-paranaiba-deixa-uma-pessoa-morta\/","og_locale":"pt_BR","og_type":"article","og_title":"Desabamento de estrutura no centro de Carmo do Parana\u00edba deixa uma pessoa morta","og_description":"Um desabamento de uma loja no centro de Carmo do Parana\u00edba deixou uma pessoa morta na manh\u00e3 desta segunda-feira (25\/11).","og_url":"https:\/\/www.sgagora.com.br\/sg\/desabamento-de-estrutura-no-centro-de-carmo-do-paranaiba-deixa-uma-pessoa-morta\/","og_site_name":"SGAgora","article_publisher":"https:\/\/www.facebook.com\/sgagora","article_published_time":"2019-11-25T06:29:29+00:00","article_modified_time":"2019-11-29T20:46:21+00:00","og_image":[{"width":525,"height":700,"url":"https:\/\/www.sgagora.com.br\/sg\/wp-content\/uploads\/2019\/11\/acidentecarmo-525x700.jpg","type":"image\/jpeg"}],"author":"SG Agora","twitter_misc":{"Escrito por":"SG Agora","Est. tempo de leitura":"2 minutos"},"schema":{"@context":"https:\/\/schema.org","@graph":[{"@type":"WebPage","@id":"https:\/\/www.sgagora.com.br\/sg\/desabamento-de-estrutura-no-centro-de-carmo-do-paranaiba-deixa-uma-pessoa-morta\/","url":"https:\/\/www.sgagora.com.br\/sg\/desabamento-de-estrutura-no-centro-de-carmo-do-paranaiba-deixa-uma-pessoa-morta\/","name":"Desabamento de estrutura no centro de Carmo do Parana\u00edba deixa uma pessoa morta","isPartOf":{"@id":"https:\/\/www.sgagora.com.br\/sg\/#website"},"datePublished":"2019-11-25T06:29:29+00:00","dateModified":"2019-11-29T20:46:21+00:00","author":{"@id":"https:\/\/www.sgagora.com.br\/sg\/#\/schema\/person\/2be62cfb47cee3e0b305e4f7a765ae41"},"description":"Um desabamento de uma loja no centro de Carmo do Parana\u00edba deixou uma pessoa morta na manh\u00e3 desta segunda-feira (25\/11).","breadcrumb":{"@id":"https:\/\/www.sgagora.com.br\/sg\/desabamento-de-estrutura-no-centro-de-carmo-do-paranaiba-deixa-uma-pessoa-morta\/#breadcrumb"},"inLanguage":"pt-BR","potentialAction":[{"@type":"ReadAction","target":["https:\/\/www.sgagora.com.br\/sg\/desabamento-de-estrutura-no-centro-de-carmo-do-paranaiba-deixa-uma-pessoa-morta\/"]}]},{"@type":"BreadcrumbList","@id":"https:\/\/www.sgagora.com.br\/sg\/desabamento-de-estrutura-no-centro-de-carmo-do-paranaiba-deixa-uma-pessoa-morta\/#breadcrumb","itemListElement":[{"@type":"ListItem","position":1,"name":"In\u00edcio","item":"https:\/\/www.sgagora.com.br\/sg\/"},{"@type":"ListItem","position":2,"name":"Desabamento de estrutura no centro de Carmo do Parana\u00edba deixa uma pessoa morta"}]},{"@type":"WebSite","@id":"https:\/\/www.sgagora.com.br\/sg\/#website","url":"https:\/\/www.sgagora.com.br\/sg\/","name":"SGAgora","description":"Not\u00edcias de S\u00e3o Gotardo","potentialAction":[{"@type":"SearchAction","target":{"@type":"EntryPoint","urlTemplate":"https:\/\/www.sgagora.com.br\/sg\/?s={search_term_string}"},"query-input":"required name=search_term_string"}],"inLanguage":"pt-BR"},{"@type":"Person","@id":"https:\/\/www.sgagora.com.br\/sg\/#\/schema\/person\/2be62cfb47cee3e0b305e4f7a765ae41","name":"SG Agora","image":{"@type":"ImageObject","inLanguage":"pt-BR","@id":"https:\/\/www.sgagora.com.br\/sg\/#\/schema\/person\/image\/","url":"https:\/\/secure.gravatar.com\/avatar\/a0c612a9a8c3e7419d6fd4f92e749d8d?s=96&d=mm&r=g","contentUrl":"https:\/\/secure.gravatar.com\/avatar\/a0c612a9a8c3e7419d6fd4f92e749d8d?s=96&d=mm&r=g","caption":"SG Agora"},"url":"https:\/\/www.sgagora.com.br\/sg\/author\/admin\/"}]}},"_links":{"self":[{"href":"https:\/\/www.sgagora.com.br\/sg\/wp-json\/wp\/v2\/posts\/999977520"}],"collection":[{"href":"https:\/\/www.sgagora.com.br\/sg\/wp-json\/wp\/v2\/posts"}],"about":[{"href":"https:\/\/www.sgagora.com.br\/sg\/wp-json\/wp\/v2\/types\/post"}],"author":[{"embeddable":true,"href":"https:\/\/www.sgagora.com.br\/sg\/wp-json\/wp\/v2\/users\/1"}],"replies":[{"embeddable":true,"href":"https:\/\/www.sgagora.com.br\/sg\/wp-json\/wp\/v2\/comments?post=999977520"}],"version-history":[{"count":1,"href":"https:\/\/www.sgagora.com.br\/sg\/wp-json\/wp\/v2\/posts\/999977520\/revisions"}],"predecessor-version":[{"id":999977529,"href":"https:\/\/www.sgagora.com.br\/sg\/wp-json\/wp\/v2\/posts\/999977520\/revisions\/999977529"}],"wp:featuredmedia":[{"embeddable":true,"href":"https:\/\/www.sgagora.com.br\/sg\/wp-json\/wp\/v2\/media\/999977528"}],"wp:attachment":[{"href":"https:\/\/www.sgagora.com.br\/sg\/wp-json\/wp\/v2\/media?parent=999977520"}],"wp:term":[{"taxonomy":"category","embeddable":true,"href":"https:\/\/www.sgagora.com.br\/sg\/wp-json\/wp\/v2\/categories?post=999977520"},{"taxonomy":"post_tag","embeddable":true,"href":"https:\/\/www.sgagora.com.br\/sg\/wp-json\/wp\/v2\/tags?post=999977520"}],"curies":[{"name":"wp","href":"https:\/\/api.w.org\/{rel}","templated":true}]}}