{"id":999977682,"date":"2019-11-28T13:28:47","date_gmt":"2019-11-28T13:28:47","guid":{"rendered":"https:\/\/www.sgagora.com.br\/sg\/?p=999977682"},"modified":"2019-11-29T15:29:31","modified_gmt":"2019-11-29T15:29:31","slug":"prepara-se-black-week-supermercado-sao-vicente-prepara-ofertas-imperdiveis-para-esta-quinta-feira-em-sao-gotardo","status":"publish","type":"post","link":"https:\/\/www.sgagora.com.br\/sg\/prepara-se-black-week-supermercado-sao-vicente-prepara-ofertas-imperdiveis-para-esta-quinta-feira-em-sao-gotardo\/","title":{"rendered":"Prepara-se: BLACK WEEK Supermercado S\u00e3o Vicente prepara ofertas imperd\u00edveis para esta quinta-feira em S\u00e3o Gotardo"},"content":{"rendered":"<p style=\"text-align: justify;\">A t\u00e3o aguardada BLACK FRIDAY ser\u00e1 realizada em todo o Brasil nesta sexta-feira (29\/11). Em S\u00e3o Gotardo porem, o Supermercado S\u00e3o Vicente est\u00e1 desde segunda-feira (25), realizando promo\u00e7\u00f5es di\u00e1rias em seus produtos, atrav\u00e9s da BLACK WEEK Supermercado S\u00e3o Vicente. As ofertas com pre\u00e7os jamais vistos s\u00e3o v\u00e1lidas apenas no dia de sua divulga\u00e7\u00e3o ou enquanto durarem o estoque (CONFIRA TODAS AS OFERTAS NO FINAL DA REPORTAGEM).<\/p>\n<p style=\"text-align: justify;\">Nesta quinta-feira (28\/11), as ofertas do BLACK WEEK Supermercado S\u00e3o Vicente est\u00e3o para l\u00e1 de especiais. Bacon em Manta Sadia (12,49 kg), Gelatina (0,59 a unidade), Caixa de Bombom Nestle por apenas 6,99 a unidade, entre outras dezenas de produtos. Vale lembrar que as unidades poder\u00e3o ser adquiridas em n\u00fameros limitados, para que todos os clientes Supermercado S\u00e3o Vicente, possam aproveitar a super BLACK WEEK Supermercado S\u00e3o Vicente (cerveja consultar a dire\u00e7\u00e3o do supermercado).<\/p>\n<p style=\"text-align: justify;\">Ent\u00e3o corra e aproveite a semana especial de ofertas do Supermercado S\u00e3o Vicente!!! O Supermercado est\u00e1 situado em S\u00e3o Gotardo na rua Dr. Jair Pinto dos Reis, n\u00famero 311, no bairro S\u00e3o Vicente. Telefone: (34) 3671-4725. Para conferir esta e outras promo\u00e7\u00f5es do Supermercado S\u00e3o Vicente siga a p\u00e1gina do Supermercado no Facebook atrav\u00e9s do link a seguir: <span style=\"color: #ff0000;\"><a style=\"color: #ff0000;\" href=\"https:\/\/www.facebook.com\/supermercadosaovicente\/\" target=\"_blank\"><strong>https:\/\/www.facebook.com\/supermercadosaovicente\/<\/strong><\/a><\/span><\/p>\n<p style=\"text-align: center;\"><span style=\"color: #ff0000;\"><strong>CONTINUA AP\u00d3S A PUBLICIDADE<\/strong><\/span><img decoding=\"async\" loading=\"lazy\" class=\"aligncenter size-full wp-image-999963339\" src=\"https:\/\/www.sgagora.com.br\/sg\/wp-content\/uploads\/2018\/10\/UNINTER_Graduacao-e-pos.gif\" alt=\"UNINTER_Graduacao-e-pos\" width=\"600\" height=\"260\" \/><\/p>\n<p><strong>Confira as ofertas do BLACK WEEK para esta quinta-feira (28):<\/strong><\/p>\n<p><img decoding=\"async\" loading=\"lazy\" class=\"aligncenter size-full wp-image-999977684\" src=\"https:\/\/www.sgagora.com.br\/sg\/wp-content\/uploads\/2019\/11\/78237751_1613148778825774_1179115243129798656_o-e1574947560578.jpg\" alt=\"78237751_1613148778825774_1179115243129798656_o\" width=\"600\" height=\"732\" \/><\/p>\n<p>&nbsp;<\/p>\n<p style=\"text-align: justify;\"><em><strong>Reportagem:<\/strong>\u00a0Diego Oliveira\/Portal SG AGORA \/\u00a0<strong>Fonte da Reportagem, Fotos Utilizadas e Foto Capa:<\/strong>\u00a0Reprodu\u00e7\u00e3o\/Supermercado S\u00e3o Vicente\/Ag\u00eancia b.storm<\/em><\/p>\n","protected":false},"excerpt":{"rendered":"<p>A t\u00e3o aguardada BLACK FRIDAY ser\u00e1 realizada em todo o Brasil nesta sexta-feira (29\/11). Em S\u00e3o Gotardo porem, o Supermercado S\u00e3o Vicente est\u00e1 desde segunda-feira (25), realizando promo\u00e7\u00f5es di\u00e1rias em seus produtos, atrav\u00e9s da BLACK &#8230; <a class=\"readmore\" href=\"https:\/\/www.sgagora.com.br\/sg\/prepara-se-black-week-supermercado-sao-vicente-prepara-ofertas-imperdiveis-para-esta-quinta-feira-em-sao-gotardo\/\">Leia Mais<\/a><\/p>\n","protected":false},"author":1,"featured_media":999977685,"comment_status":"open","ping_status":"open","sticky":false,"template":"","format":"standard","meta":{"_bbp_topic_count":0,"_bbp_reply_count":0,"_bbp_total_topic_count":0,"_bbp_total_reply_count":0,"_bbp_voice_count":0,"_bbp_anonymous_reply_count":0,"_bbp_topic_count_hidden":0,"_bbp_reply_count_hidden":0,"_bbp_forum_subforum_count":0},"categories":[84,77],"tags":[452,4244,659,1393,138,1248,194,257,131,1272],"yoast_head":"<!-- This site is optimized with the Yoast SEO plugin v20.5 - https:\/\/yoast.com\/wordpress\/plugins\/seo\/ -->\n<title>Prepara-se: BLACK WEEK Supermercado S\u00e3o Vicente prepara ofertas imperd\u00edveis para esta quinta-feira em S\u00e3o Gotardo<\/title>\n<meta name=\"description\" content=\"Nesta quinta-feira (28\/11), as ofertas do BLACK WEEK Supermercado S\u00e3o Vicente est\u00e3o para l\u00e1 de especiais.\" \/>\n<meta name=\"robots\" content=\"index, follow, max-snippet:-1, max-image-preview:large, max-video-preview:-1\" \/>\n<link rel=\"canonical\" href=\"https:\/\/www.sgagora.com.br\/sg\/prepara-se-black-week-supermercado-sao-vicente-prepara-ofertas-imperdiveis-para-esta-quinta-feira-em-sao-gotardo\/\" \/>\n<meta property=\"og:locale\" content=\"pt_BR\" \/>\n<meta property=\"og:type\" content=\"article\" \/>\n<meta property=\"og:title\" content=\"Prepara-se: BLACK WEEK Supermercado S\u00e3o Vicente prepara ofertas imperd\u00edveis para esta quinta-feira em S\u00e3o Gotardo\" \/>\n<meta property=\"og:description\" content=\"Nesta quinta-feira (28\/11), as ofertas do BLACK WEEK Supermercado S\u00e3o Vicente est\u00e3o para l\u00e1 de especiais.\" \/>\n<meta property=\"og:url\" content=\"https:\/\/www.sgagora.com.br\/sg\/prepara-se-black-week-supermercado-sao-vicente-prepara-ofertas-imperdiveis-para-esta-quinta-feira-em-sao-gotardo\/\" \/>\n<meta property=\"og:site_name\" content=\"SGAgora\" \/>\n<meta property=\"article:publisher\" content=\"https:\/\/www.facebook.com\/sgagora\" \/>\n<meta property=\"article:published_time\" content=\"2019-11-28T13:28:47+00:00\" \/>\n<meta property=\"article:modified_time\" content=\"2019-11-29T15:29:31+00:00\" \/>\n<meta property=\"og:image\" content=\"https:\/\/www.sgagora.com.br\/sg\/wp-content\/uploads\/2019\/11\/78237751_1613148778825774_1179115243129798656_o-1-e1574947698752.jpg\" \/>\n\t<meta property=\"og:image:width\" content=\"600\" \/>\n\t<meta property=\"og:image:height\" content=\"732\" \/>\n\t<meta property=\"og:image:type\" content=\"image\/jpeg\" \/>\n<meta name=\"author\" content=\"SG Agora\" \/>\n<meta name=\"twitter:label1\" content=\"Escrito por\" \/>\n\t<meta name=\"twitter:data1\" content=\"SG Agora\" \/>\n\t<meta name=\"twitter:label2\" content=\"Est. tempo de leitura\" \/>\n\t<meta name=\"twitter:data2\" content=\"1 minuto\" \/>\n<script type=\"application\/ld+json\" class=\"yoast-schema-graph\">{\"@context\":\"https:\/\/schema.org\",\"@graph\":[{\"@type\":\"WebPage\",\"@id\":\"https:\/\/www.sgagora.com.br\/sg\/prepara-se-black-week-supermercado-sao-vicente-prepara-ofertas-imperdiveis-para-esta-quinta-feira-em-sao-gotardo\/\",\"url\":\"https:\/\/www.sgagora.com.br\/sg\/prepara-se-black-week-supermercado-sao-vicente-prepara-ofertas-imperdiveis-para-esta-quinta-feira-em-sao-gotardo\/\",\"name\":\"Prepara-se: BLACK WEEK Supermercado S\u00e3o Vicente prepara ofertas imperd\u00edveis para esta quinta-feira em S\u00e3o Gotardo\",\"isPartOf\":{\"@id\":\"https:\/\/www.sgagora.com.br\/sg\/#website\"},\"datePublished\":\"2019-11-28T13:28:47+00:00\",\"dateModified\":\"2019-11-29T15:29:31+00:00\",\"author\":{\"@id\":\"https:\/\/www.sgagora.com.br\/sg\/#\/schema\/person\/2be62cfb47cee3e0b305e4f7a765ae41\"},\"description\":\"Nesta quinta-feira (28\/11), as ofertas do BLACK WEEK Supermercado S\u00e3o Vicente est\u00e3o para l\u00e1 de especiais.\",\"breadcrumb\":{\"@id\":\"https:\/\/www.sgagora.com.br\/sg\/prepara-se-black-week-supermercado-sao-vicente-prepara-ofertas-imperdiveis-para-esta-quinta-feira-em-sao-gotardo\/#breadcrumb\"},\"inLanguage\":\"pt-BR\",\"potentialAction\":[{\"@type\":\"ReadAction\",\"target\":[\"https:\/\/www.sgagora.com.br\/sg\/prepara-se-black-week-supermercado-sao-vicente-prepara-ofertas-imperdiveis-para-esta-quinta-feira-em-sao-gotardo\/\"]}]},{\"@type\":\"BreadcrumbList\",\"@id\":\"https:\/\/www.sgagora.com.br\/sg\/prepara-se-black-week-supermercado-sao-vicente-prepara-ofertas-imperdiveis-para-esta-quinta-feira-em-sao-gotardo\/#breadcrumb\",\"itemListElement\":[{\"@type\":\"ListItem\",\"position\":1,\"name\":\"In\u00edcio\",\"item\":\"https:\/\/www.sgagora.com.br\/sg\/\"},{\"@type\":\"ListItem\",\"position\":2,\"name\":\"Prepara-se: BLACK WEEK Supermercado S\u00e3o Vicente prepara ofertas imperd\u00edveis para esta quinta-feira em S\u00e3o Gotardo\"}]},{\"@type\":\"WebSite\",\"@id\":\"https:\/\/www.sgagora.com.br\/sg\/#website\",\"url\":\"https:\/\/www.sgagora.com.br\/sg\/\",\"name\":\"SGAgora\",\"description\":\"Not\u00edcias de S\u00e3o Gotardo\",\"potentialAction\":[{\"@type\":\"SearchAction\",\"target\":{\"@type\":\"EntryPoint\",\"urlTemplate\":\"https:\/\/www.sgagora.com.br\/sg\/?s={search_term_string}\"},\"query-input\":\"required name=search_term_string\"}],\"inLanguage\":\"pt-BR\"},{\"@type\":\"Person\",\"@id\":\"https:\/\/www.sgagora.com.br\/sg\/#\/schema\/person\/2be62cfb47cee3e0b305e4f7a765ae41\",\"name\":\"SG Agora\",\"image\":{\"@type\":\"ImageObject\",\"inLanguage\":\"pt-BR\",\"@id\":\"https:\/\/www.sgagora.com.br\/sg\/#\/schema\/person\/image\/\",\"url\":\"https:\/\/secure.gravatar.com\/avatar\/a0c612a9a8c3e7419d6fd4f92e749d8d?s=96&d=mm&r=g\",\"contentUrl\":\"https:\/\/secure.gravatar.com\/avatar\/a0c612a9a8c3e7419d6fd4f92e749d8d?s=96&d=mm&r=g\",\"caption\":\"SG Agora\"},\"url\":\"https:\/\/www.sgagora.com.br\/sg\/author\/admin\/\"}]}<\/script>\n<!-- \/ Yoast SEO plugin. -->","yoast_head_json":{"title":"Prepara-se: BLACK WEEK Supermercado S\u00e3o Vicente prepara ofertas imperd\u00edveis para esta quinta-feira em S\u00e3o Gotardo","description":"Nesta quinta-feira (28\/11), as ofertas do BLACK WEEK Supermercado S\u00e3o Vicente est\u00e3o para l\u00e1 de especiais.","robots":{"index":"index","follow":"follow","max-snippet":"max-snippet:-1","max-image-preview":"max-image-preview:large","max-video-preview":"max-video-preview:-1"},"canonical":"https:\/\/www.sgagora.com.br\/sg\/prepara-se-black-week-supermercado-sao-vicente-prepara-ofertas-imperdiveis-para-esta-quinta-feira-em-sao-gotardo\/","og_locale":"pt_BR","og_type":"article","og_title":"Prepara-se: BLACK WEEK Supermercado S\u00e3o Vicente prepara ofertas imperd\u00edveis para esta quinta-feira em S\u00e3o Gotardo","og_description":"Nesta quinta-feira (28\/11), as ofertas do BLACK WEEK Supermercado S\u00e3o Vicente est\u00e3o para l\u00e1 de especiais.","og_url":"https:\/\/www.sgagora.com.br\/sg\/prepara-se-black-week-supermercado-sao-vicente-prepara-ofertas-imperdiveis-para-esta-quinta-feira-em-sao-gotardo\/","og_site_name":"SGAgora","article_publisher":"https:\/\/www.facebook.com\/sgagora","article_published_time":"2019-11-28T13:28:47+00:00","article_modified_time":"2019-11-29T15:29:31+00:00","og_image":[{"width":600,"height":732,"url":"https:\/\/www.sgagora.com.br\/sg\/wp-content\/uploads\/2019\/11\/78237751_1613148778825774_1179115243129798656_o-1-e1574947698752.jpg","type":"image\/jpeg"}],"author":"SG Agora","twitter_misc":{"Escrito por":"SG Agora","Est. tempo de leitura":"1 minuto"},"schema":{"@context":"https:\/\/schema.org","@graph":[{"@type":"WebPage","@id":"https:\/\/www.sgagora.com.br\/sg\/prepara-se-black-week-supermercado-sao-vicente-prepara-ofertas-imperdiveis-para-esta-quinta-feira-em-sao-gotardo\/","url":"https:\/\/www.sgagora.com.br\/sg\/prepara-se-black-week-supermercado-sao-vicente-prepara-ofertas-imperdiveis-para-esta-quinta-feira-em-sao-gotardo\/","name":"Prepara-se: BLACK WEEK Supermercado S\u00e3o Vicente prepara ofertas imperd\u00edveis para esta quinta-feira em S\u00e3o Gotardo","isPartOf":{"@id":"https:\/\/www.sgagora.com.br\/sg\/#website"},"datePublished":"2019-11-28T13:28:47+00:00","dateModified":"2019-11-29T15:29:31+00:00","author":{"@id":"https:\/\/www.sgagora.com.br\/sg\/#\/schema\/person\/2be62cfb47cee3e0b305e4f7a765ae41"},"description":"Nesta quinta-feira (28\/11), as ofertas do BLACK WEEK Supermercado S\u00e3o Vicente est\u00e3o para l\u00e1 de especiais.","breadcrumb":{"@id":"https:\/\/www.sgagora.com.br\/sg\/prepara-se-black-week-supermercado-sao-vicente-prepara-ofertas-imperdiveis-para-esta-quinta-feira-em-sao-gotardo\/#breadcrumb"},"inLanguage":"pt-BR","potentialAction":[{"@type":"ReadAction","target":["https:\/\/www.sgagora.com.br\/sg\/prepara-se-black-week-supermercado-sao-vicente-prepara-ofertas-imperdiveis-para-esta-quinta-feira-em-sao-gotardo\/"]}]},{"@type":"BreadcrumbList","@id":"https:\/\/www.sgagora.com.br\/sg\/prepara-se-black-week-supermercado-sao-vicente-prepara-ofertas-imperdiveis-para-esta-quinta-feira-em-sao-gotardo\/#breadcrumb","itemListElement":[{"@type":"ListItem","position":1,"name":"In\u00edcio","item":"https:\/\/www.sgagora.com.br\/sg\/"},{"@type":"ListItem","position":2,"name":"Prepara-se: BLACK WEEK Supermercado S\u00e3o Vicente prepara ofertas imperd\u00edveis para esta quinta-feira em S\u00e3o Gotardo"}]},{"@type":"WebSite","@id":"https:\/\/www.sgagora.com.br\/sg\/#website","url":"https:\/\/www.sgagora.com.br\/sg\/","name":"SGAgora","description":"Not\u00edcias de S\u00e3o Gotardo","potentialAction":[{"@type":"SearchAction","target":{"@type":"EntryPoint","urlTemplate":"https:\/\/www.sgagora.com.br\/sg\/?s={search_term_string}"},"query-input":"required name=search_term_string"}],"inLanguage":"pt-BR"},{"@type":"Person","@id":"https:\/\/www.sgagora.com.br\/sg\/#\/schema\/person\/2be62cfb47cee3e0b305e4f7a765ae41","name":"SG Agora","image":{"@type":"ImageObject","inLanguage":"pt-BR","@id":"https:\/\/www.sgagora.com.br\/sg\/#\/schema\/person\/image\/","url":"https:\/\/secure.gravatar.com\/avatar\/a0c612a9a8c3e7419d6fd4f92e749d8d?s=96&d=mm&r=g","contentUrl":"https:\/\/secure.gravatar.com\/avatar\/a0c612a9a8c3e7419d6fd4f92e749d8d?s=96&d=mm&r=g","caption":"SG Agora"},"url":"https:\/\/www.sgagora.com.br\/sg\/author\/admin\/"}]}},"_links":{"self":[{"href":"https:\/\/www.sgagora.com.br\/sg\/wp-json\/wp\/v2\/posts\/999977682"}],"collection":[{"href":"https:\/\/www.sgagora.com.br\/sg\/wp-json\/wp\/v2\/posts"}],"about":[{"href":"https:\/\/www.sgagora.com.br\/sg\/wp-json\/wp\/v2\/types\/post"}],"author":[{"embeddable":true,"href":"https:\/\/www.sgagora.com.br\/sg\/wp-json\/wp\/v2\/users\/1"}],"replies":[{"embeddable":true,"href":"https:\/\/www.sgagora.com.br\/sg\/wp-json\/wp\/v2\/comments?post=999977682"}],"version-history":[{"count":1,"href":"https:\/\/www.sgagora.com.br\/sg\/wp-json\/wp\/v2\/posts\/999977682\/revisions"}],"predecessor-version":[{"id":999977687,"href":"https:\/\/www.sgagora.com.br\/sg\/wp-json\/wp\/v2\/posts\/999977682\/revisions\/999977687"}],"wp:featuredmedia":[{"embeddable":true,"href":"https:\/\/www.sgagora.com.br\/sg\/wp-json\/wp\/v2\/media\/999977685"}],"wp:attachment":[{"href":"https:\/\/www.sgagora.com.br\/sg\/wp-json\/wp\/v2\/media?parent=999977682"}],"wp:term":[{"taxonomy":"category","embeddable":true,"href":"https:\/\/www.sgagora.com.br\/sg\/wp-json\/wp\/v2\/categories?post=999977682"},{"taxonomy":"post_tag","embeddable":true,"href":"https:\/\/www.sgagora.com.br\/sg\/wp-json\/wp\/v2\/tags?post=999977682"}],"curies":[{"name":"wp","href":"https:\/\/api.w.org\/{rel}","templated":true}]}}