{"id":999979807,"date":"2020-01-14T19:24:47","date_gmt":"2020-01-14T22:24:47","guid":{"rendered":"https:\/\/www.sgagora.com.br\/sg\/?p=999979807"},"modified":"2020-01-16T12:30:26","modified_gmt":"2020-01-16T15:30:26","slug":"atualizada-acidente-envolvendo-veiculos-de-passeio-e-registrado-na-br-354-nesta-terca-feira","status":"publish","type":"post","link":"https:\/\/www.sgagora.com.br\/sg\/atualizada-acidente-envolvendo-veiculos-de-passeio-e-registrado-na-br-354-nesta-terca-feira\/","title":{"rendered":"Atualizada: Acidente envolvendo ve\u00edculos de passeio \u00e9 registrado na BR-354 nesta ter\u00e7a-feira"},"content":{"rendered":"<p style=\"text-align: justify;\">No final da tarde desta ter\u00e7a-feira (14\/01) na BR-354, no munic\u00edpio de Rio Parana\u00edba, pr\u00f3ximo ao trevo de acesso a cidade de S\u00e3o Gotardo, mais um acidente envolvendo dois ve\u00edculos de passeio foi registrado. Quatro pessoas ficaram feridas durante a colis\u00e3o e precisaram receber atendimento m\u00e9dico. Por sorte, ningu\u00e9m se feriu gravemente. A poss\u00edvel causa do acidente: embriaguez ao tr\u00e2nsito.<\/p>\n<p style=\"text-align: justify;\">Segundo informa\u00e7\u00f5es da Pol\u00edcia Militar Rodovi\u00e1ria, o fato aconteceu no KM-326, por volta das 17:45 da tarde. No local os militares os militares depararam com os dois ve\u00edculos envolvidos, sendo que sobre a pista estava uma VW\/Saveiro com dois ocupantes ainda dentro do ve\u00edculo e uma Fiat\/Strada as margens da pista de rolamento j\u00e1 sem os ocupantes, os quais j\u00e1 haviam sido socorridos por terceiros at\u00e9 o Pronto Socorro de S\u00e3o Gotardo.<\/p>\n<p style=\"text-align: center;\"><span style=\"color: #ff0000;\"><strong>CONTINUA AP\u00d3S A PUBLICIDADE<\/strong><\/span><img decoding=\"async\" loading=\"lazy\" class=\"aligncenter size-full wp-image-999963339\" src=\"https:\/\/www.sgagora.com.br\/sg\/wp-content\/uploads\/2018\/10\/UNINTER_Graduacao-e-pos.gif\" alt=\"UNINTER_Graduacao-e-pos\" width=\"600\" height=\"260\"><\/p>\n<!-- \/wp:paragraph --><!-- wp:paragraph -->\n<p style=\"text-align: justify;\">Ainda de acordo com a PMR, durante di\u00e1logo com as v\u00edtimas que estavam no local do acidente, os militares constataram que o condutor o qual ainda aguardava no ve\u00edculo, apresentava sinais de ter ingerido bebida alco\u00f3lica, tendo o mesmo recusado a realizar o teste do etil\u00f4metro. No hospital de S\u00e3o Gotardo, o outro motorista envolvido na batida contou que seguia pela rodovia sentido Patos de Minas \u00e0 S\u00e3o Gotardo, quando a VW\/Saveiro que vinha no sentido contr\u00e1rio virou-se bruscamente para acessar uma estrada vicinal, vindo a colidir frontalmente com seu ve\u00edculo.<\/p>\n<p style=\"text-align: justify;\">Ap\u00f3s a verifica\u00e7\u00e3o, foi constatado que os dois ve\u00edculos estavam com a documenta\u00e7\u00e3o em dia e os dois condutores devidamente habilitados. Com isso, foi lavrado o auto de infra\u00e7\u00e3o de tr\u00e2nsito para o condutor da VW\/Saveiro por dirigir sob a influ\u00eancia de \u00e1lcool. Dessa forma, todos os envolvidos ficaram em observa\u00e7\u00e3o no Pronto Socorro para a realiza\u00e7\u00e3o de exames. Em consulta do sistema informatizado, verificou-se que o condutor da Saveiro j\u00e1 havia sido autuado por dirigir sob a influ\u00eancia de \u00e1lcool no \u00faltimo dia 06 de Janeiro.<\/p>\n<p style=\"text-align: center;\"><span style=\"color: #ff0000;\"><strong>CONTINUA AP\u00d3S A PUBLICIDADE<\/strong><\/span><img decoding=\"async\" loading=\"lazy\" class=\"aligncenter wp-image-999979854 size-full\" src=\"https:\/\/www.sgagora.com.br\/sg\/wp-content\/uploads\/2020\/01\/Gif_Dra_Nathalia_alt_cliente_type_gigante_e_grosseiro.gif\" alt=\"\" width=\"600\" height=\"260\"><\/p>\n<!-- \/wp:paragraph --><!-- wp:paragraph -->\n<p style=\"text-align: justify;\"><em><b>Confira as fotos da colis\u00e3o:<\/b><\/em><\/p>\n\n\t\t<style type=\"text\/css\">\n\t\t\t#gallery-1 {\n\t\t\t\tmargin: auto;\n\t\t\t}\n\t\t\t#gallery-1 .gallery-item {\n\t\t\t\tfloat: left;\n\t\t\t\tmargin-top: 10px;\n\t\t\t\ttext-align: center;\n\t\t\t\twidth: 33%;\n\t\t\t}\n\t\t\t#gallery-1 img {\n\t\t\t\tborder: 2px solid #cfcfcf;\n\t\t\t}\n\t\t\t#gallery-1 .gallery-caption {\n\t\t\t\tmargin-left: 0;\n\t\t\t}\n\t\t\t\/* see gallery_shortcode() in wp-includes\/media.php *\/\n\t\t<\/style>\n\t\t<div id='gallery-1' class='gallery galleryid-999979807 gallery-columns-3 gallery-size-full'><dl class='gallery-item'>\n\t\t\t<dt class='gallery-icon portrait'>\n\t\t\t\t<a class=\"prettyphoto\" rel=\"prettyPhoto[gallery]\" href='https:\/\/www.sgagora.com.br\/sg\/wp-content\/uploads\/2020\/01\/7f673ec7-32d8-4344-b1fe-bcc229f70c80.jpg'><img width=\"450\" height=\"600\" src=\"https:\/\/www.sgagora.com.br\/sg\/wp-content\/uploads\/2020\/01\/7f673ec7-32d8-4344-b1fe-bcc229f70c80.jpg\" class=\"attachment-full size-full\" alt=\"\" decoding=\"async\" loading=\"lazy\" srcset=\"https:\/\/www.sgagora.com.br\/sg\/wp-content\/uploads\/2020\/01\/7f673ec7-32d8-4344-b1fe-bcc229f70c80.jpg 450w, https:\/\/www.sgagora.com.br\/sg\/wp-content\/uploads\/2020\/01\/7f673ec7-32d8-4344-b1fe-bcc229f70c80-225x300.jpg 225w\" sizes=\"(max-width: 450px) 100vw, 450px\" \/><\/a>\n\t\t\t<\/dt><\/dl><dl class='gallery-item'>\n\t\t\t<dt class='gallery-icon portrait'>\n\t\t\t\t<a class=\"prettyphoto\" rel=\"prettyPhoto[gallery]\" href='https:\/\/www.sgagora.com.br\/sg\/wp-content\/uploads\/2020\/01\/097fe8ed-47a5-4e53-a111-8018b3e3c939.jpg'><img width=\"450\" height=\"600\" src=\"https:\/\/www.sgagora.com.br\/sg\/wp-content\/uploads\/2020\/01\/097fe8ed-47a5-4e53-a111-8018b3e3c939.jpg\" class=\"attachment-full size-full\" alt=\"\" decoding=\"async\" loading=\"lazy\" srcset=\"https:\/\/www.sgagora.com.br\/sg\/wp-content\/uploads\/2020\/01\/097fe8ed-47a5-4e53-a111-8018b3e3c939.jpg 450w, https:\/\/www.sgagora.com.br\/sg\/wp-content\/uploads\/2020\/01\/097fe8ed-47a5-4e53-a111-8018b3e3c939-225x300.jpg 225w\" sizes=\"(max-width: 450px) 100vw, 450px\" \/><\/a>\n\t\t\t<\/dt><\/dl><dl class='gallery-item'>\n\t\t\t<dt class='gallery-icon portrait'>\n\t\t\t\t<a class=\"prettyphoto\" rel=\"prettyPhoto[gallery]\" href='https:\/\/www.sgagora.com.br\/sg\/wp-content\/uploads\/2020\/01\/c2d5641d-2bea-448e-aa1b-0a6e5e788bab.jpg'><img width=\"450\" height=\"600\" src=\"https:\/\/www.sgagora.com.br\/sg\/wp-content\/uploads\/2020\/01\/c2d5641d-2bea-448e-aa1b-0a6e5e788bab.jpg\" class=\"attachment-full size-full\" alt=\"\" decoding=\"async\" loading=\"lazy\" srcset=\"https:\/\/www.sgagora.com.br\/sg\/wp-content\/uploads\/2020\/01\/c2d5641d-2bea-448e-aa1b-0a6e5e788bab.jpg 450w, https:\/\/www.sgagora.com.br\/sg\/wp-content\/uploads\/2020\/01\/c2d5641d-2bea-448e-aa1b-0a6e5e788bab-225x300.jpg 225w\" sizes=\"(max-width: 450px) 100vw, 450px\" \/><\/a>\n\t\t\t<\/dt><\/dl><br style=\"clear: both\" \/>\n\t\t<\/div>\n\n\n<!-- \/wp:paragraph --><!-- wp:paragraph -->\n<p style=\"text-align: justify;\"><!-- \/wp:paragraph --><!-- wp:paragraph --><em><strong>Reportagem:<\/strong> Diego Oliveira\/Portal SG AGORA \/ <strong>Fonte da Reportagem e Foto Capa:<\/strong> WhatsApp\/Portal SG AGORA<\/em><\/p>\n<!-- \/wp:paragraph --><!--EndFragment-->","protected":false},"excerpt":{"rendered":"<p>No final da tarde desta ter\u00e7a-feira (14\/01) na BR-354, no munic\u00edpio de Rio Parana\u00edba, pr\u00f3ximo ao trevo de acesso a cidade de S\u00e3o Gotardo, mais um acidente envolvendo dois ve\u00edculos de passeio foi registrado. Quatro &#8230; <a class=\"readmore\" href=\"https:\/\/www.sgagora.com.br\/sg\/atualizada-acidente-envolvendo-veiculos-de-passeio-e-registrado-na-br-354-nesta-terca-feira\/\">Leia Mais<\/a><\/p>\n","protected":false},"author":1,"featured_media":999979810,"comment_status":"open","ping_status":"open","sticky":false,"template":"","format":"standard","meta":{"_bbp_topic_count":0,"_bbp_reply_count":0,"_bbp_total_topic_count":0,"_bbp_total_reply_count":0,"_bbp_voice_count":0,"_bbp_anonymous_reply_count":0,"_bbp_topic_count_hidden":0,"_bbp_reply_count_hidden":0,"_bbp_forum_subforum_count":0},"categories":[84,77],"tags":[137,242,1308,659,1151,138,1121,194,131,157,1730],"yoast_head":"<!-- This site is optimized with the Yoast SEO plugin v20.5 - https:\/\/yoast.com\/wordpress\/plugins\/seo\/ -->\n<title>Acidente envolvendo ve\u00edculos de passeio \u00e9 registrado na BR-354 nesta ter\u00e7a-feira<\/title>\n<meta name=\"description\" content=\"No final da tarde desta ter\u00e7a-feira (14\/01) na BR-354, pr\u00f3ximo \u00e0 S\u00e3o Gotardo, mais um acidente envolvendo dois ve\u00edculos de passeio foi registrado.\" \/>\n<meta name=\"robots\" content=\"index, follow, max-snippet:-1, max-image-preview:large, max-video-preview:-1\" \/>\n<link rel=\"canonical\" href=\"https:\/\/www.sgagora.com.br\/sg\/atualizada-acidente-envolvendo-veiculos-de-passeio-e-registrado-na-br-354-nesta-terca-feira\/\" \/>\n<meta property=\"og:locale\" content=\"pt_BR\" \/>\n<meta property=\"og:type\" content=\"article\" \/>\n<meta property=\"og:title\" content=\"Acidente envolvendo ve\u00edculos de passeio \u00e9 registrado na BR-354 nesta ter\u00e7a-feira\" \/>\n<meta property=\"og:description\" content=\"No final da tarde desta ter\u00e7a-feira (14\/01) na BR-354, pr\u00f3ximo \u00e0 S\u00e3o Gotardo, mais um acidente envolvendo dois ve\u00edculos de passeio foi registrado.\" \/>\n<meta property=\"og:url\" content=\"https:\/\/www.sgagora.com.br\/sg\/atualizada-acidente-envolvendo-veiculos-de-passeio-e-registrado-na-br-354-nesta-terca-feira\/\" \/>\n<meta property=\"og:site_name\" content=\"SGAgora\" \/>\n<meta property=\"article:publisher\" content=\"https:\/\/www.facebook.com\/sgagora\" \/>\n<meta property=\"article:published_time\" content=\"2020-01-14T22:24:47+00:00\" \/>\n<meta property=\"article:modified_time\" content=\"2020-01-16T15:30:26+00:00\" \/>\n<meta property=\"og:image\" content=\"https:\/\/www.sgagora.com.br\/sg\/wp-content\/uploads\/2020\/01\/3e197355-d748-4671-8ef7-2552c95b9a0d.jpg\" \/>\n\t<meta property=\"og:image:width\" content=\"600\" \/>\n\t<meta property=\"og:image:height\" content=\"425\" \/>\n\t<meta property=\"og:image:type\" content=\"image\/jpeg\" \/>\n<meta name=\"author\" content=\"SG Agora\" \/>\n<meta name=\"twitter:label1\" content=\"Escrito por\" \/>\n\t<meta name=\"twitter:data1\" content=\"SG Agora\" \/>\n\t<meta name=\"twitter:label2\" content=\"Est. tempo de leitura\" \/>\n\t<meta name=\"twitter:data2\" content=\"2 minutos\" \/>\n<script type=\"application\/ld+json\" class=\"yoast-schema-graph\">{\"@context\":\"https:\/\/schema.org\",\"@graph\":[{\"@type\":\"WebPage\",\"@id\":\"https:\/\/www.sgagora.com.br\/sg\/atualizada-acidente-envolvendo-veiculos-de-passeio-e-registrado-na-br-354-nesta-terca-feira\/\",\"url\":\"https:\/\/www.sgagora.com.br\/sg\/atualizada-acidente-envolvendo-veiculos-de-passeio-e-registrado-na-br-354-nesta-terca-feira\/\",\"name\":\"Acidente envolvendo ve\u00edculos de passeio \u00e9 registrado na BR-354 nesta ter\u00e7a-feira\",\"isPartOf\":{\"@id\":\"https:\/\/www.sgagora.com.br\/sg\/#website\"},\"datePublished\":\"2020-01-14T22:24:47+00:00\",\"dateModified\":\"2020-01-16T15:30:26+00:00\",\"author\":{\"@id\":\"https:\/\/www.sgagora.com.br\/sg\/#\/schema\/person\/2be62cfb47cee3e0b305e4f7a765ae41\"},\"description\":\"No final da tarde desta ter\u00e7a-feira (14\/01) na BR-354, pr\u00f3ximo \u00e0 S\u00e3o Gotardo, mais um acidente envolvendo dois ve\u00edculos de passeio foi registrado.\",\"breadcrumb\":{\"@id\":\"https:\/\/www.sgagora.com.br\/sg\/atualizada-acidente-envolvendo-veiculos-de-passeio-e-registrado-na-br-354-nesta-terca-feira\/#breadcrumb\"},\"inLanguage\":\"pt-BR\",\"potentialAction\":[{\"@type\":\"ReadAction\",\"target\":[\"https:\/\/www.sgagora.com.br\/sg\/atualizada-acidente-envolvendo-veiculos-de-passeio-e-registrado-na-br-354-nesta-terca-feira\/\"]}]},{\"@type\":\"BreadcrumbList\",\"@id\":\"https:\/\/www.sgagora.com.br\/sg\/atualizada-acidente-envolvendo-veiculos-de-passeio-e-registrado-na-br-354-nesta-terca-feira\/#breadcrumb\",\"itemListElement\":[{\"@type\":\"ListItem\",\"position\":1,\"name\":\"In\u00edcio\",\"item\":\"https:\/\/www.sgagora.com.br\/sg\/\"},{\"@type\":\"ListItem\",\"position\":2,\"name\":\"Atualizada: Acidente envolvendo ve\u00edculos de passeio \u00e9 registrado na BR-354 nesta ter\u00e7a-feira\"}]},{\"@type\":\"WebSite\",\"@id\":\"https:\/\/www.sgagora.com.br\/sg\/#website\",\"url\":\"https:\/\/www.sgagora.com.br\/sg\/\",\"name\":\"SGAgora\",\"description\":\"Not\u00edcias de S\u00e3o Gotardo\",\"potentialAction\":[{\"@type\":\"SearchAction\",\"target\":{\"@type\":\"EntryPoint\",\"urlTemplate\":\"https:\/\/www.sgagora.com.br\/sg\/?s={search_term_string}\"},\"query-input\":\"required name=search_term_string\"}],\"inLanguage\":\"pt-BR\"},{\"@type\":\"Person\",\"@id\":\"https:\/\/www.sgagora.com.br\/sg\/#\/schema\/person\/2be62cfb47cee3e0b305e4f7a765ae41\",\"name\":\"SG Agora\",\"image\":{\"@type\":\"ImageObject\",\"inLanguage\":\"pt-BR\",\"@id\":\"https:\/\/www.sgagora.com.br\/sg\/#\/schema\/person\/image\/\",\"url\":\"https:\/\/secure.gravatar.com\/avatar\/a0c612a9a8c3e7419d6fd4f92e749d8d?s=96&d=mm&r=g\",\"contentUrl\":\"https:\/\/secure.gravatar.com\/avatar\/a0c612a9a8c3e7419d6fd4f92e749d8d?s=96&d=mm&r=g\",\"caption\":\"SG Agora\"},\"url\":\"https:\/\/www.sgagora.com.br\/sg\/author\/admin\/\"}]}<\/script>\n<!-- \/ Yoast SEO plugin. -->","yoast_head_json":{"title":"Acidente envolvendo ve\u00edculos de passeio \u00e9 registrado na BR-354 nesta ter\u00e7a-feira","description":"No final da tarde desta ter\u00e7a-feira (14\/01) na BR-354, pr\u00f3ximo \u00e0 S\u00e3o Gotardo, mais um acidente envolvendo dois ve\u00edculos de passeio foi registrado.","robots":{"index":"index","follow":"follow","max-snippet":"max-snippet:-1","max-image-preview":"max-image-preview:large","max-video-preview":"max-video-preview:-1"},"canonical":"https:\/\/www.sgagora.com.br\/sg\/atualizada-acidente-envolvendo-veiculos-de-passeio-e-registrado-na-br-354-nesta-terca-feira\/","og_locale":"pt_BR","og_type":"article","og_title":"Acidente envolvendo ve\u00edculos de passeio \u00e9 registrado na BR-354 nesta ter\u00e7a-feira","og_description":"No final da tarde desta ter\u00e7a-feira (14\/01) na BR-354, pr\u00f3ximo \u00e0 S\u00e3o Gotardo, mais um acidente envolvendo dois ve\u00edculos de passeio foi registrado.","og_url":"https:\/\/www.sgagora.com.br\/sg\/atualizada-acidente-envolvendo-veiculos-de-passeio-e-registrado-na-br-354-nesta-terca-feira\/","og_site_name":"SGAgora","article_publisher":"https:\/\/www.facebook.com\/sgagora","article_published_time":"2020-01-14T22:24:47+00:00","article_modified_time":"2020-01-16T15:30:26+00:00","og_image":[{"width":600,"height":425,"url":"https:\/\/www.sgagora.com.br\/sg\/wp-content\/uploads\/2020\/01\/3e197355-d748-4671-8ef7-2552c95b9a0d.jpg","type":"image\/jpeg"}],"author":"SG Agora","twitter_misc":{"Escrito por":"SG Agora","Est. tempo de leitura":"2 minutos"},"schema":{"@context":"https:\/\/schema.org","@graph":[{"@type":"WebPage","@id":"https:\/\/www.sgagora.com.br\/sg\/atualizada-acidente-envolvendo-veiculos-de-passeio-e-registrado-na-br-354-nesta-terca-feira\/","url":"https:\/\/www.sgagora.com.br\/sg\/atualizada-acidente-envolvendo-veiculos-de-passeio-e-registrado-na-br-354-nesta-terca-feira\/","name":"Acidente envolvendo ve\u00edculos de passeio \u00e9 registrado na BR-354 nesta ter\u00e7a-feira","isPartOf":{"@id":"https:\/\/www.sgagora.com.br\/sg\/#website"},"datePublished":"2020-01-14T22:24:47+00:00","dateModified":"2020-01-16T15:30:26+00:00","author":{"@id":"https:\/\/www.sgagora.com.br\/sg\/#\/schema\/person\/2be62cfb47cee3e0b305e4f7a765ae41"},"description":"No final da tarde desta ter\u00e7a-feira (14\/01) na BR-354, pr\u00f3ximo \u00e0 S\u00e3o Gotardo, mais um acidente envolvendo dois ve\u00edculos de passeio foi registrado.","breadcrumb":{"@id":"https:\/\/www.sgagora.com.br\/sg\/atualizada-acidente-envolvendo-veiculos-de-passeio-e-registrado-na-br-354-nesta-terca-feira\/#breadcrumb"},"inLanguage":"pt-BR","potentialAction":[{"@type":"ReadAction","target":["https:\/\/www.sgagora.com.br\/sg\/atualizada-acidente-envolvendo-veiculos-de-passeio-e-registrado-na-br-354-nesta-terca-feira\/"]}]},{"@type":"BreadcrumbList","@id":"https:\/\/www.sgagora.com.br\/sg\/atualizada-acidente-envolvendo-veiculos-de-passeio-e-registrado-na-br-354-nesta-terca-feira\/#breadcrumb","itemListElement":[{"@type":"ListItem","position":1,"name":"In\u00edcio","item":"https:\/\/www.sgagora.com.br\/sg\/"},{"@type":"ListItem","position":2,"name":"Atualizada: Acidente envolvendo ve\u00edculos de passeio \u00e9 registrado na BR-354 nesta ter\u00e7a-feira"}]},{"@type":"WebSite","@id":"https:\/\/www.sgagora.com.br\/sg\/#website","url":"https:\/\/www.sgagora.com.br\/sg\/","name":"SGAgora","description":"Not\u00edcias de S\u00e3o Gotardo","potentialAction":[{"@type":"SearchAction","target":{"@type":"EntryPoint","urlTemplate":"https:\/\/www.sgagora.com.br\/sg\/?s={search_term_string}"},"query-input":"required name=search_term_string"}],"inLanguage":"pt-BR"},{"@type":"Person","@id":"https:\/\/www.sgagora.com.br\/sg\/#\/schema\/person\/2be62cfb47cee3e0b305e4f7a765ae41","name":"SG Agora","image":{"@type":"ImageObject","inLanguage":"pt-BR","@id":"https:\/\/www.sgagora.com.br\/sg\/#\/schema\/person\/image\/","url":"https:\/\/secure.gravatar.com\/avatar\/a0c612a9a8c3e7419d6fd4f92e749d8d?s=96&d=mm&r=g","contentUrl":"https:\/\/secure.gravatar.com\/avatar\/a0c612a9a8c3e7419d6fd4f92e749d8d?s=96&d=mm&r=g","caption":"SG Agora"},"url":"https:\/\/www.sgagora.com.br\/sg\/author\/admin\/"}]}},"_links":{"self":[{"href":"https:\/\/www.sgagora.com.br\/sg\/wp-json\/wp\/v2\/posts\/999979807"}],"collection":[{"href":"https:\/\/www.sgagora.com.br\/sg\/wp-json\/wp\/v2\/posts"}],"about":[{"href":"https:\/\/www.sgagora.com.br\/sg\/wp-json\/wp\/v2\/types\/post"}],"author":[{"embeddable":true,"href":"https:\/\/www.sgagora.com.br\/sg\/wp-json\/wp\/v2\/users\/1"}],"replies":[{"embeddable":true,"href":"https:\/\/www.sgagora.com.br\/sg\/wp-json\/wp\/v2\/comments?post=999979807"}],"version-history":[{"count":8,"href":"https:\/\/www.sgagora.com.br\/sg\/wp-json\/wp\/v2\/posts\/999979807\/revisions"}],"predecessor-version":[{"id":999979888,"href":"https:\/\/www.sgagora.com.br\/sg\/wp-json\/wp\/v2\/posts\/999979807\/revisions\/999979888"}],"wp:featuredmedia":[{"embeddable":true,"href":"https:\/\/www.sgagora.com.br\/sg\/wp-json\/wp\/v2\/media\/999979810"}],"wp:attachment":[{"href":"https:\/\/www.sgagora.com.br\/sg\/wp-json\/wp\/v2\/media?parent=999979807"}],"wp:term":[{"taxonomy":"category","embeddable":true,"href":"https:\/\/www.sgagora.com.br\/sg\/wp-json\/wp\/v2\/categories?post=999979807"},{"taxonomy":"post_tag","embeddable":true,"href":"https:\/\/www.sgagora.com.br\/sg\/wp-json\/wp\/v2\/tags?post=999979807"}],"curies":[{"name":"wp","href":"https:\/\/api.w.org\/{rel}","templated":true}]}}