{"id":999980202,"date":"2020-01-28T08:47:57","date_gmt":"2020-01-28T11:47:57","guid":{"rendered":"https:\/\/www.sgagora.com.br\/sg\/?p=999980202"},"modified":"2020-01-30T14:00:49","modified_gmt":"2020-01-30T17:00:49","slug":"bebida-e-volante-grave-acidente-e-registrado-na-rotatoria-de-acesso-a-sao-gotardo","status":"publish","type":"post","link":"https:\/\/www.sgagora.com.br\/sg\/bebida-e-volante-grave-acidente-e-registrado-na-rotatoria-de-acesso-a-sao-gotardo\/","title":{"rendered":"Bebida e Volante: Grave acidente \u00e9 registrado na rotat\u00f3ria de acesso \u00e0 S\u00e3o Gotardo"},"content":{"rendered":"<p style=\"text-align: justify;\">Na noite deste \u00faltimo domingo (26\/01) na MG-235, na rotat\u00f3ria de acesso ao per\u00edmetro urbano de S\u00e3o Gotardo, um grave acidente foi registrado envolvendo tr\u00eas ve\u00edculos de passeio. Cinco pessoas ficaram feridas, sendo uma delas uma adolescente de 13 anos, a qual sofreu um traumatismo cranioencef\u00e1lico e foi internada em estado grave de sa\u00fade no Hospital Regional, da cidade de Patos de Minas. Um dos motoristas envolvidos no acidente foi detido por embriaguez ao volante e encaminhado para a Delegacia de Plant\u00e3o da Pol\u00edcia Civil de Patos de Minas. O Portal SG AGORA pede desculpas aos nossos Leitores pela certa demora as vezes em determinadas publica\u00e7\u00f5es de acontecimentos como este ocorrido, mas infelizmente, nem sempre as informa\u00e7\u00f5es concretas e com fontes confi\u00e1veis chegam na velocidade como desejamos.<\/p>\n<p style=\"text-align: justify;\">Segundo informa\u00e7\u00f5es da assessoria de imprensa da Pol\u00edcia Militar de S\u00e3o Gotardo, o acidente teria sido provocado pelo motorista o qual foi preso pelo crime citado acima na reportagem. O condutor de 25 anos de idade, conduzia um ve\u00edculo VW\/Gol em velocidade acentuada pela Rodovia MG-235 (entrando na cidade), quando em determinado momento, perdeu o controle direcional do ve\u00edculo, subiu no canteiro da rotat\u00f3ria pr\u00f3ximo a uma loja de Auto El\u00e9trica, atingiu um ve\u00edculo Fiat\/Uno que estava parado na rotat\u00f3ria esperando o fluxo de ve\u00edculos, subiu no canteiro da rotat\u00f3ria e s\u00f3 parou ap\u00f3s atingir uma caminhonete VW\/Saveiro, que estava parada na via lateral da Avenida Brasil.<\/p>\n<p style=\"text-align: justify;\">Com o primeiro impacto, o Fiat\/Uno rodou violentamente e as tr\u00eas pessoas que estavam nele foram arremessadas para fora do ve\u00edculo (o condutor e duas passageiras). Todos sofreram ferimentos pelo corpo, por\u00e9m uma adolescente de 13 anos de idade teve traumatismo cranioencef\u00e1lico e foi transferida em estado grav\u00edssimo de sa\u00fade para Patos de Minas logo ap\u00f3s a colis\u00e3o. O condutor e o passageiro do VW\/Gol, por muita sorte, sofreram somente ferimentos leves. O Condutor da VW\/Saveiro n\u00e3o sofreu ferimentos, de acordo com a PM de S\u00e3o Gotardo.<\/p>\n<p style=\"text-align: center;\"><span style=\"color: #ff0000;\"><strong>CONTINUA AP\u00d3S A PUBLICIDADE<\/strong><\/span><img decoding=\"async\" loading=\"lazy\" class=\"aligncenter size-full wp-image-999963339\" src=\"https:\/\/www.sgagora.com.br\/sg\/wp-content\/uploads\/2018\/10\/UNINTER_Graduacao-e-pos.gif\" alt=\"UNINTER_Graduacao-e-pos\" width=\"600\" height=\"260\"><\/p>\n<p style=\"text-align: justify;\">Devido ao grande fluxo de pessoas, a PM isolou o local do acidente, at\u00e9 que pudesse encaminhar as v\u00edtimas para o Pronto Socorro Municipal e realizar a remo\u00e7\u00e3o dos ve\u00edculos envolvidos na batida. O condutor do ve\u00edculo o qual teria sido o provocador do acidente segundo informa\u00e7\u00f5es da PM, apresentava vis\u00edveis sinais de embriaguez alco\u00f3lica, sendo inclusive encontradas no interior de seu autom\u00f3vel, garrafas de u\u00edsque e de coquetel alco\u00f3lico conhecido popularmente como \u201cCorote\u201d. O condutor foi submetido ao teste do etil\u00f4metro, sendo constatada a embriaguez.<\/p>\n<p style=\"text-align: justify;\">Ap\u00f3s a confirma\u00e7\u00e3o do crime de embriaguez, o condutor do VW\/Gol foi preso em flagrante e apresentado na Delegacia de Plant\u00e3o de Pol\u00edcia Civil de Patos de Minas para as demais provid\u00eancias judici\u00e1rias. A CNH do motorista foi recolhida e entregue \u00e0 Autoridade de Tr\u00e2nsito. O condutor da VW\/Saveiro tamb\u00e9m foi submetido ao teste, com resultado negativo para a ingest\u00e3o de \u00e1lcool. O condutor do Fiat\/Uno ficou internado em observa\u00e7\u00e3o m\u00e9dica no Pronto Socorro Municipal de S\u00e3o Gotardo n\u00e3o sendo poss\u00edvel realizar o teste com o mesmo. Todos os ve\u00edculos foram removidos para o P\u00e1tio Credenciado, ap\u00f3s serem constatadas irregularidades (infra\u00e7\u00f5es de tr\u00e2nsito), segundo informou a Pol\u00edcia Militar de S\u00e3o Gotardo.<\/p>\n<p style=\"text-align: justify;\">Infelizmente, casos de embriaguez ao volante, tem se tornado cada vez mais comuns entre as principais ocorr\u00eancias policiais. Somente neste \u00faltimo final de semana, cinco motoristas foram presos pela Pol\u00edcia Militar Rodovi\u00e1ria, nas rodovias do Alto Parana\u00edba. Em S\u00e3o Gotardo, al\u00e9m do motorista detido envolvido no grave acidente registrado na noite de domingo (26), nesta segunda (27), outro motorista foi preso pela Pol\u00edcia tamb\u00e9m por dirigir alcoolizado. A pris\u00e3o ocorreu no bairro Boa Esperan\u00e7a, sendo o condutor detido, reincidente do mesmo crime, de acordo com a assessoria de imprensa PM S\u00e3o-Gotardense.<\/p>\n<p style=\"text-align: center;\"><span style=\"color: #ff0000;\"><strong>CONTINUA AP\u00d3S A PUBLICIDADE<\/strong><\/span><img decoding=\"async\" loading=\"lazy\" class=\"aligncenter wp-image-999979854 size-full\" src=\"https:\/\/www.sgagora.com.br\/sg\/wp-content\/uploads\/2020\/01\/Gif_Dra_Nathalia_alt_cliente_type_gigante_e_grosseiro.gif\" alt=\"\" width=\"600\" height=\"260\"><\/p>\n<p><span style=\"color: #ffffff;\">.<\/span><\/p>\n<p style=\"text-align: justify;\"><em><strong>Reportagem:<\/strong> Diego Oliveira\/Portal SG AGORA \/ <strong>Fonte da Reportagem:<\/strong> Assessoria de Imprensa da Pol\u00edcia Militar de S\u00e3o Gotardo \/ <strong>Foto Capa:<\/strong> Recebida atrav\u00e9s do WhatsApp do Portal SG AGORA<\/em><\/p>\n","protected":false},"excerpt":{"rendered":"<p>Na noite deste \u00faltimo domingo (26\/01) na MG-235, na rotat\u00f3ria de acesso ao per\u00edmetro urbano de S\u00e3o Gotardo, um grave acidente foi registrado envolvendo tr\u00eas ve\u00edculos de passeio. Cinco pessoas ficaram feridas, sendo uma delas &#8230; <a class=\"readmore\" href=\"https:\/\/www.sgagora.com.br\/sg\/bebida-e-volante-grave-acidente-e-registrado-na-rotatoria-de-acesso-a-sao-gotardo\/\">Leia Mais<\/a><\/p>\n","protected":false},"author":1,"featured_media":999980204,"comment_status":"open","ping_status":"open","sticky":false,"template":"","format":"standard","meta":{"_bbp_topic_count":0,"_bbp_reply_count":0,"_bbp_total_topic_count":0,"_bbp_total_reply_count":0,"_bbp_voice_count":0,"_bbp_anonymous_reply_count":0,"_bbp_topic_count_hidden":0,"_bbp_reply_count_hidden":0,"_bbp_forum_subforum_count":0},"categories":[77],"tags":[137,4479,2009,4475,306,659,4480,138,194,131],"yoast_head":"<!-- This site is optimized with the Yoast SEO plugin v20.5 - https:\/\/yoast.com\/wordpress\/plugins\/seo\/ -->\n<title>Bebida e Volante: Grave acidente \u00e9 registrado na rotat\u00f3ria de acesso \u00e0 S\u00e3o Gotardo<\/title>\n<meta name=\"description\" content=\"Acidente envolvendo tr\u00eas ve\u00edculos de passeio, foi registrado na noite do \u00faltimo domingo (26) em S\u00e3o Gotardo. Adolescente de 13 anos ficou gravemente ferida.\" \/>\n<meta name=\"robots\" content=\"index, follow, max-snippet:-1, max-image-preview:large, max-video-preview:-1\" \/>\n<link rel=\"canonical\" href=\"https:\/\/www.sgagora.com.br\/sg\/bebida-e-volante-grave-acidente-e-registrado-na-rotatoria-de-acesso-a-sao-gotardo\/\" \/>\n<meta property=\"og:locale\" content=\"pt_BR\" \/>\n<meta property=\"og:type\" content=\"article\" \/>\n<meta property=\"og:title\" content=\"Bebida e Volante: Grave acidente \u00e9 registrado na rotat\u00f3ria de acesso \u00e0 S\u00e3o Gotardo\" \/>\n<meta property=\"og:description\" content=\"Acidente envolvendo tr\u00eas ve\u00edculos de passeio, foi registrado na noite do \u00faltimo domingo (26) em S\u00e3o Gotardo. Adolescente de 13 anos ficou gravemente ferida.\" \/>\n<meta property=\"og:url\" content=\"https:\/\/www.sgagora.com.br\/sg\/bebida-e-volante-grave-acidente-e-registrado-na-rotatoria-de-acesso-a-sao-gotardo\/\" \/>\n<meta property=\"og:site_name\" content=\"SGAgora\" \/>\n<meta property=\"article:publisher\" content=\"https:\/\/www.facebook.com\/sgagora\" \/>\n<meta property=\"article:published_time\" content=\"2020-01-28T11:47:57+00:00\" \/>\n<meta property=\"article:modified_time\" content=\"2020-01-30T17:00:49+00:00\" \/>\n<meta property=\"og:image\" content=\"https:\/\/www.sgagora.com.br\/sg\/wp-content\/uploads\/2020\/01\/bb12a8c8-d8d6-4d3e-a1a7-535a85d38531.jpg\" \/>\n\t<meta property=\"og:image:width\" content=\"600\" \/>\n\t<meta property=\"og:image:height\" content=\"407\" \/>\n\t<meta property=\"og:image:type\" content=\"image\/jpeg\" \/>\n<meta name=\"author\" content=\"SG Agora\" \/>\n<meta name=\"twitter:label1\" content=\"Escrito por\" \/>\n\t<meta name=\"twitter:data1\" content=\"SG Agora\" \/>\n\t<meta name=\"twitter:label2\" content=\"Est. tempo de leitura\" \/>\n\t<meta name=\"twitter:data2\" content=\"4 minutos\" \/>\n<script type=\"application\/ld+json\" class=\"yoast-schema-graph\">{\"@context\":\"https:\/\/schema.org\",\"@graph\":[{\"@type\":\"WebPage\",\"@id\":\"https:\/\/www.sgagora.com.br\/sg\/bebida-e-volante-grave-acidente-e-registrado-na-rotatoria-de-acesso-a-sao-gotardo\/\",\"url\":\"https:\/\/www.sgagora.com.br\/sg\/bebida-e-volante-grave-acidente-e-registrado-na-rotatoria-de-acesso-a-sao-gotardo\/\",\"name\":\"Bebida e Volante: Grave acidente \u00e9 registrado na rotat\u00f3ria de acesso \u00e0 S\u00e3o Gotardo\",\"isPartOf\":{\"@id\":\"https:\/\/www.sgagora.com.br\/sg\/#website\"},\"datePublished\":\"2020-01-28T11:47:57+00:00\",\"dateModified\":\"2020-01-30T17:00:49+00:00\",\"author\":{\"@id\":\"https:\/\/www.sgagora.com.br\/sg\/#\/schema\/person\/2be62cfb47cee3e0b305e4f7a765ae41\"},\"description\":\"Acidente envolvendo tr\u00eas ve\u00edculos de passeio, foi registrado na noite do \u00faltimo domingo (26) em S\u00e3o Gotardo. Adolescente de 13 anos ficou gravemente ferida.\",\"breadcrumb\":{\"@id\":\"https:\/\/www.sgagora.com.br\/sg\/bebida-e-volante-grave-acidente-e-registrado-na-rotatoria-de-acesso-a-sao-gotardo\/#breadcrumb\"},\"inLanguage\":\"pt-BR\",\"potentialAction\":[{\"@type\":\"ReadAction\",\"target\":[\"https:\/\/www.sgagora.com.br\/sg\/bebida-e-volante-grave-acidente-e-registrado-na-rotatoria-de-acesso-a-sao-gotardo\/\"]}]},{\"@type\":\"BreadcrumbList\",\"@id\":\"https:\/\/www.sgagora.com.br\/sg\/bebida-e-volante-grave-acidente-e-registrado-na-rotatoria-de-acesso-a-sao-gotardo\/#breadcrumb\",\"itemListElement\":[{\"@type\":\"ListItem\",\"position\":1,\"name\":\"In\u00edcio\",\"item\":\"https:\/\/www.sgagora.com.br\/sg\/\"},{\"@type\":\"ListItem\",\"position\":2,\"name\":\"Bebida e Volante: Grave acidente \u00e9 registrado na rotat\u00f3ria de acesso \u00e0 S\u00e3o Gotardo\"}]},{\"@type\":\"WebSite\",\"@id\":\"https:\/\/www.sgagora.com.br\/sg\/#website\",\"url\":\"https:\/\/www.sgagora.com.br\/sg\/\",\"name\":\"SGAgora\",\"description\":\"Not\u00edcias de S\u00e3o Gotardo\",\"potentialAction\":[{\"@type\":\"SearchAction\",\"target\":{\"@type\":\"EntryPoint\",\"urlTemplate\":\"https:\/\/www.sgagora.com.br\/sg\/?s={search_term_string}\"},\"query-input\":\"required name=search_term_string\"}],\"inLanguage\":\"pt-BR\"},{\"@type\":\"Person\",\"@id\":\"https:\/\/www.sgagora.com.br\/sg\/#\/schema\/person\/2be62cfb47cee3e0b305e4f7a765ae41\",\"name\":\"SG Agora\",\"image\":{\"@type\":\"ImageObject\",\"inLanguage\":\"pt-BR\",\"@id\":\"https:\/\/www.sgagora.com.br\/sg\/#\/schema\/person\/image\/\",\"url\":\"https:\/\/secure.gravatar.com\/avatar\/a0c612a9a8c3e7419d6fd4f92e749d8d?s=96&d=mm&r=g\",\"contentUrl\":\"https:\/\/secure.gravatar.com\/avatar\/a0c612a9a8c3e7419d6fd4f92e749d8d?s=96&d=mm&r=g\",\"caption\":\"SG Agora\"},\"url\":\"https:\/\/www.sgagora.com.br\/sg\/author\/admin\/\"}]}<\/script>\n<!-- \/ Yoast SEO plugin. -->","yoast_head_json":{"title":"Bebida e Volante: Grave acidente \u00e9 registrado na rotat\u00f3ria de acesso \u00e0 S\u00e3o Gotardo","description":"Acidente envolvendo tr\u00eas ve\u00edculos de passeio, foi registrado na noite do \u00faltimo domingo (26) em S\u00e3o Gotardo. Adolescente de 13 anos ficou gravemente ferida.","robots":{"index":"index","follow":"follow","max-snippet":"max-snippet:-1","max-image-preview":"max-image-preview:large","max-video-preview":"max-video-preview:-1"},"canonical":"https:\/\/www.sgagora.com.br\/sg\/bebida-e-volante-grave-acidente-e-registrado-na-rotatoria-de-acesso-a-sao-gotardo\/","og_locale":"pt_BR","og_type":"article","og_title":"Bebida e Volante: Grave acidente \u00e9 registrado na rotat\u00f3ria de acesso \u00e0 S\u00e3o Gotardo","og_description":"Acidente envolvendo tr\u00eas ve\u00edculos de passeio, foi registrado na noite do \u00faltimo domingo (26) em S\u00e3o Gotardo. Adolescente de 13 anos ficou gravemente ferida.","og_url":"https:\/\/www.sgagora.com.br\/sg\/bebida-e-volante-grave-acidente-e-registrado-na-rotatoria-de-acesso-a-sao-gotardo\/","og_site_name":"SGAgora","article_publisher":"https:\/\/www.facebook.com\/sgagora","article_published_time":"2020-01-28T11:47:57+00:00","article_modified_time":"2020-01-30T17:00:49+00:00","og_image":[{"width":600,"height":407,"url":"https:\/\/www.sgagora.com.br\/sg\/wp-content\/uploads\/2020\/01\/bb12a8c8-d8d6-4d3e-a1a7-535a85d38531.jpg","type":"image\/jpeg"}],"author":"SG Agora","twitter_misc":{"Escrito por":"SG Agora","Est. tempo de leitura":"4 minutos"},"schema":{"@context":"https:\/\/schema.org","@graph":[{"@type":"WebPage","@id":"https:\/\/www.sgagora.com.br\/sg\/bebida-e-volante-grave-acidente-e-registrado-na-rotatoria-de-acesso-a-sao-gotardo\/","url":"https:\/\/www.sgagora.com.br\/sg\/bebida-e-volante-grave-acidente-e-registrado-na-rotatoria-de-acesso-a-sao-gotardo\/","name":"Bebida e Volante: Grave acidente \u00e9 registrado na rotat\u00f3ria de acesso \u00e0 S\u00e3o Gotardo","isPartOf":{"@id":"https:\/\/www.sgagora.com.br\/sg\/#website"},"datePublished":"2020-01-28T11:47:57+00:00","dateModified":"2020-01-30T17:00:49+00:00","author":{"@id":"https:\/\/www.sgagora.com.br\/sg\/#\/schema\/person\/2be62cfb47cee3e0b305e4f7a765ae41"},"description":"Acidente envolvendo tr\u00eas ve\u00edculos de passeio, foi registrado na noite do \u00faltimo domingo (26) em S\u00e3o Gotardo. Adolescente de 13 anos ficou gravemente ferida.","breadcrumb":{"@id":"https:\/\/www.sgagora.com.br\/sg\/bebida-e-volante-grave-acidente-e-registrado-na-rotatoria-de-acesso-a-sao-gotardo\/#breadcrumb"},"inLanguage":"pt-BR","potentialAction":[{"@type":"ReadAction","target":["https:\/\/www.sgagora.com.br\/sg\/bebida-e-volante-grave-acidente-e-registrado-na-rotatoria-de-acesso-a-sao-gotardo\/"]}]},{"@type":"BreadcrumbList","@id":"https:\/\/www.sgagora.com.br\/sg\/bebida-e-volante-grave-acidente-e-registrado-na-rotatoria-de-acesso-a-sao-gotardo\/#breadcrumb","itemListElement":[{"@type":"ListItem","position":1,"name":"In\u00edcio","item":"https:\/\/www.sgagora.com.br\/sg\/"},{"@type":"ListItem","position":2,"name":"Bebida e Volante: Grave acidente \u00e9 registrado na rotat\u00f3ria de acesso \u00e0 S\u00e3o Gotardo"}]},{"@type":"WebSite","@id":"https:\/\/www.sgagora.com.br\/sg\/#website","url":"https:\/\/www.sgagora.com.br\/sg\/","name":"SGAgora","description":"Not\u00edcias de S\u00e3o Gotardo","potentialAction":[{"@type":"SearchAction","target":{"@type":"EntryPoint","urlTemplate":"https:\/\/www.sgagora.com.br\/sg\/?s={search_term_string}"},"query-input":"required name=search_term_string"}],"inLanguage":"pt-BR"},{"@type":"Person","@id":"https:\/\/www.sgagora.com.br\/sg\/#\/schema\/person\/2be62cfb47cee3e0b305e4f7a765ae41","name":"SG Agora","image":{"@type":"ImageObject","inLanguage":"pt-BR","@id":"https:\/\/www.sgagora.com.br\/sg\/#\/schema\/person\/image\/","url":"https:\/\/secure.gravatar.com\/avatar\/a0c612a9a8c3e7419d6fd4f92e749d8d?s=96&d=mm&r=g","contentUrl":"https:\/\/secure.gravatar.com\/avatar\/a0c612a9a8c3e7419d6fd4f92e749d8d?s=96&d=mm&r=g","caption":"SG Agora"},"url":"https:\/\/www.sgagora.com.br\/sg\/author\/admin\/"}]}},"_links":{"self":[{"href":"https:\/\/www.sgagora.com.br\/sg\/wp-json\/wp\/v2\/posts\/999980202"}],"collection":[{"href":"https:\/\/www.sgagora.com.br\/sg\/wp-json\/wp\/v2\/posts"}],"about":[{"href":"https:\/\/www.sgagora.com.br\/sg\/wp-json\/wp\/v2\/types\/post"}],"author":[{"embeddable":true,"href":"https:\/\/www.sgagora.com.br\/sg\/wp-json\/wp\/v2\/users\/1"}],"replies":[{"embeddable":true,"href":"https:\/\/www.sgagora.com.br\/sg\/wp-json\/wp\/v2\/comments?post=999980202"}],"version-history":[{"count":3,"href":"https:\/\/www.sgagora.com.br\/sg\/wp-json\/wp\/v2\/posts\/999980202\/revisions"}],"predecessor-version":[{"id":999980219,"href":"https:\/\/www.sgagora.com.br\/sg\/wp-json\/wp\/v2\/posts\/999980202\/revisions\/999980219"}],"wp:featuredmedia":[{"embeddable":true,"href":"https:\/\/www.sgagora.com.br\/sg\/wp-json\/wp\/v2\/media\/999980204"}],"wp:attachment":[{"href":"https:\/\/www.sgagora.com.br\/sg\/wp-json\/wp\/v2\/media?parent=999980202"}],"wp:term":[{"taxonomy":"category","embeddable":true,"href":"https:\/\/www.sgagora.com.br\/sg\/wp-json\/wp\/v2\/categories?post=999980202"},{"taxonomy":"post_tag","embeddable":true,"href":"https:\/\/www.sgagora.com.br\/sg\/wp-json\/wp\/v2\/tags?post=999980202"}],"curies":[{"name":"wp","href":"https:\/\/api.w.org\/{rel}","templated":true}]}}