{"id":999981496,"date":"2020-03-16T12:03:51","date_gmt":"2020-03-16T15:03:51","guid":{"rendered":"https:\/\/www.sgagora.com.br\/sg\/?p=999981496"},"modified":"2020-03-17T11:24:17","modified_gmt":"2020-03-17T14:24:17","slug":"ciclista-e-atropelado-na-mg-235-em-sao-gotardo-2","status":"publish","type":"post","link":"https:\/\/www.sgagora.com.br\/sg\/ciclista-e-atropelado-na-mg-235-em-sao-gotardo-2\/","title":{"rendered":"Ciclista \u00e9 atropelado na MG-235 em S\u00e3o Gotardo"},"content":{"rendered":"<p style=\"text-align: justify;\">Um ciclista, de 43 anos, ficou ferido ap\u00f3s ser atropelado por uma Fiat Strada, de cor vermelha, por volta das 07:30 da manh\u00e3, deste domingo (15\/03), no km 84 da MG-235, em S\u00e3o Gotardo\/MG. Por muita sorte, a v\u00edtima n\u00e3o se feriu gravemente. A bicicleta ficou bastante danificada.<\/p>\n<p style=\"text-align: justify;\">Conforme informa\u00e7\u00f5es da Pol\u00edcia Militar Rodovi\u00e1ria, o condutor da caminhonete, de 75 anos, relatou que seguia pela rodovia sentido a BR-354, quando invadiu o acostamento e atingiu a parte traseira da bicicleta. O ciclista foi arremessado ao solo, sofrendo a princ\u00edpio ferimentos leves.<\/p>\n<p style=\"text-align: center;\"><span style=\"color: #ff0000;\"><strong>CONTINUA AP\u00d3S A PUBLICIDADE<\/strong><\/span><img decoding=\"async\" loading=\"lazy\" class=\"aligncenter size-full wp-image-999963339\" src=\"https:\/\/www.sgagora.com.br\/sg\/wp-content\/uploads\/2018\/10\/UNINTER_Graduacao-e-pos.gif\" alt=\"UNINTER_Graduacao-e-pos\" width=\"600\" height=\"260\"><\/p>\n<p style=\"text-align: justify;\">Uma ambul\u00e2ncia de S\u00e3o Gotardo esteve no local e encaminhou a v\u00edtima para o Pronto Socorro Municipal. O homem passou por exames e ficou em observa\u00e7\u00e3o. A bicicleta sofreu danos na roda traseira e o carro teve danos na parte frontal do lado direito.<\/p>\n<p style=\"text-align: justify;\">Os condutores fizeram o teste com etil\u00f4metro (baf\u00f4metro) e em ambos, o resultado foi negativo para consumo de bebida alco\u00f3lica. Os ve\u00edculos foram fiscalizados e liberados posteriormente.<\/p>\n<p style=\"text-align: center;\"><span style=\"color: #ff0000;\"><strong>CONTINUA AP\u00d3S A PUBLICIDADE<\/strong><\/span><img decoding=\"async\" loading=\"lazy\" class=\"aligncenter wp-image-999979854 size-full\" src=\"https:\/\/www.sgagora.com.br\/sg\/wp-content\/uploads\/2020\/01\/Gif_Dra_Nathalia_alt_cliente_type_gigante_e_grosseiro.gif\" alt=\"\" width=\"600\" height=\"260\"><\/p>\n<p><span style=\"color: #ffffff;\">.<\/span><\/p>\n<p style=\"text-align: justify;\"><strong>R<\/strong><em><strong>eportagem:<\/strong> Diego Oliveira\/Portal SG AGORA \/ <strong>Fonte da Reportagem, Fotos Utilizadas e Foto Capa:<\/strong> Assessoria de Imprensa da Pol\u00edcia Militar Rodovi\u00e1ria<\/em><\/p>\n","protected":false},"excerpt":{"rendered":"<p>Um ciclista, de 43 anos, ficou ferido ap\u00f3s ser atropelado por uma Fiat Strada, de cor vermelha, por volta das 07:30 da manh\u00e3, deste domingo (15\/03), no km 84 da MG-235, em S\u00e3o Gotardo\/MG. Por &#8230; <a class=\"readmore\" href=\"https:\/\/www.sgagora.com.br\/sg\/ciclista-e-atropelado-na-mg-235-em-sao-gotardo-2\/\">Leia Mais<\/a><\/p>\n","protected":false},"author":1,"featured_media":999981498,"comment_status":"open","ping_status":"open","sticky":false,"template":"","format":"standard","meta":{"_bbp_topic_count":0,"_bbp_reply_count":0,"_bbp_total_topic_count":0,"_bbp_total_reply_count":0,"_bbp_voice_count":0,"_bbp_anonymous_reply_count":0,"_bbp_topic_count_hidden":0,"_bbp_reply_count_hidden":0,"_bbp_forum_subforum_count":0},"categories":[84,77],"tags":[2472,306,659,138,194,131],"yoast_head":"<!-- This site is optimized with the Yoast SEO plugin v20.5 - https:\/\/yoast.com\/wordpress\/plugins\/seo\/ -->\n<title>Ciclista \u00e9 atropelado na MG-235 em S\u00e3o Gotardo<\/title>\n<meta name=\"description\" content=\"Por muita sorte, a v\u00edtima n\u00e3o se feriu gravemente. A bicicleta ficou bastante danificada.\" \/>\n<meta name=\"robots\" content=\"index, follow, max-snippet:-1, max-image-preview:large, max-video-preview:-1\" \/>\n<link rel=\"canonical\" href=\"https:\/\/www.sgagora.com.br\/sg\/ciclista-e-atropelado-na-mg-235-em-sao-gotardo-2\/\" \/>\n<meta property=\"og:locale\" content=\"pt_BR\" \/>\n<meta property=\"og:type\" content=\"article\" \/>\n<meta property=\"og:title\" content=\"Ciclista \u00e9 atropelado na MG-235 em S\u00e3o Gotardo\" \/>\n<meta property=\"og:description\" content=\"Por muita sorte, a v\u00edtima n\u00e3o se feriu gravemente. A bicicleta ficou bastante danificada.\" \/>\n<meta property=\"og:url\" content=\"https:\/\/www.sgagora.com.br\/sg\/ciclista-e-atropelado-na-mg-235-em-sao-gotardo-2\/\" \/>\n<meta property=\"og:site_name\" content=\"SGAgora\" \/>\n<meta property=\"article:publisher\" content=\"https:\/\/www.facebook.com\/sgagora\" \/>\n<meta property=\"article:published_time\" content=\"2020-03-16T15:03:51+00:00\" \/>\n<meta property=\"article:modified_time\" content=\"2020-03-17T14:24:17+00:00\" \/>\n<meta property=\"og:image\" content=\"https:\/\/www.sgagora.com.br\/sg\/wp-content\/uploads\/2020\/03\/whatsapp-image-2020-03-15-at-143810-660x371-1-e1584370872451.jpeg\" \/>\n\t<meta property=\"og:image:width\" content=\"600\" \/>\n\t<meta property=\"og:image:height\" content=\"337\" \/>\n\t<meta property=\"og:image:type\" content=\"image\/jpeg\" \/>\n<meta name=\"author\" content=\"SG Agora\" \/>\n<meta name=\"twitter:label1\" content=\"Escrito por\" \/>\n\t<meta name=\"twitter:data1\" content=\"SG Agora\" \/>\n\t<meta name=\"twitter:label2\" content=\"Est. tempo de leitura\" \/>\n\t<meta name=\"twitter:data2\" content=\"1 minuto\" \/>\n<script type=\"application\/ld+json\" class=\"yoast-schema-graph\">{\"@context\":\"https:\/\/schema.org\",\"@graph\":[{\"@type\":\"WebPage\",\"@id\":\"https:\/\/www.sgagora.com.br\/sg\/ciclista-e-atropelado-na-mg-235-em-sao-gotardo-2\/\",\"url\":\"https:\/\/www.sgagora.com.br\/sg\/ciclista-e-atropelado-na-mg-235-em-sao-gotardo-2\/\",\"name\":\"Ciclista \u00e9 atropelado na MG-235 em S\u00e3o Gotardo\",\"isPartOf\":{\"@id\":\"https:\/\/www.sgagora.com.br\/sg\/#website\"},\"datePublished\":\"2020-03-16T15:03:51+00:00\",\"dateModified\":\"2020-03-17T14:24:17+00:00\",\"author\":{\"@id\":\"https:\/\/www.sgagora.com.br\/sg\/#\/schema\/person\/2be62cfb47cee3e0b305e4f7a765ae41\"},\"description\":\"Por muita sorte, a v\u00edtima n\u00e3o se feriu gravemente. A bicicleta ficou bastante danificada.\",\"breadcrumb\":{\"@id\":\"https:\/\/www.sgagora.com.br\/sg\/ciclista-e-atropelado-na-mg-235-em-sao-gotardo-2\/#breadcrumb\"},\"inLanguage\":\"pt-BR\",\"potentialAction\":[{\"@type\":\"ReadAction\",\"target\":[\"https:\/\/www.sgagora.com.br\/sg\/ciclista-e-atropelado-na-mg-235-em-sao-gotardo-2\/\"]}]},{\"@type\":\"BreadcrumbList\",\"@id\":\"https:\/\/www.sgagora.com.br\/sg\/ciclista-e-atropelado-na-mg-235-em-sao-gotardo-2\/#breadcrumb\",\"itemListElement\":[{\"@type\":\"ListItem\",\"position\":1,\"name\":\"In\u00edcio\",\"item\":\"https:\/\/www.sgagora.com.br\/sg\/\"},{\"@type\":\"ListItem\",\"position\":2,\"name\":\"Ciclista \u00e9 atropelado na MG-235 em S\u00e3o Gotardo\"}]},{\"@type\":\"WebSite\",\"@id\":\"https:\/\/www.sgagora.com.br\/sg\/#website\",\"url\":\"https:\/\/www.sgagora.com.br\/sg\/\",\"name\":\"SGAgora\",\"description\":\"Not\u00edcias de S\u00e3o Gotardo\",\"potentialAction\":[{\"@type\":\"SearchAction\",\"target\":{\"@type\":\"EntryPoint\",\"urlTemplate\":\"https:\/\/www.sgagora.com.br\/sg\/?s={search_term_string}\"},\"query-input\":\"required name=search_term_string\"}],\"inLanguage\":\"pt-BR\"},{\"@type\":\"Person\",\"@id\":\"https:\/\/www.sgagora.com.br\/sg\/#\/schema\/person\/2be62cfb47cee3e0b305e4f7a765ae41\",\"name\":\"SG Agora\",\"image\":{\"@type\":\"ImageObject\",\"inLanguage\":\"pt-BR\",\"@id\":\"https:\/\/www.sgagora.com.br\/sg\/#\/schema\/person\/image\/\",\"url\":\"https:\/\/secure.gravatar.com\/avatar\/a0c612a9a8c3e7419d6fd4f92e749d8d?s=96&d=mm&r=g\",\"contentUrl\":\"https:\/\/secure.gravatar.com\/avatar\/a0c612a9a8c3e7419d6fd4f92e749d8d?s=96&d=mm&r=g\",\"caption\":\"SG Agora\"},\"url\":\"https:\/\/www.sgagora.com.br\/sg\/author\/admin\/\"}]}<\/script>\n<!-- \/ Yoast SEO plugin. -->","yoast_head_json":{"title":"Ciclista \u00e9 atropelado na MG-235 em S\u00e3o Gotardo","description":"Por muita sorte, a v\u00edtima n\u00e3o se feriu gravemente. A bicicleta ficou bastante danificada.","robots":{"index":"index","follow":"follow","max-snippet":"max-snippet:-1","max-image-preview":"max-image-preview:large","max-video-preview":"max-video-preview:-1"},"canonical":"https:\/\/www.sgagora.com.br\/sg\/ciclista-e-atropelado-na-mg-235-em-sao-gotardo-2\/","og_locale":"pt_BR","og_type":"article","og_title":"Ciclista \u00e9 atropelado na MG-235 em S\u00e3o Gotardo","og_description":"Por muita sorte, a v\u00edtima n\u00e3o se feriu gravemente. A bicicleta ficou bastante danificada.","og_url":"https:\/\/www.sgagora.com.br\/sg\/ciclista-e-atropelado-na-mg-235-em-sao-gotardo-2\/","og_site_name":"SGAgora","article_publisher":"https:\/\/www.facebook.com\/sgagora","article_published_time":"2020-03-16T15:03:51+00:00","article_modified_time":"2020-03-17T14:24:17+00:00","og_image":[{"width":600,"height":337,"url":"https:\/\/www.sgagora.com.br\/sg\/wp-content\/uploads\/2020\/03\/whatsapp-image-2020-03-15-at-143810-660x371-1-e1584370872451.jpeg","type":"image\/jpeg"}],"author":"SG Agora","twitter_misc":{"Escrito por":"SG Agora","Est. tempo de leitura":"1 minuto"},"schema":{"@context":"https:\/\/schema.org","@graph":[{"@type":"WebPage","@id":"https:\/\/www.sgagora.com.br\/sg\/ciclista-e-atropelado-na-mg-235-em-sao-gotardo-2\/","url":"https:\/\/www.sgagora.com.br\/sg\/ciclista-e-atropelado-na-mg-235-em-sao-gotardo-2\/","name":"Ciclista \u00e9 atropelado na MG-235 em S\u00e3o Gotardo","isPartOf":{"@id":"https:\/\/www.sgagora.com.br\/sg\/#website"},"datePublished":"2020-03-16T15:03:51+00:00","dateModified":"2020-03-17T14:24:17+00:00","author":{"@id":"https:\/\/www.sgagora.com.br\/sg\/#\/schema\/person\/2be62cfb47cee3e0b305e4f7a765ae41"},"description":"Por muita sorte, a v\u00edtima n\u00e3o se feriu gravemente. A bicicleta ficou bastante danificada.","breadcrumb":{"@id":"https:\/\/www.sgagora.com.br\/sg\/ciclista-e-atropelado-na-mg-235-em-sao-gotardo-2\/#breadcrumb"},"inLanguage":"pt-BR","potentialAction":[{"@type":"ReadAction","target":["https:\/\/www.sgagora.com.br\/sg\/ciclista-e-atropelado-na-mg-235-em-sao-gotardo-2\/"]}]},{"@type":"BreadcrumbList","@id":"https:\/\/www.sgagora.com.br\/sg\/ciclista-e-atropelado-na-mg-235-em-sao-gotardo-2\/#breadcrumb","itemListElement":[{"@type":"ListItem","position":1,"name":"In\u00edcio","item":"https:\/\/www.sgagora.com.br\/sg\/"},{"@type":"ListItem","position":2,"name":"Ciclista \u00e9 atropelado na MG-235 em S\u00e3o Gotardo"}]},{"@type":"WebSite","@id":"https:\/\/www.sgagora.com.br\/sg\/#website","url":"https:\/\/www.sgagora.com.br\/sg\/","name":"SGAgora","description":"Not\u00edcias de S\u00e3o Gotardo","potentialAction":[{"@type":"SearchAction","target":{"@type":"EntryPoint","urlTemplate":"https:\/\/www.sgagora.com.br\/sg\/?s={search_term_string}"},"query-input":"required name=search_term_string"}],"inLanguage":"pt-BR"},{"@type":"Person","@id":"https:\/\/www.sgagora.com.br\/sg\/#\/schema\/person\/2be62cfb47cee3e0b305e4f7a765ae41","name":"SG Agora","image":{"@type":"ImageObject","inLanguage":"pt-BR","@id":"https:\/\/www.sgagora.com.br\/sg\/#\/schema\/person\/image\/","url":"https:\/\/secure.gravatar.com\/avatar\/a0c612a9a8c3e7419d6fd4f92e749d8d?s=96&d=mm&r=g","contentUrl":"https:\/\/secure.gravatar.com\/avatar\/a0c612a9a8c3e7419d6fd4f92e749d8d?s=96&d=mm&r=g","caption":"SG Agora"},"url":"https:\/\/www.sgagora.com.br\/sg\/author\/admin\/"}]}},"_links":{"self":[{"href":"https:\/\/www.sgagora.com.br\/sg\/wp-json\/wp\/v2\/posts\/999981496"}],"collection":[{"href":"https:\/\/www.sgagora.com.br\/sg\/wp-json\/wp\/v2\/posts"}],"about":[{"href":"https:\/\/www.sgagora.com.br\/sg\/wp-json\/wp\/v2\/types\/post"}],"author":[{"embeddable":true,"href":"https:\/\/www.sgagora.com.br\/sg\/wp-json\/wp\/v2\/users\/1"}],"replies":[{"embeddable":true,"href":"https:\/\/www.sgagora.com.br\/sg\/wp-json\/wp\/v2\/comments?post=999981496"}],"version-history":[{"count":6,"href":"https:\/\/www.sgagora.com.br\/sg\/wp-json\/wp\/v2\/posts\/999981496\/revisions"}],"predecessor-version":[{"id":999981507,"href":"https:\/\/www.sgagora.com.br\/sg\/wp-json\/wp\/v2\/posts\/999981496\/revisions\/999981507"}],"wp:featuredmedia":[{"embeddable":true,"href":"https:\/\/www.sgagora.com.br\/sg\/wp-json\/wp\/v2\/media\/999981498"}],"wp:attachment":[{"href":"https:\/\/www.sgagora.com.br\/sg\/wp-json\/wp\/v2\/media?parent=999981496"}],"wp:term":[{"taxonomy":"category","embeddable":true,"href":"https:\/\/www.sgagora.com.br\/sg\/wp-json\/wp\/v2\/categories?post=999981496"},{"taxonomy":"post_tag","embeddable":true,"href":"https:\/\/www.sgagora.com.br\/sg\/wp-json\/wp\/v2\/tags?post=999981496"}],"curies":[{"name":"wp","href":"https:\/\/api.w.org\/{rel}","templated":true}]}}