{"id":999981796,"date":"2020-03-25T10:48:48","date_gmt":"2020-03-25T13:48:48","guid":{"rendered":"https:\/\/www.sgagora.com.br\/sg\/?p=999981796"},"modified":"2020-03-30T15:28:06","modified_gmt":"2020-03-30T18:28:06","slug":"perdeu-o-pronunciamento-do-presidente-do-brasil-jair-messias-bolsonaro-clique-e-assista","status":"publish","type":"post","link":"https:\/\/www.sgagora.com.br\/sg\/perdeu-o-pronunciamento-do-presidente-do-brasil-jair-messias-bolsonaro-clique-e-assista\/","title":{"rendered":"Perdeu o pronunciamento do Presidente do Brasil, Jair Messias Bolsonaro? Clique e assista"},"content":{"rendered":"<p style=\"text-align: justify;\">Na noite desta \u00faltima ter\u00e7a-feira 24\/03), o Presidente da Rep\u00fablica do Brasil, Jair Messias Bolsonaro, divulgou um pronunciamento sobre a pandemia do Coronav\u00edrus em todo o Mundo. O pronunciamento sobre o novo v\u00edrus que j\u00e1 matou milhares de pessoas, dividiu opini\u00f5es e causou diversas rea\u00e7\u00f5es em todo pa\u00eds<strong> (CONFIRA O V\u00cdDEO NO FINAL DA REPORTAGEM)<\/strong>.<\/p>\n<p style=\"text-align: center;\"><span style=\"color: #ff0000;\"><strong>CONTINUA AP\u00d3S A PUBLICIDADE<\/strong><\/span><img decoding=\"async\" loading=\"lazy\" class=\"aligncenter size-full wp-image-999963339\" src=\"https:\/\/www.sgagora.com.br\/sg\/wp-content\/uploads\/2018\/10\/UNINTER_Graduacao-e-pos.gif\" alt=\"UNINTER_Graduacao-e-pos\" width=\"600\" height=\"260\" \/><\/p>\n<p style=\"text-align: justify;\">O novo coronav\u00edrus (Covid-19) matou 738 pessoas nas \u00faltimas 24 horas na Espanha, entre eles 23 idosos que vivam em um asilo no distrito de Chamart\u00edn. Com 3.434 mortes confirmadas, a Espanha ultrapassou nesta quarta-feira a China no n\u00famero de v\u00edtimas e j\u00e1 \u00e9 o segundo pa\u00eds mais afetado, atr\u00e1s somente da It\u00e1lia.<\/p>\n<p style=\"text-align: center;\"><span style=\"color: #ff0000;\"><strong>CONTINUA AP\u00d3S A PUBLICIDADE<\/strong><\/span><img decoding=\"async\" loading=\"lazy\" class=\"aligncenter wp-image-999979854 size-full\" src=\"https:\/\/www.sgagora.com.br\/sg\/wp-content\/uploads\/2020\/01\/Gif_Dra_Nathalia_alt_cliente_type_gigante_e_grosseiro.gif\" alt=\"\" width=\"600\" height=\"260\" \/><\/p>\n<p style=\"text-align: justify;\">No Brasil, o Minist\u00e9rio da Sa\u00fade contabilizava 46 mortes por coronav\u00edrus. No fim da noite desta ter\u00e7a-feira (24\/03), o Governo do Amazonas confirmou mais um falecimento, de um homem de 49 anos, elevando o n\u00famero de \u00f3bitos para 47. S\u00e3o Paulo, epicentro da pandemia no pa\u00eds (40 das mortes ocorreram no Estado), est\u00e1 em quarentena deste esta \u00faltima ter\u00e7a (24).<\/p>\n<p style=\"text-align: justify;\"><strong>Confira o pronunciamento do Presidente Bolsonaro:<\/strong><\/p>\n<div style=\"width: 400px;\" class=\"wp-video\"><!--[if lt IE 9]><script>document.createElement('video');<\/script><![endif]-->\n<video class=\"wp-video-shortcode\" id=\"video-999981796-1\" width=\"400\" height=\"220\" preload=\"metadata\" controls=\"controls\"><source type=\"video\/mp4\" src=\"https:\/\/www.sgagora.com.br\/sg\/wp-content\/uploads\/2020\/03\/WhatsApp-Video-2020-03-25-at-10.23.01.mp4?_=1\" \/><a href=\"https:\/\/www.sgagora.com.br\/sg\/wp-content\/uploads\/2020\/03\/WhatsApp-Video-2020-03-25-at-10.23.01.mp4\">https:\/\/www.sgagora.com.br\/sg\/wp-content\/uploads\/2020\/03\/WhatsApp-Video-2020-03-25-at-10.23.01.mp4<\/a><\/video><\/div>\n<p style=\"text-align: justify;\"><span style=\"color: #ffffff;\">.<\/span><\/p>\n<p style=\"text-align: justify;\"><em><strong>Reportagem:<\/strong> Diego Oliveira\/Portal SG AGORA \/ <strong>Fonte da Reportagem:<\/strong> Portal El Pa\u00eds \/ V\u00eddeo: Divulga\u00e7\u00e3o\/Governo Federal \/ <strong>Foto Capa:<\/strong> Reprodu\u00e7\u00e3o\/V\u00eddeo<\/em><\/p>\n","protected":false},"excerpt":{"rendered":"<p>Na noite desta \u00faltima ter\u00e7a-feira 24\/03), o Presidente da Rep\u00fablica do Brasil, Jair Messias Bolsonaro, divulgou um pronunciamento sobre a pandemia do Coronav\u00edrus em todo o Mundo. O pronunciamento sobre o novo v\u00edrus que j\u00e1 &#8230; <a class=\"readmore\" href=\"https:\/\/www.sgagora.com.br\/sg\/perdeu-o-pronunciamento-do-presidente-do-brasil-jair-messias-bolsonaro-clique-e-assista\/\">Leia Mais<\/a><\/p>\n","protected":false},"author":1,"featured_media":999981799,"comment_status":"open","ping_status":"open","sticky":false,"template":"","format":"standard","meta":{"_bbp_topic_count":0,"_bbp_reply_count":0,"_bbp_total_topic_count":0,"_bbp_total_reply_count":0,"_bbp_voice_count":0,"_bbp_anonymous_reply_count":0,"_bbp_topic_count_hidden":0,"_bbp_reply_count_hidden":0,"_bbp_forum_subforum_count":0},"categories":[77,93,81],"tags":[1582,97,4749,4629,385,659,4707,4748,194,131],"yoast_head":"<!-- This site is optimized with the Yoast SEO plugin v20.5 - https:\/\/yoast.com\/wordpress\/plugins\/seo\/ -->\n<title>Perdeu o pronunciamento do Presidente do Brasil, Jair Messias Bolsonaro? Clique e assista<\/title>\n<meta name=\"description\" content=\"Na noite desta \u00faltima ter\u00e7a-feira 24\/03), o Presidente da Rep\u00fablica do Brasil, Jair Messias Bolsonaro, divulgou um pronunciamento sobre a pandemia do Coronav\u00edrus em todo o Mundo.\" \/>\n<meta name=\"robots\" content=\"index, follow, max-snippet:-1, max-image-preview:large, max-video-preview:-1\" \/>\n<link rel=\"canonical\" href=\"https:\/\/www.sgagora.com.br\/sg\/perdeu-o-pronunciamento-do-presidente-do-brasil-jair-messias-bolsonaro-clique-e-assista\/\" \/>\n<meta property=\"og:locale\" content=\"pt_BR\" \/>\n<meta property=\"og:type\" content=\"article\" \/>\n<meta property=\"og:title\" content=\"Perdeu o pronunciamento do Presidente do Brasil, Jair Messias Bolsonaro? Clique e assista\" \/>\n<meta property=\"og:description\" content=\"Na noite desta \u00faltima ter\u00e7a-feira 24\/03), o Presidente da Rep\u00fablica do Brasil, Jair Messias Bolsonaro, divulgou um pronunciamento sobre a pandemia do Coronav\u00edrus em todo o Mundo.\" \/>\n<meta property=\"og:url\" content=\"https:\/\/www.sgagora.com.br\/sg\/perdeu-o-pronunciamento-do-presidente-do-brasil-jair-messias-bolsonaro-clique-e-assista\/\" \/>\n<meta property=\"og:site_name\" content=\"SGAgora\" \/>\n<meta property=\"article:publisher\" content=\"https:\/\/www.facebook.com\/sgagora\" \/>\n<meta property=\"article:published_time\" content=\"2020-03-25T13:48:48+00:00\" \/>\n<meta property=\"article:modified_time\" content=\"2020-03-30T18:28:06+00:00\" \/>\n<meta property=\"og:image\" content=\"https:\/\/www.sgagora.com.br\/sg\/wp-content\/uploads\/2020\/03\/jAIR-MESSIAS-e1585144057654.png\" \/>\n\t<meta property=\"og:image:width\" content=\"600\" \/>\n\t<meta property=\"og:image:height\" content=\"422\" \/>\n\t<meta property=\"og:image:type\" content=\"image\/png\" \/>\n<meta name=\"author\" content=\"SG Agora\" \/>\n<meta name=\"twitter:label1\" content=\"Escrito por\" \/>\n\t<meta name=\"twitter:data1\" content=\"SG Agora\" \/>\n\t<meta name=\"twitter:label2\" content=\"Est. tempo de leitura\" \/>\n\t<meta name=\"twitter:data2\" content=\"1 minuto\" \/>\n<script type=\"application\/ld+json\" class=\"yoast-schema-graph\">{\"@context\":\"https:\/\/schema.org\",\"@graph\":[{\"@type\":\"WebPage\",\"@id\":\"https:\/\/www.sgagora.com.br\/sg\/perdeu-o-pronunciamento-do-presidente-do-brasil-jair-messias-bolsonaro-clique-e-assista\/\",\"url\":\"https:\/\/www.sgagora.com.br\/sg\/perdeu-o-pronunciamento-do-presidente-do-brasil-jair-messias-bolsonaro-clique-e-assista\/\",\"name\":\"Perdeu o pronunciamento do Presidente do Brasil, Jair Messias Bolsonaro? Clique e assista\",\"isPartOf\":{\"@id\":\"https:\/\/www.sgagora.com.br\/sg\/#website\"},\"datePublished\":\"2020-03-25T13:48:48+00:00\",\"dateModified\":\"2020-03-30T18:28:06+00:00\",\"author\":{\"@id\":\"https:\/\/www.sgagora.com.br\/sg\/#\/schema\/person\/2be62cfb47cee3e0b305e4f7a765ae41\"},\"description\":\"Na noite desta \u00faltima ter\u00e7a-feira 24\/03), o Presidente da Rep\u00fablica do Brasil, Jair Messias Bolsonaro, divulgou um pronunciamento sobre a pandemia do Coronav\u00edrus em todo o Mundo.\",\"breadcrumb\":{\"@id\":\"https:\/\/www.sgagora.com.br\/sg\/perdeu-o-pronunciamento-do-presidente-do-brasil-jair-messias-bolsonaro-clique-e-assista\/#breadcrumb\"},\"inLanguage\":\"pt-BR\",\"potentialAction\":[{\"@type\":\"ReadAction\",\"target\":[\"https:\/\/www.sgagora.com.br\/sg\/perdeu-o-pronunciamento-do-presidente-do-brasil-jair-messias-bolsonaro-clique-e-assista\/\"]}]},{\"@type\":\"BreadcrumbList\",\"@id\":\"https:\/\/www.sgagora.com.br\/sg\/perdeu-o-pronunciamento-do-presidente-do-brasil-jair-messias-bolsonaro-clique-e-assista\/#breadcrumb\",\"itemListElement\":[{\"@type\":\"ListItem\",\"position\":1,\"name\":\"In\u00edcio\",\"item\":\"https:\/\/www.sgagora.com.br\/sg\/\"},{\"@type\":\"ListItem\",\"position\":2,\"name\":\"Perdeu o pronunciamento do Presidente do Brasil, Jair Messias Bolsonaro? Clique e assista\"}]},{\"@type\":\"WebSite\",\"@id\":\"https:\/\/www.sgagora.com.br\/sg\/#website\",\"url\":\"https:\/\/www.sgagora.com.br\/sg\/\",\"name\":\"SGAgora\",\"description\":\"Not\u00edcias de S\u00e3o Gotardo\",\"potentialAction\":[{\"@type\":\"SearchAction\",\"target\":{\"@type\":\"EntryPoint\",\"urlTemplate\":\"https:\/\/www.sgagora.com.br\/sg\/?s={search_term_string}\"},\"query-input\":\"required name=search_term_string\"}],\"inLanguage\":\"pt-BR\"},{\"@type\":\"Person\",\"@id\":\"https:\/\/www.sgagora.com.br\/sg\/#\/schema\/person\/2be62cfb47cee3e0b305e4f7a765ae41\",\"name\":\"SG Agora\",\"image\":{\"@type\":\"ImageObject\",\"inLanguage\":\"pt-BR\",\"@id\":\"https:\/\/www.sgagora.com.br\/sg\/#\/schema\/person\/image\/\",\"url\":\"https:\/\/secure.gravatar.com\/avatar\/a0c612a9a8c3e7419d6fd4f92e749d8d?s=96&d=mm&r=g\",\"contentUrl\":\"https:\/\/secure.gravatar.com\/avatar\/a0c612a9a8c3e7419d6fd4f92e749d8d?s=96&d=mm&r=g\",\"caption\":\"SG Agora\"},\"url\":\"https:\/\/www.sgagora.com.br\/sg\/author\/admin\/\"}]}<\/script>\n<!-- \/ Yoast SEO plugin. -->","yoast_head_json":{"title":"Perdeu o pronunciamento do Presidente do Brasil, Jair Messias Bolsonaro? Clique e assista","description":"Na noite desta \u00faltima ter\u00e7a-feira 24\/03), o Presidente da Rep\u00fablica do Brasil, Jair Messias Bolsonaro, divulgou um pronunciamento sobre a pandemia do Coronav\u00edrus em todo o Mundo.","robots":{"index":"index","follow":"follow","max-snippet":"max-snippet:-1","max-image-preview":"max-image-preview:large","max-video-preview":"max-video-preview:-1"},"canonical":"https:\/\/www.sgagora.com.br\/sg\/perdeu-o-pronunciamento-do-presidente-do-brasil-jair-messias-bolsonaro-clique-e-assista\/","og_locale":"pt_BR","og_type":"article","og_title":"Perdeu o pronunciamento do Presidente do Brasil, Jair Messias Bolsonaro? Clique e assista","og_description":"Na noite desta \u00faltima ter\u00e7a-feira 24\/03), o Presidente da Rep\u00fablica do Brasil, Jair Messias Bolsonaro, divulgou um pronunciamento sobre a pandemia do Coronav\u00edrus em todo o Mundo.","og_url":"https:\/\/www.sgagora.com.br\/sg\/perdeu-o-pronunciamento-do-presidente-do-brasil-jair-messias-bolsonaro-clique-e-assista\/","og_site_name":"SGAgora","article_publisher":"https:\/\/www.facebook.com\/sgagora","article_published_time":"2020-03-25T13:48:48+00:00","article_modified_time":"2020-03-30T18:28:06+00:00","og_image":[{"width":600,"height":422,"url":"https:\/\/www.sgagora.com.br\/sg\/wp-content\/uploads\/2020\/03\/jAIR-MESSIAS-e1585144057654.png","type":"image\/png"}],"author":"SG Agora","twitter_misc":{"Escrito por":"SG Agora","Est. tempo de leitura":"1 minuto"},"schema":{"@context":"https:\/\/schema.org","@graph":[{"@type":"WebPage","@id":"https:\/\/www.sgagora.com.br\/sg\/perdeu-o-pronunciamento-do-presidente-do-brasil-jair-messias-bolsonaro-clique-e-assista\/","url":"https:\/\/www.sgagora.com.br\/sg\/perdeu-o-pronunciamento-do-presidente-do-brasil-jair-messias-bolsonaro-clique-e-assista\/","name":"Perdeu o pronunciamento do Presidente do Brasil, Jair Messias Bolsonaro? Clique e assista","isPartOf":{"@id":"https:\/\/www.sgagora.com.br\/sg\/#website"},"datePublished":"2020-03-25T13:48:48+00:00","dateModified":"2020-03-30T18:28:06+00:00","author":{"@id":"https:\/\/www.sgagora.com.br\/sg\/#\/schema\/person\/2be62cfb47cee3e0b305e4f7a765ae41"},"description":"Na noite desta \u00faltima ter\u00e7a-feira 24\/03), o Presidente da Rep\u00fablica do Brasil, Jair Messias Bolsonaro, divulgou um pronunciamento sobre a pandemia do Coronav\u00edrus em todo o Mundo.","breadcrumb":{"@id":"https:\/\/www.sgagora.com.br\/sg\/perdeu-o-pronunciamento-do-presidente-do-brasil-jair-messias-bolsonaro-clique-e-assista\/#breadcrumb"},"inLanguage":"pt-BR","potentialAction":[{"@type":"ReadAction","target":["https:\/\/www.sgagora.com.br\/sg\/perdeu-o-pronunciamento-do-presidente-do-brasil-jair-messias-bolsonaro-clique-e-assista\/"]}]},{"@type":"BreadcrumbList","@id":"https:\/\/www.sgagora.com.br\/sg\/perdeu-o-pronunciamento-do-presidente-do-brasil-jair-messias-bolsonaro-clique-e-assista\/#breadcrumb","itemListElement":[{"@type":"ListItem","position":1,"name":"In\u00edcio","item":"https:\/\/www.sgagora.com.br\/sg\/"},{"@type":"ListItem","position":2,"name":"Perdeu o pronunciamento do Presidente do Brasil, Jair Messias Bolsonaro? Clique e assista"}]},{"@type":"WebSite","@id":"https:\/\/www.sgagora.com.br\/sg\/#website","url":"https:\/\/www.sgagora.com.br\/sg\/","name":"SGAgora","description":"Not\u00edcias de S\u00e3o Gotardo","potentialAction":[{"@type":"SearchAction","target":{"@type":"EntryPoint","urlTemplate":"https:\/\/www.sgagora.com.br\/sg\/?s={search_term_string}"},"query-input":"required name=search_term_string"}],"inLanguage":"pt-BR"},{"@type":"Person","@id":"https:\/\/www.sgagora.com.br\/sg\/#\/schema\/person\/2be62cfb47cee3e0b305e4f7a765ae41","name":"SG Agora","image":{"@type":"ImageObject","inLanguage":"pt-BR","@id":"https:\/\/www.sgagora.com.br\/sg\/#\/schema\/person\/image\/","url":"https:\/\/secure.gravatar.com\/avatar\/a0c612a9a8c3e7419d6fd4f92e749d8d?s=96&d=mm&r=g","contentUrl":"https:\/\/secure.gravatar.com\/avatar\/a0c612a9a8c3e7419d6fd4f92e749d8d?s=96&d=mm&r=g","caption":"SG Agora"},"url":"https:\/\/www.sgagora.com.br\/sg\/author\/admin\/"}]}},"_links":{"self":[{"href":"https:\/\/www.sgagora.com.br\/sg\/wp-json\/wp\/v2\/posts\/999981796"}],"collection":[{"href":"https:\/\/www.sgagora.com.br\/sg\/wp-json\/wp\/v2\/posts"}],"about":[{"href":"https:\/\/www.sgagora.com.br\/sg\/wp-json\/wp\/v2\/types\/post"}],"author":[{"embeddable":true,"href":"https:\/\/www.sgagora.com.br\/sg\/wp-json\/wp\/v2\/users\/1"}],"replies":[{"embeddable":true,"href":"https:\/\/www.sgagora.com.br\/sg\/wp-json\/wp\/v2\/comments?post=999981796"}],"version-history":[{"count":3,"href":"https:\/\/www.sgagora.com.br\/sg\/wp-json\/wp\/v2\/posts\/999981796\/revisions"}],"predecessor-version":[{"id":999981867,"href":"https:\/\/www.sgagora.com.br\/sg\/wp-json\/wp\/v2\/posts\/999981796\/revisions\/999981867"}],"wp:featuredmedia":[{"embeddable":true,"href":"https:\/\/www.sgagora.com.br\/sg\/wp-json\/wp\/v2\/media\/999981799"}],"wp:attachment":[{"href":"https:\/\/www.sgagora.com.br\/sg\/wp-json\/wp\/v2\/media?parent=999981796"}],"wp:term":[{"taxonomy":"category","embeddable":true,"href":"https:\/\/www.sgagora.com.br\/sg\/wp-json\/wp\/v2\/categories?post=999981796"},{"taxonomy":"post_tag","embeddable":true,"href":"https:\/\/www.sgagora.com.br\/sg\/wp-json\/wp\/v2\/tags?post=999981796"}],"curies":[{"name":"wp","href":"https:\/\/api.w.org\/{rel}","templated":true}]}}