{"id":999982366,"date":"2020-05-06T19:08:11","date_gmt":"2020-05-06T22:08:11","guid":{"rendered":"https:\/\/www.sgagora.com.br\/sg\/?p=999982366"},"modified":"2020-05-06T19:42:15","modified_gmt":"2020-05-06T22:42:15","slug":"devido-a-pandemia-do-coronavirus-fenacen-e-fenacampo-sao-canceladas-em-sao-gotardo","status":"publish","type":"post","link":"https:\/\/www.sgagora.com.br\/sg\/devido-a-pandemia-do-coronavirus-fenacen-e-fenacampo-sao-canceladas-em-sao-gotardo\/","title":{"rendered":"Devido a pandemia do Coronav\u00edrus, Fenacen e Fenacampo s\u00e3o canceladas em S\u00e3o Gotardo"},"content":{"rendered":"<p style=\"text-align: justify;\">Uma das maiores festas do Alto Parana\u00edba est\u00e1 cancelada devido a pandemia do novo Coronav\u00edrus. Chegando em sua vig\u00e9sima quarta edi\u00e7\u00e3o em S\u00e3o Gotardo no ano de 2020, a not\u00edcia do cancelamento da Fenacen (Festa Nacional da Cenoura), foi divulgado nesta quarta-feira (06\/05), em coletiva de imprensa marcada pelo Sindicado dos Produtores Rurais de S\u00e3o Gotardo. A Fenacampo, Feira de Agroneg\u00f3cios do Alto Parana\u00edba, a qual tamb\u00e9m \u00e9 realizada em S\u00e3o Gotardo, tamb\u00e9m foi cancelada.<\/p>\n<p style=\"text-align: justify;\">Segundo informa\u00e7\u00f5es do Sindicado dos Produtores Rurais de S\u00e3o Gotardo durante a coletiva de imprensa, a nova data para o acontecimento da Festa Nacional da Cenoura, ser\u00e1 entre os dias 14 e 18 de Julho de 2021. A grade de shows dever\u00e1 ser mantida de acordo com a agenda dos cantores para o pr\u00f3ximo ano. Novos shows poder\u00e3o ser inclu\u00eddos na grade musical, devido ao fato da Festa completar 25 anos de exist\u00eancia no pr\u00f3ximo ano. Todos poder\u00e3o esperar uma Fenacen ainda mais inesquec\u00edvel, de acordo com o presidente do Sindicato, Makoto Sekita.<\/p>\n<p style=\"text-align: center;\"><span style=\"color: #ff0000;\"><strong>CONTINUA AP\u00d3S A PUBLICIDADE<\/strong><\/span><img decoding=\"async\" loading=\"lazy\" class=\"aligncenter wp-image-999981919 size-full\" src=\"https:\/\/www.sgagora.com.br\/sg\/wp-content\/uploads\/2020\/04\/8b168dd6-b090-4d5e-9d23-1d604bd48cb4.jpg\" sizes=\"(max-width: 600px) 100vw, 600px\" srcset=\"https:\/\/www.sgagora.com.br\/sg\/wp-content\/uploads\/2020\/04\/8b168dd6-b090-4d5e-9d23-1d604bd48cb4.jpg 600w, https:\/\/www.sgagora.com.br\/sg\/wp-content\/uploads\/2020\/04\/8b168dd6-b090-4d5e-9d23-1d604bd48cb4-300x130.jpg 300w\" alt=\"\" width=\"600\" height=\"260\" \/><\/p>\n<p style=\"text-align: justify;\">Sobre os passaportes que j\u00e1 haviam sido vendidos para a Fenacen deste ano, os mesmos permanecer\u00e3o validados para a Festa em 2021, independente de altera\u00e7\u00f5es na grade de shows. Quem desejar ser restitu\u00eddo sobre o valor investido nos passaportes, dever\u00e1 aguardar uma data que ser\u00e1 divulgada pelo Sindicato dos Produtores Rurais de S\u00e3o Gotardo, para que o reembolso do dinheiro do passaporte possa ser feito. A data tamb\u00e9m ser\u00e1 divulgada pelo Portal SG AGORA.<\/p>\n<p style=\"text-align: justify;\">Ainda de acordo com o que foi dito na coletiva de imprensa, todos os eventos que envolvem a Fenacen como o Concurso que elege a Rainha da Festa, est\u00e3o cancelados para o ano de 2021. As tr\u00eas candidatas a Rainha da Fenacen escolhidas neste ano, permanecem as mesmas para o pr\u00f3ximo ano.\u00a0 A Fenacampo tamb\u00e9m foi cancelada. A Feira de Agroneg\u00f3cios do Alto Parana\u00edba que acontece ap\u00f3s a Festa Nacional da Cenoura, s\u00f3 volta em 2021 e dever\u00e1 ser realizada tradicionalmente no m\u00eas de Agosto, dos dias 25 \u00e0 27.<\/p>\n<p style=\"text-align: center;\"><span style=\"color: #ff0000;\"><strong>CONTINUA AP\u00d3S A PUBLICIDADE<\/strong><\/span><img decoding=\"async\" loading=\"lazy\" class=\"aligncenter wp-image-999979854 size-full\" src=\"https:\/\/www.sgagora.com.br\/sg\/wp-content\/uploads\/2020\/01\/Gif_Dra_Nathalia_alt_cliente_type_gigante_e_grosseiro.gif\" alt=\"\" width=\"600\" height=\"260\" \/><\/p>\n<p style=\"text-align: justify;\"><span style=\"color: #ffffff;\">.<\/span><\/p>\n<p style=\"text-align: justify;\"><em><strong>Reportagem:<\/strong> Diego Oliveira\/Portal SG AGORA \/ <strong>Fonte da Reportagem:<\/strong> Sindicato dos Produtores Rurais de S\u00e3o Gotardo \/ <strong>Foto Capa:<\/strong> Diego Oliveira\/Portal SG AGORA<\/em><\/p>\n","protected":false},"excerpt":{"rendered":"<p>Uma das maiores festas do Alto Parana\u00edba est\u00e1 cancelada devido a pandemia do novo Coronav\u00edrus. Chegando em sua vig\u00e9sima quarta edi\u00e7\u00e3o em S\u00e3o Gotardo no ano de 2020, a not\u00edcia do cancelamento da Fenacen (Festa &#8230; <a class=\"readmore\" href=\"https:\/\/www.sgagora.com.br\/sg\/devido-a-pandemia-do-coronavirus-fenacen-e-fenacampo-sao-canceladas-em-sao-gotardo\/\">Leia Mais<\/a><\/p>\n","protected":false},"author":1,"featured_media":999982368,"comment_status":"open","ping_status":"open","sticky":false,"template":"","format":"standard","meta":{"_bbp_topic_count":0,"_bbp_reply_count":0,"_bbp_total_topic_count":0,"_bbp_total_reply_count":0,"_bbp_voice_count":0,"_bbp_anonymous_reply_count":0,"_bbp_topic_count_hidden":0,"_bbp_reply_count_hidden":0,"_bbp_forum_subforum_count":0},"categories":[84,77,81],"tags":[366,160,156,4494,1017,1576,659,138,155,194,131,157,1702,1629],"yoast_head":"<!-- This site is optimized with the Yoast SEO plugin v20.5 - https:\/\/yoast.com\/wordpress\/plugins\/seo\/ -->\n<title>Devido a pandemia do Coronav\u00edrus, Fenacen e Fenacampo s\u00e3o canceladas em S\u00e3o Gotardo<\/title>\n<meta name=\"description\" content=\"Uma das maiores festas do Alto Parana\u00edba, a Fenacen foi cancelada no ano de 2020 devido a pandemia do novo Coronav\u00edrus.\" \/>\n<meta name=\"robots\" content=\"index, follow, max-snippet:-1, max-image-preview:large, max-video-preview:-1\" \/>\n<link rel=\"canonical\" href=\"https:\/\/www.sgagora.com.br\/sg\/devido-a-pandemia-do-coronavirus-fenacen-e-fenacampo-sao-canceladas-em-sao-gotardo\/\" \/>\n<meta property=\"og:locale\" content=\"pt_BR\" \/>\n<meta property=\"og:type\" content=\"article\" \/>\n<meta property=\"og:title\" content=\"Devido a pandemia do Coronav\u00edrus, Fenacen e Fenacampo s\u00e3o canceladas em S\u00e3o Gotardo\" \/>\n<meta property=\"og:description\" content=\"Uma das maiores festas do Alto Parana\u00edba, a Fenacen foi cancelada no ano de 2020 devido a pandemia do novo Coronav\u00edrus.\" \/>\n<meta property=\"og:url\" content=\"https:\/\/www.sgagora.com.br\/sg\/devido-a-pandemia-do-coronavirus-fenacen-e-fenacampo-sao-canceladas-em-sao-gotardo\/\" \/>\n<meta property=\"og:site_name\" content=\"SGAgora\" \/>\n<meta property=\"article:publisher\" content=\"https:\/\/www.facebook.com\/sgagora\" \/>\n<meta property=\"article:published_time\" content=\"2020-05-06T22:08:11+00:00\" \/>\n<meta property=\"article:modified_time\" content=\"2020-05-06T22:42:15+00:00\" \/>\n<meta property=\"og:image\" content=\"https:\/\/www.sgagora.com.br\/sg\/wp-content\/uploads\/2020\/05\/IMG_2285.jpg\" \/>\n\t<meta property=\"og:image:width\" content=\"600\" \/>\n\t<meta property=\"og:image:height\" content=\"414\" \/>\n\t<meta property=\"og:image:type\" content=\"image\/jpeg\" \/>\n<meta name=\"author\" content=\"SG Agora\" \/>\n<meta name=\"twitter:label1\" content=\"Escrito por\" \/>\n\t<meta name=\"twitter:data1\" content=\"SG Agora\" \/>\n\t<meta name=\"twitter:label2\" content=\"Est. tempo de leitura\" \/>\n\t<meta name=\"twitter:data2\" content=\"2 minutos\" \/>\n<script type=\"application\/ld+json\" class=\"yoast-schema-graph\">{\"@context\":\"https:\/\/schema.org\",\"@graph\":[{\"@type\":\"WebPage\",\"@id\":\"https:\/\/www.sgagora.com.br\/sg\/devido-a-pandemia-do-coronavirus-fenacen-e-fenacampo-sao-canceladas-em-sao-gotardo\/\",\"url\":\"https:\/\/www.sgagora.com.br\/sg\/devido-a-pandemia-do-coronavirus-fenacen-e-fenacampo-sao-canceladas-em-sao-gotardo\/\",\"name\":\"Devido a pandemia do Coronav\u00edrus, Fenacen e Fenacampo s\u00e3o canceladas em S\u00e3o Gotardo\",\"isPartOf\":{\"@id\":\"https:\/\/www.sgagora.com.br\/sg\/#website\"},\"datePublished\":\"2020-05-06T22:08:11+00:00\",\"dateModified\":\"2020-05-06T22:42:15+00:00\",\"author\":{\"@id\":\"https:\/\/www.sgagora.com.br\/sg\/#\/schema\/person\/2be62cfb47cee3e0b305e4f7a765ae41\"},\"description\":\"Uma das maiores festas do Alto Parana\u00edba, a Fenacen foi cancelada no ano de 2020 devido a pandemia do novo Coronav\u00edrus.\",\"breadcrumb\":{\"@id\":\"https:\/\/www.sgagora.com.br\/sg\/devido-a-pandemia-do-coronavirus-fenacen-e-fenacampo-sao-canceladas-em-sao-gotardo\/#breadcrumb\"},\"inLanguage\":\"pt-BR\",\"potentialAction\":[{\"@type\":\"ReadAction\",\"target\":[\"https:\/\/www.sgagora.com.br\/sg\/devido-a-pandemia-do-coronavirus-fenacen-e-fenacampo-sao-canceladas-em-sao-gotardo\/\"]}]},{\"@type\":\"BreadcrumbList\",\"@id\":\"https:\/\/www.sgagora.com.br\/sg\/devido-a-pandemia-do-coronavirus-fenacen-e-fenacampo-sao-canceladas-em-sao-gotardo\/#breadcrumb\",\"itemListElement\":[{\"@type\":\"ListItem\",\"position\":1,\"name\":\"In\u00edcio\",\"item\":\"https:\/\/www.sgagora.com.br\/sg\/\"},{\"@type\":\"ListItem\",\"position\":2,\"name\":\"Devido a pandemia do Coronav\u00edrus, Fenacen e Fenacampo s\u00e3o canceladas em S\u00e3o Gotardo\"}]},{\"@type\":\"WebSite\",\"@id\":\"https:\/\/www.sgagora.com.br\/sg\/#website\",\"url\":\"https:\/\/www.sgagora.com.br\/sg\/\",\"name\":\"SGAgora\",\"description\":\"Not\u00edcias de S\u00e3o Gotardo\",\"potentialAction\":[{\"@type\":\"SearchAction\",\"target\":{\"@type\":\"EntryPoint\",\"urlTemplate\":\"https:\/\/www.sgagora.com.br\/sg\/?s={search_term_string}\"},\"query-input\":\"required name=search_term_string\"}],\"inLanguage\":\"pt-BR\"},{\"@type\":\"Person\",\"@id\":\"https:\/\/www.sgagora.com.br\/sg\/#\/schema\/person\/2be62cfb47cee3e0b305e4f7a765ae41\",\"name\":\"SG Agora\",\"image\":{\"@type\":\"ImageObject\",\"inLanguage\":\"pt-BR\",\"@id\":\"https:\/\/www.sgagora.com.br\/sg\/#\/schema\/person\/image\/\",\"url\":\"https:\/\/secure.gravatar.com\/avatar\/a0c612a9a8c3e7419d6fd4f92e749d8d?s=96&d=mm&r=g\",\"contentUrl\":\"https:\/\/secure.gravatar.com\/avatar\/a0c612a9a8c3e7419d6fd4f92e749d8d?s=96&d=mm&r=g\",\"caption\":\"SG Agora\"},\"url\":\"https:\/\/www.sgagora.com.br\/sg\/author\/admin\/\"}]}<\/script>\n<!-- \/ Yoast SEO plugin. -->","yoast_head_json":{"title":"Devido a pandemia do Coronav\u00edrus, Fenacen e Fenacampo s\u00e3o canceladas em S\u00e3o Gotardo","description":"Uma das maiores festas do Alto Parana\u00edba, a Fenacen foi cancelada no ano de 2020 devido a pandemia do novo Coronav\u00edrus.","robots":{"index":"index","follow":"follow","max-snippet":"max-snippet:-1","max-image-preview":"max-image-preview:large","max-video-preview":"max-video-preview:-1"},"canonical":"https:\/\/www.sgagora.com.br\/sg\/devido-a-pandemia-do-coronavirus-fenacen-e-fenacampo-sao-canceladas-em-sao-gotardo\/","og_locale":"pt_BR","og_type":"article","og_title":"Devido a pandemia do Coronav\u00edrus, Fenacen e Fenacampo s\u00e3o canceladas em S\u00e3o Gotardo","og_description":"Uma das maiores festas do Alto Parana\u00edba, a Fenacen foi cancelada no ano de 2020 devido a pandemia do novo Coronav\u00edrus.","og_url":"https:\/\/www.sgagora.com.br\/sg\/devido-a-pandemia-do-coronavirus-fenacen-e-fenacampo-sao-canceladas-em-sao-gotardo\/","og_site_name":"SGAgora","article_publisher":"https:\/\/www.facebook.com\/sgagora","article_published_time":"2020-05-06T22:08:11+00:00","article_modified_time":"2020-05-06T22:42:15+00:00","og_image":[{"width":600,"height":414,"url":"https:\/\/www.sgagora.com.br\/sg\/wp-content\/uploads\/2020\/05\/IMG_2285.jpg","type":"image\/jpeg"}],"author":"SG Agora","twitter_misc":{"Escrito por":"SG Agora","Est. tempo de leitura":"2 minutos"},"schema":{"@context":"https:\/\/schema.org","@graph":[{"@type":"WebPage","@id":"https:\/\/www.sgagora.com.br\/sg\/devido-a-pandemia-do-coronavirus-fenacen-e-fenacampo-sao-canceladas-em-sao-gotardo\/","url":"https:\/\/www.sgagora.com.br\/sg\/devido-a-pandemia-do-coronavirus-fenacen-e-fenacampo-sao-canceladas-em-sao-gotardo\/","name":"Devido a pandemia do Coronav\u00edrus, Fenacen e Fenacampo s\u00e3o canceladas em S\u00e3o Gotardo","isPartOf":{"@id":"https:\/\/www.sgagora.com.br\/sg\/#website"},"datePublished":"2020-05-06T22:08:11+00:00","dateModified":"2020-05-06T22:42:15+00:00","author":{"@id":"https:\/\/www.sgagora.com.br\/sg\/#\/schema\/person\/2be62cfb47cee3e0b305e4f7a765ae41"},"description":"Uma das maiores festas do Alto Parana\u00edba, a Fenacen foi cancelada no ano de 2020 devido a pandemia do novo Coronav\u00edrus.","breadcrumb":{"@id":"https:\/\/www.sgagora.com.br\/sg\/devido-a-pandemia-do-coronavirus-fenacen-e-fenacampo-sao-canceladas-em-sao-gotardo\/#breadcrumb"},"inLanguage":"pt-BR","potentialAction":[{"@type":"ReadAction","target":["https:\/\/www.sgagora.com.br\/sg\/devido-a-pandemia-do-coronavirus-fenacen-e-fenacampo-sao-canceladas-em-sao-gotardo\/"]}]},{"@type":"BreadcrumbList","@id":"https:\/\/www.sgagora.com.br\/sg\/devido-a-pandemia-do-coronavirus-fenacen-e-fenacampo-sao-canceladas-em-sao-gotardo\/#breadcrumb","itemListElement":[{"@type":"ListItem","position":1,"name":"In\u00edcio","item":"https:\/\/www.sgagora.com.br\/sg\/"},{"@type":"ListItem","position":2,"name":"Devido a pandemia do Coronav\u00edrus, Fenacen e Fenacampo s\u00e3o canceladas em S\u00e3o Gotardo"}]},{"@type":"WebSite","@id":"https:\/\/www.sgagora.com.br\/sg\/#website","url":"https:\/\/www.sgagora.com.br\/sg\/","name":"SGAgora","description":"Not\u00edcias de S\u00e3o Gotardo","potentialAction":[{"@type":"SearchAction","target":{"@type":"EntryPoint","urlTemplate":"https:\/\/www.sgagora.com.br\/sg\/?s={search_term_string}"},"query-input":"required name=search_term_string"}],"inLanguage":"pt-BR"},{"@type":"Person","@id":"https:\/\/www.sgagora.com.br\/sg\/#\/schema\/person\/2be62cfb47cee3e0b305e4f7a765ae41","name":"SG Agora","image":{"@type":"ImageObject","inLanguage":"pt-BR","@id":"https:\/\/www.sgagora.com.br\/sg\/#\/schema\/person\/image\/","url":"https:\/\/secure.gravatar.com\/avatar\/a0c612a9a8c3e7419d6fd4f92e749d8d?s=96&d=mm&r=g","contentUrl":"https:\/\/secure.gravatar.com\/avatar\/a0c612a9a8c3e7419d6fd4f92e749d8d?s=96&d=mm&r=g","caption":"SG Agora"},"url":"https:\/\/www.sgagora.com.br\/sg\/author\/admin\/"}]}},"_links":{"self":[{"href":"https:\/\/www.sgagora.com.br\/sg\/wp-json\/wp\/v2\/posts\/999982366"}],"collection":[{"href":"https:\/\/www.sgagora.com.br\/sg\/wp-json\/wp\/v2\/posts"}],"about":[{"href":"https:\/\/www.sgagora.com.br\/sg\/wp-json\/wp\/v2\/types\/post"}],"author":[{"embeddable":true,"href":"https:\/\/www.sgagora.com.br\/sg\/wp-json\/wp\/v2\/users\/1"}],"replies":[{"embeddable":true,"href":"https:\/\/www.sgagora.com.br\/sg\/wp-json\/wp\/v2\/comments?post=999982366"}],"version-history":[{"count":5,"href":"https:\/\/www.sgagora.com.br\/sg\/wp-json\/wp\/v2\/posts\/999982366\/revisions"}],"predecessor-version":[{"id":999982375,"href":"https:\/\/www.sgagora.com.br\/sg\/wp-json\/wp\/v2\/posts\/999982366\/revisions\/999982375"}],"wp:featuredmedia":[{"embeddable":true,"href":"https:\/\/www.sgagora.com.br\/sg\/wp-json\/wp\/v2\/media\/999982368"}],"wp:attachment":[{"href":"https:\/\/www.sgagora.com.br\/sg\/wp-json\/wp\/v2\/media?parent=999982366"}],"wp:term":[{"taxonomy":"category","embeddable":true,"href":"https:\/\/www.sgagora.com.br\/sg\/wp-json\/wp\/v2\/categories?post=999982366"},{"taxonomy":"post_tag","embeddable":true,"href":"https:\/\/www.sgagora.com.br\/sg\/wp-json\/wp\/v2\/tags?post=999982366"}],"curies":[{"name":"wp","href":"https:\/\/api.w.org\/{rel}","templated":true}]}}