{"id":999983919,"date":"2020-08-04T20:07:55","date_gmt":"2020-08-04T23:07:55","guid":{"rendered":"https:\/\/www.sgagora.com.br\/sg\/?p=999983919"},"modified":"2020-10-02T11:23:52","modified_gmt":"2020-10-02T14:23:52","slug":"verde-abre-11-novas-vagas-de-emprego-com-inicio-imediato-para-sao-gotardo-e-matutina-atua","status":"publish","type":"post","link":"https:\/\/www.sgagora.com.br\/sg\/verde-abre-11-novas-vagas-de-emprego-com-inicio-imediato-para-sao-gotardo-e-matutina-atua\/","title":{"rendered":"Verde abre 11 novas vagas de emprego com in\u00edcio imediato para S\u00e3o Gotardo e Matutina"},"content":{"rendered":"<p style=\"text-align: center;\"><span style=\"color: #ff0000;\"><strong>CONTINUA AP\u00d3S A PUBLICIDADE<\/strong><\/span><img decoding=\"async\" loading=\"lazy\" class=\"aligncenter size-full wp-image-999982299\" src=\"https:\/\/www.sgagora.com.br\/sg\/wp-content\/uploads\/2020\/04\/GIF-APP.gif\" alt=\"\" width=\"260\" height=\"260\"><\/p>\n<p><img decoding=\"async\" loading=\"lazy\" class=\"aligncenter size-full wp-image-999983234\" src=\"https:\/\/www.sgagora.com.br\/sg\/wp-content\/uploads\/2020\/06\/Liga-Sango12-13.gif\" alt=\"\" width=\"260\" height=\"260\"><\/p>\n<p style=\"text-align: justify;\">A Verde, empresa de tecnologia do setor agr\u00edcola, est\u00e1 contratando novos funcion\u00e1rios em S\u00e3o Gotardo e Matutina para trabalhar na sua f\u00e1brica, localizada em S\u00e3o Gotardo. Para garantir a sa\u00fade e a seguran\u00e7a de todos, os novos contratados dever\u00e3o fazer teste para COVID-19 antes do in\u00edcio do trabalho.<\/p>\n<p style=\"text-align: justify;\">S\u00e3o 9 posi\u00e7\u00f5es, com 11 vagas abertas no total, de n\u00edvel t\u00e9cnico e superior, tanto para setores operacionais quanto de produ\u00e7\u00e3o. Entre as oportunidades h\u00e1 vagas para:<\/p>\n<ul style=\"text-align: justify;\">\n<li>T\u00e9cnico de Seguran\u00e7a do Trabalho;<\/li>\n<li>Coordenador de Relacionamento com a Comunidade;<\/li>\n<li>T\u00e9cnico de Meio Ambiente;<\/li>\n<li>Gerente de HS&amp;E (Gerente de Sa\u00fade, Seguran\u00e7a e Meio-Ambiente);<\/li>\n<li>Assistente de Recursos Humanos.<br \/>\n<span style=\"color: #ffffff;\">.<\/span><\/li>\n<\/ul>\n<p style=\"text-align: justify;\">A contrata\u00e7\u00e3o \u00e9 imediata, para fun\u00e7\u00f5es presenciais na unidade de produ\u00e7\u00e3o em S\u00e3o Gotardo.<\/p>\n<p style=\"text-align: justify;\">As contrata\u00e7\u00f5es fazem parte do desejo da Verde de possibilitar o melhor atendimento aos clientes em busca de novas tecnologias para a nutri\u00e7\u00e3o agr\u00edcola, oferecendo produtos mais adequados \u00e0 agricultura tropical. Alysson Paolinelli, um dos membros da diretoria da Verde, confirma a necessidade de se pensar em uma nova agricultura:<\/p>\n<p style=\"text-align: justify;\">&#8220;A certeza que n\u00f3s temos \u00e9 que estamos construindo uma nova agricultura tropical altamente sustent\u00e1vel e com capacidade competitiva j\u00e1 comprovada. Para se fazer isso, n\u00f3s temos que ter a certeza de que essa agricultura exige novos conceitos, novas tecnologias e inova\u00e7\u00f5es. N\u00e3o h\u00e1 raz\u00e3o para que o Brasil continue a importar essa quantidade de fertilizantes para mineralizar o nosso solo, o Brasil tem reservas.&#8221;<\/p>\n<p style=\"text-align: center;\"><span style=\"color: #ff0000;\"><strong>CONTINUA AP\u00d3S A PUBLICIDADE<\/strong><\/span><img decoding=\"async\" loading=\"lazy\" class=\"aligncenter wp-image-999981919 size-full\" src=\"https:\/\/www.sgagora.com.br\/sg\/wp-content\/uploads\/2020\/04\/8b168dd6-b090-4d5e-9d23-1d604bd48cb4.jpg\" sizes=\"(max-width: 600px) 100vw, 600px\" srcset=\"https:\/\/www.sgagora.com.br\/sg\/wp-content\/uploads\/2020\/04\/8b168dd6-b090-4d5e-9d23-1d604bd48cb4.jpg 600w, https:\/\/www.sgagora.com.br\/sg\/wp-content\/uploads\/2020\/04\/8b168dd6-b090-4d5e-9d23-1d604bd48cb4-300x130.jpg 300w\" alt=\"\" width=\"600\" height=\"260\"><\/p>\n<p style=\"text-align: justify;\">Exportadas para a China, Canad\u00e1 e Estados Unidos, as tecnologias desenvolvidas pela Verde s\u00e3o fruto de mais de 15 anos de pesquisa. Para isso, a Verde realiza estudos e experimentos em parceria com renomadas universidades brasileiras e tamb\u00e9m com a Universidade de Cambridge, na Inglaterra.<\/p>\n<p style=\"text-align: justify;\">Com o prop\u00f3sito de melhorar a sa\u00fade das pessoas e a do Planeta, a empresa quer trazer mais qualidade de vida para a popula\u00e7\u00e3o mundial atrav\u00e9s de alimentos mais saud\u00e1veis e uma agricultura mais sustent\u00e1vel atrav\u00e9s de tecnologias que ajudam a preservar o solo e o meio-ambiente.<\/p>\n<p style=\"text-align: justify;\">Isso se reflete nos processos de produ\u00e7\u00e3o da Verde, que tamb\u00e9m s\u00e3o sustent\u00e1veis: sem o uso de produtos qu\u00edmicos, sem gera\u00e7\u00e3o de rejeitos ou constru\u00e7\u00e3o de barragens. Al\u00e9m disso, a empresa tamb\u00e9m promove o reflorestamento das \u00e1reas de produ\u00e7\u00e3o. Em 2020, est\u00e3o sendo plantadas 5 mil \u00e1rvores. Em 2019, foram plantadas 4.300 \u00e1rvores.<\/p>\n<p style=\"text-align: justify;\">A rela\u00e7\u00e3o completa das vagas abertas pela Verde e as informa\u00e7\u00f5es de como se candidatar est\u00e3o dispon\u00edveis no site: <strong><span style=\"color: #99cc00;\"><a style=\"color: #99cc00;\" href=\"https:\/\/www.kforte.com.br\/vagas\/\">www.kforte.com.br\/vagas\/&nbsp;<\/a><\/span><\/strong><\/p>\n<p style=\"text-align: justify;\"><strong>Canal aberto com a comunidade&nbsp;<\/strong><\/p>\n<p style=\"text-align: justify;\">Desde 2017, a Verde opera a sua f\u00e1brica em S\u00e3o Gotardo, levando pot\u00e1ssio brasileiro de qualidade aos produtores. Para saber mais sobre a empresa, tirar suas d\u00favidas sobre a sua atua\u00e7\u00e3o em S\u00e3o Gotardo, dar sugest\u00f5es e opini\u00f5es, entre em contato atrav\u00e9s do <strong>Fale com a Verde<\/strong>, um canal de comunica\u00e7\u00e3o direto com a comunidade. Para entrar em contato, basta ligar ou enviar uma mensagem via WhatsApp para n\u00famero: (34) 99908-0349. Voc\u00ea tamb\u00e9m pode entrar em contato pelo e-mail <strong><span style=\"color: #99cc00;\"><a style=\"color: #99cc00;\" href=\"mailto:seja@verde.ag\">futuro@verde.ag&nbsp;<\/a><\/span><\/strong><\/p>\n<p style=\"text-align: center;\"><span style=\"color: #ff0000;\"><strong>CONTINUA AP\u00d3S A PUBLICIDADE<\/strong><\/span><img decoding=\"async\" loading=\"lazy\" class=\"aligncenter wp-image-999979854 size-full\" src=\"https:\/\/www.sgagora.com.br\/sg\/wp-content\/uploads\/2020\/01\/Gif_Dra_Nathalia_alt_cliente_type_gigante_e_grosseiro.gif\" alt=\"\" width=\"600\" height=\"260\"><\/p>\n<p style=\"text-align: justify;\"><strong>Sobre a Verde&nbsp;<\/strong><\/p>\n<p style=\"text-align: justify;\">A Verde \u00e9 uma empresa de agrotecnologia fundada em 2005. O prop\u00f3sito da Verde \u00e9 melhorar a sa\u00fade das pessoas e a do Planeta, atrav\u00e9s de produtos inovadores de alta efici\u00eancia agron\u00f4mica que promovam uma agricultura sustent\u00e1vel e rent\u00e1vel, que produzam alimentos nutritivos e minimizem os efeitos das mudan\u00e7as clim\u00e1ticas.<\/p>\n<p style=\"text-align: justify;\">Investindo em pesquisa e desenvolvimento, a Verde tem parcerias com universidades nacionais e internacionais, como a Universidade de Cambridge, na Inglaterra.<\/p>\n<p style=\"text-align: justify;\">A unidade piloto de produ\u00e7\u00e3o foi inaugurada no ano de 2017 em S\u00e3o Gotardo e com o sucesso das vendas, houve a amplia\u00e7\u00e3o em 2018. A procura pelo K Forte\u00ae, fertilizante pot\u00e1ssico produzido pela Verde cresceu e em 2019 a mesma unidade de produ\u00e7\u00e3o foi expandida.<\/p>\n<p style=\"text-align: justify;\">Hoje, a Verde ampliou seu leque de produtos com o Sil\u00edcio Forte e, al\u00e9m das vendas dentro do territ\u00f3rio Brasileiro, a Verde vende tamb\u00e9m para os Estados Unidos, Canad\u00e1 e China.<\/p>\n<p style=\"text-align: justify;\">Entre os membros da diretoria est\u00e1 o Sr. Alysson Paolinelli, um dos nomes mais importantes da agricultura brasileira.<\/p>\n<p style=\"text-align: justify;\">Formado em Agronomia pela Universidade Federal de Lavras, Alysson Paolinelli \u00e9 presidente da ABRAMILHO e foi Ministro da Agricultura e Secret\u00e1rio de Agricultura de Minas Gerais. Tamb\u00e9m \u00e9 fundador da Empresa Brasileira de Pesquisa Agropecu\u00e1ria (Embrapa).<\/p>\n<p style=\"text-align: justify;\">Em 2006, recebeu o Pr\u00eamio Mundial da Alimenta\u00e7\u00e3o, reconhecido pela contribui\u00e7\u00e3o no avan\u00e7o do desenvolvimento humano em aprimorar a qualidade, quantidade e disponibilidade de alimentos no mundo. Paolinelli \u00e9 diretor da Verde desde 2014.<\/p>\n<p style=\"text-align: justify;\">Saiba mais sobre a Verde em: <span style=\"color: #99cc00;\"><strong><a style=\"color: #99cc00;\" href=\"https:\/\/verde.ag\/\">https:\/\/verde.ag\/<\/a><\/strong><\/span><\/p>\n<p style=\"text-align: center;\"><span style=\"color: #ff0000;\"><strong>CONTINUA AP\u00d3S A PUBLICIDADE<\/strong><\/span><img decoding=\"async\" loading=\"lazy\" class=\"aligncenter size-full wp-image-999983159\" src=\"https:\/\/www.sgagora.com.br\/sg\/wp-content\/uploads\/2020\/06\/Provis%C3%B3rio-Mais-Delivey.gif\" alt=\"\" width=\"260\" height=\"260\"><\/p>\n<p><img decoding=\"async\" loading=\"lazy\" class=\"aligncenter wp-image-999983892 size-full\" src=\"https:\/\/www.sgagora.com.br\/sg\/wp-content\/uploads\/2020\/07\/ESPACO-CRIS-gif.gif\" alt=\"\" width=\"260\" height=\"260\"><\/p>\n<p style=\"text-align: justify;\">.<\/p>\n<p style=\"text-align: justify;\"><span class=\"normaltextrun\"><em><strong>Reportagem:<\/strong>&nbsp;Assessoria de Imprensa-Verde \/&nbsp;<strong>Foto Capa:<\/strong>&nbsp;Divulga\u00e7\u00e3o\/Verde<\/em>&nbsp;<\/span><span class=\"eop\">&nbsp;<\/span><\/p>\n","protected":false},"excerpt":{"rendered":"<p>CONTINUA AP\u00d3S A PUBLICIDADE A Verde, empresa de tecnologia do setor agr\u00edcola, est\u00e1 contratando novos funcion\u00e1rios em S\u00e3o Gotardo e Matutina para trabalhar na sua f\u00e1brica, localizada em S\u00e3o Gotardo. Para garantir a sa\u00fade e &#8230; <a class=\"readmore\" href=\"https:\/\/www.sgagora.com.br\/sg\/verde-abre-11-novas-vagas-de-emprego-com-inicio-imediato-para-sao-gotardo-e-matutina-atua\/\">Leia Mais<\/a><\/p>\n","protected":false},"author":1,"featured_media":999983921,"comment_status":"open","ping_status":"open","sticky":false,"template":"","format":"standard","meta":{"_bbp_topic_count":0,"_bbp_reply_count":0,"_bbp_total_topic_count":0,"_bbp_total_reply_count":0,"_bbp_voice_count":0,"_bbp_anonymous_reply_count":0,"_bbp_topic_count_hidden":0,"_bbp_reply_count_hidden":0,"_bbp_forum_subforum_count":0},"categories":[84,77],"tags":[5274,5273,1988,139,659,138,194,1911,131,1955,128],"yoast_head":"<!-- This site is optimized with the Yoast SEO plugin v20.5 - https:\/\/yoast.com\/wordpress\/plugins\/seo\/ -->\n<title>Verde abre 11 novas vagas de emprego com in\u00edcio imediato para S\u00e3o Gotardo e Matutina<\/title>\n<meta name=\"description\" content=\"Empresa conta com o Pai da Agricultura Tropical, Alysson Paolinelli, para melhorar a sa\u00fade das pessoas e a do Planeta. Entre para a Verde!\" \/>\n<meta name=\"robots\" content=\"index, follow, max-snippet:-1, max-image-preview:large, max-video-preview:-1\" \/>\n<link rel=\"canonical\" href=\"https:\/\/www.sgagora.com.br\/sg\/verde-abre-11-novas-vagas-de-emprego-com-inicio-imediato-para-sao-gotardo-e-matutina-atua\/\" \/>\n<meta property=\"og:locale\" content=\"pt_BR\" \/>\n<meta property=\"og:type\" content=\"article\" \/>\n<meta property=\"og:title\" content=\"Verde abre 11 novas vagas de emprego com in\u00edcio imediato para S\u00e3o Gotardo e Matutina\" \/>\n<meta property=\"og:description\" content=\"Empresa conta com o Pai da Agricultura Tropical, Alysson Paolinelli, para melhorar a sa\u00fade das pessoas e a do Planeta. Entre para a Verde!\" \/>\n<meta property=\"og:url\" content=\"https:\/\/www.sgagora.com.br\/sg\/verde-abre-11-novas-vagas-de-emprego-com-inicio-imediato-para-sao-gotardo-e-matutina-atua\/\" \/>\n<meta property=\"og:site_name\" content=\"SGAgora\" \/>\n<meta property=\"article:publisher\" content=\"https:\/\/www.facebook.com\/sgagora\" \/>\n<meta property=\"article:published_time\" content=\"2020-08-04T23:07:55+00:00\" \/>\n<meta property=\"article:modified_time\" content=\"2020-10-02T14:23:52+00:00\" \/>\n<meta property=\"og:image\" content=\"https:\/\/www.sgagora.com.br\/sg\/wp-content\/uploads\/2020\/08\/Vagas-Verde-Agritech-e1596582381305.png\" \/>\n\t<meta property=\"og:image:width\" content=\"600\" \/>\n\t<meta property=\"og:image:height\" content=\"314\" \/>\n\t<meta property=\"og:image:type\" content=\"image\/png\" \/>\n<meta name=\"author\" content=\"SG Agora\" \/>\n<meta name=\"twitter:label1\" content=\"Escrito por\" \/>\n\t<meta name=\"twitter:data1\" content=\"SG Agora\" \/>\n\t<meta name=\"twitter:label2\" content=\"Est. tempo de leitura\" \/>\n\t<meta name=\"twitter:data2\" content=\"4 minutos\" \/>\n<script type=\"application\/ld+json\" class=\"yoast-schema-graph\">{\"@context\":\"https:\/\/schema.org\",\"@graph\":[{\"@type\":\"WebPage\",\"@id\":\"https:\/\/www.sgagora.com.br\/sg\/verde-abre-11-novas-vagas-de-emprego-com-inicio-imediato-para-sao-gotardo-e-matutina-atua\/\",\"url\":\"https:\/\/www.sgagora.com.br\/sg\/verde-abre-11-novas-vagas-de-emprego-com-inicio-imediato-para-sao-gotardo-e-matutina-atua\/\",\"name\":\"Verde abre 11 novas vagas de emprego com in\u00edcio imediato para S\u00e3o Gotardo e Matutina\",\"isPartOf\":{\"@id\":\"https:\/\/www.sgagora.com.br\/sg\/#website\"},\"datePublished\":\"2020-08-04T23:07:55+00:00\",\"dateModified\":\"2020-10-02T14:23:52+00:00\",\"author\":{\"@id\":\"https:\/\/www.sgagora.com.br\/sg\/#\/schema\/person\/2be62cfb47cee3e0b305e4f7a765ae41\"},\"description\":\"Empresa conta com o Pai da Agricultura Tropical, Alysson Paolinelli, para melhorar a sa\u00fade das pessoas e a do Planeta. Entre para a Verde!\",\"breadcrumb\":{\"@id\":\"https:\/\/www.sgagora.com.br\/sg\/verde-abre-11-novas-vagas-de-emprego-com-inicio-imediato-para-sao-gotardo-e-matutina-atua\/#breadcrumb\"},\"inLanguage\":\"pt-BR\",\"potentialAction\":[{\"@type\":\"ReadAction\",\"target\":[\"https:\/\/www.sgagora.com.br\/sg\/verde-abre-11-novas-vagas-de-emprego-com-inicio-imediato-para-sao-gotardo-e-matutina-atua\/\"]}]},{\"@type\":\"BreadcrumbList\",\"@id\":\"https:\/\/www.sgagora.com.br\/sg\/verde-abre-11-novas-vagas-de-emprego-com-inicio-imediato-para-sao-gotardo-e-matutina-atua\/#breadcrumb\",\"itemListElement\":[{\"@type\":\"ListItem\",\"position\":1,\"name\":\"In\u00edcio\",\"item\":\"https:\/\/www.sgagora.com.br\/sg\/\"},{\"@type\":\"ListItem\",\"position\":2,\"name\":\"Verde abre 11 novas vagas de emprego com in\u00edcio imediato para S\u00e3o Gotardo e Matutina\"}]},{\"@type\":\"WebSite\",\"@id\":\"https:\/\/www.sgagora.com.br\/sg\/#website\",\"url\":\"https:\/\/www.sgagora.com.br\/sg\/\",\"name\":\"SGAgora\",\"description\":\"Not\u00edcias de S\u00e3o Gotardo\",\"potentialAction\":[{\"@type\":\"SearchAction\",\"target\":{\"@type\":\"EntryPoint\",\"urlTemplate\":\"https:\/\/www.sgagora.com.br\/sg\/?s={search_term_string}\"},\"query-input\":\"required name=search_term_string\"}],\"inLanguage\":\"pt-BR\"},{\"@type\":\"Person\",\"@id\":\"https:\/\/www.sgagora.com.br\/sg\/#\/schema\/person\/2be62cfb47cee3e0b305e4f7a765ae41\",\"name\":\"SG Agora\",\"image\":{\"@type\":\"ImageObject\",\"inLanguage\":\"pt-BR\",\"@id\":\"https:\/\/www.sgagora.com.br\/sg\/#\/schema\/person\/image\/\",\"url\":\"https:\/\/secure.gravatar.com\/avatar\/a0c612a9a8c3e7419d6fd4f92e749d8d?s=96&d=mm&r=g\",\"contentUrl\":\"https:\/\/secure.gravatar.com\/avatar\/a0c612a9a8c3e7419d6fd4f92e749d8d?s=96&d=mm&r=g\",\"caption\":\"SG Agora\"},\"url\":\"https:\/\/www.sgagora.com.br\/sg\/author\/admin\/\"}]}<\/script>\n<!-- \/ Yoast SEO plugin. -->","yoast_head_json":{"title":"Verde abre 11 novas vagas de emprego com in\u00edcio imediato para S\u00e3o Gotardo e Matutina","description":"Empresa conta com o Pai da Agricultura Tropical, Alysson Paolinelli, para melhorar a sa\u00fade das pessoas e a do Planeta. Entre para a Verde!","robots":{"index":"index","follow":"follow","max-snippet":"max-snippet:-1","max-image-preview":"max-image-preview:large","max-video-preview":"max-video-preview:-1"},"canonical":"https:\/\/www.sgagora.com.br\/sg\/verde-abre-11-novas-vagas-de-emprego-com-inicio-imediato-para-sao-gotardo-e-matutina-atua\/","og_locale":"pt_BR","og_type":"article","og_title":"Verde abre 11 novas vagas de emprego com in\u00edcio imediato para S\u00e3o Gotardo e Matutina","og_description":"Empresa conta com o Pai da Agricultura Tropical, Alysson Paolinelli, para melhorar a sa\u00fade das pessoas e a do Planeta. Entre para a Verde!","og_url":"https:\/\/www.sgagora.com.br\/sg\/verde-abre-11-novas-vagas-de-emprego-com-inicio-imediato-para-sao-gotardo-e-matutina-atua\/","og_site_name":"SGAgora","article_publisher":"https:\/\/www.facebook.com\/sgagora","article_published_time":"2020-08-04T23:07:55+00:00","article_modified_time":"2020-10-02T14:23:52+00:00","og_image":[{"width":600,"height":314,"url":"https:\/\/www.sgagora.com.br\/sg\/wp-content\/uploads\/2020\/08\/Vagas-Verde-Agritech-e1596582381305.png","type":"image\/png"}],"author":"SG Agora","twitter_misc":{"Escrito por":"SG Agora","Est. tempo de leitura":"4 minutos"},"schema":{"@context":"https:\/\/schema.org","@graph":[{"@type":"WebPage","@id":"https:\/\/www.sgagora.com.br\/sg\/verde-abre-11-novas-vagas-de-emprego-com-inicio-imediato-para-sao-gotardo-e-matutina-atua\/","url":"https:\/\/www.sgagora.com.br\/sg\/verde-abre-11-novas-vagas-de-emprego-com-inicio-imediato-para-sao-gotardo-e-matutina-atua\/","name":"Verde abre 11 novas vagas de emprego com in\u00edcio imediato para S\u00e3o Gotardo e Matutina","isPartOf":{"@id":"https:\/\/www.sgagora.com.br\/sg\/#website"},"datePublished":"2020-08-04T23:07:55+00:00","dateModified":"2020-10-02T14:23:52+00:00","author":{"@id":"https:\/\/www.sgagora.com.br\/sg\/#\/schema\/person\/2be62cfb47cee3e0b305e4f7a765ae41"},"description":"Empresa conta com o Pai da Agricultura Tropical, Alysson Paolinelli, para melhorar a sa\u00fade das pessoas e a do Planeta. Entre para a Verde!","breadcrumb":{"@id":"https:\/\/www.sgagora.com.br\/sg\/verde-abre-11-novas-vagas-de-emprego-com-inicio-imediato-para-sao-gotardo-e-matutina-atua\/#breadcrumb"},"inLanguage":"pt-BR","potentialAction":[{"@type":"ReadAction","target":["https:\/\/www.sgagora.com.br\/sg\/verde-abre-11-novas-vagas-de-emprego-com-inicio-imediato-para-sao-gotardo-e-matutina-atua\/"]}]},{"@type":"BreadcrumbList","@id":"https:\/\/www.sgagora.com.br\/sg\/verde-abre-11-novas-vagas-de-emprego-com-inicio-imediato-para-sao-gotardo-e-matutina-atua\/#breadcrumb","itemListElement":[{"@type":"ListItem","position":1,"name":"In\u00edcio","item":"https:\/\/www.sgagora.com.br\/sg\/"},{"@type":"ListItem","position":2,"name":"Verde abre 11 novas vagas de emprego com in\u00edcio imediato para S\u00e3o Gotardo e Matutina"}]},{"@type":"WebSite","@id":"https:\/\/www.sgagora.com.br\/sg\/#website","url":"https:\/\/www.sgagora.com.br\/sg\/","name":"SGAgora","description":"Not\u00edcias de S\u00e3o Gotardo","potentialAction":[{"@type":"SearchAction","target":{"@type":"EntryPoint","urlTemplate":"https:\/\/www.sgagora.com.br\/sg\/?s={search_term_string}"},"query-input":"required name=search_term_string"}],"inLanguage":"pt-BR"},{"@type":"Person","@id":"https:\/\/www.sgagora.com.br\/sg\/#\/schema\/person\/2be62cfb47cee3e0b305e4f7a765ae41","name":"SG Agora","image":{"@type":"ImageObject","inLanguage":"pt-BR","@id":"https:\/\/www.sgagora.com.br\/sg\/#\/schema\/person\/image\/","url":"https:\/\/secure.gravatar.com\/avatar\/a0c612a9a8c3e7419d6fd4f92e749d8d?s=96&d=mm&r=g","contentUrl":"https:\/\/secure.gravatar.com\/avatar\/a0c612a9a8c3e7419d6fd4f92e749d8d?s=96&d=mm&r=g","caption":"SG Agora"},"url":"https:\/\/www.sgagora.com.br\/sg\/author\/admin\/"}]}},"_links":{"self":[{"href":"https:\/\/www.sgagora.com.br\/sg\/wp-json\/wp\/v2\/posts\/999983919"}],"collection":[{"href":"https:\/\/www.sgagora.com.br\/sg\/wp-json\/wp\/v2\/posts"}],"about":[{"href":"https:\/\/www.sgagora.com.br\/sg\/wp-json\/wp\/v2\/types\/post"}],"author":[{"embeddable":true,"href":"https:\/\/www.sgagora.com.br\/sg\/wp-json\/wp\/v2\/users\/1"}],"replies":[{"embeddable":true,"href":"https:\/\/www.sgagora.com.br\/sg\/wp-json\/wp\/v2\/comments?post=999983919"}],"version-history":[{"count":2,"href":"https:\/\/www.sgagora.com.br\/sg\/wp-json\/wp\/v2\/posts\/999983919\/revisions"}],"predecessor-version":[{"id":999983928,"href":"https:\/\/www.sgagora.com.br\/sg\/wp-json\/wp\/v2\/posts\/999983919\/revisions\/999983928"}],"wp:featuredmedia":[{"embeddable":true,"href":"https:\/\/www.sgagora.com.br\/sg\/wp-json\/wp\/v2\/media\/999983921"}],"wp:attachment":[{"href":"https:\/\/www.sgagora.com.br\/sg\/wp-json\/wp\/v2\/media?parent=999983919"}],"wp:term":[{"taxonomy":"category","embeddable":true,"href":"https:\/\/www.sgagora.com.br\/sg\/wp-json\/wp\/v2\/categories?post=999983919"},{"taxonomy":"post_tag","embeddable":true,"href":"https:\/\/www.sgagora.com.br\/sg\/wp-json\/wp\/v2\/tags?post=999983919"}],"curies":[{"name":"wp","href":"https:\/\/api.w.org\/{rel}","templated":true}]}}