{"id":999984474,"date":"2020-09-23T22:05:35","date_gmt":"2020-09-24T01:05:35","guid":{"rendered":"https:\/\/www.sgagora.com.br\/sg\/?p=999984474"},"modified":"2020-09-23T22:05:37","modified_gmt":"2020-09-24T01:05:37","slug":"durante-operacao-rotineira-da-pmr-foragido-da-justica-e-preso-na-br-354-em-sao-gotardo","status":"publish","type":"post","link":"https:\/\/www.sgagora.com.br\/sg\/durante-operacao-rotineira-da-pmr-foragido-da-justica-e-preso-na-br-354-em-sao-gotardo\/","title":{"rendered":"Durante opera\u00e7\u00e3o rotineira da PMR, foragido da justi\u00e7a \u00e9 preso na BR-354 em S\u00e3o Gotardo"},"content":{"rendered":"<p style=\"text-align: center;\"><span style=\"color: #ff0000;\"><strong>CONTINUA AP\u00d3S A PUBLICIDADE<\/strong><\/span><img decoding=\"async\" loading=\"lazy\" class=\"aligncenter size-full wp-image-999982299\" src=\"https:\/\/www.sgagora.com.br\/sg\/wp-content\/uploads\/2020\/04\/GIF-APP.gif\" alt=\"\" width=\"260\" height=\"260\" \/><\/p>\n<p><img decoding=\"async\" loading=\"lazy\" class=\"aligncenter size-full wp-image-999983234\" src=\"https:\/\/www.sgagora.com.br\/sg\/wp-content\/uploads\/2020\/06\/Liga-Sango12-13.gif\" alt=\"\" width=\"260\" height=\"260\" \/><\/p>\n<p style=\"text-align: justify;\">Nesta \u00faltima ter\u00e7a-feira (22\/09) na BR-354 em S\u00e3o Gotardo, um homem de 35 anos de idade foi preso, ap\u00f3s ser abordado em uma &#8220;batida policial&#8221; e possuir um mandado de pris\u00e3o em aberto em seu desfavor. O homem estava em um ve\u00edculo, mas n\u00e3o era o motorista do mesmo. Segundo informa\u00e7\u00f5es da Assessoria de Imprensa da Pol\u00edcia Militar Rodovi\u00e1ria, durante Opera\u00e7\u00e3o na rodovia BR 354, Km 330, S\u00e3o Gotardo\/MG, a equipe da PMR Rodovi\u00e1ria, realizou a abordagem de um ve\u00edculo VW\/Gol, cor verde.<\/p>\n<p style=\"text-align: center;\"><span style=\"color: #ff0000;\"><strong>CONTINUA AP\u00d3S A PUBLICIDADE<\/strong><\/span><img decoding=\"async\" loading=\"lazy\" class=\"aligncenter wp-image-999984348 size-full\" src=\"https:\/\/www.sgagora.com.br\/sg\/wp-content\/uploads\/2020\/09\/Uninter-Segundo-Semestre.gif\" alt=\"\" width=\"600\" height=\"210\" \/><\/p>\n<p style=\"text-align: justify;\">Ap\u00f3s buscas pessoais e veicular, nada de il\u00edcito foi encontrado, e atrav\u00e9s de consultas ao sistema informatizado, verificou-se que existe em desfavor de um dos passageiros L.B.S, de 35 anos, um mandado de pris\u00e3o em aberto, pelos crimes de porte ilegal de arma de fogo e tr\u00e1fico de drogas, expedido em 2019 pela comarca de Uberaba\/MG. O autor foi preso e conduzido para a Delegacia de Pol\u00edcia Civil em S\u00e3o Gotardo\/MG.<\/p>\n<p style=\"text-align: center;\"><span style=\"color: #ff0000;\"><strong>CONTINUA AP\u00d3S A PUBLICIDADE<\/strong><\/span><img decoding=\"async\" loading=\"lazy\" class=\"aligncenter size-full wp-image-999983159\" src=\"https:\/\/www.sgagora.com.br\/sg\/wp-content\/uploads\/2020\/06\/Provis%C3%B3rio-Mais-Delivey.gif\" alt=\"\" width=\"260\" height=\"260\" \/><\/p>\n<p><img decoding=\"async\" loading=\"lazy\" class=\"aligncenter wp-image-999983892 size-full\" src=\"https:\/\/www.sgagora.com.br\/sg\/wp-content\/uploads\/2020\/07\/ESPACO-CRIS-gif.gif\" alt=\"\" width=\"260\" height=\"260\" \/><\/p>\n<p style=\"text-align: justify;\"><span style=\"color: #ffffff;\">.<\/span><\/p>\n<p style=\"text-align: justify;\"><em><strong>Reportagem:<\/strong> Diego Oliveira\/Portal SG AGORA \/ <strong>Fonte da Reportagem:<\/strong> Assessoria de Imprensa Pol\u00edcia Militar Rodovi\u00e1ria \/ <strong>Foto Capa:<\/strong> Arquivo\/Google Imagens<\/em><\/p>\n","protected":false},"excerpt":{"rendered":"<p>CONTINUA AP\u00d3S A PUBLICIDADE Nesta \u00faltima ter\u00e7a-feira (22\/09) na BR-354 em S\u00e3o Gotardo, um homem de 35 anos de idade foi preso, ap\u00f3s ser abordado em uma &#8220;batida policial&#8221; e possuir um mandado de pris\u00e3o &#8230; <a class=\"readmore\" href=\"https:\/\/www.sgagora.com.br\/sg\/durante-operacao-rotineira-da-pmr-foragido-da-justica-e-preso-na-br-354-em-sao-gotardo\/\">Leia Mais<\/a><\/p>\n","protected":false},"author":1,"featured_media":999978698,"comment_status":"open","ping_status":"open","sticky":false,"template":"","format":"standard","meta":{"_bbp_topic_count":0,"_bbp_reply_count":0,"_bbp_total_topic_count":0,"_bbp_total_reply_count":0,"_bbp_voice_count":0,"_bbp_anonymous_reply_count":0,"_bbp_topic_count_hidden":0,"_bbp_reply_count_hidden":0,"_bbp_forum_subforum_count":0},"categories":[84,77],"tags":[242,1873,659,800,138,194,131],"yoast_head":"<!-- This site is optimized with the Yoast SEO plugin v20.5 - https:\/\/yoast.com\/wordpress\/plugins\/seo\/ -->\n<title>Durante opera\u00e7\u00e3o rotineira da PMR, foragido da justi\u00e7a \u00e9 preso na BR-354 em S\u00e3o Gotardo<\/title>\n<meta name=\"description\" content=\"O autor foi preso e conduzido para a Delegacia de Pol\u00edcia Civil em S\u00e3o Gotardo\/MG.\" \/>\n<meta name=\"robots\" content=\"index, follow, max-snippet:-1, max-image-preview:large, max-video-preview:-1\" \/>\n<link rel=\"canonical\" href=\"https:\/\/www.sgagora.com.br\/sg\/durante-operacao-rotineira-da-pmr-foragido-da-justica-e-preso-na-br-354-em-sao-gotardo\/\" \/>\n<meta property=\"og:locale\" content=\"pt_BR\" \/>\n<meta property=\"og:type\" content=\"article\" \/>\n<meta property=\"og:title\" content=\"Durante opera\u00e7\u00e3o rotineira da PMR, foragido da justi\u00e7a \u00e9 preso na BR-354 em S\u00e3o Gotardo\" \/>\n<meta property=\"og:description\" content=\"O autor foi preso e conduzido para a Delegacia de Pol\u00edcia Civil em S\u00e3o Gotardo\/MG.\" \/>\n<meta property=\"og:url\" content=\"https:\/\/www.sgagora.com.br\/sg\/durante-operacao-rotineira-da-pmr-foragido-da-justica-e-preso-na-br-354-em-sao-gotardo\/\" \/>\n<meta property=\"og:site_name\" content=\"SGAgora\" \/>\n<meta property=\"article:publisher\" content=\"https:\/\/www.facebook.com\/sgagora\" \/>\n<meta property=\"article:published_time\" content=\"2020-09-24T01:05:35+00:00\" \/>\n<meta property=\"article:modified_time\" content=\"2020-09-24T01:05:37+00:00\" \/>\n<meta property=\"og:image\" content=\"https:\/\/www.sgagora.com.br\/sg\/wp-content\/uploads\/2019\/12\/064740749acc06abedf613edcfd7c33e-e1577397019462.jpg\" \/>\n\t<meta property=\"og:image:width\" content=\"600\" \/>\n\t<meta property=\"og:image:height\" content=\"400\" \/>\n\t<meta property=\"og:image:type\" content=\"image\/jpeg\" \/>\n<meta name=\"author\" content=\"SG Agora\" \/>\n<meta name=\"twitter:label1\" content=\"Escrito por\" \/>\n\t<meta name=\"twitter:data1\" content=\"SG Agora\" \/>\n\t<meta name=\"twitter:label2\" content=\"Est. tempo de leitura\" \/>\n\t<meta name=\"twitter:data2\" content=\"1 minuto\" \/>\n<script type=\"application\/ld+json\" class=\"yoast-schema-graph\">{\"@context\":\"https:\/\/schema.org\",\"@graph\":[{\"@type\":\"WebPage\",\"@id\":\"https:\/\/www.sgagora.com.br\/sg\/durante-operacao-rotineira-da-pmr-foragido-da-justica-e-preso-na-br-354-em-sao-gotardo\/\",\"url\":\"https:\/\/www.sgagora.com.br\/sg\/durante-operacao-rotineira-da-pmr-foragido-da-justica-e-preso-na-br-354-em-sao-gotardo\/\",\"name\":\"Durante opera\u00e7\u00e3o rotineira da PMR, foragido da justi\u00e7a \u00e9 preso na BR-354 em S\u00e3o Gotardo\",\"isPartOf\":{\"@id\":\"https:\/\/www.sgagora.com.br\/sg\/#website\"},\"datePublished\":\"2020-09-24T01:05:35+00:00\",\"dateModified\":\"2020-09-24T01:05:37+00:00\",\"author\":{\"@id\":\"https:\/\/www.sgagora.com.br\/sg\/#\/schema\/person\/2be62cfb47cee3e0b305e4f7a765ae41\"},\"description\":\"O autor foi preso e conduzido para a Delegacia de Pol\u00edcia Civil em S\u00e3o Gotardo\/MG.\",\"breadcrumb\":{\"@id\":\"https:\/\/www.sgagora.com.br\/sg\/durante-operacao-rotineira-da-pmr-foragido-da-justica-e-preso-na-br-354-em-sao-gotardo\/#breadcrumb\"},\"inLanguage\":\"pt-BR\",\"potentialAction\":[{\"@type\":\"ReadAction\",\"target\":[\"https:\/\/www.sgagora.com.br\/sg\/durante-operacao-rotineira-da-pmr-foragido-da-justica-e-preso-na-br-354-em-sao-gotardo\/\"]}]},{\"@type\":\"BreadcrumbList\",\"@id\":\"https:\/\/www.sgagora.com.br\/sg\/durante-operacao-rotineira-da-pmr-foragido-da-justica-e-preso-na-br-354-em-sao-gotardo\/#breadcrumb\",\"itemListElement\":[{\"@type\":\"ListItem\",\"position\":1,\"name\":\"In\u00edcio\",\"item\":\"https:\/\/www.sgagora.com.br\/sg\/\"},{\"@type\":\"ListItem\",\"position\":2,\"name\":\"Durante opera\u00e7\u00e3o rotineira da PMR, foragido da justi\u00e7a \u00e9 preso na BR-354 em S\u00e3o Gotardo\"}]},{\"@type\":\"WebSite\",\"@id\":\"https:\/\/www.sgagora.com.br\/sg\/#website\",\"url\":\"https:\/\/www.sgagora.com.br\/sg\/\",\"name\":\"SGAgora\",\"description\":\"Not\u00edcias de S\u00e3o Gotardo\",\"potentialAction\":[{\"@type\":\"SearchAction\",\"target\":{\"@type\":\"EntryPoint\",\"urlTemplate\":\"https:\/\/www.sgagora.com.br\/sg\/?s={search_term_string}\"},\"query-input\":\"required name=search_term_string\"}],\"inLanguage\":\"pt-BR\"},{\"@type\":\"Person\",\"@id\":\"https:\/\/www.sgagora.com.br\/sg\/#\/schema\/person\/2be62cfb47cee3e0b305e4f7a765ae41\",\"name\":\"SG Agora\",\"image\":{\"@type\":\"ImageObject\",\"inLanguage\":\"pt-BR\",\"@id\":\"https:\/\/www.sgagora.com.br\/sg\/#\/schema\/person\/image\/\",\"url\":\"https:\/\/secure.gravatar.com\/avatar\/a0c612a9a8c3e7419d6fd4f92e749d8d?s=96&d=mm&r=g\",\"contentUrl\":\"https:\/\/secure.gravatar.com\/avatar\/a0c612a9a8c3e7419d6fd4f92e749d8d?s=96&d=mm&r=g\",\"caption\":\"SG Agora\"},\"url\":\"https:\/\/www.sgagora.com.br\/sg\/author\/admin\/\"}]}<\/script>\n<!-- \/ Yoast SEO plugin. -->","yoast_head_json":{"title":"Durante opera\u00e7\u00e3o rotineira da PMR, foragido da justi\u00e7a \u00e9 preso na BR-354 em S\u00e3o Gotardo","description":"O autor foi preso e conduzido para a Delegacia de Pol\u00edcia Civil em S\u00e3o Gotardo\/MG.","robots":{"index":"index","follow":"follow","max-snippet":"max-snippet:-1","max-image-preview":"max-image-preview:large","max-video-preview":"max-video-preview:-1"},"canonical":"https:\/\/www.sgagora.com.br\/sg\/durante-operacao-rotineira-da-pmr-foragido-da-justica-e-preso-na-br-354-em-sao-gotardo\/","og_locale":"pt_BR","og_type":"article","og_title":"Durante opera\u00e7\u00e3o rotineira da PMR, foragido da justi\u00e7a \u00e9 preso na BR-354 em S\u00e3o Gotardo","og_description":"O autor foi preso e conduzido para a Delegacia de Pol\u00edcia Civil em S\u00e3o Gotardo\/MG.","og_url":"https:\/\/www.sgagora.com.br\/sg\/durante-operacao-rotineira-da-pmr-foragido-da-justica-e-preso-na-br-354-em-sao-gotardo\/","og_site_name":"SGAgora","article_publisher":"https:\/\/www.facebook.com\/sgagora","article_published_time":"2020-09-24T01:05:35+00:00","article_modified_time":"2020-09-24T01:05:37+00:00","og_image":[{"width":600,"height":400,"url":"https:\/\/www.sgagora.com.br\/sg\/wp-content\/uploads\/2019\/12\/064740749acc06abedf613edcfd7c33e-e1577397019462.jpg","type":"image\/jpeg"}],"author":"SG Agora","twitter_misc":{"Escrito por":"SG Agora","Est. tempo de leitura":"1 minuto"},"schema":{"@context":"https:\/\/schema.org","@graph":[{"@type":"WebPage","@id":"https:\/\/www.sgagora.com.br\/sg\/durante-operacao-rotineira-da-pmr-foragido-da-justica-e-preso-na-br-354-em-sao-gotardo\/","url":"https:\/\/www.sgagora.com.br\/sg\/durante-operacao-rotineira-da-pmr-foragido-da-justica-e-preso-na-br-354-em-sao-gotardo\/","name":"Durante opera\u00e7\u00e3o rotineira da PMR, foragido da justi\u00e7a \u00e9 preso na BR-354 em S\u00e3o Gotardo","isPartOf":{"@id":"https:\/\/www.sgagora.com.br\/sg\/#website"},"datePublished":"2020-09-24T01:05:35+00:00","dateModified":"2020-09-24T01:05:37+00:00","author":{"@id":"https:\/\/www.sgagora.com.br\/sg\/#\/schema\/person\/2be62cfb47cee3e0b305e4f7a765ae41"},"description":"O autor foi preso e conduzido para a Delegacia de Pol\u00edcia Civil em S\u00e3o Gotardo\/MG.","breadcrumb":{"@id":"https:\/\/www.sgagora.com.br\/sg\/durante-operacao-rotineira-da-pmr-foragido-da-justica-e-preso-na-br-354-em-sao-gotardo\/#breadcrumb"},"inLanguage":"pt-BR","potentialAction":[{"@type":"ReadAction","target":["https:\/\/www.sgagora.com.br\/sg\/durante-operacao-rotineira-da-pmr-foragido-da-justica-e-preso-na-br-354-em-sao-gotardo\/"]}]},{"@type":"BreadcrumbList","@id":"https:\/\/www.sgagora.com.br\/sg\/durante-operacao-rotineira-da-pmr-foragido-da-justica-e-preso-na-br-354-em-sao-gotardo\/#breadcrumb","itemListElement":[{"@type":"ListItem","position":1,"name":"In\u00edcio","item":"https:\/\/www.sgagora.com.br\/sg\/"},{"@type":"ListItem","position":2,"name":"Durante opera\u00e7\u00e3o rotineira da PMR, foragido da justi\u00e7a \u00e9 preso na BR-354 em S\u00e3o Gotardo"}]},{"@type":"WebSite","@id":"https:\/\/www.sgagora.com.br\/sg\/#website","url":"https:\/\/www.sgagora.com.br\/sg\/","name":"SGAgora","description":"Not\u00edcias de S\u00e3o Gotardo","potentialAction":[{"@type":"SearchAction","target":{"@type":"EntryPoint","urlTemplate":"https:\/\/www.sgagora.com.br\/sg\/?s={search_term_string}"},"query-input":"required name=search_term_string"}],"inLanguage":"pt-BR"},{"@type":"Person","@id":"https:\/\/www.sgagora.com.br\/sg\/#\/schema\/person\/2be62cfb47cee3e0b305e4f7a765ae41","name":"SG Agora","image":{"@type":"ImageObject","inLanguage":"pt-BR","@id":"https:\/\/www.sgagora.com.br\/sg\/#\/schema\/person\/image\/","url":"https:\/\/secure.gravatar.com\/avatar\/a0c612a9a8c3e7419d6fd4f92e749d8d?s=96&d=mm&r=g","contentUrl":"https:\/\/secure.gravatar.com\/avatar\/a0c612a9a8c3e7419d6fd4f92e749d8d?s=96&d=mm&r=g","caption":"SG Agora"},"url":"https:\/\/www.sgagora.com.br\/sg\/author\/admin\/"}]}},"_links":{"self":[{"href":"https:\/\/www.sgagora.com.br\/sg\/wp-json\/wp\/v2\/posts\/999984474"}],"collection":[{"href":"https:\/\/www.sgagora.com.br\/sg\/wp-json\/wp\/v2\/posts"}],"about":[{"href":"https:\/\/www.sgagora.com.br\/sg\/wp-json\/wp\/v2\/types\/post"}],"author":[{"embeddable":true,"href":"https:\/\/www.sgagora.com.br\/sg\/wp-json\/wp\/v2\/users\/1"}],"replies":[{"embeddable":true,"href":"https:\/\/www.sgagora.com.br\/sg\/wp-json\/wp\/v2\/comments?post=999984474"}],"version-history":[{"count":1,"href":"https:\/\/www.sgagora.com.br\/sg\/wp-json\/wp\/v2\/posts\/999984474\/revisions"}],"predecessor-version":[{"id":999984476,"href":"https:\/\/www.sgagora.com.br\/sg\/wp-json\/wp\/v2\/posts\/999984474\/revisions\/999984476"}],"wp:featuredmedia":[{"embeddable":true,"href":"https:\/\/www.sgagora.com.br\/sg\/wp-json\/wp\/v2\/media\/999978698"}],"wp:attachment":[{"href":"https:\/\/www.sgagora.com.br\/sg\/wp-json\/wp\/v2\/media?parent=999984474"}],"wp:term":[{"taxonomy":"category","embeddable":true,"href":"https:\/\/www.sgagora.com.br\/sg\/wp-json\/wp\/v2\/categories?post=999984474"},{"taxonomy":"post_tag","embeddable":true,"href":"https:\/\/www.sgagora.com.br\/sg\/wp-json\/wp\/v2\/tags?post=999984474"}],"curies":[{"name":"wp","href":"https:\/\/api.w.org\/{rel}","templated":true}]}}