{"id":999984869,"date":"2020-11-09T23:53:00","date_gmt":"2020-11-10T02:53:00","guid":{"rendered":"https:\/\/www.sgagora.com.br\/sg\/?p=999984869"},"modified":"2020-11-12T12:25:22","modified_gmt":"2020-11-12T15:25:22","slug":"motorista-e-preso-por-embriaguez-ao-volante-na-mg-235-em-sao-gotardo","status":"publish","type":"post","link":"https:\/\/www.sgagora.com.br\/sg\/motorista-e-preso-por-embriaguez-ao-volante-na-mg-235-em-sao-gotardo\/","title":{"rendered":"Motorista \u00e9 preso por embriaguez ao volante na MG-235 em S\u00e3o Gotardo"},"content":{"rendered":"<p style=\"text-align: center;\"><span style=\"color: #ff0000;\"><strong>CONTINUA AP\u00d3S A PUBLICIDADE<\/strong><\/span><img decoding=\"async\" loading=\"lazy\" class=\"aligncenter wp-image-999984638 size-full\" src=\"https:\/\/www.sgagora.com.br\/sg\/wp-content\/uploads\/2020\/10\/BANNER-1-260x260-FORMATO-GIF-1.gif\" alt=\"\" width=\"260\" height=\"260\"><\/p>\n<p><img decoding=\"async\" loading=\"lazy\" class=\"aligncenter wp-image-999984838 size-full\" src=\"https:\/\/www.sgagora.com.br\/sg\/wp-content\/uploads\/2020\/11\/gif_ophicina_da_moda-1.gif\" alt=\"\" width=\"260\" height=\"260\"><\/p>\n<p style=\"text-align: justify;\">Na noite deste \u00faltimo domingo (08\/11) na MG-235 em S\u00e3o Gotardo, um homem de 53 anos de idade foi preso, ap\u00f3s ser flagrado dirigindo sobre efeito de \u00e1lcool na rodovia. A pris\u00e3o foi efetuada pela Pol\u00edcia Militar Rodovi\u00e1ria, a qual realizava uma blitz preventiva no munic\u00edpio de S\u00e3o Gotardo.<\/p>\n<p style=\"text-align: justify;\">Segundo informa\u00e7\u00f5es da Assessoria de Imprensa da PMR, a opera\u00e7\u00e3o Lei Seca era realizada no KM-87 da MG-235, quando o condutor de uma caminhonete MMC\/L200 de cor parta, foi abordado. Durante a abordagem, foi constatado que o motorista de 53 anos de idade, apresentava sinais de ter feito uso de bebida alco\u00f3lica (olhos vermelhos, fala desconexa, h\u00e1lito et\u00edlico e falta de equil\u00edbrio).<\/p>\n<p style=\"text-align: justify;\">Ao ser convidado a realizar o o teste com o etil\u00f4metro, o condutor aceitou faz\u00ea-lo e o aparelho aferiu a concentra\u00e7\u00e3o de 0,62 mg\/l, confirmando a suspeita de que o mesmo havia ingerido bebia alco\u00f3lica. Diante dos fatos, o condutor\/autor recebeu voz de pris\u00e3o em flagrante delito pelo cometimento do crime previsto no art. 306 do CTB.<\/p>\n<p style=\"text-align: justify;\">Ainda de acordo com Policia Militar Rodovi\u00e1ria, foi lavrado o devido auto de infra\u00e7\u00e3o de tr\u00e2nsito. O ve\u00edculo foi liberado para outro condutor regularmente habilitado. O autor foi conduzido para a Delegacia de Pol\u00edcia Civil de plant\u00e3o (Patos de Minas).<\/p>\n<p style=\"text-align: center;\"><span style=\"color: #ff0000;\"><strong>CONTINUA AP\u00d3S A PUBLICIDADE<\/strong><\/span><img decoding=\"async\" loading=\"lazy\" class=\"aligncenter wp-image-999984622 size-full\" src=\"https:\/\/www.sgagora.com.br\/sg\/wp-content\/uploads\/2020\/10\/Propaganda-SG-Agora.jpg\" sizes=\"(max-width: 600px) 100vw, 600px\" srcset=\"https:\/\/www.sgagora.com.br\/sg\/wp-content\/uploads\/2020\/10\/Propaganda-SG-Agora.jpg 600w, https:\/\/www.sgagora.com.br\/sg\/wp-content\/uploads\/2020\/10\/Propaganda-SG-Agora-300x175.jpg 300w\" alt=\"\" width=\"600\" height=\"350\"><\/p>\n<p style=\"text-align: justify;\"><strong>Pris\u00e3o em Rio Parna\u00edba, tamb\u00e9m por embriaguez<\/strong><\/p>\n<p style=\"text-align: justify;\">Mais um motorista foi preso por embriaguez ao volante no munic\u00edpio de Rio Parana\u00edba neste domingo (08). Segundo as informa\u00e7\u00f5es, o fato aconteceu no km 01 da MG 230, ap\u00f3s os policiais receberem informa\u00e7\u00f5es de que um condutor estaria embriagado nas proximidades do campus da UFV.<\/p>\n<p style=\"text-align: justify;\">De imediato, uma guarni\u00e7\u00e3o deslocou para o local e deparou com um FIAT\/Strada Aventure, de cor vermelha. O ve\u00edculo foi abordado e constatado que o condutor de 55 anos apresentava sinais de ter feito uso de bebidas.<\/p>\n<p style=\"text-align: justify;\">Durante a vistoria no carro, foi localizada uma caixa de isopor contendo diversas cervejas long neck. Questionado, o motorista disse que fez o uso de bebidas em Abaet\u00e9 dos Mendes e que estava vindo para Rio Parana\u00edba para participar de um com\u00edcio pol\u00edtico.<\/p>\n<p style=\"text-align: justify;\">O motorista recursou a realizar o teste do baf\u00f4metro, por\u00e9m, em virtude da constata\u00e7\u00e3o de sua altera\u00e7\u00e3o psicomotora, recebeu voz de pris\u00e3o pelo crime de tr\u00e2nsito previsto no Art. 306 do C\u00f3digo de Tr\u00e2nsito Brasileiro.<\/p>\n<p style=\"text-align: justify;\">Foram lavradas os autos de infra\u00e7\u00e3o de tr\u00e2nsito e o ve\u00edculo liberado para uma pessoa devidamente habilitada. O autor foi levado para a Delegacia de Pol\u00edcia Civil em Patos de Minas.<\/p>\n<p style=\"text-align: center;\"><span style=\"color: #ff0000;\"><strong>CONTINUA AP\u00d3S A PUBLICIDADE<\/strong><\/span><img decoding=\"async\" loading=\"lazy\" class=\"aligncenter size-full wp-image-999983159\" src=\"https:\/\/www.sgagora.com.br\/sg\/wp-content\/uploads\/2020\/06\/Provis%C3%B3rio-Mais-Delivey.gif\" alt=\"\" width=\"260\" height=\"260\"><\/p>\n<p><img decoding=\"async\" loading=\"lazy\" class=\"aligncenter wp-image-999983892 size-full\" src=\"https:\/\/www.sgagora.com.br\/sg\/wp-content\/uploads\/2020\/07\/ESPACO-CRIS-gif.gif\" alt=\"\" width=\"260\" height=\"260\"><\/p>\n<p style=\"text-align: justify;\"><span style=\"color: #ffffff;\">.<\/span><\/p>\n<p style=\"text-align: justify;\"><em><strong>Reportagem:<\/strong> Diego Oliveira\/Portal SG AGORA \/ Gilberto Martins\/Parana\u00edba Agora \/ <strong>Fonte da Reportagem e Foto Capa:<\/strong> Assessoria de Imprensa Pol\u00edcia Militar Rodovi\u00e1ria<\/em><\/p>\n","protected":false},"excerpt":{"rendered":"<p>CONTINUA AP\u00d3S A PUBLICIDADE Na noite deste \u00faltimo domingo (08\/11) na MG-235 em S\u00e3o Gotardo, um homem de 53 anos de idade foi preso, ap\u00f3s ser flagrado dirigindo sobre efeito de \u00e1lcool na rodovia. A &#8230; <a class=\"readmore\" href=\"https:\/\/www.sgagora.com.br\/sg\/motorista-e-preso-por-embriaguez-ao-volante-na-mg-235-em-sao-gotardo\/\">Leia Mais<\/a><\/p>\n","protected":false},"author":1,"featured_media":999984872,"comment_status":"open","ping_status":"open","sticky":false,"template":"","format":"standard","meta":{"_bbp_topic_count":0,"_bbp_reply_count":0,"_bbp_total_topic_count":0,"_bbp_total_reply_count":0,"_bbp_voice_count":0,"_bbp_anonymous_reply_count":0,"_bbp_topic_count_hidden":0,"_bbp_reply_count_hidden":0,"_bbp_forum_subforum_count":0},"categories":[84,77,81],"tags":[554,4475,306,1521,659,800,341,138,194,131],"yoast_head":"<!-- This site is optimized with the Yoast SEO plugin v20.5 - https:\/\/yoast.com\/wordpress\/plugins\/seo\/ -->\n<title>Motorista \u00e9 preso por embriaguez ao volante na MG-235 em S\u00e3o Gotardo<\/title>\n<meta name=\"description\" content=\"Na noite deste \u00faltimo domingo (08\/11), um homem de 53 anos de idade foi preso, ap\u00f3s ser flagrado dirigindo sobre efeito de \u00e1lcool na rodovia.\" \/>\n<meta name=\"robots\" content=\"index, follow, max-snippet:-1, max-image-preview:large, max-video-preview:-1\" \/>\n<link rel=\"canonical\" href=\"https:\/\/www.sgagora.com.br\/sg\/motorista-e-preso-por-embriaguez-ao-volante-na-mg-235-em-sao-gotardo\/\" \/>\n<meta property=\"og:locale\" content=\"pt_BR\" \/>\n<meta property=\"og:type\" content=\"article\" \/>\n<meta property=\"og:title\" content=\"Motorista \u00e9 preso por embriaguez ao volante na MG-235 em S\u00e3o Gotardo\" \/>\n<meta property=\"og:description\" content=\"Na noite deste \u00faltimo domingo (08\/11), um homem de 53 anos de idade foi preso, ap\u00f3s ser flagrado dirigindo sobre efeito de \u00e1lcool na rodovia.\" \/>\n<meta property=\"og:url\" content=\"https:\/\/www.sgagora.com.br\/sg\/motorista-e-preso-por-embriaguez-ao-volante-na-mg-235-em-sao-gotardo\/\" \/>\n<meta property=\"og:site_name\" content=\"SGAgora\" \/>\n<meta property=\"article:publisher\" content=\"https:\/\/www.facebook.com\/sgagora\" \/>\n<meta property=\"article:published_time\" content=\"2020-11-10T02:53:00+00:00\" \/>\n<meta property=\"article:modified_time\" content=\"2020-11-12T15:25:22+00:00\" \/>\n<meta property=\"og:image\" content=\"https:\/\/www.sgagora.com.br\/sg\/wp-content\/uploads\/2020\/11\/592bf283-07ff-4735-a1f2-dad511a0f287.jpg\" \/>\n\t<meta property=\"og:image:width\" content=\"600\" \/>\n\t<meta property=\"og:image:height\" content=\"452\" \/>\n\t<meta property=\"og:image:type\" content=\"image\/jpeg\" \/>\n<meta name=\"author\" content=\"SG Agora\" \/>\n<meta name=\"twitter:label1\" content=\"Escrito por\" \/>\n\t<meta name=\"twitter:data1\" content=\"SG Agora\" \/>\n\t<meta name=\"twitter:label2\" content=\"Est. tempo de leitura\" \/>\n\t<meta name=\"twitter:data2\" content=\"2 minutos\" \/>\n<script type=\"application\/ld+json\" class=\"yoast-schema-graph\">{\"@context\":\"https:\/\/schema.org\",\"@graph\":[{\"@type\":\"WebPage\",\"@id\":\"https:\/\/www.sgagora.com.br\/sg\/motorista-e-preso-por-embriaguez-ao-volante-na-mg-235-em-sao-gotardo\/\",\"url\":\"https:\/\/www.sgagora.com.br\/sg\/motorista-e-preso-por-embriaguez-ao-volante-na-mg-235-em-sao-gotardo\/\",\"name\":\"Motorista \u00e9 preso por embriaguez ao volante na MG-235 em S\u00e3o Gotardo\",\"isPartOf\":{\"@id\":\"https:\/\/www.sgagora.com.br\/sg\/#website\"},\"datePublished\":\"2020-11-10T02:53:00+00:00\",\"dateModified\":\"2020-11-12T15:25:22+00:00\",\"author\":{\"@id\":\"https:\/\/www.sgagora.com.br\/sg\/#\/schema\/person\/2be62cfb47cee3e0b305e4f7a765ae41\"},\"description\":\"Na noite deste \u00faltimo domingo (08\/11), um homem de 53 anos de idade foi preso, ap\u00f3s ser flagrado dirigindo sobre efeito de \u00e1lcool na rodovia.\",\"breadcrumb\":{\"@id\":\"https:\/\/www.sgagora.com.br\/sg\/motorista-e-preso-por-embriaguez-ao-volante-na-mg-235-em-sao-gotardo\/#breadcrumb\"},\"inLanguage\":\"pt-BR\",\"potentialAction\":[{\"@type\":\"ReadAction\",\"target\":[\"https:\/\/www.sgagora.com.br\/sg\/motorista-e-preso-por-embriaguez-ao-volante-na-mg-235-em-sao-gotardo\/\"]}]},{\"@type\":\"BreadcrumbList\",\"@id\":\"https:\/\/www.sgagora.com.br\/sg\/motorista-e-preso-por-embriaguez-ao-volante-na-mg-235-em-sao-gotardo\/#breadcrumb\",\"itemListElement\":[{\"@type\":\"ListItem\",\"position\":1,\"name\":\"In\u00edcio\",\"item\":\"https:\/\/www.sgagora.com.br\/sg\/\"},{\"@type\":\"ListItem\",\"position\":2,\"name\":\"Motorista \u00e9 preso por embriaguez ao volante na MG-235 em S\u00e3o Gotardo\"}]},{\"@type\":\"WebSite\",\"@id\":\"https:\/\/www.sgagora.com.br\/sg\/#website\",\"url\":\"https:\/\/www.sgagora.com.br\/sg\/\",\"name\":\"SGAgora\",\"description\":\"Not\u00edcias de S\u00e3o Gotardo\",\"potentialAction\":[{\"@type\":\"SearchAction\",\"target\":{\"@type\":\"EntryPoint\",\"urlTemplate\":\"https:\/\/www.sgagora.com.br\/sg\/?s={search_term_string}\"},\"query-input\":\"required name=search_term_string\"}],\"inLanguage\":\"pt-BR\"},{\"@type\":\"Person\",\"@id\":\"https:\/\/www.sgagora.com.br\/sg\/#\/schema\/person\/2be62cfb47cee3e0b305e4f7a765ae41\",\"name\":\"SG Agora\",\"image\":{\"@type\":\"ImageObject\",\"inLanguage\":\"pt-BR\",\"@id\":\"https:\/\/www.sgagora.com.br\/sg\/#\/schema\/person\/image\/\",\"url\":\"https:\/\/secure.gravatar.com\/avatar\/a0c612a9a8c3e7419d6fd4f92e749d8d?s=96&d=mm&r=g\",\"contentUrl\":\"https:\/\/secure.gravatar.com\/avatar\/a0c612a9a8c3e7419d6fd4f92e749d8d?s=96&d=mm&r=g\",\"caption\":\"SG Agora\"},\"url\":\"https:\/\/www.sgagora.com.br\/sg\/author\/admin\/\"}]}<\/script>\n<!-- \/ Yoast SEO plugin. -->","yoast_head_json":{"title":"Motorista \u00e9 preso por embriaguez ao volante na MG-235 em S\u00e3o Gotardo","description":"Na noite deste \u00faltimo domingo (08\/11), um homem de 53 anos de idade foi preso, ap\u00f3s ser flagrado dirigindo sobre efeito de \u00e1lcool na rodovia.","robots":{"index":"index","follow":"follow","max-snippet":"max-snippet:-1","max-image-preview":"max-image-preview:large","max-video-preview":"max-video-preview:-1"},"canonical":"https:\/\/www.sgagora.com.br\/sg\/motorista-e-preso-por-embriaguez-ao-volante-na-mg-235-em-sao-gotardo\/","og_locale":"pt_BR","og_type":"article","og_title":"Motorista \u00e9 preso por embriaguez ao volante na MG-235 em S\u00e3o Gotardo","og_description":"Na noite deste \u00faltimo domingo (08\/11), um homem de 53 anos de idade foi preso, ap\u00f3s ser flagrado dirigindo sobre efeito de \u00e1lcool na rodovia.","og_url":"https:\/\/www.sgagora.com.br\/sg\/motorista-e-preso-por-embriaguez-ao-volante-na-mg-235-em-sao-gotardo\/","og_site_name":"SGAgora","article_publisher":"https:\/\/www.facebook.com\/sgagora","article_published_time":"2020-11-10T02:53:00+00:00","article_modified_time":"2020-11-12T15:25:22+00:00","og_image":[{"width":600,"height":452,"url":"https:\/\/www.sgagora.com.br\/sg\/wp-content\/uploads\/2020\/11\/592bf283-07ff-4735-a1f2-dad511a0f287.jpg","type":"image\/jpeg"}],"author":"SG Agora","twitter_misc":{"Escrito por":"SG Agora","Est. tempo de leitura":"2 minutos"},"schema":{"@context":"https:\/\/schema.org","@graph":[{"@type":"WebPage","@id":"https:\/\/www.sgagora.com.br\/sg\/motorista-e-preso-por-embriaguez-ao-volante-na-mg-235-em-sao-gotardo\/","url":"https:\/\/www.sgagora.com.br\/sg\/motorista-e-preso-por-embriaguez-ao-volante-na-mg-235-em-sao-gotardo\/","name":"Motorista \u00e9 preso por embriaguez ao volante na MG-235 em S\u00e3o Gotardo","isPartOf":{"@id":"https:\/\/www.sgagora.com.br\/sg\/#website"},"datePublished":"2020-11-10T02:53:00+00:00","dateModified":"2020-11-12T15:25:22+00:00","author":{"@id":"https:\/\/www.sgagora.com.br\/sg\/#\/schema\/person\/2be62cfb47cee3e0b305e4f7a765ae41"},"description":"Na noite deste \u00faltimo domingo (08\/11), um homem de 53 anos de idade foi preso, ap\u00f3s ser flagrado dirigindo sobre efeito de \u00e1lcool na rodovia.","breadcrumb":{"@id":"https:\/\/www.sgagora.com.br\/sg\/motorista-e-preso-por-embriaguez-ao-volante-na-mg-235-em-sao-gotardo\/#breadcrumb"},"inLanguage":"pt-BR","potentialAction":[{"@type":"ReadAction","target":["https:\/\/www.sgagora.com.br\/sg\/motorista-e-preso-por-embriaguez-ao-volante-na-mg-235-em-sao-gotardo\/"]}]},{"@type":"BreadcrumbList","@id":"https:\/\/www.sgagora.com.br\/sg\/motorista-e-preso-por-embriaguez-ao-volante-na-mg-235-em-sao-gotardo\/#breadcrumb","itemListElement":[{"@type":"ListItem","position":1,"name":"In\u00edcio","item":"https:\/\/www.sgagora.com.br\/sg\/"},{"@type":"ListItem","position":2,"name":"Motorista \u00e9 preso por embriaguez ao volante na MG-235 em S\u00e3o Gotardo"}]},{"@type":"WebSite","@id":"https:\/\/www.sgagora.com.br\/sg\/#website","url":"https:\/\/www.sgagora.com.br\/sg\/","name":"SGAgora","description":"Not\u00edcias de S\u00e3o Gotardo","potentialAction":[{"@type":"SearchAction","target":{"@type":"EntryPoint","urlTemplate":"https:\/\/www.sgagora.com.br\/sg\/?s={search_term_string}"},"query-input":"required name=search_term_string"}],"inLanguage":"pt-BR"},{"@type":"Person","@id":"https:\/\/www.sgagora.com.br\/sg\/#\/schema\/person\/2be62cfb47cee3e0b305e4f7a765ae41","name":"SG Agora","image":{"@type":"ImageObject","inLanguage":"pt-BR","@id":"https:\/\/www.sgagora.com.br\/sg\/#\/schema\/person\/image\/","url":"https:\/\/secure.gravatar.com\/avatar\/a0c612a9a8c3e7419d6fd4f92e749d8d?s=96&d=mm&r=g","contentUrl":"https:\/\/secure.gravatar.com\/avatar\/a0c612a9a8c3e7419d6fd4f92e749d8d?s=96&d=mm&r=g","caption":"SG Agora"},"url":"https:\/\/www.sgagora.com.br\/sg\/author\/admin\/"}]}},"_links":{"self":[{"href":"https:\/\/www.sgagora.com.br\/sg\/wp-json\/wp\/v2\/posts\/999984869"}],"collection":[{"href":"https:\/\/www.sgagora.com.br\/sg\/wp-json\/wp\/v2\/posts"}],"about":[{"href":"https:\/\/www.sgagora.com.br\/sg\/wp-json\/wp\/v2\/types\/post"}],"author":[{"embeddable":true,"href":"https:\/\/www.sgagora.com.br\/sg\/wp-json\/wp\/v2\/users\/1"}],"replies":[{"embeddable":true,"href":"https:\/\/www.sgagora.com.br\/sg\/wp-json\/wp\/v2\/comments?post=999984869"}],"version-history":[{"count":2,"href":"https:\/\/www.sgagora.com.br\/sg\/wp-json\/wp\/v2\/posts\/999984869\/revisions"}],"predecessor-version":[{"id":999984876,"href":"https:\/\/www.sgagora.com.br\/sg\/wp-json\/wp\/v2\/posts\/999984869\/revisions\/999984876"}],"wp:featuredmedia":[{"embeddable":true,"href":"https:\/\/www.sgagora.com.br\/sg\/wp-json\/wp\/v2\/media\/999984872"}],"wp:attachment":[{"href":"https:\/\/www.sgagora.com.br\/sg\/wp-json\/wp\/v2\/media?parent=999984869"}],"wp:term":[{"taxonomy":"category","embeddable":true,"href":"https:\/\/www.sgagora.com.br\/sg\/wp-json\/wp\/v2\/categories?post=999984869"},{"taxonomy":"post_tag","embeddable":true,"href":"https:\/\/www.sgagora.com.br\/sg\/wp-json\/wp\/v2\/tags?post=999984869"}],"curies":[{"name":"wp","href":"https:\/\/api.w.org\/{rel}","templated":true}]}}