{"id":999985427,"date":"2020-12-14T09:52:32","date_gmt":"2020-12-14T12:52:32","guid":{"rendered":"https:\/\/www.sgagora.com.br\/sg\/?p=999985427"},"modified":"2020-12-14T10:13:17","modified_gmt":"2020-12-14T13:13:17","slug":"auxilio-emergencial-52-milhoes-de-pessoas-recebem-a-ultima-parcela-hoje","status":"publish","type":"post","link":"https:\/\/www.sgagora.com.br\/sg\/auxilio-emergencial-52-milhoes-de-pessoas-recebem-a-ultima-parcela-hoje\/","title":{"rendered":"Aux\u00edlio emergencial: 5,2 milh\u00f5es de pessoas recebem a \u00faltima parcela hoje"},"content":{"rendered":"<div class=\"mc-column content-text active-extra-styles active-capital-letter\" data-block-type=\"unstyled\" data-block-weight=\"36\" data-block-id=\"1\">\n<p style=\"text-align: center;\"><span style=\"color: #ff0000;\"><strong>CONTINUA AP\u00d3S A PUBLICIDADE<\/strong><\/span><img decoding=\"async\" loading=\"lazy\" class=\"aligncenter wp-image-999984638 size-full\" src=\"https:\/\/www.sgagora.com.br\/sg\/wp-content\/uploads\/2020\/10\/BANNER-1-260x260-FORMATO-GIF-1.gif\" alt=\"\" width=\"260\" height=\"260\" \/><\/p>\n<p><img decoding=\"async\" loading=\"lazy\" class=\"aligncenter wp-image-999984838 size-full\" src=\"https:\/\/www.sgagora.com.br\/sg\/wp-content\/uploads\/2020\/11\/gif_ophicina_da_moda-1.gif\" alt=\"\" width=\"260\" height=\"260\" \/><\/p>\n<p class=\"content-text__container theme-color-primary-first-letter\" style=\"text-align: justify;\" data-track-category=\"Link no Texto\" data-track-links=\"\">A\u00a0Caixa Econ\u00f4mica Federal\u00a0(CEF) paga\u00a0a \u00faltima parcela do aux\u00edlio emergencial\u00a0para 5,2 milh\u00f5es de pessoas nesta segunda-feira (14). Destes,\u00a03,6 milh\u00f5es de nascidos em mar\u00e7o da ajuda federal criada na pandemia do novo coronav\u00edrus.<\/p>\n<p class=\"content-text__container theme-color-primary-first-letter\" style=\"text-align: justify;\" data-track-category=\"Link no Texto\" data-track-links=\"\"><span style=\"font-size: inherit;\">Eles v\u00e3o receber alguma<\/span>\u00a0parcela no valor de R$ 600<span style=\"font-size: inherit;\">\u00a0(R$ 1,2 mil para m\u00e3es chefes de fam\u00edlia)\u00a0<\/span>ou de R$ 300\u00a0<span style=\"font-size: inherit;\">(R$ 600 para m\u00e3es chefes de fam\u00edlia) do\u00a0<\/span>aux\u00edlio emergencial extens\u00e3o<span style=\"font-size: inherit;\">. <\/span><\/p>\n<p class=\"content-text__container theme-color-primary-first-letter\" style=\"text-align: justify;\" data-track-category=\"Link no Texto\" data-track-links=\"\">Tamb\u00e9m nesta segunda,<span style=\"font-size: inherit;\">\u00a0o banco retoma os pagamentos da\u00a0<\/span>\u00faltima parcela para quem pertence ao Programa Bolsa Fam\u00edlia (PBF)<span style=\"font-size: inherit;\">, quando\u00a0<\/span>benefici\u00e1rios com NIS de final 3<span style=\"font-size: inherit;\"> v\u00e3o poder sacar a ajuda no valor de R$ 300 (R$ 600 para m\u00e3es chefes de fam\u00edlia). At\u00e9 sexta-feira (18), 8 milh\u00f5es de cadastrados no programa v\u00e3o receber. <\/span><\/p>\n<p class=\"content-text__container theme-color-primary-first-letter\" style=\"text-align: justify;\" data-track-category=\"Link no Texto\" data-track-links=\"\"><span style=\"font-size: inherit;\">Os pagamentos para\u00a0<\/span>os cadastrados no programa via Cadastro \u00danico, aplicativo e pelo site do aux\u00edlio emergencial, seguem o calend\u00e1rio dos Ciclos criado pelo Minist\u00e9rio da Cidadania<span style=\"font-size: inherit;\">. (<\/span><a style=\"font-size: inherit;\" href=\"https:\/\/valorinveste.globo.com\/mercados\/brasil-e-politica\/noticia\/2020\/07\/20\/entenda-como-sera-o-novo-calendario-de-pagamentos-do-auxilio-emergencial-de-r-600.ghtml\">veja calend\u00e1rios completos aqui<\/a><span style=\"font-size: inherit;\">). <\/span><\/p>\n<p class=\"content-text__container theme-color-primary-first-letter\" style=\"text-align: justify;\" data-track-category=\"Link no Texto\" data-track-links=\"\"><span style=\"font-size: inherit;\">Deste grupo, al\u00e9m dos aniversariantes de mar\u00e7o que recebem hoje, &#8211;\u00a0<\/span>em lote v\u00e1lido pelo Ciclo 6 (veja calend\u00e1rio abaixo) -,\u00a03,4 milh\u00f5es de nascidos em abril\u00a0v\u00e3o receber na quarta-feira (16),\u00a03,5 milh\u00f5es de nascidos em maio\u00a0recebem na quinta-feira (17)\u00a0e\u00a03,5 milh\u00f5es de benefici\u00e1rios nascidos em junho\u00a0recebem na sexta-feira (18).<\/p>\n<p style=\"text-align: center;\" data-track-category=\"Link no Texto\" data-track-links=\"\"><span style=\"color: #ff0000;\"><strong>CONTINUA AP\u00d3S A PUBLICIDADE<\/strong><\/span><img decoding=\"async\" loading=\"lazy\" class=\"aligncenter wp-image-999984622 size-full\" src=\"https:\/\/www.sgagora.com.br\/sg\/wp-content\/uploads\/2020\/10\/Propaganda-SG-Agora.jpg\" sizes=\"(max-width: 600px) 100vw, 600px\" srcset=\"https:\/\/www.sgagora.com.br\/sg\/wp-content\/uploads\/2020\/10\/Propaganda-SG-Agora.jpg 600w, https:\/\/www.sgagora.com.br\/sg\/wp-content\/uploads\/2020\/10\/Propaganda-SG-Agora-300x175.jpg 300w\" alt=\"\" width=\"600\" height=\"350\" \/><\/p>\n<p class=\"content-text__container theme-color-primary-first-letter\" style=\"text-align: justify;\" data-track-category=\"Link no Texto\" data-track-links=\"\"><strong>Confira o calend\u00e1rio do aux\u00edlio emergencial &#8211; Ciclo 6 de pagamentos e saques<\/strong><\/p>\n<div class=\"show-table__centralized\">\n<div class=\"show-table__container\">\n<table class=\"show-table__content\n show-table__content--highlight-top show-table__content--highlight-left        \"><\/p>\n<tbody>\n<tr>\n<td>Nascidos em<\/td>\n<td>Quantos recebem<\/td>\n<td>Cr\u00e9dito em conta<\/td>\n<td>Saques em dinheiro e transfer\u00eancias<\/td>\n<\/tr>\n<tr>\n<td>janeiro e fevereiro<\/td>\n<td>6,5 milh\u00f5es de pessoas<\/td>\n<td>13 de dezembro<\/td>\n<td>19 de dezembro<\/td>\n<\/tr>\n<tr>\n<td>mar\u00e7o<\/td>\n<td>3,6 milh\u00f5es de pessoas<\/td>\n<td>14 de dezembro<\/td>\n<td>4 de janeiro<\/td>\n<\/tr>\n<tr>\n<td>abril<\/td>\n<td>3,4 milh\u00f5es de pessoas<\/td>\n<td>16 de dezembro<\/td>\n<td>6 de janeiro<\/td>\n<\/tr>\n<tr>\n<td>maio<\/td>\n<td>3,5 milh\u00f5es de pessoas<\/td>\n<td>17 de dezembro<\/td>\n<td>11 de janeiro<\/td>\n<\/tr>\n<tr>\n<td>junho<\/td>\n<td>3,4 milh\u00f5es de pessoas<\/td>\n<td>18 de dezembro<\/td>\n<td>13 de janeiro<\/td>\n<\/tr>\n<tr>\n<td>julho<\/td>\n<td>3,4 milh\u00f5es de pessoas<\/td>\n<td>20 de dezembro<\/td>\n<td>15 de janeiro<\/td>\n<\/tr>\n<tr>\n<td>agosto<\/td>\n<td>3,4 milh\u00f5es de pessoas<\/td>\n<td>20 de dezembro<\/td>\n<td>18 de janeiro<\/td>\n<\/tr>\n<tr>\n<td>setembro<\/td>\n<td>3,5 milh\u00f5es de pessoas<\/td>\n<td>21 de dezembro<\/td>\n<td>20 de janeiro<\/td>\n<\/tr>\n<tr>\n<td>outubro<\/td>\n<td>3,5 milh\u00f5es de pessoas<\/td>\n<td>23 de dezembro<\/td>\n<td>22 de janeiro<\/td>\n<\/tr>\n<tr>\n<td>novembro<\/td>\n<td>3,3 milh\u00f5es de pessoas<\/td>\n<td>28 de dezembro<\/td>\n<td>25 de janeiro<\/td>\n<\/tr>\n<tr>\n<td>dezembro<\/td>\n<td>3,3 milh\u00f5es de pessoas<\/td>\n<td>29 de dezembro<\/td>\n<td>27 de janeiro<\/td>\n<\/tr>\n<\/tbody>\n<\/table>\n<\/div>\n<div class=\"show-table__footer\">\n<div class=\"show-table__source\"><em><strong>Fonte: Minist\u00e9rio da Cidadania<\/strong><\/em><\/div>\n<\/div>\n<\/div>\n<p class=\"content-text__container theme-color-primary-first-letter\" style=\"text-align: justify;\" data-track-category=\"Link no Texto\" data-track-links=\"\"><strong style=\"font-size: inherit;\"><span style=\"color: #ffffff;\">.<\/span><br \/>\nBolsa Fam\u00edlia <\/strong><\/p>\n<p class=\"content-text__container theme-color-primary-first-letter\" style=\"text-align: justify;\" data-track-category=\"Link no Texto\" data-track-links=\"\"><span style=\"font-size: inherit;\">Aind<\/span>a nesta semana,\u00a0a Caixa retoma o pagamento da nona e \u00faltima parcela do aux\u00edlio emergencial de R$ 300 (R$ 600 para m\u00e3es chefes de fam\u00edlia) para quem pertence ao programa Bolsa Fam\u00edlia. De segunda (14) a sexta-feira (18),\u00a08 milh\u00f5es de benefici\u00e1rios recebem pagamento derradeiro do ano.<\/p>\n<p class=\"content-text__container theme-color-primary-first-letter\" style=\"text-align: justify;\" data-track-category=\"Link no Texto\" data-track-links=\"\">As datas de pagamento do Bolsa Fam\u00edlia foram antecipadas em dezembro por conta das festas de fim de ano e a ordem dos dep\u00f3sitos \u00e9 feita de acordo com o n\u00famero final do NIS (veja calend\u00e1rio completo do Bolsa Fam\u00edlia abaixo)<span style=\"font-size: inherit;\">.\u00a0<\/span><\/p>\n<p class=\"mc-column show-table__title\" style=\"text-align: justify;\"><strong>Calend\u00e1rio da \u00faltima parcela do aux\u00edlio emergencial para quem tem Bolsa Fam\u00edlia:<\/strong><\/p>\n<div class=\"show-table__centralized\">\n<div class=\"show-table__container\">\n<table class=\"show-table__content\n show-table__content--highlight-top show-table__content--highlight-left        \"><\/p>\n<tbody>\n<tr>\n<td>Data de pagamento<\/td>\n<td>Quem recebe<\/td>\n<\/tr>\n<tr>\n<td>10 de dezembro<\/td>\n<td>Benefici\u00e1rios com NIS de final 1<\/td>\n<\/tr>\n<tr>\n<td>11 de dezembro<\/td>\n<td>Benefici\u00e1rios com NIS de final 2<\/td>\n<\/tr>\n<tr>\n<td>14 de dezembro<\/td>\n<td>Benefici\u00e1rios com NIS de final 3<\/td>\n<\/tr>\n<tr>\n<td>15 de dezembro<\/td>\n<td>Benefici\u00e1rios com NIS de final 4<\/td>\n<\/tr>\n<tr>\n<td>16 de dezembro<\/td>\n<td>Benefici\u00e1rios com NIS de final 5<\/td>\n<\/tr>\n<tr>\n<td>17 de dezembro<\/td>\n<td>Benefici\u00e1rios com NIS de final 6<\/td>\n<\/tr>\n<tr>\n<td>18 de dezembro<\/td>\n<td>Benefici\u00e1rios com NIS de final 7<\/td>\n<\/tr>\n<tr>\n<td>21 de dezembro<\/td>\n<td>Benefici\u00e1rios com NIS de final 8<\/td>\n<\/tr>\n<tr>\n<td>22 de dezembro<\/td>\n<td>Benefici\u00e1rios com NIS de final 9<\/td>\n<\/tr>\n<tr>\n<td>23 de dezembro<\/td>\n<td>Benefici\u00e1rios com NIS de final 0<\/td>\n<\/tr>\n<\/tbody>\n<\/table>\n<\/div>\n<div class=\"show-table__footer\">\n<div class=\"show-table__source\"><em><strong>Fonte: Minist\u00e9rio da Cidadania<\/strong><\/em><\/div>\n<\/div>\n<\/div>\n<\/div>\n<div><\/div>\n<div style=\"text-align: justify;\"><strong style=\"font-size: inherit;\"><span style=\"color: #ffffff;\">.<\/span><br \/>\n<\/strong><\/div>\n<div style=\"text-align: justify;\"><strong style=\"font-size: inherit;\">Confira quem recebe e quem pode sacar o aux\u00edlio emergencial nesta semana:<br \/>\n<span style=\"color: #ffffff;\">&gt;<\/span><\/strong><\/div>\n<div style=\"text-align: justify;\">\n<div data-block-type=\"raw\" data-block-weight=\"200\" data-block-id=\"17\">\n<ul>\n<li>\n<blockquote><p>Segunda (14)\u00a0&#8211;\u00a03,6 milh\u00f5es de nascidos em mar\u00e7o\u00a0v\u00e3o receber nova parcela de R$ 600 ou de R$ 300, e\u00a01,6 milh\u00e3o de benefici\u00e1rios do Bolsa Fam\u00edlia com NIS final 3\u00a0v\u00e3o poder sacar a \u00faltima parcela;<\/p><\/blockquote>\n<\/li>\n<li>\n<blockquote><p>Ter\u00e7a-feira (15)\u00a0&#8211;\u00a01,6 milh\u00e3o de benefici\u00e1rios do Bolsa Fam\u00edlia com NIS final 4\u00a0v\u00e3o poder sacar a \u00faltima parcela;<\/p><\/blockquote>\n<\/li>\n<li>\n<blockquote><p>Quarta-feira (16)\u00a0&#8211;\u00a03,4 milh\u00f5es de nascidos em abril\u00a0v\u00e3o receber nova parcela de R$ 600 ou de R$ 300, e\u00a01,6 milh\u00e3o de benefici\u00e1rios do Bolsa Fam\u00edlia com NIS final 5\u00a0v\u00e3o poder sacar a \u00faltima parcela;<\/p><\/blockquote>\n<\/li>\n<li>\n<blockquote><p>Quinta-feira (17)\u00a0&#8211;\u00a03,5 milh\u00f5es de nascidos em maio\u00a0v\u00e3o receber nova parcela de R$ 600 ou de R$ 300, e\u00a01,6 milh\u00e3o de benefici\u00e1rios do Bolsa Fam\u00edlia com NIS final 6\u00a0v\u00e3o poder sacar a \u00faltima parcela;<\/p><\/blockquote>\n<\/li>\n<li>\n<blockquote><p>Sexta-feira (18)\u00a0&#8211;\u00a03,4 milh\u00f5es de nascidos em junho\u00a0v\u00e3o receber nova parcela de R$ 600 ou de R$ 300, e\u00a01,6 milh\u00e3o de benefici\u00e1rios do Bolsa Fam\u00edlia com NIS final 7\u00a0v\u00e3o poder sacar a \u00faltima parcela;<\/p><\/blockquote>\n<\/li>\n<li>\n<blockquote><p>S\u00e1bado (19)\u00a0&#8211;\u00a06,5 milh\u00f5es de nascidos em janeiro e fevereiro\u00a0v\u00e3o poder sacar as parcelas recebidas em 22 e 23 de novembro e em 13 de dezembro.<\/p><\/blockquote>\n<\/li>\n<\/ul>\n<\/div>\n<\/div>\n<div>\n<p style=\"text-align: center;\"><span style=\"color: #ff0000;\"><strong>CONTINUA AP\u00d3S A PUBLICIDADE<\/strong><\/span><img decoding=\"async\" loading=\"lazy\" class=\"aligncenter size-full wp-image-999983159\" src=\"https:\/\/www.sgagora.com.br\/sg\/wp-content\/uploads\/2020\/06\/Provis%C3%B3rio-Mais-Delivey.gif\" alt=\"\" width=\"260\" height=\"260\" \/><\/p>\n<p><img decoding=\"async\" loading=\"lazy\" class=\"aligncenter wp-image-999983892 size-full\" src=\"https:\/\/www.sgagora.com.br\/sg\/wp-content\/uploads\/2020\/07\/ESPACO-CRIS-gif.gif\" alt=\"\" width=\"260\" height=\"260\" \/><\/p>\n<\/div>\n<div style=\"text-align: justify;\"><span style=\"color: #ffffff; font-size: inherit;\">.<\/span><\/div>\n<div class=\"mc-column content-text active-extra-styles active-capital-letter\" data-block-type=\"unstyled\" data-block-weight=\"36\" data-block-id=\"1\">\n<p style=\"text-align: justify;\" data-track-category=\"Link no Texto\" data-track-links=\"\"><em><strong>Reportagem:<\/strong> Daniel Crist\u00f3v\u00e3o, Valor Investe \u2014 S\u00e3o Paulo \/ <strong>Link Original:<\/strong> https:\/\/valorinveste.globo.com\/mercados\/brasil-e-politica\/noticia\/2020\/12\/14\/auxilio-emergencial-veja-quem-recebe-ultima-parcela-calendario-da-semana.ghtml \/ <strong>Foto Capa:<\/strong> Reprodu\u00e7\u00e3o\/Google Imagens<\/em><\/p>\n<\/div>\n","protected":false},"excerpt":{"rendered":"<p>CONTINUA AP\u00d3S A PUBLICIDADE A\u00a0Caixa Econ\u00f4mica Federal\u00a0(CEF) paga\u00a0a \u00faltima parcela do aux\u00edlio emergencial\u00a0para 5,2 milh\u00f5es de pessoas nesta segunda-feira (14). Destes,\u00a03,6 milh\u00f5es de nascidos em mar\u00e7o da ajuda federal criada na pandemia do novo coronav\u00edrus. &#8230; <a class=\"readmore\" href=\"https:\/\/www.sgagora.com.br\/sg\/auxilio-emergencial-52-milhoes-de-pessoas-recebem-a-ultima-parcela-hoje\/\">Leia Mais<\/a><\/p>\n","protected":false},"author":1,"featured_media":999985431,"comment_status":"open","ping_status":"open","sticky":false,"template":"","format":"standard","meta":{"_bbp_topic_count":0,"_bbp_reply_count":0,"_bbp_total_topic_count":0,"_bbp_total_reply_count":0,"_bbp_voice_count":0,"_bbp_anonymous_reply_count":0,"_bbp_topic_count_hidden":0,"_bbp_reply_count_hidden":0,"_bbp_forum_subforum_count":0},"categories":[77,4],"tags":[4802,154,2871,236,385,5629,659,4707,5602,194,131],"yoast_head":"<!-- This site is optimized with the Yoast SEO plugin v20.5 - https:\/\/yoast.com\/wordpress\/plugins\/seo\/ -->\n<title>Aux\u00edlio emergencial: 5,2 milh\u00f5es de pessoas recebem a \u00faltima parcela hoje<\/title>\n<meta name=\"description\" content=\"Destes,\u00a03,6 milh\u00f5es de nascidos em mar\u00e7o da ajuda federal criada na pandemia do novo coronav\u00edrus.\" \/>\n<meta name=\"robots\" content=\"index, follow, max-snippet:-1, max-image-preview:large, max-video-preview:-1\" \/>\n<link rel=\"canonical\" href=\"https:\/\/www.sgagora.com.br\/sg\/auxilio-emergencial-52-milhoes-de-pessoas-recebem-a-ultima-parcela-hoje\/\" \/>\n<meta property=\"og:locale\" content=\"pt_BR\" \/>\n<meta property=\"og:type\" content=\"article\" \/>\n<meta property=\"og:title\" content=\"Aux\u00edlio emergencial: 5,2 milh\u00f5es de pessoas recebem a \u00faltima parcela hoje\" \/>\n<meta property=\"og:description\" content=\"Destes,\u00a03,6 milh\u00f5es de nascidos em mar\u00e7o da ajuda federal criada na pandemia do novo coronav\u00edrus.\" \/>\n<meta property=\"og:url\" content=\"https:\/\/www.sgagora.com.br\/sg\/auxilio-emergencial-52-milhoes-de-pessoas-recebem-a-ultima-parcela-hoje\/\" \/>\n<meta property=\"og:site_name\" content=\"SGAgora\" \/>\n<meta property=\"article:publisher\" content=\"https:\/\/www.facebook.com\/sgagora\" \/>\n<meta property=\"article:published_time\" content=\"2020-12-14T12:52:32+00:00\" \/>\n<meta property=\"article:modified_time\" content=\"2020-12-14T13:13:17+00:00\" \/>\n<meta property=\"og:image\" content=\"https:\/\/www.sgagora.com.br\/sg\/wp-content\/uploads\/2020\/12\/ultima-parcela-auxilio-emergencial-1024x614-1-e1607950316769.jpg\" \/>\n\t<meta property=\"og:image:width\" content=\"600\" \/>\n\t<meta property=\"og:image:height\" content=\"360\" \/>\n\t<meta property=\"og:image:type\" content=\"image\/jpeg\" \/>\n<meta name=\"author\" content=\"SG Agora\" \/>\n<meta name=\"twitter:label1\" content=\"Escrito por\" \/>\n\t<meta name=\"twitter:data1\" content=\"SG Agora\" \/>\n\t<meta name=\"twitter:label2\" content=\"Est. tempo de leitura\" \/>\n\t<meta name=\"twitter:data2\" content=\"4 minutos\" \/>\n<script type=\"application\/ld+json\" class=\"yoast-schema-graph\">{\"@context\":\"https:\/\/schema.org\",\"@graph\":[{\"@type\":\"WebPage\",\"@id\":\"https:\/\/www.sgagora.com.br\/sg\/auxilio-emergencial-52-milhoes-de-pessoas-recebem-a-ultima-parcela-hoje\/\",\"url\":\"https:\/\/www.sgagora.com.br\/sg\/auxilio-emergencial-52-milhoes-de-pessoas-recebem-a-ultima-parcela-hoje\/\",\"name\":\"Aux\u00edlio emergencial: 5,2 milh\u00f5es de pessoas recebem a \u00faltima parcela hoje\",\"isPartOf\":{\"@id\":\"https:\/\/www.sgagora.com.br\/sg\/#website\"},\"datePublished\":\"2020-12-14T12:52:32+00:00\",\"dateModified\":\"2020-12-14T13:13:17+00:00\",\"author\":{\"@id\":\"https:\/\/www.sgagora.com.br\/sg\/#\/schema\/person\/2be62cfb47cee3e0b305e4f7a765ae41\"},\"description\":\"Destes,\u00a03,6 milh\u00f5es de nascidos em mar\u00e7o da ajuda federal criada na pandemia do novo coronav\u00edrus.\",\"breadcrumb\":{\"@id\":\"https:\/\/www.sgagora.com.br\/sg\/auxilio-emergencial-52-milhoes-de-pessoas-recebem-a-ultima-parcela-hoje\/#breadcrumb\"},\"inLanguage\":\"pt-BR\",\"potentialAction\":[{\"@type\":\"ReadAction\",\"target\":[\"https:\/\/www.sgagora.com.br\/sg\/auxilio-emergencial-52-milhoes-de-pessoas-recebem-a-ultima-parcela-hoje\/\"]}]},{\"@type\":\"BreadcrumbList\",\"@id\":\"https:\/\/www.sgagora.com.br\/sg\/auxilio-emergencial-52-milhoes-de-pessoas-recebem-a-ultima-parcela-hoje\/#breadcrumb\",\"itemListElement\":[{\"@type\":\"ListItem\",\"position\":1,\"name\":\"In\u00edcio\",\"item\":\"https:\/\/www.sgagora.com.br\/sg\/\"},{\"@type\":\"ListItem\",\"position\":2,\"name\":\"Aux\u00edlio emergencial: 5,2 milh\u00f5es de pessoas recebem a \u00faltima parcela hoje\"}]},{\"@type\":\"WebSite\",\"@id\":\"https:\/\/www.sgagora.com.br\/sg\/#website\",\"url\":\"https:\/\/www.sgagora.com.br\/sg\/\",\"name\":\"SGAgora\",\"description\":\"Not\u00edcias de S\u00e3o Gotardo\",\"potentialAction\":[{\"@type\":\"SearchAction\",\"target\":{\"@type\":\"EntryPoint\",\"urlTemplate\":\"https:\/\/www.sgagora.com.br\/sg\/?s={search_term_string}\"},\"query-input\":\"required name=search_term_string\"}],\"inLanguage\":\"pt-BR\"},{\"@type\":\"Person\",\"@id\":\"https:\/\/www.sgagora.com.br\/sg\/#\/schema\/person\/2be62cfb47cee3e0b305e4f7a765ae41\",\"name\":\"SG Agora\",\"image\":{\"@type\":\"ImageObject\",\"inLanguage\":\"pt-BR\",\"@id\":\"https:\/\/www.sgagora.com.br\/sg\/#\/schema\/person\/image\/\",\"url\":\"https:\/\/secure.gravatar.com\/avatar\/a0c612a9a8c3e7419d6fd4f92e749d8d?s=96&d=mm&r=g\",\"contentUrl\":\"https:\/\/secure.gravatar.com\/avatar\/a0c612a9a8c3e7419d6fd4f92e749d8d?s=96&d=mm&r=g\",\"caption\":\"SG Agora\"},\"url\":\"https:\/\/www.sgagora.com.br\/sg\/author\/admin\/\"}]}<\/script>\n<!-- \/ Yoast SEO plugin. -->","yoast_head_json":{"title":"Aux\u00edlio emergencial: 5,2 milh\u00f5es de pessoas recebem a \u00faltima parcela hoje","description":"Destes,\u00a03,6 milh\u00f5es de nascidos em mar\u00e7o da ajuda federal criada na pandemia do novo coronav\u00edrus.","robots":{"index":"index","follow":"follow","max-snippet":"max-snippet:-1","max-image-preview":"max-image-preview:large","max-video-preview":"max-video-preview:-1"},"canonical":"https:\/\/www.sgagora.com.br\/sg\/auxilio-emergencial-52-milhoes-de-pessoas-recebem-a-ultima-parcela-hoje\/","og_locale":"pt_BR","og_type":"article","og_title":"Aux\u00edlio emergencial: 5,2 milh\u00f5es de pessoas recebem a \u00faltima parcela hoje","og_description":"Destes,\u00a03,6 milh\u00f5es de nascidos em mar\u00e7o da ajuda federal criada na pandemia do novo coronav\u00edrus.","og_url":"https:\/\/www.sgagora.com.br\/sg\/auxilio-emergencial-52-milhoes-de-pessoas-recebem-a-ultima-parcela-hoje\/","og_site_name":"SGAgora","article_publisher":"https:\/\/www.facebook.com\/sgagora","article_published_time":"2020-12-14T12:52:32+00:00","article_modified_time":"2020-12-14T13:13:17+00:00","og_image":[{"width":600,"height":360,"url":"https:\/\/www.sgagora.com.br\/sg\/wp-content\/uploads\/2020\/12\/ultima-parcela-auxilio-emergencial-1024x614-1-e1607950316769.jpg","type":"image\/jpeg"}],"author":"SG Agora","twitter_misc":{"Escrito por":"SG Agora","Est. tempo de leitura":"4 minutos"},"schema":{"@context":"https:\/\/schema.org","@graph":[{"@type":"WebPage","@id":"https:\/\/www.sgagora.com.br\/sg\/auxilio-emergencial-52-milhoes-de-pessoas-recebem-a-ultima-parcela-hoje\/","url":"https:\/\/www.sgagora.com.br\/sg\/auxilio-emergencial-52-milhoes-de-pessoas-recebem-a-ultima-parcela-hoje\/","name":"Aux\u00edlio emergencial: 5,2 milh\u00f5es de pessoas recebem a \u00faltima parcela hoje","isPartOf":{"@id":"https:\/\/www.sgagora.com.br\/sg\/#website"},"datePublished":"2020-12-14T12:52:32+00:00","dateModified":"2020-12-14T13:13:17+00:00","author":{"@id":"https:\/\/www.sgagora.com.br\/sg\/#\/schema\/person\/2be62cfb47cee3e0b305e4f7a765ae41"},"description":"Destes,\u00a03,6 milh\u00f5es de nascidos em mar\u00e7o da ajuda federal criada na pandemia do novo coronav\u00edrus.","breadcrumb":{"@id":"https:\/\/www.sgagora.com.br\/sg\/auxilio-emergencial-52-milhoes-de-pessoas-recebem-a-ultima-parcela-hoje\/#breadcrumb"},"inLanguage":"pt-BR","potentialAction":[{"@type":"ReadAction","target":["https:\/\/www.sgagora.com.br\/sg\/auxilio-emergencial-52-milhoes-de-pessoas-recebem-a-ultima-parcela-hoje\/"]}]},{"@type":"BreadcrumbList","@id":"https:\/\/www.sgagora.com.br\/sg\/auxilio-emergencial-52-milhoes-de-pessoas-recebem-a-ultima-parcela-hoje\/#breadcrumb","itemListElement":[{"@type":"ListItem","position":1,"name":"In\u00edcio","item":"https:\/\/www.sgagora.com.br\/sg\/"},{"@type":"ListItem","position":2,"name":"Aux\u00edlio emergencial: 5,2 milh\u00f5es de pessoas recebem a \u00faltima parcela hoje"}]},{"@type":"WebSite","@id":"https:\/\/www.sgagora.com.br\/sg\/#website","url":"https:\/\/www.sgagora.com.br\/sg\/","name":"SGAgora","description":"Not\u00edcias de S\u00e3o Gotardo","potentialAction":[{"@type":"SearchAction","target":{"@type":"EntryPoint","urlTemplate":"https:\/\/www.sgagora.com.br\/sg\/?s={search_term_string}"},"query-input":"required name=search_term_string"}],"inLanguage":"pt-BR"},{"@type":"Person","@id":"https:\/\/www.sgagora.com.br\/sg\/#\/schema\/person\/2be62cfb47cee3e0b305e4f7a765ae41","name":"SG Agora","image":{"@type":"ImageObject","inLanguage":"pt-BR","@id":"https:\/\/www.sgagora.com.br\/sg\/#\/schema\/person\/image\/","url":"https:\/\/secure.gravatar.com\/avatar\/a0c612a9a8c3e7419d6fd4f92e749d8d?s=96&d=mm&r=g","contentUrl":"https:\/\/secure.gravatar.com\/avatar\/a0c612a9a8c3e7419d6fd4f92e749d8d?s=96&d=mm&r=g","caption":"SG Agora"},"url":"https:\/\/www.sgagora.com.br\/sg\/author\/admin\/"}]}},"_links":{"self":[{"href":"https:\/\/www.sgagora.com.br\/sg\/wp-json\/wp\/v2\/posts\/999985427"}],"collection":[{"href":"https:\/\/www.sgagora.com.br\/sg\/wp-json\/wp\/v2\/posts"}],"about":[{"href":"https:\/\/www.sgagora.com.br\/sg\/wp-json\/wp\/v2\/types\/post"}],"author":[{"embeddable":true,"href":"https:\/\/www.sgagora.com.br\/sg\/wp-json\/wp\/v2\/users\/1"}],"replies":[{"embeddable":true,"href":"https:\/\/www.sgagora.com.br\/sg\/wp-json\/wp\/v2\/comments?post=999985427"}],"version-history":[{"count":3,"href":"https:\/\/www.sgagora.com.br\/sg\/wp-json\/wp\/v2\/posts\/999985427\/revisions"}],"predecessor-version":[{"id":999985435,"href":"https:\/\/www.sgagora.com.br\/sg\/wp-json\/wp\/v2\/posts\/999985427\/revisions\/999985435"}],"wp:featuredmedia":[{"embeddable":true,"href":"https:\/\/www.sgagora.com.br\/sg\/wp-json\/wp\/v2\/media\/999985431"}],"wp:attachment":[{"href":"https:\/\/www.sgagora.com.br\/sg\/wp-json\/wp\/v2\/media?parent=999985427"}],"wp:term":[{"taxonomy":"category","embeddable":true,"href":"https:\/\/www.sgagora.com.br\/sg\/wp-json\/wp\/v2\/categories?post=999985427"},{"taxonomy":"post_tag","embeddable":true,"href":"https:\/\/www.sgagora.com.br\/sg\/wp-json\/wp\/v2\/tags?post=999985427"}],"curies":[{"name":"wp","href":"https:\/\/api.w.org\/{rel}","templated":true}]}}