{"id":999985617,"date":"2020-12-23T16:15:54","date_gmt":"2020-12-23T19:15:54","guid":{"rendered":"https:\/\/www.sgagora.com.br\/sg\/?p=999985617"},"modified":"2020-12-24T09:37:16","modified_gmt":"2020-12-24T12:37:16","slug":"motorista-embriagado-causa-acidente-na-br-354-em-guarda-dos-ferreiros-foge-mas-acaba-preso-pela-pmr","status":"publish","type":"post","link":"https:\/\/www.sgagora.com.br\/sg\/motorista-embriagado-causa-acidente-na-br-354-em-guarda-dos-ferreiros-foge-mas-acaba-preso-pela-pmr\/","title":{"rendered":"Motorista embriagado causa acidente na BR-354 em Guarda dos Ferreiros, foge, mas acaba preso pela PMR"},"content":{"rendered":"<p style=\"text-align: center;\"><span style=\"color: #ff0000;\"><strong>CONTINUA AP\u00d3S A PUBLICIDADE<\/strong><\/span><img decoding=\"async\" loading=\"lazy\" class=\"aligncenter wp-image-999984638 size-full\" src=\"https:\/\/www.sgagora.com.br\/sg\/wp-content\/uploads\/2020\/10\/BANNER-1-260x260-FORMATO-GIF-1.gif\" alt=\"\" width=\"260\" height=\"260\"><\/p>\n<p><img decoding=\"async\" loading=\"lazy\" class=\"aligncenter wp-image-999984838 size-full\" src=\"https:\/\/www.sgagora.com.br\/sg\/wp-content\/uploads\/2020\/11\/gif_ophicina_da_moda-1.gif\" alt=\"\" width=\"260\" height=\"260\"><\/p>\n<p style=\"text-align: justify;\">A Pol\u00edcia Militar Rodovi\u00e1ria levou para a Delegacia de Pol\u00edcia Civil um motorista de de 46 anos de idade o qual dirigia um caminh\u00e3o, ap\u00f3s ter batido em uma Fiat Strada na BR-354 no Distrito de Guarda dos Ferreiros e fugido do local do acidente. Segundo as informa\u00e7\u00f5es, o fato aconteceu nesta ter\u00e7a-feira, dia 22, por volta das 20:00 horas no KM-329.<\/p>\n<p style=\"text-align: justify;\">De acordo com a Assessoria de Imprensa da Pol\u00edcia Militar Rodovi\u00e1ria, os militares foram acionados pela sala de opera\u00e7\u00f5es de CIA de S\u00e3o Gotardo, informando sobre um acidente de tr\u00e2nsito sem v\u00edtima e que envolvia dois ve\u00edculos: uma caminhonete Fiat Strada prata e um caminh\u00e3o branco.<\/p>\n<p style=\"text-align: justify;\">Ao chegarem no local os policiais perceberam que n\u00e3o tinha obstru\u00e7\u00e3o da via e que apenas um dos envolvidos havia aguardado para o registro da ocorr\u00eancia. Assim, os oficiais iniciaram dilig\u00eancias e em Guarda dos Ferreiros, lograram \u00eaxito em localizar o condutor do caminh\u00e3o, identificado como A.T. dos S. de 46 anos, sendo este, apresentando fortes sintomas de embriaguez.<\/p>\n<p style=\"text-align: center;\"><span style=\"color: #ff0000;\"><strong>CONTINUA AP\u00d3S A PUBLICIDADE<\/strong><\/span><img decoding=\"async\" loading=\"lazy\" class=\"aligncenter wp-image-999984622 size-full\" src=\"https:\/\/www.sgagora.com.br\/sg\/wp-content\/uploads\/2020\/10\/Propaganda-SG-Agora.jpg\" sizes=\"(max-width: 600px) 100vw, 600px\" srcset=\"https:\/\/www.sgagora.com.br\/sg\/wp-content\/uploads\/2020\/10\/Propaganda-SG-Agora.jpg 600w, https:\/\/www.sgagora.com.br\/sg\/wp-content\/uploads\/2020\/10\/Propaganda-SG-Agora-300x175.jpg 300w\" alt=\"\" width=\"600\" height=\"350\"><\/p>\n<p style=\"text-align: justify;\">Devido a suspeita da PMR, o condutor localizado foi convidado a fazer o teste do etil\u00f4metro, tendo o aparelho apontado a presen\u00e7a de 0.66 mg\/l no ar expelido. Diante do exposto, ele preso em flagrante e encaminhado \u00e0 delegacia de Pol\u00edcia Civil pelo cometimento dos crimes descritos nos artigos 305 e 306 do C\u00f3digo de Tr\u00e2nsito Brasileiro.<\/p>\n<p style=\"text-align: justify;\">Ainda de acordo com a PMR, o condutor do outro ve\u00edculo de 54 anos, relatou que transitava no sentido crescente da via quando foi atingindo por um caminh\u00e3o de cor branca. Ele acredita que o outro motorista tentava acessar a estrada que d\u00e1 acesso ao distrito de Guarda dos Ferreiros.&nbsp;O condutor identificado como H.M. de C. n\u00e3o sofreu ferimentos e tamb\u00e9m foi convidado a fazer o teste do baf\u00f4metro, por\u00e9m, o resultado foi negativo.<\/p>\n<p style=\"text-align: justify;\">Os ve\u00edculos envolvidos estavam todos regulares e por isso, foram liberados. Os policias ainda lavraram o auto de infra\u00e7\u00e3o de tr\u00e2nsito e conduziram o condutor A.T. dos S. at\u00e9 a Delegacia de Pol\u00edcia Civil por digirir com capacidade psicomotora alterada em raz\u00e3o da influ\u00eancia de \u00e1lcool e por fugir do local dos fatos.<\/p>\n<p style=\"text-align: center;\"><span style=\"color: #ff0000;\"><strong>CONTINUA AP\u00d3S A PUBLICIDADE<\/strong><\/span><img decoding=\"async\" loading=\"lazy\" class=\"aligncenter size-full wp-image-999983159\" src=\"https:\/\/www.sgagora.com.br\/sg\/wp-content\/uploads\/2020\/06\/Provis%C3%B3rio-Mais-Delivey.gif\" alt=\"\" width=\"260\" height=\"260\"><\/p>\n<p><img decoding=\"async\" loading=\"lazy\" class=\"aligncenter wp-image-999983892 size-full\" src=\"https:\/\/www.sgagora.com.br\/sg\/wp-content\/uploads\/2020\/07\/ESPACO-CRIS-gif.gif\" alt=\"\" width=\"260\" height=\"260\"><\/p>\n<p style=\"text-align: center;\"><img decoding=\"async\" loading=\"lazy\" class=\"aligncenter size-full wp-image-999985620\" src=\"https:\/\/www.sgagora.com.br\/sg\/wp-content\/uploads\/2020\/12\/Fonte-da-Foto-Reportagem-Acidente-02-PMR-e1608750876942.jpg\" alt=\"\" width=\"600\" height=\"450\"><strong>Por sorte ningu\u00e9m se feriu gravemente (Foto: PMR)<\/strong><\/p>\n<p style=\"text-align: justify;\"><span style=\"color: #ffffff;\">.<\/span><\/p>\n<p style=\"text-align: justify;\"><em><strong>Reportagem:<\/strong> Gilberto Martins\/Parana\u00edba Agora \/ <strong>Adapta\u00e7\u00f5es:<\/strong> Diego Oliveira\/Portal SG AGORA \/<strong> Fonte da Reportagem e Foto Capa:<\/strong> Assessoria de Imprensa Pol\u00edcia Militar Rodovi\u00e1ria<\/em><\/p>\n","protected":false},"excerpt":{"rendered":"<p>CONTINUA AP\u00d3S A PUBLICIDADE A Pol\u00edcia Militar Rodovi\u00e1ria levou para a Delegacia de Pol\u00edcia Civil um motorista de de 46 anos de idade o qual dirigia um caminh\u00e3o, ap\u00f3s ter batido em uma Fiat Strada &#8230; <a class=\"readmore\" href=\"https:\/\/www.sgagora.com.br\/sg\/motorista-embriagado-causa-acidente-na-br-354-em-guarda-dos-ferreiros-foge-mas-acaba-preso-pela-pmr\/\">Leia Mais<\/a><\/p>\n","protected":false},"author":1,"featured_media":999985619,"comment_status":"open","ping_status":"open","sticky":false,"template":"","format":"standard","meta":{"_bbp_topic_count":0,"_bbp_reply_count":0,"_bbp_total_topic_count":0,"_bbp_total_reply_count":0,"_bbp_voice_count":0,"_bbp_anonymous_reply_count":0,"_bbp_topic_count_hidden":0,"_bbp_reply_count_hidden":0,"_bbp_forum_subforum_count":0},"categories":[84,77],"tags":[137,242,141,4475,5709,135,1521,471,659,800,1007,134,194,131],"yoast_head":"<!-- This site is optimized with the Yoast SEO plugin v20.5 - https:\/\/yoast.com\/wordpress\/plugins\/seo\/ -->\n<title>Condutor embriagado causa acidente na BR-354 em Guarda dos Ferreiros, foge, mas acaba preso pela PMR<\/title>\n<meta name=\"description\" content=\"Motorista foi preso ap\u00f3s bater em uma Fiat Strada na BR-354 no Distrito de Guarda dos Ferreiros e fugir do local do acidente.\" \/>\n<meta name=\"robots\" content=\"index, follow, max-snippet:-1, max-image-preview:large, max-video-preview:-1\" \/>\n<link rel=\"canonical\" href=\"https:\/\/www.sgagora.com.br\/sg\/motorista-embriagado-causa-acidente-na-br-354-em-guarda-dos-ferreiros-foge-mas-acaba-preso-pela-pmr\/\" \/>\n<meta property=\"og:locale\" content=\"pt_BR\" \/>\n<meta property=\"og:type\" content=\"article\" \/>\n<meta property=\"og:title\" content=\"Condutor embriagado causa acidente na BR-354 em Guarda dos Ferreiros, foge, mas acaba preso pela PMR\" \/>\n<meta property=\"og:description\" content=\"Motorista foi preso ap\u00f3s bater em uma Fiat Strada na BR-354 no Distrito de Guarda dos Ferreiros e fugir do local do acidente.\" \/>\n<meta property=\"og:url\" content=\"https:\/\/www.sgagora.com.br\/sg\/motorista-embriagado-causa-acidente-na-br-354-em-guarda-dos-ferreiros-foge-mas-acaba-preso-pela-pmr\/\" \/>\n<meta property=\"og:site_name\" content=\"SGAgora\" \/>\n<meta property=\"article:publisher\" content=\"https:\/\/www.facebook.com\/sgagora\" \/>\n<meta property=\"article:published_time\" content=\"2020-12-23T19:15:54+00:00\" \/>\n<meta property=\"article:modified_time\" content=\"2020-12-24T12:37:16+00:00\" \/>\n<meta property=\"og:image\" content=\"https:\/\/www.sgagora.com.br\/sg\/wp-content\/uploads\/2020\/12\/Fonte-da-Foto-Reportagem-Acidente-01-PMR-e1608750839664.jpg\" \/>\n\t<meta property=\"og:image:width\" content=\"600\" \/>\n\t<meta property=\"og:image:height\" content=\"450\" \/>\n\t<meta property=\"og:image:type\" content=\"image\/jpeg\" \/>\n<meta name=\"author\" content=\"SG Agora\" \/>\n<meta name=\"twitter:label1\" content=\"Escrito por\" \/>\n\t<meta name=\"twitter:data1\" content=\"SG Agora\" \/>\n\t<meta name=\"twitter:label2\" content=\"Est. tempo de leitura\" \/>\n\t<meta name=\"twitter:data2\" content=\"2 minutos\" \/>\n<script type=\"application\/ld+json\" class=\"yoast-schema-graph\">{\"@context\":\"https:\/\/schema.org\",\"@graph\":[{\"@type\":\"WebPage\",\"@id\":\"https:\/\/www.sgagora.com.br\/sg\/motorista-embriagado-causa-acidente-na-br-354-em-guarda-dos-ferreiros-foge-mas-acaba-preso-pela-pmr\/\",\"url\":\"https:\/\/www.sgagora.com.br\/sg\/motorista-embriagado-causa-acidente-na-br-354-em-guarda-dos-ferreiros-foge-mas-acaba-preso-pela-pmr\/\",\"name\":\"Condutor embriagado causa acidente na BR-354 em Guarda dos Ferreiros, foge, mas acaba preso pela PMR\",\"isPartOf\":{\"@id\":\"https:\/\/www.sgagora.com.br\/sg\/#website\"},\"datePublished\":\"2020-12-23T19:15:54+00:00\",\"dateModified\":\"2020-12-24T12:37:16+00:00\",\"author\":{\"@id\":\"https:\/\/www.sgagora.com.br\/sg\/#\/schema\/person\/2be62cfb47cee3e0b305e4f7a765ae41\"},\"description\":\"Motorista foi preso ap\u00f3s bater em uma Fiat Strada na BR-354 no Distrito de Guarda dos Ferreiros e fugir do local do acidente.\",\"breadcrumb\":{\"@id\":\"https:\/\/www.sgagora.com.br\/sg\/motorista-embriagado-causa-acidente-na-br-354-em-guarda-dos-ferreiros-foge-mas-acaba-preso-pela-pmr\/#breadcrumb\"},\"inLanguage\":\"pt-BR\",\"potentialAction\":[{\"@type\":\"ReadAction\",\"target\":[\"https:\/\/www.sgagora.com.br\/sg\/motorista-embriagado-causa-acidente-na-br-354-em-guarda-dos-ferreiros-foge-mas-acaba-preso-pela-pmr\/\"]}]},{\"@type\":\"BreadcrumbList\",\"@id\":\"https:\/\/www.sgagora.com.br\/sg\/motorista-embriagado-causa-acidente-na-br-354-em-guarda-dos-ferreiros-foge-mas-acaba-preso-pela-pmr\/#breadcrumb\",\"itemListElement\":[{\"@type\":\"ListItem\",\"position\":1,\"name\":\"In\u00edcio\",\"item\":\"https:\/\/www.sgagora.com.br\/sg\/\"},{\"@type\":\"ListItem\",\"position\":2,\"name\":\"Motorista embriagado causa acidente na BR-354 em Guarda dos Ferreiros, foge, mas acaba preso pela PMR\"}]},{\"@type\":\"WebSite\",\"@id\":\"https:\/\/www.sgagora.com.br\/sg\/#website\",\"url\":\"https:\/\/www.sgagora.com.br\/sg\/\",\"name\":\"SGAgora\",\"description\":\"Not\u00edcias de S\u00e3o Gotardo\",\"potentialAction\":[{\"@type\":\"SearchAction\",\"target\":{\"@type\":\"EntryPoint\",\"urlTemplate\":\"https:\/\/www.sgagora.com.br\/sg\/?s={search_term_string}\"},\"query-input\":\"required name=search_term_string\"}],\"inLanguage\":\"pt-BR\"},{\"@type\":\"Person\",\"@id\":\"https:\/\/www.sgagora.com.br\/sg\/#\/schema\/person\/2be62cfb47cee3e0b305e4f7a765ae41\",\"name\":\"SG Agora\",\"image\":{\"@type\":\"ImageObject\",\"inLanguage\":\"pt-BR\",\"@id\":\"https:\/\/www.sgagora.com.br\/sg\/#\/schema\/person\/image\/\",\"url\":\"https:\/\/secure.gravatar.com\/avatar\/a0c612a9a8c3e7419d6fd4f92e749d8d?s=96&d=mm&r=g\",\"contentUrl\":\"https:\/\/secure.gravatar.com\/avatar\/a0c612a9a8c3e7419d6fd4f92e749d8d?s=96&d=mm&r=g\",\"caption\":\"SG Agora\"},\"url\":\"https:\/\/www.sgagora.com.br\/sg\/author\/admin\/\"}]}<\/script>\n<!-- \/ Yoast SEO plugin. -->","yoast_head_json":{"title":"Condutor embriagado causa acidente na BR-354 em Guarda dos Ferreiros, foge, mas acaba preso pela PMR","description":"Motorista foi preso ap\u00f3s bater em uma Fiat Strada na BR-354 no Distrito de Guarda dos Ferreiros e fugir do local do acidente.","robots":{"index":"index","follow":"follow","max-snippet":"max-snippet:-1","max-image-preview":"max-image-preview:large","max-video-preview":"max-video-preview:-1"},"canonical":"https:\/\/www.sgagora.com.br\/sg\/motorista-embriagado-causa-acidente-na-br-354-em-guarda-dos-ferreiros-foge-mas-acaba-preso-pela-pmr\/","og_locale":"pt_BR","og_type":"article","og_title":"Condutor embriagado causa acidente na BR-354 em Guarda dos Ferreiros, foge, mas acaba preso pela PMR","og_description":"Motorista foi preso ap\u00f3s bater em uma Fiat Strada na BR-354 no Distrito de Guarda dos Ferreiros e fugir do local do acidente.","og_url":"https:\/\/www.sgagora.com.br\/sg\/motorista-embriagado-causa-acidente-na-br-354-em-guarda-dos-ferreiros-foge-mas-acaba-preso-pela-pmr\/","og_site_name":"SGAgora","article_publisher":"https:\/\/www.facebook.com\/sgagora","article_published_time":"2020-12-23T19:15:54+00:00","article_modified_time":"2020-12-24T12:37:16+00:00","og_image":[{"width":600,"height":450,"url":"https:\/\/www.sgagora.com.br\/sg\/wp-content\/uploads\/2020\/12\/Fonte-da-Foto-Reportagem-Acidente-01-PMR-e1608750839664.jpg","type":"image\/jpeg"}],"author":"SG Agora","twitter_misc":{"Escrito por":"SG Agora","Est. tempo de leitura":"2 minutos"},"schema":{"@context":"https:\/\/schema.org","@graph":[{"@type":"WebPage","@id":"https:\/\/www.sgagora.com.br\/sg\/motorista-embriagado-causa-acidente-na-br-354-em-guarda-dos-ferreiros-foge-mas-acaba-preso-pela-pmr\/","url":"https:\/\/www.sgagora.com.br\/sg\/motorista-embriagado-causa-acidente-na-br-354-em-guarda-dos-ferreiros-foge-mas-acaba-preso-pela-pmr\/","name":"Condutor embriagado causa acidente na BR-354 em Guarda dos Ferreiros, foge, mas acaba preso pela PMR","isPartOf":{"@id":"https:\/\/www.sgagora.com.br\/sg\/#website"},"datePublished":"2020-12-23T19:15:54+00:00","dateModified":"2020-12-24T12:37:16+00:00","author":{"@id":"https:\/\/www.sgagora.com.br\/sg\/#\/schema\/person\/2be62cfb47cee3e0b305e4f7a765ae41"},"description":"Motorista foi preso ap\u00f3s bater em uma Fiat Strada na BR-354 no Distrito de Guarda dos Ferreiros e fugir do local do acidente.","breadcrumb":{"@id":"https:\/\/www.sgagora.com.br\/sg\/motorista-embriagado-causa-acidente-na-br-354-em-guarda-dos-ferreiros-foge-mas-acaba-preso-pela-pmr\/#breadcrumb"},"inLanguage":"pt-BR","potentialAction":[{"@type":"ReadAction","target":["https:\/\/www.sgagora.com.br\/sg\/motorista-embriagado-causa-acidente-na-br-354-em-guarda-dos-ferreiros-foge-mas-acaba-preso-pela-pmr\/"]}]},{"@type":"BreadcrumbList","@id":"https:\/\/www.sgagora.com.br\/sg\/motorista-embriagado-causa-acidente-na-br-354-em-guarda-dos-ferreiros-foge-mas-acaba-preso-pela-pmr\/#breadcrumb","itemListElement":[{"@type":"ListItem","position":1,"name":"In\u00edcio","item":"https:\/\/www.sgagora.com.br\/sg\/"},{"@type":"ListItem","position":2,"name":"Motorista embriagado causa acidente na BR-354 em Guarda dos Ferreiros, foge, mas acaba preso pela PMR"}]},{"@type":"WebSite","@id":"https:\/\/www.sgagora.com.br\/sg\/#website","url":"https:\/\/www.sgagora.com.br\/sg\/","name":"SGAgora","description":"Not\u00edcias de S\u00e3o Gotardo","potentialAction":[{"@type":"SearchAction","target":{"@type":"EntryPoint","urlTemplate":"https:\/\/www.sgagora.com.br\/sg\/?s={search_term_string}"},"query-input":"required name=search_term_string"}],"inLanguage":"pt-BR"},{"@type":"Person","@id":"https:\/\/www.sgagora.com.br\/sg\/#\/schema\/person\/2be62cfb47cee3e0b305e4f7a765ae41","name":"SG Agora","image":{"@type":"ImageObject","inLanguage":"pt-BR","@id":"https:\/\/www.sgagora.com.br\/sg\/#\/schema\/person\/image\/","url":"https:\/\/secure.gravatar.com\/avatar\/a0c612a9a8c3e7419d6fd4f92e749d8d?s=96&d=mm&r=g","contentUrl":"https:\/\/secure.gravatar.com\/avatar\/a0c612a9a8c3e7419d6fd4f92e749d8d?s=96&d=mm&r=g","caption":"SG Agora"},"url":"https:\/\/www.sgagora.com.br\/sg\/author\/admin\/"}]}},"_links":{"self":[{"href":"https:\/\/www.sgagora.com.br\/sg\/wp-json\/wp\/v2\/posts\/999985617"}],"collection":[{"href":"https:\/\/www.sgagora.com.br\/sg\/wp-json\/wp\/v2\/posts"}],"about":[{"href":"https:\/\/www.sgagora.com.br\/sg\/wp-json\/wp\/v2\/types\/post"}],"author":[{"embeddable":true,"href":"https:\/\/www.sgagora.com.br\/sg\/wp-json\/wp\/v2\/users\/1"}],"replies":[{"embeddable":true,"href":"https:\/\/www.sgagora.com.br\/sg\/wp-json\/wp\/v2\/comments?post=999985617"}],"version-history":[{"count":2,"href":"https:\/\/www.sgagora.com.br\/sg\/wp-json\/wp\/v2\/posts\/999985617\/revisions"}],"predecessor-version":[{"id":999985634,"href":"https:\/\/www.sgagora.com.br\/sg\/wp-json\/wp\/v2\/posts\/999985617\/revisions\/999985634"}],"wp:featuredmedia":[{"embeddable":true,"href":"https:\/\/www.sgagora.com.br\/sg\/wp-json\/wp\/v2\/media\/999985619"}],"wp:attachment":[{"href":"https:\/\/www.sgagora.com.br\/sg\/wp-json\/wp\/v2\/media?parent=999985617"}],"wp:term":[{"taxonomy":"category","embeddable":true,"href":"https:\/\/www.sgagora.com.br\/sg\/wp-json\/wp\/v2\/categories?post=999985617"},{"taxonomy":"post_tag","embeddable":true,"href":"https:\/\/www.sgagora.com.br\/sg\/wp-json\/wp\/v2\/tags?post=999985617"}],"curies":[{"name":"wp","href":"https:\/\/api.w.org\/{rel}","templated":true}]}}