{"id":999986475,"date":"2021-02-06T12:50:02","date_gmt":"2021-02-06T15:50:02","guid":{"rendered":"https:\/\/www.sgagora.com.br\/sg\/?p=999986475"},"modified":"2021-03-03T17:41:07","modified_gmt":"2021-03-03T20:41:07","slug":"batida-entre-carreta-e-carro-forte-deixa-tres-pessoas-feridas-na-br-354-em-lagoa-formosa","status":"publish","type":"post","link":"https:\/\/www.sgagora.com.br\/sg\/batida-entre-carreta-e-carro-forte-deixa-tres-pessoas-feridas-na-br-354-em-lagoa-formosa\/","title":{"rendered":"Batida entre carreta e carro forte deixa tr\u00eas pessoas feridas na BR-354, em Lagoa Formosa"},"content":{"rendered":"<p style=\"text-align: center;\"><span style=\"color: #ff0000;\"><strong>CONTINUA AP\u00d3S A PUBLICIDADE<\/strong><\/span><img decoding=\"async\" loading=\"lazy\" class=\"aligncenter wp-image-999984638 size-full\" src=\"https:\/\/www.sgagora.com.br\/sg\/wp-content\/uploads\/2020\/10\/BANNER-1-260x260-FORMATO-GIF-1.gif\" alt=\"\" width=\"260\" height=\"260\" \/><\/p>\n<p><img decoding=\"async\" loading=\"lazy\" class=\"aligncenter wp-image-999986675 size-full\" src=\"https:\/\/www.sgagora.com.br\/sg\/wp-content\/uploads\/2021\/02\/OPHICINA-gif.gif\" alt=\"\" width=\"260\" height=\"260\" \/><\/p>\n<p style=\"text-align: justify;\">Na tarde desta quinta-feira (04-02) a Pol\u00edcia Militar Rodovi\u00e1ria e o Corpo de Bombeiros foram acionados a comparecer na Ponte sobre o C\u00f3rrego Fundo, no quil\u00f4metro 247 da BR-354, no munic\u00edpio de Lagoa Formosa para registrar um acidente de tr\u00e2nsito envolvendo uma carreta bitrem e um carro forte.<\/p>\n<p style=\"text-align: center;\"><span style=\"color: #ff0000;\"><strong>CONTINUA AP\u00d3S A PUBLICIDADE<\/strong><\/span><img decoding=\"async\" loading=\"lazy\" class=\"aligncenter wp-image-999984622 size-full\" src=\"https:\/\/www.sgagora.com.br\/sg\/wp-content\/uploads\/2020\/10\/Propaganda-SG-Agora.jpg\" sizes=\"(max-width: 600px) 100vw, 600px\" srcset=\"https:\/\/www.sgagora.com.br\/sg\/wp-content\/uploads\/2020\/10\/Propaganda-SG-Agora.jpg 600w, https:\/\/www.sgagora.com.br\/sg\/wp-content\/uploads\/2020\/10\/Propaganda-SG-Agora-300x175.jpg 300w\" alt=\"\" width=\"600\" height=\"350\" \/><\/p>\n<p style=\"text-align: justify;\">A informa\u00e7\u00e3o foi que a carreta e o carro forte seguiam no mesmo sentido, Lagoa Formosa a Patos de Minas. \u00a0Outro ve\u00edculo, um Fiat Palio Adventure estourou o pneu e ficou parado atravessado na pista. A carreta parou, por\u00e9m o motorista do carro forte, n\u00e3o conseguiu parar e bateu violentamente na traseira da carreta.<\/p>\n<p style=\"text-align: center;\"><span style=\"color: #ff0000;\"><strong>CONTINUA AP\u00d3S A PUBLICIDADE<\/strong><\/span><br \/>\n<img decoding=\"async\" loading=\"lazy\" class=\"aligncenter wp-image-999986332 size-full\" src=\"https:\/\/www.sgagora.com.br\/sg\/wp-content\/uploads\/2021\/01\/anigifodonto-company.gif\" alt=\"\" width=\"600\" height=\"350\" \/><\/p>\n<p style=\"text-align: justify;\">Dois vigilantes que estavam no carro forte ficaram feridos, um foi socorrido Hospital Regional em Patos de Minas com suspeita de fratura no f\u00eamur e o outro foi socorrido para o hospital de Lagoa Formosa com um corte na testa. Na carreta, a passageira foi socorrida tamb\u00e9m para Lagoa Formosa reclamando dor na regi\u00e3o do t\u00f3rax.<\/p>\n<p style=\"text-align: center;\"><span style=\"color: #ff0000;\"><strong>CONTINUA AP\u00d3S A PUBLICIDADE<\/strong><\/span><img decoding=\"async\" loading=\"lazy\" class=\"aligncenter size-full wp-image-999983159\" src=\"https:\/\/www.sgagora.com.br\/sg\/wp-content\/uploads\/2020\/06\/Provis%C3%B3rio-Mais-Delivey.gif\" alt=\"\" width=\"260\" height=\"260\" \/><\/p>\n<p><img decoding=\"async\" loading=\"lazy\" class=\"aligncenter wp-image-999986842 size-full\" src=\"https:\/\/www.sgagora.com.br\/sg\/wp-content\/uploads\/2021\/03\/GOLDNET-gif-2.gif\" alt=\"\" width=\"260\" height=\"260\" \/><\/p>\n<p style=\"text-align: justify;\"><span style=\"color: #ffffff;\">.<\/span><\/p>\n<p style=\"text-align: justify;\"><em><strong>Reportagem:<\/strong> Gilberto Martins\/Parana\u00edba Agora \/ <strong>Fonte da Reportagem:<\/strong> Clube Not\u00edcias \/ <strong>Foto Capa:<\/strong> Divulga\u00e7\u00e3o\/PMR<\/em><\/p>\n","protected":false},"excerpt":{"rendered":"<p>CONTINUA AP\u00d3S A PUBLICIDADE Na tarde desta quinta-feira (04-02) a Pol\u00edcia Militar Rodovi\u00e1ria e o Corpo de Bombeiros foram acionados a comparecer na Ponte sobre o C\u00f3rrego Fundo, no quil\u00f4metro 247 da BR-354, no munic\u00edpio &#8230; <a class=\"readmore\" href=\"https:\/\/www.sgagora.com.br\/sg\/batida-entre-carreta-e-carro-forte-deixa-tres-pessoas-feridas-na-br-354-em-lagoa-formosa\/\">Leia Mais<\/a><\/p>\n","protected":false},"author":1,"featured_media":999986477,"comment_status":"open","ping_status":"open","sticky":false,"template":"","format":"standard","meta":{"_bbp_topic_count":0,"_bbp_reply_count":0,"_bbp_total_topic_count":0,"_bbp_total_reply_count":0,"_bbp_voice_count":0,"_bbp_anonymous_reply_count":0,"_bbp_topic_count_hidden":0,"_bbp_reply_count_hidden":0,"_bbp_forum_subforum_count":0},"categories":[84,77,81],"tags":[137,1307,242,556,5908,536,659,800,1007,194,131],"yoast_head":"<!-- This site is optimized with the Yoast SEO plugin v20.5 - https:\/\/yoast.com\/wordpress\/plugins\/seo\/ -->\n<title>Batida entre carreta e carro forte deixa tr\u00eas pessoas feridas na BR-354, em Lagoa Formosa<\/title>\n<meta name=\"description\" content=\"Dois vigilantes que estavam no carro forte ficaram feridos. Na carreta uma passageira tamb\u00e9m ficou ferida e precisou ser socorrida.\" \/>\n<meta name=\"robots\" content=\"index, follow, max-snippet:-1, max-image-preview:large, max-video-preview:-1\" \/>\n<link rel=\"canonical\" href=\"https:\/\/www.sgagora.com.br\/sg\/batida-entre-carreta-e-carro-forte-deixa-tres-pessoas-feridas-na-br-354-em-lagoa-formosa\/\" \/>\n<meta property=\"og:locale\" content=\"pt_BR\" \/>\n<meta property=\"og:type\" content=\"article\" \/>\n<meta property=\"og:title\" content=\"Batida entre carreta e carro forte deixa tr\u00eas pessoas feridas na BR-354, em Lagoa Formosa\" \/>\n<meta property=\"og:description\" content=\"Dois vigilantes que estavam no carro forte ficaram feridos. Na carreta uma passageira tamb\u00e9m ficou ferida e precisou ser socorrida.\" \/>\n<meta property=\"og:url\" content=\"https:\/\/www.sgagora.com.br\/sg\/batida-entre-carreta-e-carro-forte-deixa-tres-pessoas-feridas-na-br-354-em-lagoa-formosa\/\" \/>\n<meta property=\"og:site_name\" content=\"SGAgora\" \/>\n<meta property=\"article:publisher\" content=\"https:\/\/www.facebook.com\/sgagora\" \/>\n<meta property=\"article:published_time\" content=\"2021-02-06T15:50:02+00:00\" \/>\n<meta property=\"article:modified_time\" content=\"2021-03-03T20:41:07+00:00\" \/>\n<meta property=\"og:image\" content=\"https:\/\/www.sgagora.com.br\/sg\/wp-content\/uploads\/2021\/02\/IMG-20210204-WA0047-e1612626582474.jpg\" \/>\n\t<meta property=\"og:image:width\" content=\"600\" \/>\n\t<meta property=\"og:image:height\" content=\"338\" \/>\n\t<meta property=\"og:image:type\" content=\"image\/jpeg\" \/>\n<meta name=\"author\" content=\"SG Agora\" \/>\n<meta name=\"twitter:label1\" content=\"Escrito por\" \/>\n\t<meta name=\"twitter:data1\" content=\"SG Agora\" \/>\n\t<meta name=\"twitter:label2\" content=\"Est. tempo de leitura\" \/>\n\t<meta name=\"twitter:data2\" content=\"1 minuto\" \/>\n<script type=\"application\/ld+json\" class=\"yoast-schema-graph\">{\"@context\":\"https:\/\/schema.org\",\"@graph\":[{\"@type\":\"WebPage\",\"@id\":\"https:\/\/www.sgagora.com.br\/sg\/batida-entre-carreta-e-carro-forte-deixa-tres-pessoas-feridas-na-br-354-em-lagoa-formosa\/\",\"url\":\"https:\/\/www.sgagora.com.br\/sg\/batida-entre-carreta-e-carro-forte-deixa-tres-pessoas-feridas-na-br-354-em-lagoa-formosa\/\",\"name\":\"Batida entre carreta e carro forte deixa tr\u00eas pessoas feridas na BR-354, em Lagoa Formosa\",\"isPartOf\":{\"@id\":\"https:\/\/www.sgagora.com.br\/sg\/#website\"},\"datePublished\":\"2021-02-06T15:50:02+00:00\",\"dateModified\":\"2021-03-03T20:41:07+00:00\",\"author\":{\"@id\":\"https:\/\/www.sgagora.com.br\/sg\/#\/schema\/person\/2be62cfb47cee3e0b305e4f7a765ae41\"},\"description\":\"Dois vigilantes que estavam no carro forte ficaram feridos. Na carreta uma passageira tamb\u00e9m ficou ferida e precisou ser socorrida.\",\"breadcrumb\":{\"@id\":\"https:\/\/www.sgagora.com.br\/sg\/batida-entre-carreta-e-carro-forte-deixa-tres-pessoas-feridas-na-br-354-em-lagoa-formosa\/#breadcrumb\"},\"inLanguage\":\"pt-BR\",\"potentialAction\":[{\"@type\":\"ReadAction\",\"target\":[\"https:\/\/www.sgagora.com.br\/sg\/batida-entre-carreta-e-carro-forte-deixa-tres-pessoas-feridas-na-br-354-em-lagoa-formosa\/\"]}]},{\"@type\":\"BreadcrumbList\",\"@id\":\"https:\/\/www.sgagora.com.br\/sg\/batida-entre-carreta-e-carro-forte-deixa-tres-pessoas-feridas-na-br-354-em-lagoa-formosa\/#breadcrumb\",\"itemListElement\":[{\"@type\":\"ListItem\",\"position\":1,\"name\":\"In\u00edcio\",\"item\":\"https:\/\/www.sgagora.com.br\/sg\/\"},{\"@type\":\"ListItem\",\"position\":2,\"name\":\"Batida entre carreta e carro forte deixa tr\u00eas pessoas feridas na BR-354, em Lagoa Formosa\"}]},{\"@type\":\"WebSite\",\"@id\":\"https:\/\/www.sgagora.com.br\/sg\/#website\",\"url\":\"https:\/\/www.sgagora.com.br\/sg\/\",\"name\":\"SGAgora\",\"description\":\"Not\u00edcias de S\u00e3o Gotardo\",\"potentialAction\":[{\"@type\":\"SearchAction\",\"target\":{\"@type\":\"EntryPoint\",\"urlTemplate\":\"https:\/\/www.sgagora.com.br\/sg\/?s={search_term_string}\"},\"query-input\":\"required name=search_term_string\"}],\"inLanguage\":\"pt-BR\"},{\"@type\":\"Person\",\"@id\":\"https:\/\/www.sgagora.com.br\/sg\/#\/schema\/person\/2be62cfb47cee3e0b305e4f7a765ae41\",\"name\":\"SG Agora\",\"image\":{\"@type\":\"ImageObject\",\"inLanguage\":\"pt-BR\",\"@id\":\"https:\/\/www.sgagora.com.br\/sg\/#\/schema\/person\/image\/\",\"url\":\"https:\/\/secure.gravatar.com\/avatar\/a0c612a9a8c3e7419d6fd4f92e749d8d?s=96&d=mm&r=g\",\"contentUrl\":\"https:\/\/secure.gravatar.com\/avatar\/a0c612a9a8c3e7419d6fd4f92e749d8d?s=96&d=mm&r=g\",\"caption\":\"SG Agora\"},\"url\":\"https:\/\/www.sgagora.com.br\/sg\/author\/admin\/\"}]}<\/script>\n<!-- \/ Yoast SEO plugin. -->","yoast_head_json":{"title":"Batida entre carreta e carro forte deixa tr\u00eas pessoas feridas na BR-354, em Lagoa Formosa","description":"Dois vigilantes que estavam no carro forte ficaram feridos. Na carreta uma passageira tamb\u00e9m ficou ferida e precisou ser socorrida.","robots":{"index":"index","follow":"follow","max-snippet":"max-snippet:-1","max-image-preview":"max-image-preview:large","max-video-preview":"max-video-preview:-1"},"canonical":"https:\/\/www.sgagora.com.br\/sg\/batida-entre-carreta-e-carro-forte-deixa-tres-pessoas-feridas-na-br-354-em-lagoa-formosa\/","og_locale":"pt_BR","og_type":"article","og_title":"Batida entre carreta e carro forte deixa tr\u00eas pessoas feridas na BR-354, em Lagoa Formosa","og_description":"Dois vigilantes que estavam no carro forte ficaram feridos. Na carreta uma passageira tamb\u00e9m ficou ferida e precisou ser socorrida.","og_url":"https:\/\/www.sgagora.com.br\/sg\/batida-entre-carreta-e-carro-forte-deixa-tres-pessoas-feridas-na-br-354-em-lagoa-formosa\/","og_site_name":"SGAgora","article_publisher":"https:\/\/www.facebook.com\/sgagora","article_published_time":"2021-02-06T15:50:02+00:00","article_modified_time":"2021-03-03T20:41:07+00:00","og_image":[{"width":600,"height":338,"url":"https:\/\/www.sgagora.com.br\/sg\/wp-content\/uploads\/2021\/02\/IMG-20210204-WA0047-e1612626582474.jpg","type":"image\/jpeg"}],"author":"SG Agora","twitter_misc":{"Escrito por":"SG Agora","Est. tempo de leitura":"1 minuto"},"schema":{"@context":"https:\/\/schema.org","@graph":[{"@type":"WebPage","@id":"https:\/\/www.sgagora.com.br\/sg\/batida-entre-carreta-e-carro-forte-deixa-tres-pessoas-feridas-na-br-354-em-lagoa-formosa\/","url":"https:\/\/www.sgagora.com.br\/sg\/batida-entre-carreta-e-carro-forte-deixa-tres-pessoas-feridas-na-br-354-em-lagoa-formosa\/","name":"Batida entre carreta e carro forte deixa tr\u00eas pessoas feridas na BR-354, em Lagoa Formosa","isPartOf":{"@id":"https:\/\/www.sgagora.com.br\/sg\/#website"},"datePublished":"2021-02-06T15:50:02+00:00","dateModified":"2021-03-03T20:41:07+00:00","author":{"@id":"https:\/\/www.sgagora.com.br\/sg\/#\/schema\/person\/2be62cfb47cee3e0b305e4f7a765ae41"},"description":"Dois vigilantes que estavam no carro forte ficaram feridos. Na carreta uma passageira tamb\u00e9m ficou ferida e precisou ser socorrida.","breadcrumb":{"@id":"https:\/\/www.sgagora.com.br\/sg\/batida-entre-carreta-e-carro-forte-deixa-tres-pessoas-feridas-na-br-354-em-lagoa-formosa\/#breadcrumb"},"inLanguage":"pt-BR","potentialAction":[{"@type":"ReadAction","target":["https:\/\/www.sgagora.com.br\/sg\/batida-entre-carreta-e-carro-forte-deixa-tres-pessoas-feridas-na-br-354-em-lagoa-formosa\/"]}]},{"@type":"BreadcrumbList","@id":"https:\/\/www.sgagora.com.br\/sg\/batida-entre-carreta-e-carro-forte-deixa-tres-pessoas-feridas-na-br-354-em-lagoa-formosa\/#breadcrumb","itemListElement":[{"@type":"ListItem","position":1,"name":"In\u00edcio","item":"https:\/\/www.sgagora.com.br\/sg\/"},{"@type":"ListItem","position":2,"name":"Batida entre carreta e carro forte deixa tr\u00eas pessoas feridas na BR-354, em Lagoa Formosa"}]},{"@type":"WebSite","@id":"https:\/\/www.sgagora.com.br\/sg\/#website","url":"https:\/\/www.sgagora.com.br\/sg\/","name":"SGAgora","description":"Not\u00edcias de S\u00e3o Gotardo","potentialAction":[{"@type":"SearchAction","target":{"@type":"EntryPoint","urlTemplate":"https:\/\/www.sgagora.com.br\/sg\/?s={search_term_string}"},"query-input":"required name=search_term_string"}],"inLanguage":"pt-BR"},{"@type":"Person","@id":"https:\/\/www.sgagora.com.br\/sg\/#\/schema\/person\/2be62cfb47cee3e0b305e4f7a765ae41","name":"SG Agora","image":{"@type":"ImageObject","inLanguage":"pt-BR","@id":"https:\/\/www.sgagora.com.br\/sg\/#\/schema\/person\/image\/","url":"https:\/\/secure.gravatar.com\/avatar\/a0c612a9a8c3e7419d6fd4f92e749d8d?s=96&d=mm&r=g","contentUrl":"https:\/\/secure.gravatar.com\/avatar\/a0c612a9a8c3e7419d6fd4f92e749d8d?s=96&d=mm&r=g","caption":"SG Agora"},"url":"https:\/\/www.sgagora.com.br\/sg\/author\/admin\/"}]}},"_links":{"self":[{"href":"https:\/\/www.sgagora.com.br\/sg\/wp-json\/wp\/v2\/posts\/999986475"}],"collection":[{"href":"https:\/\/www.sgagora.com.br\/sg\/wp-json\/wp\/v2\/posts"}],"about":[{"href":"https:\/\/www.sgagora.com.br\/sg\/wp-json\/wp\/v2\/types\/post"}],"author":[{"embeddable":true,"href":"https:\/\/www.sgagora.com.br\/sg\/wp-json\/wp\/v2\/users\/1"}],"replies":[{"embeddable":true,"href":"https:\/\/www.sgagora.com.br\/sg\/wp-json\/wp\/v2\/comments?post=999986475"}],"version-history":[{"count":4,"href":"https:\/\/www.sgagora.com.br\/sg\/wp-json\/wp\/v2\/posts\/999986475\/revisions"}],"predecessor-version":[{"id":999986853,"href":"https:\/\/www.sgagora.com.br\/sg\/wp-json\/wp\/v2\/posts\/999986475\/revisions\/999986853"}],"wp:featuredmedia":[{"embeddable":true,"href":"https:\/\/www.sgagora.com.br\/sg\/wp-json\/wp\/v2\/media\/999986477"}],"wp:attachment":[{"href":"https:\/\/www.sgagora.com.br\/sg\/wp-json\/wp\/v2\/media?parent=999986475"}],"wp:term":[{"taxonomy":"category","embeddable":true,"href":"https:\/\/www.sgagora.com.br\/sg\/wp-json\/wp\/v2\/categories?post=999986475"},{"taxonomy":"post_tag","embeddable":true,"href":"https:\/\/www.sgagora.com.br\/sg\/wp-json\/wp\/v2\/tags?post=999986475"}],"curies":[{"name":"wp","href":"https:\/\/api.w.org\/{rel}","templated":true}]}}