{"id":999986837,"date":"2021-03-03T11:16:54","date_gmt":"2021-03-03T14:16:54","guid":{"rendered":"https:\/\/www.sgagora.com.br\/sg\/?p=999986837"},"modified":"2021-03-09T17:19:00","modified_gmt":"2021-03-09T20:19:00","slug":"pm-identifica-autor-de-crime-contra-ciclistas-ocorrido-na-mg-235-em-sao-gotardo","status":"publish","type":"post","link":"https:\/\/www.sgagora.com.br\/sg\/pm-identifica-autor-de-crime-contra-ciclistas-ocorrido-na-mg-235-em-sao-gotardo\/","title":{"rendered":"PM identifica autor de crime contra ciclistas ocorrido na MG-235 em S\u00e3o Gotardo"},"content":{"rendered":"<p style=\"text-align: center;\"><span style=\"color: #ff0000;\"><strong>CONTINUA AP\u00d3S A PUBLICIDADE<\/strong><\/span><img decoding=\"async\" loading=\"lazy\" class=\"aligncenter wp-image-999984638 size-full\" src=\"https:\/\/www.sgagora.com.br\/sg\/wp-content\/uploads\/2020\/10\/BANNER-1-260x260-FORMATO-GIF-1.gif\" alt=\"\" width=\"260\" height=\"260\" \/><\/p>\n<p><img decoding=\"async\" loading=\"lazy\" class=\"aligncenter wp-image-999986675 size-full\" src=\"https:\/\/www.sgagora.com.br\/sg\/wp-content\/uploads\/2021\/02\/OPHICINA-gif.gif\" alt=\"\" width=\"260\" height=\"260\" \/><\/p>\n<p style=\"text-align: justify;\">Nesta \u00faltima ter\u00e7a-feira (02\/03), a 216\u00aa Cia. da Pol\u00edcia Militar, identificou o autor respons\u00e1vel por cometer um ataque contra duas ciclistas na MG-235 no munic\u00edpio de S\u00e3o Gotardo, ocorrido durante o \u00faltimo final de semana. O suposto criminoso foi apresentado a Pol\u00edcia Civil de S\u00e3o Gotardo, mas devido a falta de flagrante, o mesmo n\u00e3o foi preso.<\/p>\n<ul>\n<li><a href=\"https:\/\/www.sgagora.com.br\/sg\/ciclistas-sao-atacadas-por-homem-na-mg-235-em-sao-gotardo\/\" target=\"_blank\" rel=\"noopener noreferrer\"><strong>LEIA MAIS: <span style=\"color: #ff0000;\">Ciclistas s\u00e3o atacadas por homem na MG-235 em S\u00e3o Gotardo<\/span>;<\/strong><\/a><br \/>\n<span style=\"color: #ffffff;\">&gt;<\/span><\/li>\n<\/ul>\n<p style=\"text-align: justify;\">Segundo informa\u00e7\u00f5es da Assessoria de Imprensa da Pol\u00edcia Militar de S\u00e3o Gotardo, ap\u00f3s ocorrido o delito e comunicado a Pol\u00edcia Militar, foram iniciadas dilig\u00eancias para prender em flagrante o autor, ou se cessada essa possibilidade, pelo menos identific\u00e1-lo, visando sua futura responsabiliza\u00e7\u00e3o, bem como para inibi-lo de novas a\u00e7\u00f5es dessa natureza.<\/p>\n<p style=\"text-align: center;\"><span style=\"color: #ff0000;\"><strong>CONTINUA AP\u00d3S A PUBLICIDADE<\/strong><\/span><img decoding=\"async\" loading=\"lazy\" class=\"aligncenter wp-image-999984622 size-full\" src=\"https:\/\/www.sgagora.com.br\/sg\/wp-content\/uploads\/2020\/10\/Propaganda-SG-Agora.jpg\" sizes=\"(max-width: 600px) 100vw, 600px\" srcset=\"https:\/\/www.sgagora.com.br\/sg\/wp-content\/uploads\/2020\/10\/Propaganda-SG-Agora.jpg 600w, https:\/\/www.sgagora.com.br\/sg\/wp-content\/uploads\/2020\/10\/Propaganda-SG-Agora-300x175.jpg 300w\" alt=\"\" width=\"600\" height=\"350\" \/><\/p>\n<p style=\"text-align: justify;\">Contando com ajuda e apoio de diversos populares, que auxiliaram a Pol\u00edcia com informa\u00e7\u00f5es, procederam-se in\u00fameros levantamentos. Destaca-se tamb\u00e9m, o monitoramento do olho vivo, pois ap\u00f3s descri\u00e7\u00e3o do suspeito, ele foi visualizado por algumas das c\u00e2meras do projeto no Distrito de Guarda dos Ferreiros, direcionando os trabalhos e empenhos militares.<\/p>\n<ul>\n<li style=\"text-align: justify;\"><a href=\"https:\/\/www.sgagora.com.br\/sg\/ciclistas-sao-atacadas-por-homem-na-mg-235-em-sao-gotardo\/\" target=\"_blank\" rel=\"noopener noreferrer\"><strong>LEIA MAIS: <span style=\"color: #ff0000;\">Ciclistas s\u00e3o atacadas por homem na MG-235 em S\u00e3o Gotardo<\/span>;<\/strong><\/a><br \/>\n<span style=\"color: #ffffff;\">&gt;<\/span><\/li>\n<\/ul>\n<p style=\"text-align: justify;\">Realizadas diversas abordagens, o suspeito de 18 anos, foi identificado, sendo formalizado o registro que seguir\u00e1 para Pol\u00edcia Civil, que dar\u00e1 continuidade a persecu\u00e7\u00e3o penal. Destaca-se que ele n\u00e3o foi preso, pois j\u00e1 n\u00e3o estava em flagrante delito.<\/p>\n<p style=\"text-align: center;\"><span style=\"color: #ff0000;\"><strong>CONTINUA AP\u00d3S A PUBLICIDADE<\/strong><\/span><br \/>\n<img decoding=\"async\" loading=\"lazy\" class=\"aligncenter wp-image-999986332 size-full\" src=\"https:\/\/www.sgagora.com.br\/sg\/wp-content\/uploads\/2021\/01\/anigifodonto-company.gif\" alt=\"\" width=\"600\" height=\"350\" \/><\/p>\n<p style=\"text-align: justify;\">Por fim, \u00e9 importante enaltecer o apoio prestado aos militares pela comunidade, considerando que sem as informa\u00e7\u00f5es recebidas, certamente n\u00e3o seria poss\u00edvel encontrar o autor. As v\u00edtimas que n\u00e3o se calaram e denunciaram o caso at\u00e9 a Pol\u00edcia, tamb\u00e9m merecem destaque.<\/p>\n<ul>\n<li><a href=\"https:\/\/www.sgagora.com.br\/sg\/ciclistas-sao-atacadas-por-homem-na-mg-235-em-sao-gotardo\/\" target=\"_blank\" rel=\"noopener noreferrer\"><strong>LEIA MAIS: <span style=\"color: #ff0000;\">Ciclistas s\u00e3o atacadas por homem na MG-235 em S\u00e3o Gotardo<\/span>;<\/strong><\/a><br \/>\n<span style=\"color: #ffffff;\">&gt;<\/span><\/li>\n<\/ul>\n<p style=\"text-align: justify;\">Uma verdadeira parceira de sucesso entre a Pol\u00edcia e a sociedade do bem S\u00e3o-Gotardense, encerrou a PM, que se coloca a disposi\u00e7\u00e3o para solucionar qualquer tipo de crime ocorrido no munic\u00edpio de S\u00e3o Gotardo.<\/p>\n<p style=\"text-align: center;\"><span style=\"color: #ff0000;\"><strong>CONTINUA AP\u00d3S A PUBLICIDADE<\/strong><\/span><img decoding=\"async\" loading=\"lazy\" class=\"aligncenter size-full wp-image-999983159\" src=\"https:\/\/www.sgagora.com.br\/sg\/wp-content\/uploads\/2020\/06\/Provis%C3%B3rio-Mais-Delivey.gif\" alt=\"\" width=\"260\" height=\"260\" \/><\/p>\n<p><img decoding=\"async\" loading=\"lazy\" class=\"aligncenter wp-image-999986937 size-full\" src=\"https:\/\/www.sgagora.com.br\/sg\/wp-content\/uploads\/2021\/03\/GOLDNET-gif-4.gif\" alt=\"\" width=\"260\" height=\"260\" \/><\/p>\n<p style=\"text-align: justify;\"><span style=\"color: #ffffff;\">.<\/span><\/p>\n<p style=\"text-align: justify;\"><em><strong>Reportagem:<\/strong> Diego Oliveira\/Portal SG AGORA \/ <strong>Fonte da Reportagem:<\/strong> Assessoria de Imprensa\/Pol\u00edcia Militar de S\u00e3o Gotardo \/ <strong>Foto Capa:<\/strong> Reprodu\u00e7\u00e3o\/Google Imagens<\/em><\/p>\n","protected":false},"excerpt":{"rendered":"<p>CONTINUA AP\u00d3S A PUBLICIDADE Nesta \u00faltima ter\u00e7a-feira (02\/03), a 216\u00aa Cia. da Pol\u00edcia Militar, identificou o autor respons\u00e1vel por cometer um ataque contra duas ciclistas na MG-235 no munic\u00edpio de S\u00e3o Gotardo, ocorrido durante o &#8230; <a class=\"readmore\" href=\"https:\/\/www.sgagora.com.br\/sg\/pm-identifica-autor-de-crime-contra-ciclistas-ocorrido-na-mg-235-em-sao-gotardo\/\">Leia Mais<\/a><\/p>\n","protected":false},"author":1,"featured_media":999986820,"comment_status":"open","ping_status":"open","sticky":false,"template":"","format":"standard","meta":{"_bbp_topic_count":0,"_bbp_reply_count":0,"_bbp_total_topic_count":0,"_bbp_total_reply_count":0,"_bbp_voice_count":0,"_bbp_anonymous_reply_count":0,"_bbp_topic_count_hidden":0,"_bbp_reply_count_hidden":0,"_bbp_forum_subforum_count":0},"categories":[84,77,81],"tags":[1008,5987,2050,1381,135,306,659,132,133,138,194,131],"yoast_head":"<!-- This site is optimized with the Yoast SEO plugin v20.5 - https:\/\/yoast.com\/wordpress\/plugins\/seo\/ -->\n<title>PM identifica autor de crime contra ciclistas ocorrido na MG-235 em S\u00e3o Gotardo<\/title>\n<meta name=\"description\" content=\"O suposto criminoso foi apresentado a Pol\u00edcia Civil de S\u00e3o Gotardo, mas devido a falta de flagrante, o mesmo n\u00e3o foi preso.\" \/>\n<meta name=\"robots\" content=\"index, follow, max-snippet:-1, max-image-preview:large, max-video-preview:-1\" \/>\n<link rel=\"canonical\" href=\"https:\/\/www.sgagora.com.br\/sg\/pm-identifica-autor-de-crime-contra-ciclistas-ocorrido-na-mg-235-em-sao-gotardo\/\" \/>\n<meta property=\"og:locale\" content=\"pt_BR\" \/>\n<meta property=\"og:type\" content=\"article\" \/>\n<meta property=\"og:title\" content=\"PM identifica autor de crime contra ciclistas ocorrido na MG-235 em S\u00e3o Gotardo\" \/>\n<meta property=\"og:description\" content=\"O suposto criminoso foi apresentado a Pol\u00edcia Civil de S\u00e3o Gotardo, mas devido a falta de flagrante, o mesmo n\u00e3o foi preso.\" \/>\n<meta property=\"og:url\" content=\"https:\/\/www.sgagora.com.br\/sg\/pm-identifica-autor-de-crime-contra-ciclistas-ocorrido-na-mg-235-em-sao-gotardo\/\" \/>\n<meta property=\"og:site_name\" content=\"SGAgora\" \/>\n<meta property=\"article:publisher\" content=\"https:\/\/www.facebook.com\/sgagora\" \/>\n<meta property=\"article:published_time\" content=\"2021-03-03T14:16:54+00:00\" \/>\n<meta property=\"article:modified_time\" content=\"2021-03-09T20:19:00+00:00\" \/>\n<meta property=\"og:image\" content=\"https:\/\/www.sgagora.com.br\/sg\/wp-content\/uploads\/2021\/03\/31-03-2016-17-22-12-ciclistas-sc-402-marco-santiago-6-.jpg\" \/>\n\t<meta property=\"og:image:width\" content=\"600\" \/>\n\t<meta property=\"og:image:height\" content=\"400\" \/>\n\t<meta property=\"og:image:type\" content=\"image\/jpeg\" \/>\n<meta name=\"author\" content=\"SG Agora\" \/>\n<meta name=\"twitter:label1\" content=\"Escrito por\" \/>\n\t<meta name=\"twitter:data1\" content=\"SG Agora\" \/>\n\t<meta name=\"twitter:label2\" content=\"Est. tempo de leitura\" \/>\n\t<meta name=\"twitter:data2\" content=\"2 minutos\" \/>\n<script type=\"application\/ld+json\" class=\"yoast-schema-graph\">{\"@context\":\"https:\/\/schema.org\",\"@graph\":[{\"@type\":\"WebPage\",\"@id\":\"https:\/\/www.sgagora.com.br\/sg\/pm-identifica-autor-de-crime-contra-ciclistas-ocorrido-na-mg-235-em-sao-gotardo\/\",\"url\":\"https:\/\/www.sgagora.com.br\/sg\/pm-identifica-autor-de-crime-contra-ciclistas-ocorrido-na-mg-235-em-sao-gotardo\/\",\"name\":\"PM identifica autor de crime contra ciclistas ocorrido na MG-235 em S\u00e3o Gotardo\",\"isPartOf\":{\"@id\":\"https:\/\/www.sgagora.com.br\/sg\/#website\"},\"datePublished\":\"2021-03-03T14:16:54+00:00\",\"dateModified\":\"2021-03-09T20:19:00+00:00\",\"author\":{\"@id\":\"https:\/\/www.sgagora.com.br\/sg\/#\/schema\/person\/2be62cfb47cee3e0b305e4f7a765ae41\"},\"description\":\"O suposto criminoso foi apresentado a Pol\u00edcia Civil de S\u00e3o Gotardo, mas devido a falta de flagrante, o mesmo n\u00e3o foi preso.\",\"breadcrumb\":{\"@id\":\"https:\/\/www.sgagora.com.br\/sg\/pm-identifica-autor-de-crime-contra-ciclistas-ocorrido-na-mg-235-em-sao-gotardo\/#breadcrumb\"},\"inLanguage\":\"pt-BR\",\"potentialAction\":[{\"@type\":\"ReadAction\",\"target\":[\"https:\/\/www.sgagora.com.br\/sg\/pm-identifica-autor-de-crime-contra-ciclistas-ocorrido-na-mg-235-em-sao-gotardo\/\"]}]},{\"@type\":\"BreadcrumbList\",\"@id\":\"https:\/\/www.sgagora.com.br\/sg\/pm-identifica-autor-de-crime-contra-ciclistas-ocorrido-na-mg-235-em-sao-gotardo\/#breadcrumb\",\"itemListElement\":[{\"@type\":\"ListItem\",\"position\":1,\"name\":\"In\u00edcio\",\"item\":\"https:\/\/www.sgagora.com.br\/sg\/\"},{\"@type\":\"ListItem\",\"position\":2,\"name\":\"PM identifica autor de crime contra ciclistas ocorrido na MG-235 em S\u00e3o Gotardo\"}]},{\"@type\":\"WebSite\",\"@id\":\"https:\/\/www.sgagora.com.br\/sg\/#website\",\"url\":\"https:\/\/www.sgagora.com.br\/sg\/\",\"name\":\"SGAgora\",\"description\":\"Not\u00edcias de S\u00e3o Gotardo\",\"potentialAction\":[{\"@type\":\"SearchAction\",\"target\":{\"@type\":\"EntryPoint\",\"urlTemplate\":\"https:\/\/www.sgagora.com.br\/sg\/?s={search_term_string}\"},\"query-input\":\"required name=search_term_string\"}],\"inLanguage\":\"pt-BR\"},{\"@type\":\"Person\",\"@id\":\"https:\/\/www.sgagora.com.br\/sg\/#\/schema\/person\/2be62cfb47cee3e0b305e4f7a765ae41\",\"name\":\"SG Agora\",\"image\":{\"@type\":\"ImageObject\",\"inLanguage\":\"pt-BR\",\"@id\":\"https:\/\/www.sgagora.com.br\/sg\/#\/schema\/person\/image\/\",\"url\":\"https:\/\/secure.gravatar.com\/avatar\/a0c612a9a8c3e7419d6fd4f92e749d8d?s=96&d=mm&r=g\",\"contentUrl\":\"https:\/\/secure.gravatar.com\/avatar\/a0c612a9a8c3e7419d6fd4f92e749d8d?s=96&d=mm&r=g\",\"caption\":\"SG Agora\"},\"url\":\"https:\/\/www.sgagora.com.br\/sg\/author\/admin\/\"}]}<\/script>\n<!-- \/ Yoast SEO plugin. -->","yoast_head_json":{"title":"PM identifica autor de crime contra ciclistas ocorrido na MG-235 em S\u00e3o Gotardo","description":"O suposto criminoso foi apresentado a Pol\u00edcia Civil de S\u00e3o Gotardo, mas devido a falta de flagrante, o mesmo n\u00e3o foi preso.","robots":{"index":"index","follow":"follow","max-snippet":"max-snippet:-1","max-image-preview":"max-image-preview:large","max-video-preview":"max-video-preview:-1"},"canonical":"https:\/\/www.sgagora.com.br\/sg\/pm-identifica-autor-de-crime-contra-ciclistas-ocorrido-na-mg-235-em-sao-gotardo\/","og_locale":"pt_BR","og_type":"article","og_title":"PM identifica autor de crime contra ciclistas ocorrido na MG-235 em S\u00e3o Gotardo","og_description":"O suposto criminoso foi apresentado a Pol\u00edcia Civil de S\u00e3o Gotardo, mas devido a falta de flagrante, o mesmo n\u00e3o foi preso.","og_url":"https:\/\/www.sgagora.com.br\/sg\/pm-identifica-autor-de-crime-contra-ciclistas-ocorrido-na-mg-235-em-sao-gotardo\/","og_site_name":"SGAgora","article_publisher":"https:\/\/www.facebook.com\/sgagora","article_published_time":"2021-03-03T14:16:54+00:00","article_modified_time":"2021-03-09T20:19:00+00:00","og_image":[{"width":600,"height":400,"url":"https:\/\/www.sgagora.com.br\/sg\/wp-content\/uploads\/2021\/03\/31-03-2016-17-22-12-ciclistas-sc-402-marco-santiago-6-.jpg","type":"image\/jpeg"}],"author":"SG Agora","twitter_misc":{"Escrito por":"SG Agora","Est. tempo de leitura":"2 minutos"},"schema":{"@context":"https:\/\/schema.org","@graph":[{"@type":"WebPage","@id":"https:\/\/www.sgagora.com.br\/sg\/pm-identifica-autor-de-crime-contra-ciclistas-ocorrido-na-mg-235-em-sao-gotardo\/","url":"https:\/\/www.sgagora.com.br\/sg\/pm-identifica-autor-de-crime-contra-ciclistas-ocorrido-na-mg-235-em-sao-gotardo\/","name":"PM identifica autor de crime contra ciclistas ocorrido na MG-235 em S\u00e3o Gotardo","isPartOf":{"@id":"https:\/\/www.sgagora.com.br\/sg\/#website"},"datePublished":"2021-03-03T14:16:54+00:00","dateModified":"2021-03-09T20:19:00+00:00","author":{"@id":"https:\/\/www.sgagora.com.br\/sg\/#\/schema\/person\/2be62cfb47cee3e0b305e4f7a765ae41"},"description":"O suposto criminoso foi apresentado a Pol\u00edcia Civil de S\u00e3o Gotardo, mas devido a falta de flagrante, o mesmo n\u00e3o foi preso.","breadcrumb":{"@id":"https:\/\/www.sgagora.com.br\/sg\/pm-identifica-autor-de-crime-contra-ciclistas-ocorrido-na-mg-235-em-sao-gotardo\/#breadcrumb"},"inLanguage":"pt-BR","potentialAction":[{"@type":"ReadAction","target":["https:\/\/www.sgagora.com.br\/sg\/pm-identifica-autor-de-crime-contra-ciclistas-ocorrido-na-mg-235-em-sao-gotardo\/"]}]},{"@type":"BreadcrumbList","@id":"https:\/\/www.sgagora.com.br\/sg\/pm-identifica-autor-de-crime-contra-ciclistas-ocorrido-na-mg-235-em-sao-gotardo\/#breadcrumb","itemListElement":[{"@type":"ListItem","position":1,"name":"In\u00edcio","item":"https:\/\/www.sgagora.com.br\/sg\/"},{"@type":"ListItem","position":2,"name":"PM identifica autor de crime contra ciclistas ocorrido na MG-235 em S\u00e3o Gotardo"}]},{"@type":"WebSite","@id":"https:\/\/www.sgagora.com.br\/sg\/#website","url":"https:\/\/www.sgagora.com.br\/sg\/","name":"SGAgora","description":"Not\u00edcias de S\u00e3o Gotardo","potentialAction":[{"@type":"SearchAction","target":{"@type":"EntryPoint","urlTemplate":"https:\/\/www.sgagora.com.br\/sg\/?s={search_term_string}"},"query-input":"required name=search_term_string"}],"inLanguage":"pt-BR"},{"@type":"Person","@id":"https:\/\/www.sgagora.com.br\/sg\/#\/schema\/person\/2be62cfb47cee3e0b305e4f7a765ae41","name":"SG Agora","image":{"@type":"ImageObject","inLanguage":"pt-BR","@id":"https:\/\/www.sgagora.com.br\/sg\/#\/schema\/person\/image\/","url":"https:\/\/secure.gravatar.com\/avatar\/a0c612a9a8c3e7419d6fd4f92e749d8d?s=96&d=mm&r=g","contentUrl":"https:\/\/secure.gravatar.com\/avatar\/a0c612a9a8c3e7419d6fd4f92e749d8d?s=96&d=mm&r=g","caption":"SG Agora"},"url":"https:\/\/www.sgagora.com.br\/sg\/author\/admin\/"}]}},"_links":{"self":[{"href":"https:\/\/www.sgagora.com.br\/sg\/wp-json\/wp\/v2\/posts\/999986837"}],"collection":[{"href":"https:\/\/www.sgagora.com.br\/sg\/wp-json\/wp\/v2\/posts"}],"about":[{"href":"https:\/\/www.sgagora.com.br\/sg\/wp-json\/wp\/v2\/types\/post"}],"author":[{"embeddable":true,"href":"https:\/\/www.sgagora.com.br\/sg\/wp-json\/wp\/v2\/users\/1"}],"replies":[{"embeddable":true,"href":"https:\/\/www.sgagora.com.br\/sg\/wp-json\/wp\/v2\/comments?post=999986837"}],"version-history":[{"count":5,"href":"https:\/\/www.sgagora.com.br\/sg\/wp-json\/wp\/v2\/posts\/999986837\/revisions"}],"predecessor-version":[{"id":999986969,"href":"https:\/\/www.sgagora.com.br\/sg\/wp-json\/wp\/v2\/posts\/999986837\/revisions\/999986969"}],"wp:featuredmedia":[{"embeddable":true,"href":"https:\/\/www.sgagora.com.br\/sg\/wp-json\/wp\/v2\/media\/999986820"}],"wp:attachment":[{"href":"https:\/\/www.sgagora.com.br\/sg\/wp-json\/wp\/v2\/media?parent=999986837"}],"wp:term":[{"taxonomy":"category","embeddable":true,"href":"https:\/\/www.sgagora.com.br\/sg\/wp-json\/wp\/v2\/categories?post=999986837"},{"taxonomy":"post_tag","embeddable":true,"href":"https:\/\/www.sgagora.com.br\/sg\/wp-json\/wp\/v2\/tags?post=999986837"}],"curies":[{"name":"wp","href":"https:\/\/api.w.org\/{rel}","templated":true}]}}