{"id":999987492,"date":"2021-05-04T13:49:56","date_gmt":"2021-05-04T16:49:56","guid":{"rendered":"https:\/\/www.sgagora.com.br\/sg\/?p=999987492"},"modified":"2021-05-04T13:53:50","modified_gmt":"2021-05-04T16:53:50","slug":"aulas-presenciais-comecam-a-voltar-em-cidades-mineiras-voce-aprovaria-o-retorno-em-sao-gotardo","status":"publish","type":"post","link":"https:\/\/www.sgagora.com.br\/sg\/aulas-presenciais-comecam-a-voltar-em-cidades-mineiras-voce-aprovaria-o-retorno-em-sao-gotardo\/","title":{"rendered":"Aulas presenciais come\u00e7am a voltar em cidades mineiras. Voc\u00ea aprovaria o retorno em S\u00e3o Gotardo?"},"content":{"rendered":"<p style=\"text-align: center;\"><span style=\"color: #ff0000;\"><strong>CONTINUA AP\u00d3S A PUBLICIDADE<\/strong><\/span><img decoding=\"async\" loading=\"lazy\" class=\"aligncenter wp-image-999984638 size-full\" src=\"https:\/\/www.sgagora.com.br\/sg\/wp-content\/uploads\/2020\/10\/BANNER-1-260x260-FORMATO-GIF-1.gif\" alt=\"\" width=\"260\" height=\"260\" \/><\/p>\n<p><img decoding=\"async\" loading=\"lazy\" class=\"aligncenter wp-image-999986675 size-full\" src=\"https:\/\/www.sgagora.com.br\/sg\/wp-content\/uploads\/2021\/02\/OPHICINA-gif.gif\" alt=\"\" width=\"260\" height=\"260\" \/><\/p>\n<p style=\"text-align: justify;\">Ap\u00f3s mais de 1 ano com todas as escolas do Estado de Minas Gerais fechadas para o ensino presencial, neste in\u00edcio de m\u00eas de Maio, o ensino com a presen\u00e7a e intera\u00e7\u00e3o de professores e alunos na sala de aula retornou em algumas cidades cidades mineiras. Belo Horizonte, Uberaba e Lagoa Formosa, esta \u00faltima situada no Alto Parana\u00edba, mesma regi\u00e3o do munic\u00edpio de S\u00e3o Gotardo, foram algumas delas. Porem, o retorno gerou pol\u00eamica e bastante discuss\u00e3o a favou ou contra o retorno das aulas que, desde a pandemia do Covid-19, acontecem de maneira remota.<\/p>\n<p style=\"text-align: center;\"><span style=\"color: #ff0000;\"><strong>CONTINUA AP\u00d3S A PUBLICIDADE<\/strong><\/span><img decoding=\"async\" loading=\"lazy\" class=\"aligncenter wp-image-999987266 size-full\" src=\"https:\/\/www.sgagora.com.br\/sg\/wp-content\/uploads\/2021\/04\/b759ae18-846e-4fce-b40c-fc37f2798669.jpg\" sizes=\"(max-width: 601px) 100vw, 601px\" srcset=\"https:\/\/www.sgagora.com.br\/sg\/wp-content\/uploads\/2021\/04\/b759ae18-846e-4fce-b40c-fc37f2798669.jpg 601w, https:\/\/www.sgagora.com.br\/sg\/wp-content\/uploads\/2021\/04\/b759ae18-846e-4fce-b40c-fc37f2798669-300x175.jpg 300w\" alt=\"\" width=\"601\" height=\"350\" \/><\/p>\n<p style=\"text-align: justify;\">Para que as escolas possam funcionar de maneira presencial, uma s\u00e9rie de protocolos devem ser cumpridos como distanciamento entre as mesas e cadeiras de alunos e professores, uso obrigat\u00f3rio de m\u00e1scara por todos presentes nas escolas, disponibiliza\u00e7\u00e3o de \u00e1lcool em gel em todos os ambientes escolares, limita\u00e7\u00e3o de alunos por escolas e a restri\u00e7\u00e3o de qualquer atividade que exija contato f\u00edsico entre alunos e professores. Al\u00e9m disso, o ensino presencial \u00e9 opcional. Na capital mineira Belo Horizonte, apenas alunos das idades entre 0 e 5 anos e 8 meses, retornaram \u00e0s escolas presencialmente.<\/p>\n<p style=\"text-align: justify;\">Em S\u00e3o Gotardo, algumas das escolas particulares j\u00e1 aderiram todas as exig\u00eancias e protocolos sanit\u00e1rios de combate ao Covid-19 exigidos, tendo inclusive alvar\u00e1s sanit\u00e1rios de funcionamento estaduais e aguardam o posicionamento da Prefeitura Municipal da cidade sobre o assunto. Grande parte dos alunos foram prejudicados com o ensino remoto, o que poder\u00e1 ser recuperado somente com o ensino presencial. Em contrapartida, professores das redes p\u00fablicas e privadas S\u00e3o-Gotardenses, est\u00e3o divididos sobre o retorno presencial, principalmente devido a n\u00e3o vacina\u00e7\u00e3o \u00e0 professores e profissionais ligados a educa\u00e7\u00e3o nesta fase da campanha contra o Covid-19.<\/p>\n<p style=\"text-align: center;\"><span style=\"color: #ff0000;\"><strong>CONTINUA AP\u00d3S A PUBLICIDADE<\/strong><\/span><br \/>\n<img decoding=\"async\" loading=\"lazy\" class=\"aligncenter wp-image-999986332 size-full\" src=\"https:\/\/www.sgagora.com.br\/sg\/wp-content\/uploads\/2021\/01\/anigifodonto-company.gif\" alt=\"\" width=\"600\" height=\"350\" \/><\/p>\n<p style=\"text-align: justify;\">Outro ponto bastante questionado por profissionais ligados \u00e0 educa\u00e7\u00e3o \u00e9 sobre a falta de investimento para que as escolas da rede p\u00fablica possam se adequarem \u00e0 todas exig\u00eancias protocolais de sa\u00fade para o retorno presencial. As escolas precisar\u00e3o se adaptar para receber os alunos presencialmente, mas tamb\u00e9m dever\u00e3o continuar com o ensino remoto, para \u00e0s fam\u00edlias que n\u00e3o concordarem com o ensino presencial devido a pandemia. Ao Portal SG AGORA, a Prefeitura Municipal de S\u00e3o Gotardo disse atrav\u00e9s de sua Assessoria de Imprensa que o retorno de aulas presenciais em todo o munic\u00edpio segue indefinido e sem uma data espec\u00edfica.<\/p>\n<p style=\"text-align: justify;\"><strong>Voc\u00ea aprovaria a volta \u00e0s aulas de modo presencial em S\u00e3o Gotardo? Deixe seu coment\u00e1rio e ajude a fomentar UMA opini\u00e3o sobre o ASSUNTO!!<\/strong><\/p>\n<p style=\"text-align: center;\"><span style=\"color: #ff0000;\"><strong>CONTINUA AP\u00d3S A PUBLICIDADE<\/strong><\/span><img decoding=\"async\" loading=\"lazy\" class=\"aligncenter size-full wp-image-999983159\" src=\"https:\/\/www.sgagora.com.br\/sg\/wp-content\/uploads\/2020\/06\/Provis%C3%B3rio-Mais-Delivey.gif\" alt=\"\" width=\"260\" height=\"260\" \/><\/p>\n<p><img decoding=\"async\" loading=\"lazy\" class=\"aligncenter wp-image-999986937 size-full\" src=\"https:\/\/www.sgagora.com.br\/sg\/wp-content\/uploads\/2021\/03\/GOLDNET-gif-4.gif\" alt=\"\" width=\"260\" height=\"260\" \/><\/p>\n<p style=\"text-align: justify;\"><span style=\"color: #ffffff;\">.<\/span><\/p>\n<p style=\"text-align: justify;\"><em><strong>Reportagem:<\/strong> Diego Oliveira\/Portal SG AGORA \/ <strong>Fonte da Reportagem:<\/strong> NTV\/Patos de Minas \/ Portal Estado de Minas \/ Prefeitura Municipal de S\u00e3o Gotardo \/ <strong>Foto Capa:<\/strong> Divulga\u00e7\u00e3o\/Escola Gama Comecinho de Vida<\/em><\/p>\n","protected":false},"excerpt":{"rendered":"<p>CONTINUA AP\u00d3S A PUBLICIDADE Ap\u00f3s mais de 1 ano com todas as escolas do Estado de Minas Gerais fechadas para o ensino presencial, neste in\u00edcio de m\u00eas de Maio, o ensino com a presen\u00e7a e &#8230; <a class=\"readmore\" href=\"https:\/\/www.sgagora.com.br\/sg\/aulas-presenciais-comecam-a-voltar-em-cidades-mineiras-voce-aprovaria-o-retorno-em-sao-gotardo\/\">Leia Mais<\/a><\/p>\n","protected":false},"author":1,"featured_media":999987507,"comment_status":"open","ping_status":"open","sticky":false,"template":"","format":"standard","meta":{"_bbp_topic_count":0,"_bbp_reply_count":0,"_bbp_total_topic_count":0,"_bbp_total_reply_count":0,"_bbp_voice_count":0,"_bbp_anonymous_reply_count":0,"_bbp_topic_count_hidden":0,"_bbp_reply_count_hidden":0,"_bbp_forum_subforum_count":0},"categories":[84,77,81],"tags":[2167,6106,515,4251,153,6105,501,536,659,6107,138,194,4447],"yoast_head":"<!-- This site is optimized with the Yoast SEO plugin v20.5 - https:\/\/yoast.com\/wordpress\/plugins\/seo\/ -->\n<title>Aulas presenciais come\u00e7am a voltar em cidades mineiras. Voc\u00ea aprovaria o retorno em S\u00e3o Gotardo?<\/title>\n<meta name=\"description\" content=\"Neste in\u00edcio de m\u00eas de Maio, o ensino com a presen\u00e7a e intera\u00e7\u00e3o de professores e alunos na sala de aula retornou em algumas cidades cidades mineiras.\" \/>\n<meta name=\"robots\" content=\"index, follow, max-snippet:-1, max-image-preview:large, max-video-preview:-1\" \/>\n<link rel=\"canonical\" href=\"https:\/\/www.sgagora.com.br\/sg\/aulas-presenciais-comecam-a-voltar-em-cidades-mineiras-voce-aprovaria-o-retorno-em-sao-gotardo\/\" \/>\n<meta property=\"og:locale\" content=\"pt_BR\" \/>\n<meta property=\"og:type\" content=\"article\" \/>\n<meta property=\"og:title\" content=\"Aulas presenciais come\u00e7am a voltar em cidades mineiras. Voc\u00ea aprovaria o retorno em S\u00e3o Gotardo?\" \/>\n<meta property=\"og:description\" content=\"Neste in\u00edcio de m\u00eas de Maio, o ensino com a presen\u00e7a e intera\u00e7\u00e3o de professores e alunos na sala de aula retornou em algumas cidades cidades mineiras.\" \/>\n<meta property=\"og:url\" content=\"https:\/\/www.sgagora.com.br\/sg\/aulas-presenciais-comecam-a-voltar-em-cidades-mineiras-voce-aprovaria-o-retorno-em-sao-gotardo\/\" \/>\n<meta property=\"og:site_name\" content=\"SGAgora\" \/>\n<meta property=\"article:publisher\" content=\"https:\/\/www.facebook.com\/sgagora\" \/>\n<meta property=\"article:published_time\" content=\"2021-05-04T16:49:56+00:00\" \/>\n<meta property=\"article:modified_time\" content=\"2021-05-04T16:53:50+00:00\" \/>\n<meta property=\"og:image\" content=\"https:\/\/www.sgagora.com.br\/sg\/wp-content\/uploads\/2021\/05\/DSC_0315.jpg\" \/>\n\t<meta property=\"og:image:width\" content=\"600\" \/>\n\t<meta property=\"og:image:height\" content=\"400\" \/>\n\t<meta property=\"og:image:type\" content=\"image\/jpeg\" \/>\n<meta name=\"author\" content=\"SG Agora\" \/>\n<meta name=\"twitter:label1\" content=\"Escrito por\" \/>\n\t<meta name=\"twitter:data1\" content=\"SG Agora\" \/>\n\t<meta name=\"twitter:label2\" content=\"Est. tempo de leitura\" \/>\n\t<meta name=\"twitter:data2\" content=\"2 minutos\" \/>\n<script type=\"application\/ld+json\" class=\"yoast-schema-graph\">{\"@context\":\"https:\/\/schema.org\",\"@graph\":[{\"@type\":\"WebPage\",\"@id\":\"https:\/\/www.sgagora.com.br\/sg\/aulas-presenciais-comecam-a-voltar-em-cidades-mineiras-voce-aprovaria-o-retorno-em-sao-gotardo\/\",\"url\":\"https:\/\/www.sgagora.com.br\/sg\/aulas-presenciais-comecam-a-voltar-em-cidades-mineiras-voce-aprovaria-o-retorno-em-sao-gotardo\/\",\"name\":\"Aulas presenciais come\u00e7am a voltar em cidades mineiras. Voc\u00ea aprovaria o retorno em S\u00e3o Gotardo?\",\"isPartOf\":{\"@id\":\"https:\/\/www.sgagora.com.br\/sg\/#website\"},\"datePublished\":\"2021-05-04T16:49:56+00:00\",\"dateModified\":\"2021-05-04T16:53:50+00:00\",\"author\":{\"@id\":\"https:\/\/www.sgagora.com.br\/sg\/#\/schema\/person\/2be62cfb47cee3e0b305e4f7a765ae41\"},\"description\":\"Neste in\u00edcio de m\u00eas de Maio, o ensino com a presen\u00e7a e intera\u00e7\u00e3o de professores e alunos na sala de aula retornou em algumas cidades cidades mineiras.\",\"breadcrumb\":{\"@id\":\"https:\/\/www.sgagora.com.br\/sg\/aulas-presenciais-comecam-a-voltar-em-cidades-mineiras-voce-aprovaria-o-retorno-em-sao-gotardo\/#breadcrumb\"},\"inLanguage\":\"pt-BR\",\"potentialAction\":[{\"@type\":\"ReadAction\",\"target\":[\"https:\/\/www.sgagora.com.br\/sg\/aulas-presenciais-comecam-a-voltar-em-cidades-mineiras-voce-aprovaria-o-retorno-em-sao-gotardo\/\"]}]},{\"@type\":\"BreadcrumbList\",\"@id\":\"https:\/\/www.sgagora.com.br\/sg\/aulas-presenciais-comecam-a-voltar-em-cidades-mineiras-voce-aprovaria-o-retorno-em-sao-gotardo\/#breadcrumb\",\"itemListElement\":[{\"@type\":\"ListItem\",\"position\":1,\"name\":\"In\u00edcio\",\"item\":\"https:\/\/www.sgagora.com.br\/sg\/\"},{\"@type\":\"ListItem\",\"position\":2,\"name\":\"Aulas presenciais come\u00e7am a voltar em cidades mineiras. Voc\u00ea aprovaria o retorno em S\u00e3o Gotardo?\"}]},{\"@type\":\"WebSite\",\"@id\":\"https:\/\/www.sgagora.com.br\/sg\/#website\",\"url\":\"https:\/\/www.sgagora.com.br\/sg\/\",\"name\":\"SGAgora\",\"description\":\"Not\u00edcias de S\u00e3o Gotardo\",\"potentialAction\":[{\"@type\":\"SearchAction\",\"target\":{\"@type\":\"EntryPoint\",\"urlTemplate\":\"https:\/\/www.sgagora.com.br\/sg\/?s={search_term_string}\"},\"query-input\":\"required name=search_term_string\"}],\"inLanguage\":\"pt-BR\"},{\"@type\":\"Person\",\"@id\":\"https:\/\/www.sgagora.com.br\/sg\/#\/schema\/person\/2be62cfb47cee3e0b305e4f7a765ae41\",\"name\":\"SG Agora\",\"image\":{\"@type\":\"ImageObject\",\"inLanguage\":\"pt-BR\",\"@id\":\"https:\/\/www.sgagora.com.br\/sg\/#\/schema\/person\/image\/\",\"url\":\"https:\/\/secure.gravatar.com\/avatar\/a0c612a9a8c3e7419d6fd4f92e749d8d?s=96&d=mm&r=g\",\"contentUrl\":\"https:\/\/secure.gravatar.com\/avatar\/a0c612a9a8c3e7419d6fd4f92e749d8d?s=96&d=mm&r=g\",\"caption\":\"SG Agora\"},\"url\":\"https:\/\/www.sgagora.com.br\/sg\/author\/admin\/\"}]}<\/script>\n<!-- \/ Yoast SEO plugin. -->","yoast_head_json":{"title":"Aulas presenciais come\u00e7am a voltar em cidades mineiras. Voc\u00ea aprovaria o retorno em S\u00e3o Gotardo?","description":"Neste in\u00edcio de m\u00eas de Maio, o ensino com a presen\u00e7a e intera\u00e7\u00e3o de professores e alunos na sala de aula retornou em algumas cidades cidades mineiras.","robots":{"index":"index","follow":"follow","max-snippet":"max-snippet:-1","max-image-preview":"max-image-preview:large","max-video-preview":"max-video-preview:-1"},"canonical":"https:\/\/www.sgagora.com.br\/sg\/aulas-presenciais-comecam-a-voltar-em-cidades-mineiras-voce-aprovaria-o-retorno-em-sao-gotardo\/","og_locale":"pt_BR","og_type":"article","og_title":"Aulas presenciais come\u00e7am a voltar em cidades mineiras. Voc\u00ea aprovaria o retorno em S\u00e3o Gotardo?","og_description":"Neste in\u00edcio de m\u00eas de Maio, o ensino com a presen\u00e7a e intera\u00e7\u00e3o de professores e alunos na sala de aula retornou em algumas cidades cidades mineiras.","og_url":"https:\/\/www.sgagora.com.br\/sg\/aulas-presenciais-comecam-a-voltar-em-cidades-mineiras-voce-aprovaria-o-retorno-em-sao-gotardo\/","og_site_name":"SGAgora","article_publisher":"https:\/\/www.facebook.com\/sgagora","article_published_time":"2021-05-04T16:49:56+00:00","article_modified_time":"2021-05-04T16:53:50+00:00","og_image":[{"width":600,"height":400,"url":"https:\/\/www.sgagora.com.br\/sg\/wp-content\/uploads\/2021\/05\/DSC_0315.jpg","type":"image\/jpeg"}],"author":"SG Agora","twitter_misc":{"Escrito por":"SG Agora","Est. tempo de leitura":"2 minutos"},"schema":{"@context":"https:\/\/schema.org","@graph":[{"@type":"WebPage","@id":"https:\/\/www.sgagora.com.br\/sg\/aulas-presenciais-comecam-a-voltar-em-cidades-mineiras-voce-aprovaria-o-retorno-em-sao-gotardo\/","url":"https:\/\/www.sgagora.com.br\/sg\/aulas-presenciais-comecam-a-voltar-em-cidades-mineiras-voce-aprovaria-o-retorno-em-sao-gotardo\/","name":"Aulas presenciais come\u00e7am a voltar em cidades mineiras. Voc\u00ea aprovaria o retorno em S\u00e3o Gotardo?","isPartOf":{"@id":"https:\/\/www.sgagora.com.br\/sg\/#website"},"datePublished":"2021-05-04T16:49:56+00:00","dateModified":"2021-05-04T16:53:50+00:00","author":{"@id":"https:\/\/www.sgagora.com.br\/sg\/#\/schema\/person\/2be62cfb47cee3e0b305e4f7a765ae41"},"description":"Neste in\u00edcio de m\u00eas de Maio, o ensino com a presen\u00e7a e intera\u00e7\u00e3o de professores e alunos na sala de aula retornou em algumas cidades cidades mineiras.","breadcrumb":{"@id":"https:\/\/www.sgagora.com.br\/sg\/aulas-presenciais-comecam-a-voltar-em-cidades-mineiras-voce-aprovaria-o-retorno-em-sao-gotardo\/#breadcrumb"},"inLanguage":"pt-BR","potentialAction":[{"@type":"ReadAction","target":["https:\/\/www.sgagora.com.br\/sg\/aulas-presenciais-comecam-a-voltar-em-cidades-mineiras-voce-aprovaria-o-retorno-em-sao-gotardo\/"]}]},{"@type":"BreadcrumbList","@id":"https:\/\/www.sgagora.com.br\/sg\/aulas-presenciais-comecam-a-voltar-em-cidades-mineiras-voce-aprovaria-o-retorno-em-sao-gotardo\/#breadcrumb","itemListElement":[{"@type":"ListItem","position":1,"name":"In\u00edcio","item":"https:\/\/www.sgagora.com.br\/sg\/"},{"@type":"ListItem","position":2,"name":"Aulas presenciais come\u00e7am a voltar em cidades mineiras. Voc\u00ea aprovaria o retorno em S\u00e3o Gotardo?"}]},{"@type":"WebSite","@id":"https:\/\/www.sgagora.com.br\/sg\/#website","url":"https:\/\/www.sgagora.com.br\/sg\/","name":"SGAgora","description":"Not\u00edcias de S\u00e3o Gotardo","potentialAction":[{"@type":"SearchAction","target":{"@type":"EntryPoint","urlTemplate":"https:\/\/www.sgagora.com.br\/sg\/?s={search_term_string}"},"query-input":"required name=search_term_string"}],"inLanguage":"pt-BR"},{"@type":"Person","@id":"https:\/\/www.sgagora.com.br\/sg\/#\/schema\/person\/2be62cfb47cee3e0b305e4f7a765ae41","name":"SG Agora","image":{"@type":"ImageObject","inLanguage":"pt-BR","@id":"https:\/\/www.sgagora.com.br\/sg\/#\/schema\/person\/image\/","url":"https:\/\/secure.gravatar.com\/avatar\/a0c612a9a8c3e7419d6fd4f92e749d8d?s=96&d=mm&r=g","contentUrl":"https:\/\/secure.gravatar.com\/avatar\/a0c612a9a8c3e7419d6fd4f92e749d8d?s=96&d=mm&r=g","caption":"SG Agora"},"url":"https:\/\/www.sgagora.com.br\/sg\/author\/admin\/"}]}},"_links":{"self":[{"href":"https:\/\/www.sgagora.com.br\/sg\/wp-json\/wp\/v2\/posts\/999987492"}],"collection":[{"href":"https:\/\/www.sgagora.com.br\/sg\/wp-json\/wp\/v2\/posts"}],"about":[{"href":"https:\/\/www.sgagora.com.br\/sg\/wp-json\/wp\/v2\/types\/post"}],"author":[{"embeddable":true,"href":"https:\/\/www.sgagora.com.br\/sg\/wp-json\/wp\/v2\/users\/1"}],"replies":[{"embeddable":true,"href":"https:\/\/www.sgagora.com.br\/sg\/wp-json\/wp\/v2\/comments?post=999987492"}],"version-history":[{"count":4,"href":"https:\/\/www.sgagora.com.br\/sg\/wp-json\/wp\/v2\/posts\/999987492\/revisions"}],"predecessor-version":[{"id":999987509,"href":"https:\/\/www.sgagora.com.br\/sg\/wp-json\/wp\/v2\/posts\/999987492\/revisions\/999987509"}],"wp:featuredmedia":[{"embeddable":true,"href":"https:\/\/www.sgagora.com.br\/sg\/wp-json\/wp\/v2\/media\/999987507"}],"wp:attachment":[{"href":"https:\/\/www.sgagora.com.br\/sg\/wp-json\/wp\/v2\/media?parent=999987492"}],"wp:term":[{"taxonomy":"category","embeddable":true,"href":"https:\/\/www.sgagora.com.br\/sg\/wp-json\/wp\/v2\/categories?post=999987492"},{"taxonomy":"post_tag","embeddable":true,"href":"https:\/\/www.sgagora.com.br\/sg\/wp-json\/wp\/v2\/tags?post=999987492"}],"curies":[{"name":"wp","href":"https:\/\/api.w.org\/{rel}","templated":true}]}}