{"id":999987629,"date":"2021-05-17T11:27:54","date_gmt":"2021-05-17T14:27:54","guid":{"rendered":"https:\/\/www.sgagora.com.br\/sg\/?p=999987629"},"modified":"2021-05-17T11:34:21","modified_gmt":"2021-05-17T14:34:21","slug":"cristiane-oliveira-o-poder-da-maquiagem-na-vida-das-pessoas","status":"publish","type":"post","link":"https:\/\/www.sgagora.com.br\/sg\/cristiane-oliveira-o-poder-da-maquiagem-na-vida-das-pessoas\/","title":{"rendered":"Cristiane Oliveira: O poder da maquiagem na vida das pessoas"},"content":{"rendered":"<p style=\"text-align: center;\"><span style=\"color: #ff00ff;\"><strong>CONTINUA AP\u00d3S A PUBLICIDADE<\/strong><\/span><img decoding=\"async\" loading=\"lazy\" class=\"aligncenter wp-image-999984638 size-full\" src=\"https:\/\/www.sgagora.com.br\/sg\/wp-content\/uploads\/2020\/10\/BANNER-1-260x260-FORMATO-GIF-1.gif\" alt=\"\" width=\"260\" height=\"260\" \/><\/p>\n<p><img decoding=\"async\" loading=\"lazy\" class=\"aligncenter wp-image-999986675 size-full\" src=\"https:\/\/www.sgagora.com.br\/sg\/wp-content\/uploads\/2021\/02\/OPHICINA-gif.gif\" alt=\"\" width=\"260\" height=\"260\" \/><\/p>\n<p style=\"text-align: justify;\">Ol\u00e1 Leitores do Portal SG AGORA, sou Cristiane Daniela Oliveira, casada, m\u00e3e de dois filhos, propriet\u00e1ria do Espa\u00e7o Cris <strong><a href=\"https:\/\/www.instagram.com\/espacocrissalaodebelezasg\/\" target=\"_blank\" rel=\"noopener noreferrer\">(<span style=\"color: #ff00ff;\">clique aqui e siga no Instagram<\/span>)<\/a><\/strong>, empreendedora, ministrante de cursos sobre est\u00e9tica e beleza e atuante como cabeleireira e maquiadora h\u00e1 mais de 20 anos em S\u00e3o Gotardo. Nossa coluna de hoje come\u00e7ar\u00e1 um pouquinho te\u00f3rica, mas trata-se de um conte\u00fado muito especial para todas as mulheres: MAQUIAGEM!!\u00a0Tem inclusive <span style=\"color: #ff00ff;\"><strong>V\u00cdDEO<\/strong><\/span> no final da reportagem com dicas simples, mas muito \u00fateis no dia a dia.<\/p>\n<p><span style=\"color: #ff00ff;\"><strong>Uma boa leitura \u00e0 todas e \u00e0 todos!!\u00a0<\/strong><\/span><\/p>\n<ul>\n<li style=\"text-align: justify;\">\n<blockquote><p><span style=\"color: #3366ff;\"><a style=\"color: #3366ff;\" href=\"https:\/\/www.sgagora.com.br\/sg\/cronograma-capilar-cristiane-oliveira-ensina-dicas-sobre-como-cuidar-de-seu-cabelo-a-longo-prazo\/\" target=\"_blank\" rel=\"noopener noreferrer\"><strong>MAIS COLUNA: Cristiane Oliveira: Cronograma Capilar: Cristiane Oliveira ensina dicas sobre como cuidar de seu cabelo a longo prazo;<\/strong><\/a><\/span><\/p><\/blockquote>\n<p><span style=\"color: #ffffff;\">.<\/span><\/li>\n<\/ul>\n<h3><strong>O poder da maquiagem na vida das pessoas<br \/>\n<span style=\"color: #ffffff;\">.<\/span><\/strong><\/h3>\n<p style=\"text-align: justify;\">A maquiagem tem sido muito presente na hist\u00f3ria da humanidade. Os primeiros registros de seu uso foram registrados h\u00e1 cerca de 3000 a.C., quando os antigos eg\u00edpcios usavam fuligem e outros produtos naturais para criar sua imagem. Registros indicam tamb\u00e9m que, os Neandertais, usavam pigmentos coloridos de tintas h\u00e1 75.000 anos. Possivelmente, a pintura do corpo teria surgido antes mesmo das vestimentas, tend\u00eancia observada nos dias de hoje junto a algumas tribos de \u00edndios.<\/p>\n<p style=\"text-align: justify;\">No reino animal, por exemplo, a juventude \u00e9 anunciada atrav\u00e9s de alguns sinais f\u00edsicos. Semelhante a um pav\u00e3o que exibe sua plumagem, as f\u00eameas sempre usaram desse recurso para convencer o parceiro que s\u00e3o uma boa escolha para gerar uma prole saud\u00e1vel e diferenciada, levando adiante os genes do macho. Junto aos seres humanos, entretanto, esses sinais, ainda que presentes, s\u00e3o menos percept\u00edveis. Estudos t\u00eam demonstrado que o rosto da mulher, por exemplo, se torna mais bonito, durante a fase f\u00e9rtil do seu ciclo menstrual.<\/p>\n<p style=\"text-align: justify;\">Bom, como n\u00e3o temos penas de pav\u00e3o, usamos (al\u00e9m das roupas e um bom penteado) uma \u00f3tima <strong><span style=\"color: #ff00ff;\">MAQUIAGEM<\/span><\/strong>. Este \u00e9 o tema de nossa coluna nesta semana!<\/p>\n<p style=\"text-align: center;\"><span style=\"color: #ff00ff;\"><strong>CONTINUA AP\u00d3S A PUBLICIDADE<\/strong><\/span><img decoding=\"async\" loading=\"lazy\" class=\"aligncenter wp-image-999987266 size-full\" src=\"https:\/\/www.sgagora.com.br\/sg\/wp-content\/uploads\/2021\/04\/b759ae18-846e-4fce-b40c-fc37f2798669.jpg\" sizes=\"(max-width: 601px) 100vw, 601px\" srcset=\"https:\/\/www.sgagora.com.br\/sg\/wp-content\/uploads\/2021\/04\/b759ae18-846e-4fce-b40c-fc37f2798669.jpg 601w, https:\/\/www.sgagora.com.br\/sg\/wp-content\/uploads\/2021\/04\/b759ae18-846e-4fce-b40c-fc37f2798669-300x175.jpg 300w\" alt=\"\" width=\"601\" height=\"350\" \/><\/p>\n<p style=\"text-align: justify;\">O conceito de maquiagem, abrange, a\u00e7\u00f5es de realizar &#8221; melhorias&#8221; em algo ou algu\u00e9m.\u00a0Na atualidade, este abrangimento conceitual ganhou um novo modelo, baseada em m\u00e9todos e t\u00e9cnicas precisas de acordo com a cor da pele, formato de rosto, tipo de pele.\u00a0A maquiagem carrega consigo &#8221; uma forma de ser e estar para a mulher.\u00a0J\u00e1 percebeu o quanto a figura feminina ao olhar no espelho , traz consigo seus sonhos, muitas vezes adormecidos na correria do dia a dia?<\/p>\n<p style=\"text-align: justify;\">A maquiagem, para muitas mulheres, tornou-se algo indispens\u00e1vel no dia a dia e, cada vez mais, com a inova\u00e7\u00e3o tecnol\u00f3gica, surgem novos produtos com qualidades superiores e espec\u00edficas no mercado. Uma maquiagem bem feita \u00e9 capaz de transformar uma pele, valorizar tra\u00e7os marcantes e express\u00f5es, al\u00e9m de disfar\u00e7ar ou at\u00e9 cobrir imperfei\u00e7\u00f5es e at\u00e9 mesmo real\u00e7ar tra\u00e7os.<\/p>\n<p style=\"text-align: justify;\">A maquiagem tamb\u00e9m \u00e9 uma grande aliada da mulher, podendo ser feita e usada para cada ocasi\u00e3o, seja no trabalho, na balada e claro, no o dia a dia com uma make b\u00e1sica e neutra, entre diversas outras. Do mesmo modo que voc\u00ea se produz todos os dias para sair de casa e atrav\u00e9s da roupa passa uma imagem \u00e0 primeira vista, refletindo a sua personalidade atrav\u00e9s delas, a maquiagem \u00e9 um componente que ir\u00e1 complementar essa imagem e refor\u00e7\u00e1-la diariamente.<\/p>\n<p style=\"text-align: justify;\">Mas eu irei ainda mais alem, a maquiagem se transformou em um complemento que vai al\u00e9m de beleza est\u00e9tica. Hoje em dia, a maioria das maquiagens apresentam em suas composi\u00e7\u00f5es nutrientes para a pele, vitaminas, hidratantes e at\u00e9 mesmo filtro solar, que s\u00e3o testados dermatologicamente. <span style=\"color: #ff00ff;\"><strong>Ou seja, al\u00e9m de embelezar, ainda protege!<\/strong><\/span><\/p>\n<p style=\"text-align: justify;\">De acordo com um novo estudo da Universidade de Manchester, os homens v\u00e3o continuar olhando para uma mulher com l\u00e1bios vermelhos por 7,3 segundos a mais de tempo e, caso a colora\u00e7\u00e3o do batom seja rosa, ela ser\u00e1 capaz de prender a aten\u00e7\u00e3o de um homem por 6,7 segundos a mais do que se n\u00e3o estiver usando batom.<\/p>\n<p style=\"text-align: justify;\">J\u00e1 na pesquisa do site Zoosk, o batom veio em segundo lugar na prefer\u00eancia dos homens, ou seja, as mulheres que o usavam receberam 119% mais avalia\u00e7\u00f5es positivas do que aquelas que foram fotografadas sem o batom. Enfim, n\u00e3o s\u00e3o apenas as cores mais fortes que fazem alguma diferen\u00e7a, mas tamb\u00e9m a cor do rosto como um todo. E claro, o batom \u00e9 apenas um aliado neste mundo da <span style=\"color: #ff00ff;\"><strong>MAQUIAGEM<\/strong><\/span>!<\/p>\n<p style=\"text-align: justify;\">Independente do seu estilo, a maquiagem exerce um enorme poder sobre sua vida. E quando falo em maquiagem, n\u00e3o estou me referindo aquela maquiagem super produzida, super marcada e com muitos itens que voc\u00ea n\u00e3o tem ou n\u00e3o\u00a0 consegue usar. E se consegue vai demorar uma eternidade para ficar pronta.\u00a0Estou me referindo a maquiagem embelezadora, aquela que voc\u00ea faz rapidinho e consegue real\u00e7ar o que voc\u00ea tem de mais bonito e te faz sentir muito poderosa.<\/p>\n<p style=\"text-align: center;\"><span style=\"color: #ff00ff;\"><strong>CONTINUA AP\u00d3S A PUBLICIDADE<\/strong><\/span><br \/>\n<img decoding=\"async\" loading=\"lazy\" class=\"aligncenter wp-image-999986332 size-full\" src=\"https:\/\/www.sgagora.com.br\/sg\/wp-content\/uploads\/2021\/01\/anigifodonto-company.gif\" alt=\"\" width=\"600\" height=\"350\" \/><\/p>\n<p style=\"text-align: justify;\">Para fazer esse tipo de maquiagem com excel\u00eancia existem alguns segredinhos&#8230; E eu\u00a0 vou contar todos eles para voc\u00eas agora, primeiro com dicas simples, e posteriormente no final desta reportagem, com um v\u00eddeo na <strong><span style=\"color: #ff00ff;\">PR\u00c1TICA<\/span><\/strong>!! Vamos l\u00e1?<\/p>\n<p style=\"text-align: justify;\">Prepara\u00e7\u00e3o da pele: Por mais que muitas pessoas ignorem, os cuidados com a pele e a rotina de hidrata\u00e7\u00e3o s\u00e3o essenciais para o sucesso da maquiagem. Eu indico uso b\u00e1sico para todos os tipos de pele e idades sabonete espec\u00edfico para seu tipo de pele, vitamina c e um hidratante com protetor solar.<\/p>\n<p style=\"text-align: justify;\">Para a maquiagem, voc\u00ea vai precisar de poucos itens que fazem total diferen\u00e7a e que s\u00e3o essenciais em qualquer kit de maquiagens. S\u00e3o eles: higieniza\u00e7\u00e3o (solu\u00e7\u00e3o micelar), hidratante, primer, base pancake-bb-creaam ou protetor solar com cor,\u00a0 p\u00f3 facial, blush e\/ou bronzer, iluminador, r\u00edmel e batom.\u00a0Em pouco tempo voc\u00ea ficar\u00e1 ainda mais linda e com auto estima l\u00e1 em cima.<\/p>\n<p style=\"text-align: justify;\">A maquiagem n\u00e3o \u00e9 um item obrigat\u00f3rio para uma mulher ser ou estar bonita. Cada uma de n\u00f3s \u00e9 linda com suas individualidades e caracter\u00edsticas. Se voc\u00ea se sentir \u00e0 vontade, mostre ao mundo a sua cara lavada e sinta-se bem com isso. Cobre-se menos, aceite-se como \u00e9 e sinta-se linda de verdade! As dicas s\u00e3o sempre bem vindas, mas cabe a n\u00f3s, mulheres, decidirmos como queremos ser!<\/p>\n<p style=\"text-align: justify;\">Por fim, gostaria de trazer uma quest\u00e3o \u00e0 voc\u00eas. Voc\u00ea usa maquiagem porque acham que PRECISAM usar ou porque gostam e acreditam que \u00e9 s\u00f3 mais uma forma de expressar ao mundo <span style=\"color: #ff00ff;\"><strong>&#8220;QUEM VOC\u00ca \u00c9&#8221;<\/strong><\/span>? At\u00e9 a pr\u00f3xima coluna!!!<\/p>\n<p style=\"text-align: center;\"><span style=\"color: #ff00ff;\"><strong>CONTINUA AP\u00d3S A PUBLICIDADE<\/strong><\/span><img decoding=\"async\" loading=\"lazy\" class=\"aligncenter size-full wp-image-999983159\" src=\"https:\/\/www.sgagora.com.br\/sg\/wp-content\/uploads\/2020\/06\/Provis%C3%B3rio-Mais-Delivey.gif\" alt=\"\" width=\"260\" height=\"260\" \/><\/p>\n<p><img decoding=\"async\" loading=\"lazy\" class=\"aligncenter wp-image-999986937 size-full\" src=\"https:\/\/www.sgagora.com.br\/sg\/wp-content\/uploads\/2021\/03\/GOLDNET-gif-4.gif\" alt=\"\" width=\"260\" height=\"260\" \/><\/p>\n<h3 style=\"text-align: justify;\"><strong>Assista o v\u00eddeo com algumas DICAS na pr\u00e1tica:<br \/>\n<span style=\"color: #ffffff;\">.<\/span><\/strong><\/h3>\n<blockquote class=\"instagram-media\" style=\"background: #FFF; border: 0; border-radius: 3px; box-shadow: 0 0 1px 0 rgba(0,0,0,0.5),0 1px 10px 0 rgba(0,0,0,0.15); margin: 1px; max-width: 540px; min-width: 326px; padding: 0; width: calc(100% - 2px);\" data-instgrm-permalink=\"https:\/\/www.instagram.com\/tv\/CO-gXiMDQId\/?utm_source=ig_embed&amp;utm_campaign=loading\" data-instgrm-version=\"13\">\n<div style=\"padding: 16px;\">\n<div style=\"display: flex; flex-direction: row; align-items: center;\">\n<div style=\"background-color: #f4f4f4; border-radius: 50%; flex-grow: 0; height: 40px; margin-right: 14px; width: 40px;\"><\/div>\n<div style=\"display: flex; flex-direction: column; flex-grow: 1; justify-content: center;\">\n<div style=\"background-color: #f4f4f4; border-radius: 4px; flex-grow: 0; height: 14px; margin-bottom: 6px; width: 100px;\"><\/div>\n<div style=\"background-color: #f4f4f4; border-radius: 4px; flex-grow: 0; height: 14px; width: 60px;\"><\/div>\n<\/div>\n<\/div>\n<div style=\"padding: 19% 0;\"><\/div>\n<div style=\"display: block; height: 50px; margin: 0 auto 12px; width: 50px;\"><\/div>\n<div style=\"padding-top: 8px;\">\n<div style=\"color: #3897f0; font-family: Arial,sans-serif; font-size: 14px; font-style: normal; font-weight: 550; line-height: 18px;\">Ver essa foto no Instagram<\/div>\n<\/div>\n<div style=\"padding: 12.5% 0;\"><\/div>\n<div style=\"display: flex; flex-direction: row; margin-bottom: 14px; align-items: center;\">\n<div>\n<div style=\"background-color: #f4f4f4; border-radius: 50%; height: 12.5px; width: 12.5px; transform: translateX(0px) translateY(7px);\"><\/div>\n<div style=\"background-color: #f4f4f4; height: 12.5px; transform: rotate(-45deg) translateX(3px) translateY(1px); width: 12.5px; flex-grow: 0; margin-right: 14px; margin-left: 2px;\"><\/div>\n<div style=\"background-color: #f4f4f4; border-radius: 50%; height: 12.5px; width: 12.5px; transform: translateX(9px) translateY(-18px);\"><\/div>\n<\/div>\n<div style=\"margin-left: 8px;\">\n<div style=\"background-color: #f4f4f4; border-radius: 50%; flex-grow: 0; height: 20px; width: 20px;\"><\/div>\n<div style=\"width: 0; height: 0; border-top: 2px solid transparent; border-left: 6px solid #f4f4f4; border-bottom: 2px solid transparent; transform: translateX(16px) translateY(-4px) rotate(30deg);\"><\/div>\n<\/div>\n<div style=\"margin-left: auto;\">\n<div style=\"width: 0px; border-top: 8px solid #F4F4F4; border-right: 8px solid transparent; transform: translateY(16px);\"><\/div>\n<div style=\"background-color: #f4f4f4; flex-grow: 0; height: 12px; width: 16px; transform: translateY(-4px);\"><\/div>\n<div style=\"width: 0; height: 0; border-top: 8px solid #F4F4F4; border-left: 8px solid transparent; transform: translateY(-4px) translateX(8px);\"><\/div>\n<\/div>\n<\/div>\n<div style=\"display: flex; flex-direction: column; flex-grow: 1; justify-content: center; margin-bottom: 24px;\">\n<div style=\"background-color: #f4f4f4; border-radius: 4px; flex-grow: 0; height: 14px; margin-bottom: 6px; width: 224px;\"><\/div>\n<div style=\"background-color: #f4f4f4; border-radius: 4px; flex-grow: 0; height: 14px; width: 144px;\"><\/div>\n<\/div>\n<p style=\"color: #c9c8cd; font-family: Arial,sans-serif; font-size: 14px; line-height: 17px; margin-bottom: 0; margin-top: 8px; overflow: hidden; padding: 8px 0 7px; text-align: center; text-overflow: ellipsis; white-space: nowrap;\"><a style=\"color: #c9c8cd; font-family: Arial,sans-serif; font-size: 14px; font-style: normal; font-weight: normal; line-height: 17px; text-decoration: none;\" href=\"https:\/\/www.instagram.com\/tv\/CO-gXiMDQId\/?utm_source=ig_embed&amp;utm_campaign=loading\" target=\"_blank\" rel=\"noopener noreferrer\">Uma publica\u00e7\u00e3o compartilhada por SG Agora (@sgagora)<\/a><\/p>\n<\/div>\n<\/blockquote>\n<p><script async=\"\" src=\"\/\/www.instagram.com\/embed.js\"><\/script><\/p>\n<p><span style=\"color: #ffffff;\">.<\/span><\/p>\n<p style=\"text-align: justify;\"><em><strong>Reportagem:<\/strong> Cristiane Daniela Oliveira\/Colunista Portal SG AGORA \/ <strong>V\u00eddeo Utilizado:<\/strong> Cristiane Daniela Oliveira \/ <strong>Foto Capa:<\/strong> Arquivo\/Portal SG AGORA<\/em><\/p>\n","protected":false},"excerpt":{"rendered":"<p>CONTINUA AP\u00d3S A PUBLICIDADE Ol\u00e1 Leitores do Portal SG AGORA, sou Cristiane Daniela Oliveira, casada, m\u00e3e de dois filhos, propriet\u00e1ria do Espa\u00e7o Cris (clique aqui e siga no Instagram), empreendedora, ministrante de cursos sobre est\u00e9tica &#8230; <a class=\"readmore\" href=\"https:\/\/www.sgagora.com.br\/sg\/cristiane-oliveira-o-poder-da-maquiagem-na-vida-das-pessoas\/\">Leia Mais<\/a><\/p>\n","protected":false},"author":1,"featured_media":999987632,"comment_status":"open","ping_status":"open","sticky":false,"template":"","format":"standard","meta":{"_bbp_topic_count":0,"_bbp_reply_count":0,"_bbp_total_topic_count":0,"_bbp_total_reply_count":0,"_bbp_voice_count":0,"_bbp_anonymous_reply_count":0,"_bbp_topic_count_hidden":0,"_bbp_reply_count_hidden":0,"_bbp_forum_subforum_count":0},"categories":[83,77,4,81],"tags":[256,6136,5081,6137,327,230,659,138,384,194,1766],"yoast_head":"<!-- This site is optimized with the Yoast SEO plugin v20.5 - https:\/\/yoast.com\/wordpress\/plugins\/seo\/ -->\n<title>Cristiane Oliveira: O poder da maquiagem na vida das pessoas<\/title>\n<meta name=\"description\" content=\"Nossa coluna de hoje come\u00e7ar\u00e1 um pouquinho te\u00f3rica, mas trata-se de um conte\u00fado muito especial para todas as mulheres: MAQUIAGEM!!\" \/>\n<meta name=\"robots\" content=\"index, follow, max-snippet:-1, max-image-preview:large, max-video-preview:-1\" \/>\n<link rel=\"canonical\" href=\"https:\/\/www.sgagora.com.br\/sg\/cristiane-oliveira-o-poder-da-maquiagem-na-vida-das-pessoas\/\" \/>\n<meta property=\"og:locale\" content=\"pt_BR\" \/>\n<meta property=\"og:type\" content=\"article\" \/>\n<meta property=\"og:title\" content=\"Cristiane Oliveira: O poder da maquiagem na vida das pessoas\" \/>\n<meta property=\"og:description\" content=\"Nossa coluna de hoje come\u00e7ar\u00e1 um pouquinho te\u00f3rica, mas trata-se de um conte\u00fado muito especial para todas as mulheres: MAQUIAGEM!!\" \/>\n<meta property=\"og:url\" content=\"https:\/\/www.sgagora.com.br\/sg\/cristiane-oliveira-o-poder-da-maquiagem-na-vida-das-pessoas\/\" \/>\n<meta property=\"og:site_name\" content=\"SGAgora\" \/>\n<meta property=\"article:publisher\" content=\"https:\/\/www.facebook.com\/sgagora\" \/>\n<meta property=\"article:published_time\" content=\"2021-05-17T14:27:54+00:00\" \/>\n<meta property=\"article:modified_time\" content=\"2021-05-17T14:34:21+00:00\" \/>\n<meta property=\"og:image\" content=\"https:\/\/www.sgagora.com.br\/sg\/wp-content\/uploads\/2021\/05\/IMG_3071.jpg\" \/>\n\t<meta property=\"og:image:width\" content=\"600\" \/>\n\t<meta property=\"og:image:height\" content=\"400\" \/>\n\t<meta property=\"og:image:type\" content=\"image\/jpeg\" \/>\n<meta name=\"author\" content=\"SG Agora\" \/>\n<meta name=\"twitter:label1\" content=\"Escrito por\" \/>\n\t<meta name=\"twitter:data1\" content=\"SG Agora\" \/>\n\t<meta name=\"twitter:label2\" content=\"Est. tempo de leitura\" \/>\n\t<meta name=\"twitter:data2\" content=\"6 minutos\" \/>\n<script type=\"application\/ld+json\" class=\"yoast-schema-graph\">{\"@context\":\"https:\/\/schema.org\",\"@graph\":[{\"@type\":\"WebPage\",\"@id\":\"https:\/\/www.sgagora.com.br\/sg\/cristiane-oliveira-o-poder-da-maquiagem-na-vida-das-pessoas\/\",\"url\":\"https:\/\/www.sgagora.com.br\/sg\/cristiane-oliveira-o-poder-da-maquiagem-na-vida-das-pessoas\/\",\"name\":\"Cristiane Oliveira: O poder da maquiagem na vida das pessoas\",\"isPartOf\":{\"@id\":\"https:\/\/www.sgagora.com.br\/sg\/#website\"},\"datePublished\":\"2021-05-17T14:27:54+00:00\",\"dateModified\":\"2021-05-17T14:34:21+00:00\",\"author\":{\"@id\":\"https:\/\/www.sgagora.com.br\/sg\/#\/schema\/person\/2be62cfb47cee3e0b305e4f7a765ae41\"},\"description\":\"Nossa coluna de hoje come\u00e7ar\u00e1 um pouquinho te\u00f3rica, mas trata-se de um conte\u00fado muito especial para todas as mulheres: MAQUIAGEM!!\",\"breadcrumb\":{\"@id\":\"https:\/\/www.sgagora.com.br\/sg\/cristiane-oliveira-o-poder-da-maquiagem-na-vida-das-pessoas\/#breadcrumb\"},\"inLanguage\":\"pt-BR\",\"potentialAction\":[{\"@type\":\"ReadAction\",\"target\":[\"https:\/\/www.sgagora.com.br\/sg\/cristiane-oliveira-o-poder-da-maquiagem-na-vida-das-pessoas\/\"]}]},{\"@type\":\"BreadcrumbList\",\"@id\":\"https:\/\/www.sgagora.com.br\/sg\/cristiane-oliveira-o-poder-da-maquiagem-na-vida-das-pessoas\/#breadcrumb\",\"itemListElement\":[{\"@type\":\"ListItem\",\"position\":1,\"name\":\"In\u00edcio\",\"item\":\"https:\/\/www.sgagora.com.br\/sg\/\"},{\"@type\":\"ListItem\",\"position\":2,\"name\":\"Cristiane Oliveira: O poder da maquiagem na vida das pessoas\"}]},{\"@type\":\"WebSite\",\"@id\":\"https:\/\/www.sgagora.com.br\/sg\/#website\",\"url\":\"https:\/\/www.sgagora.com.br\/sg\/\",\"name\":\"SGAgora\",\"description\":\"Not\u00edcias de S\u00e3o Gotardo\",\"potentialAction\":[{\"@type\":\"SearchAction\",\"target\":{\"@type\":\"EntryPoint\",\"urlTemplate\":\"https:\/\/www.sgagora.com.br\/sg\/?s={search_term_string}\"},\"query-input\":\"required name=search_term_string\"}],\"inLanguage\":\"pt-BR\"},{\"@type\":\"Person\",\"@id\":\"https:\/\/www.sgagora.com.br\/sg\/#\/schema\/person\/2be62cfb47cee3e0b305e4f7a765ae41\",\"name\":\"SG Agora\",\"image\":{\"@type\":\"ImageObject\",\"inLanguage\":\"pt-BR\",\"@id\":\"https:\/\/www.sgagora.com.br\/sg\/#\/schema\/person\/image\/\",\"url\":\"https:\/\/secure.gravatar.com\/avatar\/a0c612a9a8c3e7419d6fd4f92e749d8d?s=96&d=mm&r=g\",\"contentUrl\":\"https:\/\/secure.gravatar.com\/avatar\/a0c612a9a8c3e7419d6fd4f92e749d8d?s=96&d=mm&r=g\",\"caption\":\"SG Agora\"},\"url\":\"https:\/\/www.sgagora.com.br\/sg\/author\/admin\/\"}]}<\/script>\n<!-- \/ Yoast SEO plugin. -->","yoast_head_json":{"title":"Cristiane Oliveira: O poder da maquiagem na vida das pessoas","description":"Nossa coluna de hoje come\u00e7ar\u00e1 um pouquinho te\u00f3rica, mas trata-se de um conte\u00fado muito especial para todas as mulheres: MAQUIAGEM!!","robots":{"index":"index","follow":"follow","max-snippet":"max-snippet:-1","max-image-preview":"max-image-preview:large","max-video-preview":"max-video-preview:-1"},"canonical":"https:\/\/www.sgagora.com.br\/sg\/cristiane-oliveira-o-poder-da-maquiagem-na-vida-das-pessoas\/","og_locale":"pt_BR","og_type":"article","og_title":"Cristiane Oliveira: O poder da maquiagem na vida das pessoas","og_description":"Nossa coluna de hoje come\u00e7ar\u00e1 um pouquinho te\u00f3rica, mas trata-se de um conte\u00fado muito especial para todas as mulheres: MAQUIAGEM!!","og_url":"https:\/\/www.sgagora.com.br\/sg\/cristiane-oliveira-o-poder-da-maquiagem-na-vida-das-pessoas\/","og_site_name":"SGAgora","article_publisher":"https:\/\/www.facebook.com\/sgagora","article_published_time":"2021-05-17T14:27:54+00:00","article_modified_time":"2021-05-17T14:34:21+00:00","og_image":[{"width":600,"height":400,"url":"https:\/\/www.sgagora.com.br\/sg\/wp-content\/uploads\/2021\/05\/IMG_3071.jpg","type":"image\/jpeg"}],"author":"SG Agora","twitter_misc":{"Escrito por":"SG Agora","Est. tempo de leitura":"6 minutos"},"schema":{"@context":"https:\/\/schema.org","@graph":[{"@type":"WebPage","@id":"https:\/\/www.sgagora.com.br\/sg\/cristiane-oliveira-o-poder-da-maquiagem-na-vida-das-pessoas\/","url":"https:\/\/www.sgagora.com.br\/sg\/cristiane-oliveira-o-poder-da-maquiagem-na-vida-das-pessoas\/","name":"Cristiane Oliveira: O poder da maquiagem na vida das pessoas","isPartOf":{"@id":"https:\/\/www.sgagora.com.br\/sg\/#website"},"datePublished":"2021-05-17T14:27:54+00:00","dateModified":"2021-05-17T14:34:21+00:00","author":{"@id":"https:\/\/www.sgagora.com.br\/sg\/#\/schema\/person\/2be62cfb47cee3e0b305e4f7a765ae41"},"description":"Nossa coluna de hoje come\u00e7ar\u00e1 um pouquinho te\u00f3rica, mas trata-se de um conte\u00fado muito especial para todas as mulheres: MAQUIAGEM!!","breadcrumb":{"@id":"https:\/\/www.sgagora.com.br\/sg\/cristiane-oliveira-o-poder-da-maquiagem-na-vida-das-pessoas\/#breadcrumb"},"inLanguage":"pt-BR","potentialAction":[{"@type":"ReadAction","target":["https:\/\/www.sgagora.com.br\/sg\/cristiane-oliveira-o-poder-da-maquiagem-na-vida-das-pessoas\/"]}]},{"@type":"BreadcrumbList","@id":"https:\/\/www.sgagora.com.br\/sg\/cristiane-oliveira-o-poder-da-maquiagem-na-vida-das-pessoas\/#breadcrumb","itemListElement":[{"@type":"ListItem","position":1,"name":"In\u00edcio","item":"https:\/\/www.sgagora.com.br\/sg\/"},{"@type":"ListItem","position":2,"name":"Cristiane Oliveira: O poder da maquiagem na vida das pessoas"}]},{"@type":"WebSite","@id":"https:\/\/www.sgagora.com.br\/sg\/#website","url":"https:\/\/www.sgagora.com.br\/sg\/","name":"SGAgora","description":"Not\u00edcias de S\u00e3o Gotardo","potentialAction":[{"@type":"SearchAction","target":{"@type":"EntryPoint","urlTemplate":"https:\/\/www.sgagora.com.br\/sg\/?s={search_term_string}"},"query-input":"required name=search_term_string"}],"inLanguage":"pt-BR"},{"@type":"Person","@id":"https:\/\/www.sgagora.com.br\/sg\/#\/schema\/person\/2be62cfb47cee3e0b305e4f7a765ae41","name":"SG Agora","image":{"@type":"ImageObject","inLanguage":"pt-BR","@id":"https:\/\/www.sgagora.com.br\/sg\/#\/schema\/person\/image\/","url":"https:\/\/secure.gravatar.com\/avatar\/a0c612a9a8c3e7419d6fd4f92e749d8d?s=96&d=mm&r=g","contentUrl":"https:\/\/secure.gravatar.com\/avatar\/a0c612a9a8c3e7419d6fd4f92e749d8d?s=96&d=mm&r=g","caption":"SG Agora"},"url":"https:\/\/www.sgagora.com.br\/sg\/author\/admin\/"}]}},"_links":{"self":[{"href":"https:\/\/www.sgagora.com.br\/sg\/wp-json\/wp\/v2\/posts\/999987629"}],"collection":[{"href":"https:\/\/www.sgagora.com.br\/sg\/wp-json\/wp\/v2\/posts"}],"about":[{"href":"https:\/\/www.sgagora.com.br\/sg\/wp-json\/wp\/v2\/types\/post"}],"author":[{"embeddable":true,"href":"https:\/\/www.sgagora.com.br\/sg\/wp-json\/wp\/v2\/users\/1"}],"replies":[{"embeddable":true,"href":"https:\/\/www.sgagora.com.br\/sg\/wp-json\/wp\/v2\/comments?post=999987629"}],"version-history":[{"count":3,"href":"https:\/\/www.sgagora.com.br\/sg\/wp-json\/wp\/v2\/posts\/999987629\/revisions"}],"predecessor-version":[{"id":999987635,"href":"https:\/\/www.sgagora.com.br\/sg\/wp-json\/wp\/v2\/posts\/999987629\/revisions\/999987635"}],"wp:featuredmedia":[{"embeddable":true,"href":"https:\/\/www.sgagora.com.br\/sg\/wp-json\/wp\/v2\/media\/999987632"}],"wp:attachment":[{"href":"https:\/\/www.sgagora.com.br\/sg\/wp-json\/wp\/v2\/media?parent=999987629"}],"wp:term":[{"taxonomy":"category","embeddable":true,"href":"https:\/\/www.sgagora.com.br\/sg\/wp-json\/wp\/v2\/categories?post=999987629"},{"taxonomy":"post_tag","embeddable":true,"href":"https:\/\/www.sgagora.com.br\/sg\/wp-json\/wp\/v2\/tags?post=999987629"}],"curies":[{"name":"wp","href":"https:\/\/api.w.org\/{rel}","templated":true}]}}