{"id":999988256,"date":"2021-06-28T10:25:26","date_gmt":"2021-06-28T13:25:26","guid":{"rendered":"https:\/\/www.sgagora.com.br\/sg\/?p=999988256"},"modified":"2021-06-28T12:32:16","modified_gmt":"2021-06-28T15:32:16","slug":"lazaro-barbosa-e-capturado-e-morto-pela-policia-em-goias","status":"publish","type":"post","link":"https:\/\/www.sgagora.com.br\/sg\/lazaro-barbosa-e-capturado-e-morto-pela-policia-em-goias\/","title":{"rendered":"L\u00e1zaro Barbosa \u00e9 capturado e morto pela Pol\u00edcia em Goi\u00e1s"},"content":{"rendered":"<p style=\"text-align: center;\"><span style=\"color: #ff0000;\"><strong>CONTINUA AP\u00d3S A PUBLICIDADE<\/strong><\/span><img decoding=\"async\" loading=\"lazy\" class=\"aligncenter wp-image-999987983 size-full\" src=\"https:\/\/www.sgagora.com.br\/sg\/wp-content\/uploads\/2021\/06\/banner-1.gif\" alt=\"\" width=\"260\" height=\"260\" \/><\/p>\n<p><img decoding=\"async\" loading=\"lazy\" class=\"aligncenter wp-image-999986675 size-full\" src=\"https:\/\/www.sgagora.com.br\/sg\/wp-content\/uploads\/2021\/02\/OPHICINA-gif.gif\" alt=\"\" width=\"260\" height=\"260\" \/><\/p>\n<p style=\"text-align: justify;\">L\u00e1zaro Barbosa Sousa, de 32 anos, foi morto pela pol\u00edcia nesta segunda-feira, ap\u00f3s mais um confronto com fugitivo que era considerado &#8220;Serial Killer&#8221;. De acordo com as primeiras informa\u00e7\u00f5es, ele chegou a ser encaminhado para um hospital da regi\u00e3o, mas n\u00e3o resistiu aos ferimentos e chegou sem vida ao pronto de atendimento m\u00e9dico.<\/p>\n<p style=\"text-align: justify;\">Ap\u00f3s 20 dias de uma megaopera\u00e7\u00e3o, com mais de 270 policiais, L\u00e1zaro Barbosa, de 32 anos, morreu ap\u00f3s baleado pela Pol\u00edcia de Goi\u00e1s. Policiais e popula\u00e7\u00e3o do bem de todo o Pa\u00eds comemoraram a pris\u00e3o.<\/p>\n<p style=\"text-align: justify;\">Imagens mostram o fugitivo ferido sendo capturado <strong>(foto capa)<\/strong>. Condenado por assassinatos e estupros, o fugitivo da Justi\u00e7a era procurado por uma s\u00e9rie de crimes na Bahia e em Goi\u00e1s. Ele tamb\u00e9m \u00e9 acusado da morte de quatro pessoas de uma fam\u00edlia em Ceil\u00e2ndia, no Distrito Federal, e de um caseiro de uma fazenda no distrito de Girassol, em Goi\u00e1s.<\/p>\n<p style=\"text-align: justify;\">&#8220;Acabo de receber neste momento uma informa\u00e7\u00e3o de todas as equipes que est\u00e3o na regi\u00e3o de Cocalzinho que o L\u00e1zaro foi preso&#8221;, disse o governador Ronaldo Caiado.<\/p>\n<p style=\"text-align: justify;\">&#8220;Como eu disse, era quest\u00e3o de tempo at\u00e9 que a nossa pol\u00edcia, a mais preparada do Pa\u00eds, capturasse o assassino L\u00e1zaro Barbosa. Parab\u00e9ns para as nossas for\u00e7as de seguran\u00e7a. Voc\u00eas s\u00e3o motivo de muito orgulho para a nossa gente! Goi\u00e1s n\u00e3o \u00e9 Disneyl\u00e2ndia de bandido&#8221;, completou o governador.<\/p>\n<p style=\"text-align: center;\"><span style=\"color: #ff0000;\"><strong>CONTINUA AP\u00d3S A PUBLICIDADE<\/strong><\/span><img decoding=\"async\" loading=\"lazy\" class=\"aligncenter wp-image-999987266 size-full\" src=\"https:\/\/www.sgagora.com.br\/sg\/wp-content\/uploads\/2021\/04\/b759ae18-846e-4fce-b40c-fc37f2798669.jpg\" sizes=\"(max-width: 601px) 100vw, 601px\" srcset=\"https:\/\/www.sgagora.com.br\/sg\/wp-content\/uploads\/2021\/04\/b759ae18-846e-4fce-b40c-fc37f2798669.jpg 601w, https:\/\/www.sgagora.com.br\/sg\/wp-content\/uploads\/2021\/04\/b759ae18-846e-4fce-b40c-fc37f2798669-300x175.jpg 300w\" alt=\"\" width=\"601\" height=\"350\" \/><\/p>\n<h3 style=\"text-align: justify;\"><strong>Buscas<br \/>\n<span style=\"color: #ffffff;\">.<\/span><\/strong><\/h3>\n<div style=\"text-align: justify;\" data-block-type=\"unstyled\" data-block-weight=\"49\" data-block-id=\"14\">\n<p data-track-category=\"Link no Texto\" data-track-links=\"\">As buscas come\u00e7aram no dia 9 de junho, ap\u00f3s o crime no DF. Na fuga, L\u00e1zaro roubou um carro e foi para a cidade de Cocalzinho de Goi\u00e1s, a 80 km de dist\u00e2ncia. Desde ent\u00e3o, foi perseguido pela for\u00e7a-tarefa policial pelas matas da regi\u00e3o.<\/p>\n<\/div>\n<div style=\"text-align: justify;\" data-block-type=\"unstyled\" data-block-weight=\"20\" data-block-id=\"15\">\n<p data-track-category=\"Link no Texto\" data-track-links=\"\">Drones, helic\u00f3pteros,\u00a0r\u00e1dios comunicadores\u00a0e at\u00e9 um caminh\u00e3o com uma plataforma de observa\u00e7\u00e3o elevada de videomonitoramento ajudaram nas opera\u00e7\u00f5es.<\/p>\n<\/div>\n<div data-block-type=\"unstyled\" data-block-weight=\"56\" data-block-id=\"16\">\n<p style=\"text-align: justify;\" data-track-category=\"Link no Texto\" data-track-links=\"\">C\u00e3es farejadores tamb\u00e9m atuaram na ca\u00e7ada a L\u00e1zaro. A cadela Cristal, que ajudou nas buscas em Brumadinho (MG), estava entre eles. Um dos animais, o pastor alem\u00e3o Sauke, se machucou em uma pedra dentro de um rio.<\/p>\n<p style=\"text-align: center;\" data-track-category=\"Link no Texto\" data-track-links=\"\"><span style=\"color: #ff0000;\"><strong>CONTINUA AP\u00d3S A PUBLICIDADE<\/strong><\/span><br \/>\n<img decoding=\"async\" loading=\"lazy\" class=\"aligncenter wp-image-999986332 size-full\" src=\"https:\/\/www.sgagora.com.br\/sg\/wp-content\/uploads\/2021\/01\/anigifodonto-company.gif\" alt=\"\" width=\"600\" height=\"350\" \/><\/p>\n<p style=\"text-align: justify;\" data-track-category=\"Link no Texto\" data-track-links=\"\"><span style=\"font-size: inherit;\">Durante a persegui\u00e7\u00e3o, L\u00e1zaro invadiu ao menos 11 fazendas, trocou tiros e baleo<\/span>u moradores, dois policiais militares e um oficial da For\u00e7a A\u00e9rea Brasileira (FAB), segundo informa\u00e7\u00f5es da for\u00e7a-tarefa.<\/p>\n<div data-block-type=\"unstyled\" data-block-weight=\"51\" data-block-id=\"19\">\n<p style=\"text-align: justify;\" data-track-category=\"Link no Texto\" data-track-links=\"\">Ele tamb\u00e9m\u00a0fez uma fam\u00edlia ref\u00e9m em uma das fazendas &#8211; o casal e uma adolescente de 16 anos. Durante o sequestro, o criminoso exigiu que todos andassem em um c\u00f3rrego para n\u00e3o deixar rastros.<\/p>\n<p style=\"text-align: justify;\" data-track-category=\"Link no Texto\" data-track-links=\"\">Ainda durante as buscas, os policiais encontraram ainda um carro queimado e alguns objetos, como um len\u00e7ol usado e um serrote. Todos os itens seguiram para a per\u00edcia. Apesar da morte, as investiga\u00e7\u00f5es continuam e mais pessoas podem ser presas, envolvidas nos assassinatos do &#8220;Serial Killer&#8221;.<\/p>\n<p style=\"text-align: center;\"><span style=\"color: #ff0000;\"><strong>CONTINUA AP\u00d3S A PUBLICIDADE<\/strong><\/span><img decoding=\"async\" loading=\"lazy\" class=\"aligncenter size-full wp-image-999983159\" src=\"https:\/\/www.sgagora.com.br\/sg\/wp-content\/uploads\/2020\/06\/Provis%C3%B3rio-Mais-Delivey.gif\" alt=\"\" width=\"260\" height=\"260\" \/><\/p>\n<p><img decoding=\"async\" loading=\"lazy\" class=\"aligncenter wp-image-999986937 size-full\" src=\"https:\/\/www.sgagora.com.br\/sg\/wp-content\/uploads\/2021\/03\/GOLDNET-gif-4.gif\" alt=\"\" width=\"260\" height=\"260\" \/><\/p>\n<p style=\"text-align: justify;\" data-track-category=\"Link no Texto\" data-track-links=\"\"><span style=\"color: #ffffff;\">.<\/span><\/p>\n<p style=\"text-align: justify;\" data-track-category=\"Link no Texto\" data-track-links=\"\"><em><strong>Reportagem e Link Original:<\/strong> Portal G1\/Goi\u00e1s\/https:\/\/g1.globo.com\/go\/goias\/noticia\/2021\/06\/28\/lazaro-e-preso-em-goias-diz-governador.ghtml \/ <strong>Foto Capa:<\/strong> Henrique Ramos\/TV Anhanguera<\/em><\/p>\n<\/div>\n<\/div>\n","protected":false},"excerpt":{"rendered":"<p>CONTINUA AP\u00d3S A PUBLICIDADE L\u00e1zaro Barbosa Sousa, de 32 anos, foi morto pela pol\u00edcia nesta segunda-feira, ap\u00f3s mais um confronto com fugitivo que era considerado &#8220;Serial Killer&#8221;. De acordo com as primeiras informa\u00e7\u00f5es, ele chegou &#8230; <a class=\"readmore\" href=\"https:\/\/www.sgagora.com.br\/sg\/lazaro-barbosa-e-capturado-e-morto-pela-policia-em-goias\/\">Leia Mais<\/a><\/p>\n","protected":false},"author":1,"featured_media":999988258,"comment_status":"open","ping_status":"open","sticky":false,"template":"","format":"standard","meta":{"_bbp_topic_count":0,"_bbp_reply_count":0,"_bbp_total_topic_count":0,"_bbp_total_reply_count":0,"_bbp_voice_count":0,"_bbp_anonymous_reply_count":0,"_bbp_topic_count_hidden":0,"_bbp_reply_count_hidden":0,"_bbp_forum_subforum_count":0},"categories":[84,77,81],"tags":[6270,1255,6269,6235,659,120,1007,1552,194],"yoast_head":"<!-- This site is optimized with the Yoast SEO plugin v20.5 - https:\/\/yoast.com\/wordpress\/plugins\/seo\/ -->\n<title>L\u00e1zaro Barbosa \u00e9 capturado e morto pela Pol\u00edcia em Goi\u00e1s<\/title>\n<meta name=\"description\" content=\"L\u00e1zaro Barbosa Sousa, de 32 anos, foi morto pela pol\u00edcia nesta segunda-feira, ap\u00f3s mais um confronto com fugitivo que era considerado &quot;Serial Killer&quot;.\" \/>\n<meta name=\"robots\" content=\"index, follow, max-snippet:-1, max-image-preview:large, max-video-preview:-1\" \/>\n<link rel=\"canonical\" href=\"https:\/\/www.sgagora.com.br\/sg\/lazaro-barbosa-e-capturado-e-morto-pela-policia-em-goias\/\" \/>\n<meta property=\"og:locale\" content=\"pt_BR\" \/>\n<meta property=\"og:type\" content=\"article\" \/>\n<meta property=\"og:title\" content=\"L\u00e1zaro Barbosa \u00e9 capturado e morto pela Pol\u00edcia em Goi\u00e1s\" \/>\n<meta property=\"og:description\" content=\"L\u00e1zaro Barbosa Sousa, de 32 anos, foi morto pela pol\u00edcia nesta segunda-feira, ap\u00f3s mais um confronto com fugitivo que era considerado &quot;Serial Killer&quot;.\" \/>\n<meta property=\"og:url\" content=\"https:\/\/www.sgagora.com.br\/sg\/lazaro-barbosa-e-capturado-e-morto-pela-policia-em-goias\/\" \/>\n<meta property=\"og:site_name\" content=\"SGAgora\" \/>\n<meta property=\"article:publisher\" content=\"https:\/\/www.facebook.com\/sgagora\" \/>\n<meta property=\"article:published_time\" content=\"2021-06-28T13:25:26+00:00\" \/>\n<meta property=\"article:modified_time\" content=\"2021-06-28T15:32:16+00:00\" \/>\n<meta property=\"og:image\" content=\"https:\/\/www.sgagora.com.br\/sg\/wp-content\/uploads\/2021\/06\/lazaro.jpg\" \/>\n\t<meta property=\"og:image:width\" content=\"600\" \/>\n\t<meta property=\"og:image:height\" content=\"376\" \/>\n\t<meta property=\"og:image:type\" content=\"image\/jpeg\" \/>\n<meta name=\"author\" content=\"SG Agora\" \/>\n<meta name=\"twitter:label1\" content=\"Escrito por\" \/>\n\t<meta name=\"twitter:data1\" content=\"SG Agora\" \/>\n\t<meta name=\"twitter:label2\" content=\"Est. tempo de leitura\" \/>\n\t<meta name=\"twitter:data2\" content=\"3 minutos\" \/>\n<script type=\"application\/ld+json\" class=\"yoast-schema-graph\">{\"@context\":\"https:\/\/schema.org\",\"@graph\":[{\"@type\":\"WebPage\",\"@id\":\"https:\/\/www.sgagora.com.br\/sg\/lazaro-barbosa-e-capturado-e-morto-pela-policia-em-goias\/\",\"url\":\"https:\/\/www.sgagora.com.br\/sg\/lazaro-barbosa-e-capturado-e-morto-pela-policia-em-goias\/\",\"name\":\"L\u00e1zaro Barbosa \u00e9 capturado e morto pela Pol\u00edcia em Goi\u00e1s\",\"isPartOf\":{\"@id\":\"https:\/\/www.sgagora.com.br\/sg\/#website\"},\"datePublished\":\"2021-06-28T13:25:26+00:00\",\"dateModified\":\"2021-06-28T15:32:16+00:00\",\"author\":{\"@id\":\"https:\/\/www.sgagora.com.br\/sg\/#\/schema\/person\/2be62cfb47cee3e0b305e4f7a765ae41\"},\"description\":\"L\u00e1zaro Barbosa Sousa, de 32 anos, foi morto pela pol\u00edcia nesta segunda-feira, ap\u00f3s mais um confronto com fugitivo que era considerado \\\"Serial Killer\\\".\",\"breadcrumb\":{\"@id\":\"https:\/\/www.sgagora.com.br\/sg\/lazaro-barbosa-e-capturado-e-morto-pela-policia-em-goias\/#breadcrumb\"},\"inLanguage\":\"pt-BR\",\"potentialAction\":[{\"@type\":\"ReadAction\",\"target\":[\"https:\/\/www.sgagora.com.br\/sg\/lazaro-barbosa-e-capturado-e-morto-pela-policia-em-goias\/\"]}]},{\"@type\":\"BreadcrumbList\",\"@id\":\"https:\/\/www.sgagora.com.br\/sg\/lazaro-barbosa-e-capturado-e-morto-pela-policia-em-goias\/#breadcrumb\",\"itemListElement\":[{\"@type\":\"ListItem\",\"position\":1,\"name\":\"In\u00edcio\",\"item\":\"https:\/\/www.sgagora.com.br\/sg\/\"},{\"@type\":\"ListItem\",\"position\":2,\"name\":\"L\u00e1zaro Barbosa \u00e9 capturado e morto pela Pol\u00edcia em Goi\u00e1s\"}]},{\"@type\":\"WebSite\",\"@id\":\"https:\/\/www.sgagora.com.br\/sg\/#website\",\"url\":\"https:\/\/www.sgagora.com.br\/sg\/\",\"name\":\"SGAgora\",\"description\":\"Not\u00edcias de S\u00e3o Gotardo\",\"potentialAction\":[{\"@type\":\"SearchAction\",\"target\":{\"@type\":\"EntryPoint\",\"urlTemplate\":\"https:\/\/www.sgagora.com.br\/sg\/?s={search_term_string}\"},\"query-input\":\"required name=search_term_string\"}],\"inLanguage\":\"pt-BR\"},{\"@type\":\"Person\",\"@id\":\"https:\/\/www.sgagora.com.br\/sg\/#\/schema\/person\/2be62cfb47cee3e0b305e4f7a765ae41\",\"name\":\"SG Agora\",\"image\":{\"@type\":\"ImageObject\",\"inLanguage\":\"pt-BR\",\"@id\":\"https:\/\/www.sgagora.com.br\/sg\/#\/schema\/person\/image\/\",\"url\":\"https:\/\/secure.gravatar.com\/avatar\/a0c612a9a8c3e7419d6fd4f92e749d8d?s=96&d=mm&r=g\",\"contentUrl\":\"https:\/\/secure.gravatar.com\/avatar\/a0c612a9a8c3e7419d6fd4f92e749d8d?s=96&d=mm&r=g\",\"caption\":\"SG Agora\"},\"url\":\"https:\/\/www.sgagora.com.br\/sg\/author\/admin\/\"}]}<\/script>\n<!-- \/ Yoast SEO plugin. -->","yoast_head_json":{"title":"L\u00e1zaro Barbosa \u00e9 capturado e morto pela Pol\u00edcia em Goi\u00e1s","description":"L\u00e1zaro Barbosa Sousa, de 32 anos, foi morto pela pol\u00edcia nesta segunda-feira, ap\u00f3s mais um confronto com fugitivo que era considerado \"Serial Killer\".","robots":{"index":"index","follow":"follow","max-snippet":"max-snippet:-1","max-image-preview":"max-image-preview:large","max-video-preview":"max-video-preview:-1"},"canonical":"https:\/\/www.sgagora.com.br\/sg\/lazaro-barbosa-e-capturado-e-morto-pela-policia-em-goias\/","og_locale":"pt_BR","og_type":"article","og_title":"L\u00e1zaro Barbosa \u00e9 capturado e morto pela Pol\u00edcia em Goi\u00e1s","og_description":"L\u00e1zaro Barbosa Sousa, de 32 anos, foi morto pela pol\u00edcia nesta segunda-feira, ap\u00f3s mais um confronto com fugitivo que era considerado \"Serial Killer\".","og_url":"https:\/\/www.sgagora.com.br\/sg\/lazaro-barbosa-e-capturado-e-morto-pela-policia-em-goias\/","og_site_name":"SGAgora","article_publisher":"https:\/\/www.facebook.com\/sgagora","article_published_time":"2021-06-28T13:25:26+00:00","article_modified_time":"2021-06-28T15:32:16+00:00","og_image":[{"width":600,"height":376,"url":"https:\/\/www.sgagora.com.br\/sg\/wp-content\/uploads\/2021\/06\/lazaro.jpg","type":"image\/jpeg"}],"author":"SG Agora","twitter_misc":{"Escrito por":"SG Agora","Est. tempo de leitura":"3 minutos"},"schema":{"@context":"https:\/\/schema.org","@graph":[{"@type":"WebPage","@id":"https:\/\/www.sgagora.com.br\/sg\/lazaro-barbosa-e-capturado-e-morto-pela-policia-em-goias\/","url":"https:\/\/www.sgagora.com.br\/sg\/lazaro-barbosa-e-capturado-e-morto-pela-policia-em-goias\/","name":"L\u00e1zaro Barbosa \u00e9 capturado e morto pela Pol\u00edcia em Goi\u00e1s","isPartOf":{"@id":"https:\/\/www.sgagora.com.br\/sg\/#website"},"datePublished":"2021-06-28T13:25:26+00:00","dateModified":"2021-06-28T15:32:16+00:00","author":{"@id":"https:\/\/www.sgagora.com.br\/sg\/#\/schema\/person\/2be62cfb47cee3e0b305e4f7a765ae41"},"description":"L\u00e1zaro Barbosa Sousa, de 32 anos, foi morto pela pol\u00edcia nesta segunda-feira, ap\u00f3s mais um confronto com fugitivo que era considerado \"Serial Killer\".","breadcrumb":{"@id":"https:\/\/www.sgagora.com.br\/sg\/lazaro-barbosa-e-capturado-e-morto-pela-policia-em-goias\/#breadcrumb"},"inLanguage":"pt-BR","potentialAction":[{"@type":"ReadAction","target":["https:\/\/www.sgagora.com.br\/sg\/lazaro-barbosa-e-capturado-e-morto-pela-policia-em-goias\/"]}]},{"@type":"BreadcrumbList","@id":"https:\/\/www.sgagora.com.br\/sg\/lazaro-barbosa-e-capturado-e-morto-pela-policia-em-goias\/#breadcrumb","itemListElement":[{"@type":"ListItem","position":1,"name":"In\u00edcio","item":"https:\/\/www.sgagora.com.br\/sg\/"},{"@type":"ListItem","position":2,"name":"L\u00e1zaro Barbosa \u00e9 capturado e morto pela Pol\u00edcia em Goi\u00e1s"}]},{"@type":"WebSite","@id":"https:\/\/www.sgagora.com.br\/sg\/#website","url":"https:\/\/www.sgagora.com.br\/sg\/","name":"SGAgora","description":"Not\u00edcias de S\u00e3o Gotardo","potentialAction":[{"@type":"SearchAction","target":{"@type":"EntryPoint","urlTemplate":"https:\/\/www.sgagora.com.br\/sg\/?s={search_term_string}"},"query-input":"required name=search_term_string"}],"inLanguage":"pt-BR"},{"@type":"Person","@id":"https:\/\/www.sgagora.com.br\/sg\/#\/schema\/person\/2be62cfb47cee3e0b305e4f7a765ae41","name":"SG Agora","image":{"@type":"ImageObject","inLanguage":"pt-BR","@id":"https:\/\/www.sgagora.com.br\/sg\/#\/schema\/person\/image\/","url":"https:\/\/secure.gravatar.com\/avatar\/a0c612a9a8c3e7419d6fd4f92e749d8d?s=96&d=mm&r=g","contentUrl":"https:\/\/secure.gravatar.com\/avatar\/a0c612a9a8c3e7419d6fd4f92e749d8d?s=96&d=mm&r=g","caption":"SG Agora"},"url":"https:\/\/www.sgagora.com.br\/sg\/author\/admin\/"}]}},"_links":{"self":[{"href":"https:\/\/www.sgagora.com.br\/sg\/wp-json\/wp\/v2\/posts\/999988256"}],"collection":[{"href":"https:\/\/www.sgagora.com.br\/sg\/wp-json\/wp\/v2\/posts"}],"about":[{"href":"https:\/\/www.sgagora.com.br\/sg\/wp-json\/wp\/v2\/types\/post"}],"author":[{"embeddable":true,"href":"https:\/\/www.sgagora.com.br\/sg\/wp-json\/wp\/v2\/users\/1"}],"replies":[{"embeddable":true,"href":"https:\/\/www.sgagora.com.br\/sg\/wp-json\/wp\/v2\/comments?post=999988256"}],"version-history":[{"count":3,"href":"https:\/\/www.sgagora.com.br\/sg\/wp-json\/wp\/v2\/posts\/999988256\/revisions"}],"predecessor-version":[{"id":999988270,"href":"https:\/\/www.sgagora.com.br\/sg\/wp-json\/wp\/v2\/posts\/999988256\/revisions\/999988270"}],"wp:featuredmedia":[{"embeddable":true,"href":"https:\/\/www.sgagora.com.br\/sg\/wp-json\/wp\/v2\/media\/999988258"}],"wp:attachment":[{"href":"https:\/\/www.sgagora.com.br\/sg\/wp-json\/wp\/v2\/media?parent=999988256"}],"wp:term":[{"taxonomy":"category","embeddable":true,"href":"https:\/\/www.sgagora.com.br\/sg\/wp-json\/wp\/v2\/categories?post=999988256"},{"taxonomy":"post_tag","embeddable":true,"href":"https:\/\/www.sgagora.com.br\/sg\/wp-json\/wp\/v2\/tags?post=999988256"}],"curies":[{"name":"wp","href":"https:\/\/api.w.org\/{rel}","templated":true}]}}