{"id":999988555,"date":"2021-07-14T16:03:39","date_gmt":"2021-07-14T19:03:39","guid":{"rendered":"https:\/\/www.sgagora.com.br\/sg\/?p=999988555"},"modified":"2021-07-14T16:03:42","modified_gmt":"2021-07-14T19:03:42","slug":"madalena-gordiano-fecha-acordo-com-casal-rigueira-e-vai-receber-r-690-mil-de-indenizacao","status":"publish","type":"post","link":"https:\/\/www.sgagora.com.br\/sg\/madalena-gordiano-fecha-acordo-com-casal-rigueira-e-vai-receber-r-690-mil-de-indenizacao\/","title":{"rendered":"Madalena Gordiano fecha acordo com casal Rigueira e vai receber R$ 690 mil de indeniza\u00e7\u00e3o"},"content":{"rendered":"<p style=\"text-align: center;\"><span style=\"color: #ff0000;\"><strong>CONTINUA AP\u00d3S A PUBLICIDADE<\/strong><\/span><img decoding=\"async\" loading=\"lazy\" class=\"aligncenter wp-image-999987983 size-full\" src=\"https:\/\/www.sgagora.com.br\/sg\/wp-content\/uploads\/2021\/06\/banner-1.gif\" alt=\"\" width=\"260\" height=\"260\" \/><\/p>\n<p><img decoding=\"async\" loading=\"lazy\" class=\"aligncenter wp-image-999986675 size-full\" src=\"https:\/\/www.sgagora.com.br\/sg\/wp-content\/uploads\/2021\/02\/OPHICINA-gif.gif\" alt=\"\" width=\"260\" height=\"260\" \/><\/p>\n<p style=\"text-align: justify;\">Madalena Gordiano, que virou s\u00edmbolo da luta contra o trabalho escravo ap\u00f3s ser resgatada de um apartamento no centro de Patos de Minas, est\u00e1 livre para viver a vida e com mais dinheiro no bolso. Em audi\u00eancia virtual na A\u00e7\u00e3o Civil P\u00fablica movida pelo Minist\u00e9rio P\u00fablico do Trabalho nessa ter\u00e7a-feira (13), as partes chegaram a um acordo para o pagamento de uma indeniza\u00e7\u00e3o a Madalena pelos anos que ela trabalhou para a fam\u00edlia sem os direitos trabalhistas.<\/p>\n<p style=\"text-align: center;\"><span style=\"color: #ff0000;\"><strong>CONTINUA AP\u00d3S A PUBLICIDADE<\/strong><\/span><img decoding=\"async\" loading=\"lazy\" class=\"aligncenter wp-image-999987266 size-full\" src=\"https:\/\/www.sgagora.com.br\/sg\/wp-content\/uploads\/2021\/04\/b759ae18-846e-4fce-b40c-fc37f2798669.jpg\" sizes=\"(max-width: 601px) 100vw, 601px\" srcset=\"https:\/\/www.sgagora.com.br\/sg\/wp-content\/uploads\/2021\/04\/b759ae18-846e-4fce-b40c-fc37f2798669.jpg 601w, https:\/\/www.sgagora.com.br\/sg\/wp-content\/uploads\/2021\/04\/b759ae18-846e-4fce-b40c-fc37f2798669-300x175.jpg 300w\" alt=\"\" width=\"601\" height=\"350\" \/><\/p>\n<p style=\"text-align: justify;\">O casal Rigueira acordou em pagar R$ 690 mil em indeniza\u00e7\u00f5es \u00e0 Madalena. A fam\u00edlia vai dar a ela o apartamento em que moravam na avenida Get\u00falio Vargas no centro de Patos de Minas, im\u00f3vel ao qual ela passou os \u00faltimos anos e o carro da fam\u00edlia, um ve\u00edculo Hyundai IX-35, ano\/modelo 2014\/2015, ao qual atribuem o valor de R$ 70.000,00. O casal Regueira ainda se responsabilizar\u00e1 por pagar as contribui\u00e7\u00f5es previdenci\u00e1rias em rela\u00e7\u00e3o ao contrato de trabalho da empregada dom\u00e9stica Madalena Gordiano dos \u00faltimos cinco anos.<\/p>\n<ul>\n<li style=\"text-align: justify;\"><strong><span style=\"color: #3366ff;\"><a style=\"color: #3366ff;\" href=\"https:\/\/www.sgagora.com.br\/sg\/fantastico-mostra-resgate-de-mulher-que-vivia-em-situacao-de-escravidao-em-patos-de-minas\/\" target=\"_blank\" rel=\"noopener noreferrer\">RELEMBRE O CASO:<\/a><\/span> <a href=\"https:\/\/www.sgagora.com.br\/sg\/fantastico-mostra-resgate-de-mulher-que-vivia-em-situacao-de-escravidao-em-patos-de-minas\/\" target=\"_blank\" rel=\"noopener noreferrer\"><span style=\"color: #ff0000;\">Fant\u00e1stico mostra resgate de mulher que vivia em situa\u00e7\u00e3o de escravid\u00e3o em Patos de Minas<\/span>;<\/a><\/strong><br \/>\n<span style=\"color: #ffffff;\">.<\/span><\/li>\n<\/ul>\n<p style=\"text-align: justify;\">Pelo acordo firmado na audi\u00eancia presidida pela ju\u00edza Maila Vanessa de Oliveira Costa, a fam\u00edlia Rigueira entrega o apartamento e o carro no estado em que se encontram (em perfeito estado de uso e conserva\u00e7\u00e3o) e se responsabiliza pelo pagamento das d\u00edvidas relativas a IPTU 2021, condom\u00ednio a partir de fevereiro de 2021 (e at\u00e9 julho de 2021, inclusive), IPVA 2021 e parcelas decorrentes de financiamento imobili\u00e1rio (de fevereiro de 2021 a junho de 2021).<\/p>\n<p style=\"text-align: center;\"><span style=\"color: #ff0000;\"><strong>CONTINUA AP\u00d3S A PUBLICIDADE<\/strong><\/span><br \/>\n<img decoding=\"async\" loading=\"lazy\" class=\"aligncenter wp-image-999986332 size-full\" src=\"https:\/\/www.sgagora.com.br\/sg\/wp-content\/uploads\/2021\/01\/anigifodonto-company.gif\" alt=\"\" width=\"600\" height=\"350\" \/><\/p>\n<p style=\"text-align: justify;\">Embora tenha sido considerado no acordo pelo valor de R$ 600 mil, segundo o Minist\u00e9rio P\u00fablico do Trabalho, o im\u00f3vel foi avaliado por duas imobili\u00e1rias pelo valor de R$ 400 mil. Caber\u00e1 \u00e0 Madalena e aos seus advogados de defesa, definirem a forma como os bens ser\u00e3o utilizados. Ela continua em uma casa abrigo, recebendo apoio psicol\u00f3gico e social.<\/p>\n<p style=\"text-align: center;\"><span style=\"color: #ff0000;\"><strong>CONTINUA AP\u00d3S A PUBLICIDADE<\/strong><\/span><img decoding=\"async\" loading=\"lazy\" class=\"aligncenter size-full wp-image-999983159\" src=\"https:\/\/www.sgagora.com.br\/sg\/wp-content\/uploads\/2020\/06\/Provis%C3%B3rio-Mais-Delivey.gif\" alt=\"\" width=\"260\" height=\"260\" \/><\/p>\n<p><img decoding=\"async\" loading=\"lazy\" class=\"aligncenter wp-image-999986937 size-full\" src=\"https:\/\/www.sgagora.com.br\/sg\/wp-content\/uploads\/2021\/03\/GOLDNET-gif-4.gif\" alt=\"\" width=\"260\" height=\"260\" \/><\/p>\n<p style=\"text-align: justify;\"><span style=\"color: #ffffff;\">.<\/span><\/p>\n<p style=\"text-align: justify;\"><em><strong>Reportagem:<\/strong> Mauricio Rocha\/Portal Patos Hoje \/ <strong>Foto Capa:<\/strong> Reprodu\u00e7\u00e3o\/Instagram<\/em><\/p>\n","protected":false},"excerpt":{"rendered":"<p>CONTINUA AP\u00d3S A PUBLICIDADE Madalena Gordiano, que virou s\u00edmbolo da luta contra o trabalho escravo ap\u00f3s ser resgatada de um apartamento no centro de Patos de Minas, est\u00e1 livre para viver a vida e com &#8230; <a class=\"readmore\" href=\"https:\/\/www.sgagora.com.br\/sg\/madalena-gordiano-fecha-acordo-com-casal-rigueira-e-vai-receber-r-690-mil-de-indenizacao\/\">Leia Mais<\/a><\/p>\n","protected":false},"author":1,"featured_media":999988557,"comment_status":"open","ping_status":"open","sticky":false,"template":"","format":"standard","meta":{"_bbp_topic_count":0,"_bbp_reply_count":0,"_bbp_total_topic_count":0,"_bbp_total_reply_count":0,"_bbp_voice_count":0,"_bbp_anonymous_reply_count":0,"_bbp_topic_count_hidden":0,"_bbp_reply_count_hidden":0,"_bbp_forum_subforum_count":0},"categories":[84,77,4,81],"tags":[366,5722,5677,5681,5679,659,121,194],"yoast_head":"<!-- This site is optimized with the Yoast SEO plugin v20.5 - https:\/\/yoast.com\/wordpress\/plugins\/seo\/ -->\n<title>Madalena Gordiano fecha acordo com casal Rigueira e vai receber R$ 690 mil de indeniza\u00e7\u00e3o<\/title>\n<meta name=\"description\" content=\"Madalena Gordiano, que virou s\u00edmbolo da luta contra o trabalho escravo ap\u00f3s ser resgatada de um apartamento no centro de Patos de Minas, est\u00e1 livre para viver a vida e com mais dinheiro no bolso.\" \/>\n<meta name=\"robots\" content=\"index, follow, max-snippet:-1, max-image-preview:large, max-video-preview:-1\" \/>\n<link rel=\"canonical\" href=\"https:\/\/www.sgagora.com.br\/sg\/madalena-gordiano-fecha-acordo-com-casal-rigueira-e-vai-receber-r-690-mil-de-indenizacao\/\" \/>\n<meta property=\"og:locale\" content=\"pt_BR\" \/>\n<meta property=\"og:type\" content=\"article\" \/>\n<meta property=\"og:title\" content=\"Madalena Gordiano fecha acordo com casal Rigueira e vai receber R$ 690 mil de indeniza\u00e7\u00e3o\" \/>\n<meta property=\"og:description\" content=\"Madalena Gordiano, que virou s\u00edmbolo da luta contra o trabalho escravo ap\u00f3s ser resgatada de um apartamento no centro de Patos de Minas, est\u00e1 livre para viver a vida e com mais dinheiro no bolso.\" \/>\n<meta property=\"og:url\" content=\"https:\/\/www.sgagora.com.br\/sg\/madalena-gordiano-fecha-acordo-com-casal-rigueira-e-vai-receber-r-690-mil-de-indenizacao\/\" \/>\n<meta property=\"og:site_name\" content=\"SGAgora\" \/>\n<meta property=\"article:publisher\" content=\"https:\/\/www.facebook.com\/sgagora\" \/>\n<meta property=\"article:published_time\" content=\"2021-07-14T19:03:39+00:00\" \/>\n<meta property=\"article:modified_time\" content=\"2021-07-14T19:03:42+00:00\" \/>\n<meta property=\"og:image\" content=\"https:\/\/www.sgagora.com.br\/sg\/wp-content\/uploads\/2021\/07\/mADA\u00c7E\u00c7A.jpg\" \/>\n\t<meta property=\"og:image:width\" content=\"600\" \/>\n\t<meta property=\"og:image:height\" content=\"420\" \/>\n\t<meta property=\"og:image:type\" content=\"image\/jpeg\" \/>\n<meta name=\"author\" content=\"SG Agora\" \/>\n<meta name=\"twitter:label1\" content=\"Escrito por\" \/>\n\t<meta name=\"twitter:data1\" content=\"SG Agora\" \/>\n\t<meta name=\"twitter:label2\" content=\"Est. tempo de leitura\" \/>\n\t<meta name=\"twitter:data2\" content=\"2 minutos\" \/>\n<script type=\"application\/ld+json\" class=\"yoast-schema-graph\">{\"@context\":\"https:\/\/schema.org\",\"@graph\":[{\"@type\":\"WebPage\",\"@id\":\"https:\/\/www.sgagora.com.br\/sg\/madalena-gordiano-fecha-acordo-com-casal-rigueira-e-vai-receber-r-690-mil-de-indenizacao\/\",\"url\":\"https:\/\/www.sgagora.com.br\/sg\/madalena-gordiano-fecha-acordo-com-casal-rigueira-e-vai-receber-r-690-mil-de-indenizacao\/\",\"name\":\"Madalena Gordiano fecha acordo com casal Rigueira e vai receber R$ 690 mil de indeniza\u00e7\u00e3o\",\"isPartOf\":{\"@id\":\"https:\/\/www.sgagora.com.br\/sg\/#website\"},\"datePublished\":\"2021-07-14T19:03:39+00:00\",\"dateModified\":\"2021-07-14T19:03:42+00:00\",\"author\":{\"@id\":\"https:\/\/www.sgagora.com.br\/sg\/#\/schema\/person\/2be62cfb47cee3e0b305e4f7a765ae41\"},\"description\":\"Madalena Gordiano, que virou s\u00edmbolo da luta contra o trabalho escravo ap\u00f3s ser resgatada de um apartamento no centro de Patos de Minas, est\u00e1 livre para viver a vida e com mais dinheiro no bolso.\",\"breadcrumb\":{\"@id\":\"https:\/\/www.sgagora.com.br\/sg\/madalena-gordiano-fecha-acordo-com-casal-rigueira-e-vai-receber-r-690-mil-de-indenizacao\/#breadcrumb\"},\"inLanguage\":\"pt-BR\",\"potentialAction\":[{\"@type\":\"ReadAction\",\"target\":[\"https:\/\/www.sgagora.com.br\/sg\/madalena-gordiano-fecha-acordo-com-casal-rigueira-e-vai-receber-r-690-mil-de-indenizacao\/\"]}]},{\"@type\":\"BreadcrumbList\",\"@id\":\"https:\/\/www.sgagora.com.br\/sg\/madalena-gordiano-fecha-acordo-com-casal-rigueira-e-vai-receber-r-690-mil-de-indenizacao\/#breadcrumb\",\"itemListElement\":[{\"@type\":\"ListItem\",\"position\":1,\"name\":\"In\u00edcio\",\"item\":\"https:\/\/www.sgagora.com.br\/sg\/\"},{\"@type\":\"ListItem\",\"position\":2,\"name\":\"Madalena Gordiano fecha acordo com casal Rigueira e vai receber R$ 690 mil de indeniza\u00e7\u00e3o\"}]},{\"@type\":\"WebSite\",\"@id\":\"https:\/\/www.sgagora.com.br\/sg\/#website\",\"url\":\"https:\/\/www.sgagora.com.br\/sg\/\",\"name\":\"SGAgora\",\"description\":\"Not\u00edcias de S\u00e3o Gotardo\",\"potentialAction\":[{\"@type\":\"SearchAction\",\"target\":{\"@type\":\"EntryPoint\",\"urlTemplate\":\"https:\/\/www.sgagora.com.br\/sg\/?s={search_term_string}\"},\"query-input\":\"required name=search_term_string\"}],\"inLanguage\":\"pt-BR\"},{\"@type\":\"Person\",\"@id\":\"https:\/\/www.sgagora.com.br\/sg\/#\/schema\/person\/2be62cfb47cee3e0b305e4f7a765ae41\",\"name\":\"SG Agora\",\"image\":{\"@type\":\"ImageObject\",\"inLanguage\":\"pt-BR\",\"@id\":\"https:\/\/www.sgagora.com.br\/sg\/#\/schema\/person\/image\/\",\"url\":\"https:\/\/secure.gravatar.com\/avatar\/a0c612a9a8c3e7419d6fd4f92e749d8d?s=96&d=mm&r=g\",\"contentUrl\":\"https:\/\/secure.gravatar.com\/avatar\/a0c612a9a8c3e7419d6fd4f92e749d8d?s=96&d=mm&r=g\",\"caption\":\"SG Agora\"},\"url\":\"https:\/\/www.sgagora.com.br\/sg\/author\/admin\/\"}]}<\/script>\n<!-- \/ Yoast SEO plugin. -->","yoast_head_json":{"title":"Madalena Gordiano fecha acordo com casal Rigueira e vai receber R$ 690 mil de indeniza\u00e7\u00e3o","description":"Madalena Gordiano, que virou s\u00edmbolo da luta contra o trabalho escravo ap\u00f3s ser resgatada de um apartamento no centro de Patos de Minas, est\u00e1 livre para viver a vida e com mais dinheiro no bolso.","robots":{"index":"index","follow":"follow","max-snippet":"max-snippet:-1","max-image-preview":"max-image-preview:large","max-video-preview":"max-video-preview:-1"},"canonical":"https:\/\/www.sgagora.com.br\/sg\/madalena-gordiano-fecha-acordo-com-casal-rigueira-e-vai-receber-r-690-mil-de-indenizacao\/","og_locale":"pt_BR","og_type":"article","og_title":"Madalena Gordiano fecha acordo com casal Rigueira e vai receber R$ 690 mil de indeniza\u00e7\u00e3o","og_description":"Madalena Gordiano, que virou s\u00edmbolo da luta contra o trabalho escravo ap\u00f3s ser resgatada de um apartamento no centro de Patos de Minas, est\u00e1 livre para viver a vida e com mais dinheiro no bolso.","og_url":"https:\/\/www.sgagora.com.br\/sg\/madalena-gordiano-fecha-acordo-com-casal-rigueira-e-vai-receber-r-690-mil-de-indenizacao\/","og_site_name":"SGAgora","article_publisher":"https:\/\/www.facebook.com\/sgagora","article_published_time":"2021-07-14T19:03:39+00:00","article_modified_time":"2021-07-14T19:03:42+00:00","og_image":[{"width":600,"height":420,"url":"https:\/\/www.sgagora.com.br\/sg\/wp-content\/uploads\/2021\/07\/mADA\u00c7E\u00c7A.jpg","type":"image\/jpeg"}],"author":"SG Agora","twitter_misc":{"Escrito por":"SG Agora","Est. tempo de leitura":"2 minutos"},"schema":{"@context":"https:\/\/schema.org","@graph":[{"@type":"WebPage","@id":"https:\/\/www.sgagora.com.br\/sg\/madalena-gordiano-fecha-acordo-com-casal-rigueira-e-vai-receber-r-690-mil-de-indenizacao\/","url":"https:\/\/www.sgagora.com.br\/sg\/madalena-gordiano-fecha-acordo-com-casal-rigueira-e-vai-receber-r-690-mil-de-indenizacao\/","name":"Madalena Gordiano fecha acordo com casal Rigueira e vai receber R$ 690 mil de indeniza\u00e7\u00e3o","isPartOf":{"@id":"https:\/\/www.sgagora.com.br\/sg\/#website"},"datePublished":"2021-07-14T19:03:39+00:00","dateModified":"2021-07-14T19:03:42+00:00","author":{"@id":"https:\/\/www.sgagora.com.br\/sg\/#\/schema\/person\/2be62cfb47cee3e0b305e4f7a765ae41"},"description":"Madalena Gordiano, que virou s\u00edmbolo da luta contra o trabalho escravo ap\u00f3s ser resgatada de um apartamento no centro de Patos de Minas, est\u00e1 livre para viver a vida e com mais dinheiro no bolso.","breadcrumb":{"@id":"https:\/\/www.sgagora.com.br\/sg\/madalena-gordiano-fecha-acordo-com-casal-rigueira-e-vai-receber-r-690-mil-de-indenizacao\/#breadcrumb"},"inLanguage":"pt-BR","potentialAction":[{"@type":"ReadAction","target":["https:\/\/www.sgagora.com.br\/sg\/madalena-gordiano-fecha-acordo-com-casal-rigueira-e-vai-receber-r-690-mil-de-indenizacao\/"]}]},{"@type":"BreadcrumbList","@id":"https:\/\/www.sgagora.com.br\/sg\/madalena-gordiano-fecha-acordo-com-casal-rigueira-e-vai-receber-r-690-mil-de-indenizacao\/#breadcrumb","itemListElement":[{"@type":"ListItem","position":1,"name":"In\u00edcio","item":"https:\/\/www.sgagora.com.br\/sg\/"},{"@type":"ListItem","position":2,"name":"Madalena Gordiano fecha acordo com casal Rigueira e vai receber R$ 690 mil de indeniza\u00e7\u00e3o"}]},{"@type":"WebSite","@id":"https:\/\/www.sgagora.com.br\/sg\/#website","url":"https:\/\/www.sgagora.com.br\/sg\/","name":"SGAgora","description":"Not\u00edcias de S\u00e3o Gotardo","potentialAction":[{"@type":"SearchAction","target":{"@type":"EntryPoint","urlTemplate":"https:\/\/www.sgagora.com.br\/sg\/?s={search_term_string}"},"query-input":"required name=search_term_string"}],"inLanguage":"pt-BR"},{"@type":"Person","@id":"https:\/\/www.sgagora.com.br\/sg\/#\/schema\/person\/2be62cfb47cee3e0b305e4f7a765ae41","name":"SG Agora","image":{"@type":"ImageObject","inLanguage":"pt-BR","@id":"https:\/\/www.sgagora.com.br\/sg\/#\/schema\/person\/image\/","url":"https:\/\/secure.gravatar.com\/avatar\/a0c612a9a8c3e7419d6fd4f92e749d8d?s=96&d=mm&r=g","contentUrl":"https:\/\/secure.gravatar.com\/avatar\/a0c612a9a8c3e7419d6fd4f92e749d8d?s=96&d=mm&r=g","caption":"SG Agora"},"url":"https:\/\/www.sgagora.com.br\/sg\/author\/admin\/"}]}},"_links":{"self":[{"href":"https:\/\/www.sgagora.com.br\/sg\/wp-json\/wp\/v2\/posts\/999988555"}],"collection":[{"href":"https:\/\/www.sgagora.com.br\/sg\/wp-json\/wp\/v2\/posts"}],"about":[{"href":"https:\/\/www.sgagora.com.br\/sg\/wp-json\/wp\/v2\/types\/post"}],"author":[{"embeddable":true,"href":"https:\/\/www.sgagora.com.br\/sg\/wp-json\/wp\/v2\/users\/1"}],"replies":[{"embeddable":true,"href":"https:\/\/www.sgagora.com.br\/sg\/wp-json\/wp\/v2\/comments?post=999988555"}],"version-history":[{"count":1,"href":"https:\/\/www.sgagora.com.br\/sg\/wp-json\/wp\/v2\/posts\/999988555\/revisions"}],"predecessor-version":[{"id":999988558,"href":"https:\/\/www.sgagora.com.br\/sg\/wp-json\/wp\/v2\/posts\/999988555\/revisions\/999988558"}],"wp:featuredmedia":[{"embeddable":true,"href":"https:\/\/www.sgagora.com.br\/sg\/wp-json\/wp\/v2\/media\/999988557"}],"wp:attachment":[{"href":"https:\/\/www.sgagora.com.br\/sg\/wp-json\/wp\/v2\/media?parent=999988555"}],"wp:term":[{"taxonomy":"category","embeddable":true,"href":"https:\/\/www.sgagora.com.br\/sg\/wp-json\/wp\/v2\/categories?post=999988555"},{"taxonomy":"post_tag","embeddable":true,"href":"https:\/\/www.sgagora.com.br\/sg\/wp-json\/wp\/v2\/tags?post=999988555"}],"curies":[{"name":"wp","href":"https:\/\/api.w.org\/{rel}","templated":true}]}}