{"id":999989006,"date":"2021-08-11T13:49:56","date_gmt":"2021-08-11T16:49:56","guid":{"rendered":"https:\/\/www.sgagora.com.br\/sg\/?p=999989006"},"modified":"2021-08-11T13:49:58","modified_gmt":"2021-08-11T16:49:58","slug":"variante-delta-quais-sao-os-sintomas-mais-comuns-da-mutacao-do-coronavirus","status":"publish","type":"post","link":"https:\/\/www.sgagora.com.br\/sg\/variante-delta-quais-sao-os-sintomas-mais-comuns-da-mutacao-do-coronavirus\/","title":{"rendered":"Variante delta: quais s\u00e3o os sintomas mais comuns da muta\u00e7\u00e3o do coronav\u00edrus?"},"content":{"rendered":"<p style=\"text-align: center;\"><span style=\"color: #ff0000;\"><strong>CONTINUA AP\u00d3S A PUBLICIDADE<\/strong><\/span><img decoding=\"async\" loading=\"lazy\" class=\"aligncenter wp-image-999987983 size-full\" src=\"https:\/\/www.sgagora.com.br\/sg\/wp-content\/uploads\/2021\/06\/banner-1.gif\" alt=\"\" width=\"260\" height=\"260\" \/><\/p>\n<p><img decoding=\"async\" loading=\"lazy\" class=\"aligncenter wp-image-999986675 size-full\" src=\"https:\/\/www.sgagora.com.br\/sg\/wp-content\/uploads\/2021\/02\/OPHICINA-gif.gif\" alt=\"\" width=\"260\" height=\"260\" \/><\/p>\n<p style=\"text-align: justify;\">Duas cidades em Minas Gerais confirmaram infec\u00e7\u00e3o comunit\u00e1ria pela variante delta do coronav\u00edrus at\u00e9 esta quarta-feira (11) \u2013 Virgin\u00f3polis, no Vale do Rio Doce, e Montes Claros, no Norte do Estado. A cepa, origin\u00e1ria da \u00cdndia, \u00e9 considerada a mais transmiss\u00edvel das variantes catalogadas do Sars-Cov-2, com capacidade de infec\u00e7\u00e3o parecida com a de doen\u00e7as como a catapora e o ebola. Ao todo, 11 casos da nova variante foram registrado no estado at\u00e9 este momento.<\/p>\n<p>Os principais sintomas ocasionados pela variante delta s\u00e3o febre, dor de cabe\u00e7a, coriza e dor de garganta. Foi identificado que infec\u00e7\u00f5es causadas pela cepa costumam ter menor ocorr\u00eancia de tosse e perda de paladar e olfato. Isso, em compara\u00e7\u00e3o a outras variantes do coronav\u00edrus, pode levar o paciente a confundir com os sintomas de um resfriado comum.<\/p>\n<p style=\"text-align: center;\"><span style=\"color: #ff0000;\"><strong>CONTINUA AP\u00d3S A PUBLICIDADE<\/strong><\/span><img decoding=\"async\" loading=\"lazy\" class=\"aligncenter wp-image-999987266 size-full\" src=\"https:\/\/www.sgagora.com.br\/sg\/wp-content\/uploads\/2021\/04\/b759ae18-846e-4fce-b40c-fc37f2798669.jpg\" sizes=\"(max-width: 601px) 100vw, 601px\" srcset=\"https:\/\/www.sgagora.com.br\/sg\/wp-content\/uploads\/2021\/04\/b759ae18-846e-4fce-b40c-fc37f2798669.jpg 601w, https:\/\/www.sgagora.com.br\/sg\/wp-content\/uploads\/2021\/04\/b759ae18-846e-4fce-b40c-fc37f2798669-300x175.jpg 300w\" alt=\"\" width=\"601\" height=\"350\" \/><\/p>\n<p style=\"text-align: justify;\">Outra caracter\u00edstica da variante delta, conforme estudo da Funda\u00e7\u00e3o Oswaldo Cruz, \u00e9 de que existe maior risco de reinfec\u00e7\u00e3o em indiv\u00edduos infectados pela variante gama e beta, respectivamente identificadas primeiro em Manaus e \u00c1frica do Sul.<\/p>\n<p style=\"text-align: justify;\">Al\u00e9m de Minas Gerais, casos de infec\u00e7\u00e3o pela delta foram registrados no Maranh\u00e3o, no Rio de Janeiro, no Paran\u00e1, em Goi\u00e1s, em S\u00e3o Paulo, em Pernambuco e no Distrito Federal. Transmiss\u00e3o comunit\u00e1ria foi confirmada em S\u00e3o Paulo e Rio de Janeiro.<\/p>\n<h3 style=\"text-align: justify;\"><strong>VARIANTES DO SARS-COV-2<br \/>\n<span style=\"color: #ffffff;\">.<\/span><\/strong><\/h3>\n<p style=\"text-align: justify;\"><strong>Variante Alfa<\/strong><\/p>\n<ul style=\"text-align: justify;\">\n<li>Presente em quase todos os pa\u00edses do mundo, origin\u00e1ria do Reino Unido;<\/li>\n<li>Primeira a ser detectada no mundo;<\/li>\n<li>Respons\u00e1vel pela segunda onda do coronav\u00edrus no mundo;<\/li>\n<li>Maior risco de hospitaliza\u00e7\u00e3o e mortalidade;<\/li>\n<li>Todas as vacinas s\u00e3o eficazes.<br \/>\n<span style=\"color: #ffffff;\">.<\/span><\/li>\n<\/ul>\n<p style=\"text-align: justify;\"><strong>Variante Beta<\/strong><\/p>\n<ul style=\"text-align: justify;\">\n<li>Presente em mais de 58 pa\u00edses, identificada na \u00c1frica do Sul;<\/li>\n<li>Menos transmiss\u00edvel que a Alfa;<\/li>\n<li>Pode ser mais letal;<\/li>\n<li>Janssen e Pfizer s\u00e3o mais eficazes, mas h\u00e1 ind\u00edcios que a Astrazeneca perde efic\u00e1cia.<br \/>\n<span style=\"color: #ffffff;\">.<\/span><\/li>\n<\/ul>\n<p style=\"text-align: center;\"><span style=\"color: #ff0000;\"><strong>CONTINUA AP\u00d3S A PUBLICIDADE<\/strong><\/span><br \/>\n<img decoding=\"async\" loading=\"lazy\" class=\"aligncenter wp-image-999986332 size-full\" src=\"https:\/\/www.sgagora.com.br\/sg\/wp-content\/uploads\/2021\/01\/anigifodonto-company.gif\" alt=\"\" width=\"600\" height=\"350\" \/><\/p>\n<p style=\"text-align: justify;\"><strong>Variante Gama<\/strong><\/p>\n<ul style=\"text-align: justify;\">\n<li>Presente em mais de 48 pa\u00edses, foi identificada em Manaus;<\/li>\n<li>\u00c9 uma das mais transmiss\u00edvel;<\/li>\n<li>Cerca de 98% dos novos casos de covid-19 no Brasil s\u00e3o ocasionados pela variante;<\/li>\n<li>Gravidade ainda \u00e9 estudada;<\/li>\n<li>H\u00e1 provas de efic\u00e1cia da Coronavac e Astrazeneca.<br \/>\n<span style=\"color: #ffffff;\">.<\/span><\/li>\n<\/ul>\n<p style=\"text-align: justify;\"><strong>Variante Zeta<\/strong><\/p>\n<ul style=\"text-align: justify;\">\n<li>Presente em mais de 48 pa\u00edses, descoberta no Rio de Janeiro;<\/li>\n<li>\u00c9 a muta\u00e7\u00e3o da P1. (de Manaus);<\/li>\n<li>Ainda n\u00e3o se sabe se ela pode ser mais transmiss\u00edvel ou mais letal;<\/li>\n<li>A vacina da Janssen j\u00e1 se mostrou eficaz.<br \/>\n<span style=\"color: #ffffff;\">.<\/span><\/li>\n<\/ul>\n<p style=\"text-align: center;\"><span style=\"color: #ff0000;\"><strong>CONTINUA AP\u00d3S A PUBLICIDADE<\/strong><\/span><img decoding=\"async\" loading=\"lazy\" class=\"aligncenter size-full wp-image-999983159\" src=\"https:\/\/www.sgagora.com.br\/sg\/wp-content\/uploads\/2020\/06\/Provis%C3%B3rio-Mais-Delivey.gif\" alt=\"\" width=\"260\" height=\"260\" \/><\/p>\n<p><img decoding=\"async\" loading=\"lazy\" class=\"aligncenter wp-image-999986937 size-full\" src=\"https:\/\/www.sgagora.com.br\/sg\/wp-content\/uploads\/2021\/03\/GOLDNET-gif-4.gif\" alt=\"\" width=\"260\" height=\"260\" \/><\/p>\n<p style=\"text-align: justify;\"><strong>Variante Delta<\/strong><\/p>\n<ul style=\"text-align: justify;\">\n<li>Presente em mais de 100 pa\u00edses, identificada na \u00cdndia;<\/li>\n<li>Pode ser de 50% a 100% mais transmiss\u00edvel do que as demais cepas<\/li>\n<li>Risco alto de interna\u00e7\u00e3o;<\/li>\n<li>A Pfizer afirmou que o imunizante possui efic\u00e1cia reduzida contra variante. J\u00e1 a AstraZeneca se mostrou 92% eficaz contra hospitaliza\u00e7\u00e3o pela cepa. O Butantan iniciou recentemente um estudo para medir a efic\u00e1cia da CoronaVac, mas dados iniciais do fabricante indicam que a vacina consegue atuar contra a muta\u00e7\u00e3o. A Janssen anunciou que a vacina Janssen protege contra a variante por at\u00e9 oito meses.<br \/>\n<span style=\"color: #ffffff;\">.<\/span><\/li>\n<\/ul>\n<p style=\"text-align: justify;\"><strong>Variante P.4<\/strong><\/p>\n<ul style=\"text-align: justify;\">\n<li>Ainda n\u00e3o h\u00e1 informa\u00e7\u00f5es sobre abrang\u00eancia mundial, identificada em Itirapina, S\u00e3o Paulo;<\/li>\n<li>Ainda n\u00e3o h\u00e1 estudos sobre transmissibilidade, letalidade ou efic\u00e1cia maior ou menor de vacinas contra esta variante.<br \/>\n<span style=\"color: #ffffff;\">.<\/span><\/li>\n<\/ul>\n<p style=\"text-align: justify;\"><span style=\"color: #ffffff;\">.<\/span><\/p>\n<p style=\"text-align: justify;\"><em><strong>Reportagem e Link Original:<\/strong> Portal O Tempo \/ https:\/\/www.otempo.com.br\/cidades\/variante-delta-quais-sao-os-sintomas-mais-comuns-da-mutacao-do-coronavirus-1.2526232 \/ <strong>Foto Capa:<\/strong> Reprodu\u00e7\u00e3o\/Google Imagens<\/em><\/p>\n","protected":false},"excerpt":{"rendered":"<p>CONTINUA AP\u00d3S A PUBLICIDADE Duas cidades em Minas Gerais confirmaram infec\u00e7\u00e3o comunit\u00e1ria pela variante delta do coronav\u00edrus at\u00e9 esta quarta-feira (11) \u2013 Virgin\u00f3polis, no Vale do Rio Doce, e Montes Claros, no Norte do Estado. &#8230; <a class=\"readmore\" href=\"https:\/\/www.sgagora.com.br\/sg\/variante-delta-quais-sao-os-sintomas-mais-comuns-da-mutacao-do-coronavirus\/\">Leia Mais<\/a><\/p>\n","protected":false},"author":1,"featured_media":999989008,"comment_status":"open","ping_status":"open","sticky":false,"template":"","format":"standard","meta":{"_bbp_topic_count":0,"_bbp_reply_count":0,"_bbp_total_topic_count":0,"_bbp_total_reply_count":0,"_bbp_voice_count":0,"_bbp_anonymous_reply_count":0,"_bbp_topic_count_hidden":0,"_bbp_reply_count_hidden":0,"_bbp_forum_subforum_count":0},"categories":[84,77,4],"tags":[4639,4655,6405,269,659,4707,384,194,6404,254],"yoast_head":"<!-- This site is optimized with the Yoast SEO plugin v20.5 - https:\/\/yoast.com\/wordpress\/plugins\/seo\/ -->\n<title>Variante delta: quais s\u00e3o os sintomas mais comuns da muta\u00e7\u00e3o do coronav\u00edrus?<\/title>\n<meta name=\"description\" content=\"Duas cidades em Minas Gerais confirmaram infec\u00e7\u00e3o comunit\u00e1ria pela variante delta do coronav\u00edrus at\u00e9 esta quarta-feira (11).\" \/>\n<meta name=\"robots\" content=\"index, follow, max-snippet:-1, max-image-preview:large, max-video-preview:-1\" \/>\n<link rel=\"canonical\" href=\"https:\/\/www.sgagora.com.br\/sg\/variante-delta-quais-sao-os-sintomas-mais-comuns-da-mutacao-do-coronavirus\/\" \/>\n<meta property=\"og:locale\" content=\"pt_BR\" \/>\n<meta property=\"og:type\" content=\"article\" \/>\n<meta property=\"og:title\" content=\"Variante delta: quais s\u00e3o os sintomas mais comuns da muta\u00e7\u00e3o do coronav\u00edrus?\" \/>\n<meta property=\"og:description\" content=\"Duas cidades em Minas Gerais confirmaram infec\u00e7\u00e3o comunit\u00e1ria pela variante delta do coronav\u00edrus at\u00e9 esta quarta-feira (11).\" \/>\n<meta property=\"og:url\" content=\"https:\/\/www.sgagora.com.br\/sg\/variante-delta-quais-sao-os-sintomas-mais-comuns-da-mutacao-do-coronavirus\/\" \/>\n<meta property=\"og:site_name\" content=\"SGAgora\" \/>\n<meta property=\"article:publisher\" content=\"https:\/\/www.facebook.com\/sgagora\" \/>\n<meta property=\"article:published_time\" content=\"2021-08-11T16:49:56+00:00\" \/>\n<meta property=\"article:modified_time\" content=\"2021-08-11T16:49:58+00:00\" \/>\n<meta property=\"og:image\" content=\"https:\/\/www.sgagora.com.br\/sg\/wp-content\/uploads\/2021\/08\/variante-Delta-e1628700532941.jpg\" \/>\n\t<meta property=\"og:image:width\" content=\"600\" \/>\n\t<meta property=\"og:image:height\" content=\"400\" \/>\n\t<meta property=\"og:image:type\" content=\"image\/jpeg\" \/>\n<meta name=\"author\" content=\"SG Agora\" \/>\n<meta name=\"twitter:label1\" content=\"Escrito por\" \/>\n\t<meta name=\"twitter:data1\" content=\"SG Agora\" \/>\n\t<meta name=\"twitter:label2\" content=\"Est. tempo de leitura\" \/>\n\t<meta name=\"twitter:data2\" content=\"3 minutos\" \/>\n<script type=\"application\/ld+json\" class=\"yoast-schema-graph\">{\"@context\":\"https:\/\/schema.org\",\"@graph\":[{\"@type\":\"WebPage\",\"@id\":\"https:\/\/www.sgagora.com.br\/sg\/variante-delta-quais-sao-os-sintomas-mais-comuns-da-mutacao-do-coronavirus\/\",\"url\":\"https:\/\/www.sgagora.com.br\/sg\/variante-delta-quais-sao-os-sintomas-mais-comuns-da-mutacao-do-coronavirus\/\",\"name\":\"Variante delta: quais s\u00e3o os sintomas mais comuns da muta\u00e7\u00e3o do coronav\u00edrus?\",\"isPartOf\":{\"@id\":\"https:\/\/www.sgagora.com.br\/sg\/#website\"},\"datePublished\":\"2021-08-11T16:49:56+00:00\",\"dateModified\":\"2021-08-11T16:49:58+00:00\",\"author\":{\"@id\":\"https:\/\/www.sgagora.com.br\/sg\/#\/schema\/person\/2be62cfb47cee3e0b305e4f7a765ae41\"},\"description\":\"Duas cidades em Minas Gerais confirmaram infec\u00e7\u00e3o comunit\u00e1ria pela variante delta do coronav\u00edrus at\u00e9 esta quarta-feira (11).\",\"breadcrumb\":{\"@id\":\"https:\/\/www.sgagora.com.br\/sg\/variante-delta-quais-sao-os-sintomas-mais-comuns-da-mutacao-do-coronavirus\/#breadcrumb\"},\"inLanguage\":\"pt-BR\",\"potentialAction\":[{\"@type\":\"ReadAction\",\"target\":[\"https:\/\/www.sgagora.com.br\/sg\/variante-delta-quais-sao-os-sintomas-mais-comuns-da-mutacao-do-coronavirus\/\"]}]},{\"@type\":\"BreadcrumbList\",\"@id\":\"https:\/\/www.sgagora.com.br\/sg\/variante-delta-quais-sao-os-sintomas-mais-comuns-da-mutacao-do-coronavirus\/#breadcrumb\",\"itemListElement\":[{\"@type\":\"ListItem\",\"position\":1,\"name\":\"In\u00edcio\",\"item\":\"https:\/\/www.sgagora.com.br\/sg\/\"},{\"@type\":\"ListItem\",\"position\":2,\"name\":\"Variante delta: quais s\u00e3o os sintomas mais comuns da muta\u00e7\u00e3o do coronav\u00edrus?\"}]},{\"@type\":\"WebSite\",\"@id\":\"https:\/\/www.sgagora.com.br\/sg\/#website\",\"url\":\"https:\/\/www.sgagora.com.br\/sg\/\",\"name\":\"SGAgora\",\"description\":\"Not\u00edcias de S\u00e3o Gotardo\",\"potentialAction\":[{\"@type\":\"SearchAction\",\"target\":{\"@type\":\"EntryPoint\",\"urlTemplate\":\"https:\/\/www.sgagora.com.br\/sg\/?s={search_term_string}\"},\"query-input\":\"required name=search_term_string\"}],\"inLanguage\":\"pt-BR\"},{\"@type\":\"Person\",\"@id\":\"https:\/\/www.sgagora.com.br\/sg\/#\/schema\/person\/2be62cfb47cee3e0b305e4f7a765ae41\",\"name\":\"SG Agora\",\"image\":{\"@type\":\"ImageObject\",\"inLanguage\":\"pt-BR\",\"@id\":\"https:\/\/www.sgagora.com.br\/sg\/#\/schema\/person\/image\/\",\"url\":\"https:\/\/secure.gravatar.com\/avatar\/a0c612a9a8c3e7419d6fd4f92e749d8d?s=96&d=mm&r=g\",\"contentUrl\":\"https:\/\/secure.gravatar.com\/avatar\/a0c612a9a8c3e7419d6fd4f92e749d8d?s=96&d=mm&r=g\",\"caption\":\"SG Agora\"},\"url\":\"https:\/\/www.sgagora.com.br\/sg\/author\/admin\/\"}]}<\/script>\n<!-- \/ Yoast SEO plugin. -->","yoast_head_json":{"title":"Variante delta: quais s\u00e3o os sintomas mais comuns da muta\u00e7\u00e3o do coronav\u00edrus?","description":"Duas cidades em Minas Gerais confirmaram infec\u00e7\u00e3o comunit\u00e1ria pela variante delta do coronav\u00edrus at\u00e9 esta quarta-feira (11).","robots":{"index":"index","follow":"follow","max-snippet":"max-snippet:-1","max-image-preview":"max-image-preview:large","max-video-preview":"max-video-preview:-1"},"canonical":"https:\/\/www.sgagora.com.br\/sg\/variante-delta-quais-sao-os-sintomas-mais-comuns-da-mutacao-do-coronavirus\/","og_locale":"pt_BR","og_type":"article","og_title":"Variante delta: quais s\u00e3o os sintomas mais comuns da muta\u00e7\u00e3o do coronav\u00edrus?","og_description":"Duas cidades em Minas Gerais confirmaram infec\u00e7\u00e3o comunit\u00e1ria pela variante delta do coronav\u00edrus at\u00e9 esta quarta-feira (11).","og_url":"https:\/\/www.sgagora.com.br\/sg\/variante-delta-quais-sao-os-sintomas-mais-comuns-da-mutacao-do-coronavirus\/","og_site_name":"SGAgora","article_publisher":"https:\/\/www.facebook.com\/sgagora","article_published_time":"2021-08-11T16:49:56+00:00","article_modified_time":"2021-08-11T16:49:58+00:00","og_image":[{"width":600,"height":400,"url":"https:\/\/www.sgagora.com.br\/sg\/wp-content\/uploads\/2021\/08\/variante-Delta-e1628700532941.jpg","type":"image\/jpeg"}],"author":"SG Agora","twitter_misc":{"Escrito por":"SG Agora","Est. tempo de leitura":"3 minutos"},"schema":{"@context":"https:\/\/schema.org","@graph":[{"@type":"WebPage","@id":"https:\/\/www.sgagora.com.br\/sg\/variante-delta-quais-sao-os-sintomas-mais-comuns-da-mutacao-do-coronavirus\/","url":"https:\/\/www.sgagora.com.br\/sg\/variante-delta-quais-sao-os-sintomas-mais-comuns-da-mutacao-do-coronavirus\/","name":"Variante delta: quais s\u00e3o os sintomas mais comuns da muta\u00e7\u00e3o do coronav\u00edrus?","isPartOf":{"@id":"https:\/\/www.sgagora.com.br\/sg\/#website"},"datePublished":"2021-08-11T16:49:56+00:00","dateModified":"2021-08-11T16:49:58+00:00","author":{"@id":"https:\/\/www.sgagora.com.br\/sg\/#\/schema\/person\/2be62cfb47cee3e0b305e4f7a765ae41"},"description":"Duas cidades em Minas Gerais confirmaram infec\u00e7\u00e3o comunit\u00e1ria pela variante delta do coronav\u00edrus at\u00e9 esta quarta-feira (11).","breadcrumb":{"@id":"https:\/\/www.sgagora.com.br\/sg\/variante-delta-quais-sao-os-sintomas-mais-comuns-da-mutacao-do-coronavirus\/#breadcrumb"},"inLanguage":"pt-BR","potentialAction":[{"@type":"ReadAction","target":["https:\/\/www.sgagora.com.br\/sg\/variante-delta-quais-sao-os-sintomas-mais-comuns-da-mutacao-do-coronavirus\/"]}]},{"@type":"BreadcrumbList","@id":"https:\/\/www.sgagora.com.br\/sg\/variante-delta-quais-sao-os-sintomas-mais-comuns-da-mutacao-do-coronavirus\/#breadcrumb","itemListElement":[{"@type":"ListItem","position":1,"name":"In\u00edcio","item":"https:\/\/www.sgagora.com.br\/sg\/"},{"@type":"ListItem","position":2,"name":"Variante delta: quais s\u00e3o os sintomas mais comuns da muta\u00e7\u00e3o do coronav\u00edrus?"}]},{"@type":"WebSite","@id":"https:\/\/www.sgagora.com.br\/sg\/#website","url":"https:\/\/www.sgagora.com.br\/sg\/","name":"SGAgora","description":"Not\u00edcias de S\u00e3o Gotardo","potentialAction":[{"@type":"SearchAction","target":{"@type":"EntryPoint","urlTemplate":"https:\/\/www.sgagora.com.br\/sg\/?s={search_term_string}"},"query-input":"required name=search_term_string"}],"inLanguage":"pt-BR"},{"@type":"Person","@id":"https:\/\/www.sgagora.com.br\/sg\/#\/schema\/person\/2be62cfb47cee3e0b305e4f7a765ae41","name":"SG Agora","image":{"@type":"ImageObject","inLanguage":"pt-BR","@id":"https:\/\/www.sgagora.com.br\/sg\/#\/schema\/person\/image\/","url":"https:\/\/secure.gravatar.com\/avatar\/a0c612a9a8c3e7419d6fd4f92e749d8d?s=96&d=mm&r=g","contentUrl":"https:\/\/secure.gravatar.com\/avatar\/a0c612a9a8c3e7419d6fd4f92e749d8d?s=96&d=mm&r=g","caption":"SG Agora"},"url":"https:\/\/www.sgagora.com.br\/sg\/author\/admin\/"}]}},"_links":{"self":[{"href":"https:\/\/www.sgagora.com.br\/sg\/wp-json\/wp\/v2\/posts\/999989006"}],"collection":[{"href":"https:\/\/www.sgagora.com.br\/sg\/wp-json\/wp\/v2\/posts"}],"about":[{"href":"https:\/\/www.sgagora.com.br\/sg\/wp-json\/wp\/v2\/types\/post"}],"author":[{"embeddable":true,"href":"https:\/\/www.sgagora.com.br\/sg\/wp-json\/wp\/v2\/users\/1"}],"replies":[{"embeddable":true,"href":"https:\/\/www.sgagora.com.br\/sg\/wp-json\/wp\/v2\/comments?post=999989006"}],"version-history":[{"count":1,"href":"https:\/\/www.sgagora.com.br\/sg\/wp-json\/wp\/v2\/posts\/999989006\/revisions"}],"predecessor-version":[{"id":999989009,"href":"https:\/\/www.sgagora.com.br\/sg\/wp-json\/wp\/v2\/posts\/999989006\/revisions\/999989009"}],"wp:featuredmedia":[{"embeddable":true,"href":"https:\/\/www.sgagora.com.br\/sg\/wp-json\/wp\/v2\/media\/999989008"}],"wp:attachment":[{"href":"https:\/\/www.sgagora.com.br\/sg\/wp-json\/wp\/v2\/media?parent=999989006"}],"wp:term":[{"taxonomy":"category","embeddable":true,"href":"https:\/\/www.sgagora.com.br\/sg\/wp-json\/wp\/v2\/categories?post=999989006"},{"taxonomy":"post_tag","embeddable":true,"href":"https:\/\/www.sgagora.com.br\/sg\/wp-json\/wp\/v2\/tags?post=999989006"}],"curies":[{"name":"wp","href":"https:\/\/api.w.org\/{rel}","templated":true}]}}