{"id":999989156,"date":"2021-08-19T14:03:57","date_gmt":"2021-08-19T17:03:57","guid":{"rendered":"https:\/\/www.sgagora.com.br\/sg\/?p=999989156"},"modified":"2021-08-23T13:43:14","modified_gmt":"2021-08-23T16:43:14","slug":"acidente-envolvendo-caminhao-e-picape-e-registrado-em-estrada-vicinal-entre-abaete-dos-venancios-e-sao-gotardo","status":"publish","type":"post","link":"https:\/\/www.sgagora.com.br\/sg\/acidente-envolvendo-caminhao-e-picape-e-registrado-em-estrada-vicinal-entre-abaete-dos-venancios-e-sao-gotardo\/","title":{"rendered":"Acidente envolvendo caminh\u00e3o e picape \u00e9 registrado em estrada vicinal entre Abaet\u00e9 dos Ven\u00e2ncios e S\u00e3o Gotardo"},"content":{"rendered":"<p style=\"text-align: center;\"><span style=\"color: #ff0000;\"><strong>CONTINUA AP\u00d3S A PUBLICIDADE<\/strong><\/span><img decoding=\"async\" loading=\"lazy\" class=\"aligncenter wp-image-999987983 size-full\" src=\"https:\/\/www.sgagora.com.br\/sg\/wp-content\/uploads\/2021\/06\/banner-1.gif\" alt=\"\" width=\"260\" height=\"260\" \/><\/p>\n<p><img decoding=\"async\" loading=\"lazy\" class=\"aligncenter wp-image-999986675 size-full\" src=\"https:\/\/www.sgagora.com.br\/sg\/wp-content\/uploads\/2021\/02\/OPHICINA-gif.gif\" alt=\"\" width=\"260\" height=\"260\" \/><\/p>\n<p style=\"text-align: justify;\">Nesta \u00faltima quarta-feira (18\/08), um grave acidente envolvendo um caminh\u00e3o e uma picape Saveiro, foi registrado na estrada rural que liga o distrito de Abaet\u00e9 dos Ven\u00e2ncios \u00e0 cidade de S\u00e3o Gotardo. Uma mulher de 31 anos de idade a qual estava no ve\u00edculo menor ficou gravemente ferida. Um dos condutores envolvidos no acidente acabou preso ap\u00f3s ser identificado com sinais de embriaguez pelos militares que atenderam a ocorr\u00eancia.<\/p>\n<p style=\"text-align: center;\"><span style=\"color: #ff0000;\"><strong>CONTINUA AP\u00d3S A PUBLICIDADE<\/strong><\/span><img decoding=\"async\" loading=\"lazy\" class=\"aligncenter wp-image-999987266 size-full\" src=\"https:\/\/www.sgagora.com.br\/sg\/wp-content\/uploads\/2021\/04\/b759ae18-846e-4fce-b40c-fc37f2798669.jpg\" sizes=\"(max-width: 601px) 100vw, 601px\" srcset=\"https:\/\/www.sgagora.com.br\/sg\/wp-content\/uploads\/2021\/04\/b759ae18-846e-4fce-b40c-fc37f2798669.jpg 601w, https:\/\/www.sgagora.com.br\/sg\/wp-content\/uploads\/2021\/04\/b759ae18-846e-4fce-b40c-fc37f2798669-300x175.jpg 300w\" alt=\"\" width=\"601\" height=\"350\" \/><\/p>\n<p style=\"text-align: justify;\">Segundo informa\u00e7\u00f5es da Assessoria de Imprensa da 216\u00aa Cia. da Pol\u00edcia Militar de S\u00e3o Gotardo, por volta das 16:50 da tarde, a PM foi acionada para comparecer \u00e0 uma ocorr\u00eancia de acidente de transito com v\u00edtima na estrada descrita no in\u00edcio da reportagem. No local, o condutor do caminh\u00e3o informou aos policiais que o ve\u00edculo picape Saveiro teria convergido bruscamente \u00e1 sua frente, vindo a colidir transversalmente, ocasionando o capotamento do caminh\u00e3o e as danifica\u00e7\u00f5es de ambos os ve\u00edculos.<\/p>\n<h3 style=\"text-align: justify;\"><strong>Fotos do acidente (clique para ampliar):<br \/>\n<span style=\"color: #ffffff;\">.<\/span><\/strong><\/h3>\n\n\t\t<style type=\"text\/css\">\n\t\t\t#gallery-1 {\n\t\t\t\tmargin: auto;\n\t\t\t}\n\t\t\t#gallery-1 .gallery-item {\n\t\t\t\tfloat: left;\n\t\t\t\tmargin-top: 10px;\n\t\t\t\ttext-align: center;\n\t\t\t\twidth: 25%;\n\t\t\t}\n\t\t\t#gallery-1 img {\n\t\t\t\tborder: 2px solid #cfcfcf;\n\t\t\t}\n\t\t\t#gallery-1 .gallery-caption {\n\t\t\t\tmargin-left: 0;\n\t\t\t}\n\t\t\t\/* see gallery_shortcode() in wp-includes\/media.php *\/\n\t\t<\/style>\n\t\t<div id='gallery-1' class='gallery galleryid-999989156 gallery-columns-4 gallery-size-medium'><dl class='gallery-item'>\n\t\t\t<dt class='gallery-icon landscape'>\n\t\t\t\t<a class=\"prettyphoto\" rel=\"prettyPhoto[gallery]\" href='https:\/\/www.sgagora.com.br\/sg\/wp-content\/uploads\/2021\/08\/e464021b-669a-46b2-9c42-df0a483f3bff.jpg'><img width=\"300\" height=\"225\" src=\"https:\/\/www.sgagora.com.br\/sg\/wp-content\/uploads\/2021\/08\/e464021b-669a-46b2-9c42-df0a483f3bff-300x225.jpg\" class=\"attachment-medium size-medium\" alt=\"\" decoding=\"async\" loading=\"lazy\" srcset=\"https:\/\/www.sgagora.com.br\/sg\/wp-content\/uploads\/2021\/08\/e464021b-669a-46b2-9c42-df0a483f3bff-300x225.jpg 300w, https:\/\/www.sgagora.com.br\/sg\/wp-content\/uploads\/2021\/08\/e464021b-669a-46b2-9c42-df0a483f3bff.jpg 667w\" sizes=\"(max-width: 300px) 100vw, 300px\" \/><\/a>\n\t\t\t<\/dt><\/dl><dl class='gallery-item'>\n\t\t\t<dt class='gallery-icon landscape'>\n\t\t\t\t<a class=\"prettyphoto\" rel=\"prettyPhoto[gallery]\" href='https:\/\/www.sgagora.com.br\/sg\/wp-content\/uploads\/2021\/08\/3c57de5f-505f-4aeb-b77c-cb9ea703f4e9.jpg'><img width=\"300\" height=\"225\" src=\"https:\/\/www.sgagora.com.br\/sg\/wp-content\/uploads\/2021\/08\/3c57de5f-505f-4aeb-b77c-cb9ea703f4e9-300x225.jpg\" class=\"attachment-medium size-medium\" alt=\"\" decoding=\"async\" loading=\"lazy\" srcset=\"https:\/\/www.sgagora.com.br\/sg\/wp-content\/uploads\/2021\/08\/3c57de5f-505f-4aeb-b77c-cb9ea703f4e9-300x225.jpg 300w, https:\/\/www.sgagora.com.br\/sg\/wp-content\/uploads\/2021\/08\/3c57de5f-505f-4aeb-b77c-cb9ea703f4e9.jpg 667w\" sizes=\"(max-width: 300px) 100vw, 300px\" \/><\/a>\n\t\t\t<\/dt><\/dl><dl class='gallery-item'>\n\t\t\t<dt class='gallery-icon landscape'>\n\t\t\t\t<a class=\"prettyphoto\" rel=\"prettyPhoto[gallery]\" href='https:\/\/www.sgagora.com.br\/sg\/wp-content\/uploads\/2021\/08\/622ebcb2-4840-490c-ace3-1ba30cfcf2cc.jpg'><img width=\"300\" height=\"225\" src=\"https:\/\/www.sgagora.com.br\/sg\/wp-content\/uploads\/2021\/08\/622ebcb2-4840-490c-ace3-1ba30cfcf2cc-300x225.jpg\" class=\"attachment-medium size-medium\" alt=\"\" decoding=\"async\" loading=\"lazy\" srcset=\"https:\/\/www.sgagora.com.br\/sg\/wp-content\/uploads\/2021\/08\/622ebcb2-4840-490c-ace3-1ba30cfcf2cc-300x225.jpg 300w, https:\/\/www.sgagora.com.br\/sg\/wp-content\/uploads\/2021\/08\/622ebcb2-4840-490c-ace3-1ba30cfcf2cc.jpg 667w\" sizes=\"(max-width: 300px) 100vw, 300px\" \/><\/a>\n\t\t\t<\/dt><\/dl><dl class='gallery-item'>\n\t\t\t<dt class='gallery-icon landscape'>\n\t\t\t\t<a class=\"prettyphoto\" rel=\"prettyPhoto[gallery]\" href='https:\/\/www.sgagora.com.br\/sg\/wp-content\/uploads\/2021\/08\/25eafe50-c120-4275-9e59-ed379ff6a7a9.jpg'><img width=\"300\" height=\"225\" src=\"https:\/\/www.sgagora.com.br\/sg\/wp-content\/uploads\/2021\/08\/25eafe50-c120-4275-9e59-ed379ff6a7a9-300x225.jpg\" class=\"attachment-medium size-medium\" alt=\"\" decoding=\"async\" loading=\"lazy\" srcset=\"https:\/\/www.sgagora.com.br\/sg\/wp-content\/uploads\/2021\/08\/25eafe50-c120-4275-9e59-ed379ff6a7a9-300x225.jpg 300w, https:\/\/www.sgagora.com.br\/sg\/wp-content\/uploads\/2021\/08\/25eafe50-c120-4275-9e59-ed379ff6a7a9.jpg 667w\" sizes=\"(max-width: 300px) 100vw, 300px\" \/><\/a>\n\t\t\t<\/dt><\/dl><br style=\"clear: both\" \/>\n\t\t<\/div>\n\n<p style=\"text-align: justify;\"><span style=\"color: #ffffff;\">.<\/span><br \/>\nAp\u00f3s a batida, uma mulher de 31 anos de idade, foi socorrida e encaminhada para o Pronto Socorro Municipal de S\u00e3o Gotardo, onde recebeu os primeiros atendimentos m\u00e9dicos, sendo transferida posteriormente para o hospital Regional na cidade de Patos de Minas, com sintomas de fratura em uma de suas pernas, al\u00e9m de v\u00e1rias escoria\u00e7\u00f5es pelo corpo. Todos outros ocupantes dos ve\u00edculos envolvidos na colis\u00e3o sofreram somente ferimentos leves e foram liberados depois de receberem atendimento m\u00e9dico.<\/p>\n<p style=\"text-align: center;\"><span style=\"color: #ff0000;\"><strong>CONTINUA AP\u00d3S A PUBLICIDADE<\/strong><\/span><br \/>\n<img decoding=\"async\" loading=\"lazy\" class=\"aligncenter wp-image-999986332 size-full\" src=\"https:\/\/www.sgagora.com.br\/sg\/wp-content\/uploads\/2021\/01\/anigifodonto-company.gif\" alt=\"\" width=\"600\" height=\"350\" \/><\/p>\n<p style=\"text-align: justify;\">Ainda de acordo com informou a Assessoria de Imprensa da PM, o condutor da picape o qual se encontrava alcoolizado foi preso e encaminhado para a Delegacia de Pol\u00edcia Civil para prestar maiores esclarecimentos judiciais. O condutor do caminh\u00e3o n\u00e3o possu\u00eda nenhuma irregularidade em seu desfavor sendo liberado ap\u00f3s a finaliza\u00e7\u00e3o da ocorr\u00eancia, encerrou a PM \u00e0 Imprensa.<\/p>\n<p style=\"text-align: center;\"><span style=\"color: #ff0000;\"><strong>CONTINUA AP\u00d3S A PUBLICIDADE<\/strong><\/span><img decoding=\"async\" loading=\"lazy\" class=\"aligncenter size-full wp-image-999983159\" src=\"https:\/\/www.sgagora.com.br\/sg\/wp-content\/uploads\/2020\/06\/Provis%C3%B3rio-Mais-Delivey.gif\" alt=\"\" width=\"260\" height=\"260\" \/><\/p>\n<p><img decoding=\"async\" loading=\"lazy\" class=\"aligncenter wp-image-999986937 size-full\" src=\"https:\/\/www.sgagora.com.br\/sg\/wp-content\/uploads\/2021\/03\/GOLDNET-gif-4.gif\" alt=\"\" width=\"260\" height=\"260\" \/><\/p>\n<p style=\"text-align: justify;\"><span style=\"color: #ffffff;\">.<\/span><\/p>\n<p style=\"text-align: justify;\"><em><strong>Reportagem:<\/strong> Diego Oliveira\/Portal SG AGORA \/<strong> Fonte da Reportagem, Fotos Utilizadas e Foto Capa:<\/strong> Assessoria de Imprensa da 216\u00aa Cia. da Pol\u00edcia Militar de S\u00e3o Gotardo<\/em><\/p>\n","protected":false},"excerpt":{"rendered":"<p>CONTINUA AP\u00d3S A PUBLICIDADE Nesta \u00faltima quarta-feira (18\/08), um grave acidente envolvendo um caminh\u00e3o e uma picape Saveiro, foi registrado na estrada rural que liga o distrito de Abaet\u00e9 dos Ven\u00e2ncios \u00e0 cidade de S\u00e3o &#8230; <a class=\"readmore\" href=\"https:\/\/www.sgagora.com.br\/sg\/acidente-envolvendo-caminhao-e-picape-e-registrado-em-estrada-vicinal-entre-abaete-dos-venancios-e-sao-gotardo\/\">Leia Mais<\/a><\/p>\n","protected":false},"author":1,"featured_media":999989162,"comment_status":"open","ping_status":"open","sticky":false,"template":"","format":"standard","meta":{"_bbp_topic_count":0,"_bbp_reply_count":0,"_bbp_total_topic_count":0,"_bbp_total_reply_count":0,"_bbp_voice_count":0,"_bbp_anonymous_reply_count":0,"_bbp_topic_count_hidden":0,"_bbp_reply_count_hidden":0,"_bbp_forum_subforum_count":0},"categories":[84,77,81],"tags":[774,137,141,659,121,6433,132,133,138,194],"yoast_head":"<!-- This site is optimized with the Yoast SEO plugin v20.5 - https:\/\/yoast.com\/wordpress\/plugins\/seo\/ -->\n<title>Acidente envolvendo caminh\u00e3o e picape \u00e9 registrado em estrada vicinal entre Abaet\u00e9 dos Ven\u00e2ncios e S\u00e3o Gotardo<\/title>\n<meta name=\"description\" content=\"Nesta \u00faltima quarta-feira (18\/08), um grave acidente envolvendo um caminh\u00e3o e uma picape, foi registrado na estrada rural que liga o distrito de Abaet\u00e9 dos Ven\u00e2ncios \u00e0 cidade de S\u00e3o Gotardo.\" \/>\n<meta name=\"robots\" content=\"index, follow, max-snippet:-1, max-image-preview:large, max-video-preview:-1\" \/>\n<link rel=\"canonical\" href=\"https:\/\/www.sgagora.com.br\/sg\/acidente-envolvendo-caminhao-e-picape-e-registrado-em-estrada-vicinal-entre-abaete-dos-venancios-e-sao-gotardo\/\" \/>\n<meta property=\"og:locale\" content=\"pt_BR\" \/>\n<meta property=\"og:type\" content=\"article\" \/>\n<meta property=\"og:title\" content=\"Acidente envolvendo caminh\u00e3o e picape \u00e9 registrado em estrada vicinal entre Abaet\u00e9 dos Ven\u00e2ncios e S\u00e3o Gotardo\" \/>\n<meta property=\"og:description\" content=\"Nesta \u00faltima quarta-feira (18\/08), um grave acidente envolvendo um caminh\u00e3o e uma picape, foi registrado na estrada rural que liga o distrito de Abaet\u00e9 dos Ven\u00e2ncios \u00e0 cidade de S\u00e3o Gotardo.\" \/>\n<meta property=\"og:url\" content=\"https:\/\/www.sgagora.com.br\/sg\/acidente-envolvendo-caminhao-e-picape-e-registrado-em-estrada-vicinal-entre-abaete-dos-venancios-e-sao-gotardo\/\" \/>\n<meta property=\"og:site_name\" content=\"SGAgora\" \/>\n<meta property=\"article:publisher\" content=\"https:\/\/www.facebook.com\/sgagora\" \/>\n<meta property=\"article:published_time\" content=\"2021-08-19T17:03:57+00:00\" \/>\n<meta property=\"article:modified_time\" content=\"2021-08-23T16:43:14+00:00\" \/>\n<meta property=\"og:image\" content=\"https:\/\/www.sgagora.com.br\/sg\/wp-content\/uploads\/2021\/08\/25eafe50-c120-4275-9e59-ed379ff6a7a9-1.jpg\" \/>\n\t<meta property=\"og:image:width\" content=\"600\" \/>\n\t<meta property=\"og:image:height\" content=\"450\" \/>\n\t<meta property=\"og:image:type\" content=\"image\/jpeg\" \/>\n<meta name=\"author\" content=\"SG Agora\" \/>\n<meta name=\"twitter:label1\" content=\"Escrito por\" \/>\n\t<meta name=\"twitter:data1\" content=\"SG Agora\" \/>\n\t<meta name=\"twitter:label2\" content=\"Est. tempo de leitura\" \/>\n\t<meta name=\"twitter:data2\" content=\"2 minutos\" \/>\n<script type=\"application\/ld+json\" class=\"yoast-schema-graph\">{\"@context\":\"https:\/\/schema.org\",\"@graph\":[{\"@type\":\"WebPage\",\"@id\":\"https:\/\/www.sgagora.com.br\/sg\/acidente-envolvendo-caminhao-e-picape-e-registrado-em-estrada-vicinal-entre-abaete-dos-venancios-e-sao-gotardo\/\",\"url\":\"https:\/\/www.sgagora.com.br\/sg\/acidente-envolvendo-caminhao-e-picape-e-registrado-em-estrada-vicinal-entre-abaete-dos-venancios-e-sao-gotardo\/\",\"name\":\"Acidente envolvendo caminh\u00e3o e picape \u00e9 registrado em estrada vicinal entre Abaet\u00e9 dos Ven\u00e2ncios e S\u00e3o Gotardo\",\"isPartOf\":{\"@id\":\"https:\/\/www.sgagora.com.br\/sg\/#website\"},\"datePublished\":\"2021-08-19T17:03:57+00:00\",\"dateModified\":\"2021-08-23T16:43:14+00:00\",\"author\":{\"@id\":\"https:\/\/www.sgagora.com.br\/sg\/#\/schema\/person\/2be62cfb47cee3e0b305e4f7a765ae41\"},\"description\":\"Nesta \u00faltima quarta-feira (18\/08), um grave acidente envolvendo um caminh\u00e3o e uma picape, foi registrado na estrada rural que liga o distrito de Abaet\u00e9 dos Ven\u00e2ncios \u00e0 cidade de S\u00e3o Gotardo.\",\"breadcrumb\":{\"@id\":\"https:\/\/www.sgagora.com.br\/sg\/acidente-envolvendo-caminhao-e-picape-e-registrado-em-estrada-vicinal-entre-abaete-dos-venancios-e-sao-gotardo\/#breadcrumb\"},\"inLanguage\":\"pt-BR\",\"potentialAction\":[{\"@type\":\"ReadAction\",\"target\":[\"https:\/\/www.sgagora.com.br\/sg\/acidente-envolvendo-caminhao-e-picape-e-registrado-em-estrada-vicinal-entre-abaete-dos-venancios-e-sao-gotardo\/\"]}]},{\"@type\":\"BreadcrumbList\",\"@id\":\"https:\/\/www.sgagora.com.br\/sg\/acidente-envolvendo-caminhao-e-picape-e-registrado-em-estrada-vicinal-entre-abaete-dos-venancios-e-sao-gotardo\/#breadcrumb\",\"itemListElement\":[{\"@type\":\"ListItem\",\"position\":1,\"name\":\"In\u00edcio\",\"item\":\"https:\/\/www.sgagora.com.br\/sg\/\"},{\"@type\":\"ListItem\",\"position\":2,\"name\":\"Acidente envolvendo caminh\u00e3o e picape \u00e9 registrado em estrada vicinal entre Abaet\u00e9 dos Ven\u00e2ncios e S\u00e3o Gotardo\"}]},{\"@type\":\"WebSite\",\"@id\":\"https:\/\/www.sgagora.com.br\/sg\/#website\",\"url\":\"https:\/\/www.sgagora.com.br\/sg\/\",\"name\":\"SGAgora\",\"description\":\"Not\u00edcias de S\u00e3o Gotardo\",\"potentialAction\":[{\"@type\":\"SearchAction\",\"target\":{\"@type\":\"EntryPoint\",\"urlTemplate\":\"https:\/\/www.sgagora.com.br\/sg\/?s={search_term_string}\"},\"query-input\":\"required name=search_term_string\"}],\"inLanguage\":\"pt-BR\"},{\"@type\":\"Person\",\"@id\":\"https:\/\/www.sgagora.com.br\/sg\/#\/schema\/person\/2be62cfb47cee3e0b305e4f7a765ae41\",\"name\":\"SG Agora\",\"image\":{\"@type\":\"ImageObject\",\"inLanguage\":\"pt-BR\",\"@id\":\"https:\/\/www.sgagora.com.br\/sg\/#\/schema\/person\/image\/\",\"url\":\"https:\/\/secure.gravatar.com\/avatar\/a0c612a9a8c3e7419d6fd4f92e749d8d?s=96&d=mm&r=g\",\"contentUrl\":\"https:\/\/secure.gravatar.com\/avatar\/a0c612a9a8c3e7419d6fd4f92e749d8d?s=96&d=mm&r=g\",\"caption\":\"SG Agora\"},\"url\":\"https:\/\/www.sgagora.com.br\/sg\/author\/admin\/\"}]}<\/script>\n<!-- \/ Yoast SEO plugin. -->","yoast_head_json":{"title":"Acidente envolvendo caminh\u00e3o e picape \u00e9 registrado em estrada vicinal entre Abaet\u00e9 dos Ven\u00e2ncios e S\u00e3o Gotardo","description":"Nesta \u00faltima quarta-feira (18\/08), um grave acidente envolvendo um caminh\u00e3o e uma picape, foi registrado na estrada rural que liga o distrito de Abaet\u00e9 dos Ven\u00e2ncios \u00e0 cidade de S\u00e3o Gotardo.","robots":{"index":"index","follow":"follow","max-snippet":"max-snippet:-1","max-image-preview":"max-image-preview:large","max-video-preview":"max-video-preview:-1"},"canonical":"https:\/\/www.sgagora.com.br\/sg\/acidente-envolvendo-caminhao-e-picape-e-registrado-em-estrada-vicinal-entre-abaete-dos-venancios-e-sao-gotardo\/","og_locale":"pt_BR","og_type":"article","og_title":"Acidente envolvendo caminh\u00e3o e picape \u00e9 registrado em estrada vicinal entre Abaet\u00e9 dos Ven\u00e2ncios e S\u00e3o Gotardo","og_description":"Nesta \u00faltima quarta-feira (18\/08), um grave acidente envolvendo um caminh\u00e3o e uma picape, foi registrado na estrada rural que liga o distrito de Abaet\u00e9 dos Ven\u00e2ncios \u00e0 cidade de S\u00e3o Gotardo.","og_url":"https:\/\/www.sgagora.com.br\/sg\/acidente-envolvendo-caminhao-e-picape-e-registrado-em-estrada-vicinal-entre-abaete-dos-venancios-e-sao-gotardo\/","og_site_name":"SGAgora","article_publisher":"https:\/\/www.facebook.com\/sgagora","article_published_time":"2021-08-19T17:03:57+00:00","article_modified_time":"2021-08-23T16:43:14+00:00","og_image":[{"width":600,"height":450,"url":"https:\/\/www.sgagora.com.br\/sg\/wp-content\/uploads\/2021\/08\/25eafe50-c120-4275-9e59-ed379ff6a7a9-1.jpg","type":"image\/jpeg"}],"author":"SG Agora","twitter_misc":{"Escrito por":"SG Agora","Est. tempo de leitura":"2 minutos"},"schema":{"@context":"https:\/\/schema.org","@graph":[{"@type":"WebPage","@id":"https:\/\/www.sgagora.com.br\/sg\/acidente-envolvendo-caminhao-e-picape-e-registrado-em-estrada-vicinal-entre-abaete-dos-venancios-e-sao-gotardo\/","url":"https:\/\/www.sgagora.com.br\/sg\/acidente-envolvendo-caminhao-e-picape-e-registrado-em-estrada-vicinal-entre-abaete-dos-venancios-e-sao-gotardo\/","name":"Acidente envolvendo caminh\u00e3o e picape \u00e9 registrado em estrada vicinal entre Abaet\u00e9 dos Ven\u00e2ncios e S\u00e3o Gotardo","isPartOf":{"@id":"https:\/\/www.sgagora.com.br\/sg\/#website"},"datePublished":"2021-08-19T17:03:57+00:00","dateModified":"2021-08-23T16:43:14+00:00","author":{"@id":"https:\/\/www.sgagora.com.br\/sg\/#\/schema\/person\/2be62cfb47cee3e0b305e4f7a765ae41"},"description":"Nesta \u00faltima quarta-feira (18\/08), um grave acidente envolvendo um caminh\u00e3o e uma picape, foi registrado na estrada rural que liga o distrito de Abaet\u00e9 dos Ven\u00e2ncios \u00e0 cidade de S\u00e3o Gotardo.","breadcrumb":{"@id":"https:\/\/www.sgagora.com.br\/sg\/acidente-envolvendo-caminhao-e-picape-e-registrado-em-estrada-vicinal-entre-abaete-dos-venancios-e-sao-gotardo\/#breadcrumb"},"inLanguage":"pt-BR","potentialAction":[{"@type":"ReadAction","target":["https:\/\/www.sgagora.com.br\/sg\/acidente-envolvendo-caminhao-e-picape-e-registrado-em-estrada-vicinal-entre-abaete-dos-venancios-e-sao-gotardo\/"]}]},{"@type":"BreadcrumbList","@id":"https:\/\/www.sgagora.com.br\/sg\/acidente-envolvendo-caminhao-e-picape-e-registrado-em-estrada-vicinal-entre-abaete-dos-venancios-e-sao-gotardo\/#breadcrumb","itemListElement":[{"@type":"ListItem","position":1,"name":"In\u00edcio","item":"https:\/\/www.sgagora.com.br\/sg\/"},{"@type":"ListItem","position":2,"name":"Acidente envolvendo caminh\u00e3o e picape \u00e9 registrado em estrada vicinal entre Abaet\u00e9 dos Ven\u00e2ncios e S\u00e3o Gotardo"}]},{"@type":"WebSite","@id":"https:\/\/www.sgagora.com.br\/sg\/#website","url":"https:\/\/www.sgagora.com.br\/sg\/","name":"SGAgora","description":"Not\u00edcias de S\u00e3o Gotardo","potentialAction":[{"@type":"SearchAction","target":{"@type":"EntryPoint","urlTemplate":"https:\/\/www.sgagora.com.br\/sg\/?s={search_term_string}"},"query-input":"required name=search_term_string"}],"inLanguage":"pt-BR"},{"@type":"Person","@id":"https:\/\/www.sgagora.com.br\/sg\/#\/schema\/person\/2be62cfb47cee3e0b305e4f7a765ae41","name":"SG Agora","image":{"@type":"ImageObject","inLanguage":"pt-BR","@id":"https:\/\/www.sgagora.com.br\/sg\/#\/schema\/person\/image\/","url":"https:\/\/secure.gravatar.com\/avatar\/a0c612a9a8c3e7419d6fd4f92e749d8d?s=96&d=mm&r=g","contentUrl":"https:\/\/secure.gravatar.com\/avatar\/a0c612a9a8c3e7419d6fd4f92e749d8d?s=96&d=mm&r=g","caption":"SG Agora"},"url":"https:\/\/www.sgagora.com.br\/sg\/author\/admin\/"}]}},"_links":{"self":[{"href":"https:\/\/www.sgagora.com.br\/sg\/wp-json\/wp\/v2\/posts\/999989156"}],"collection":[{"href":"https:\/\/www.sgagora.com.br\/sg\/wp-json\/wp\/v2\/posts"}],"about":[{"href":"https:\/\/www.sgagora.com.br\/sg\/wp-json\/wp\/v2\/types\/post"}],"author":[{"embeddable":true,"href":"https:\/\/www.sgagora.com.br\/sg\/wp-json\/wp\/v2\/users\/1"}],"replies":[{"embeddable":true,"href":"https:\/\/www.sgagora.com.br\/sg\/wp-json\/wp\/v2\/comments?post=999989156"}],"version-history":[{"count":3,"href":"https:\/\/www.sgagora.com.br\/sg\/wp-json\/wp\/v2\/posts\/999989156\/revisions"}],"predecessor-version":[{"id":999989221,"href":"https:\/\/www.sgagora.com.br\/sg\/wp-json\/wp\/v2\/posts\/999989156\/revisions\/999989221"}],"wp:featuredmedia":[{"embeddable":true,"href":"https:\/\/www.sgagora.com.br\/sg\/wp-json\/wp\/v2\/media\/999989162"}],"wp:attachment":[{"href":"https:\/\/www.sgagora.com.br\/sg\/wp-json\/wp\/v2\/media?parent=999989156"}],"wp:term":[{"taxonomy":"category","embeddable":true,"href":"https:\/\/www.sgagora.com.br\/sg\/wp-json\/wp\/v2\/categories?post=999989156"},{"taxonomy":"post_tag","embeddable":true,"href":"https:\/\/www.sgagora.com.br\/sg\/wp-json\/wp\/v2\/tags?post=999989156"}],"curies":[{"name":"wp","href":"https:\/\/api.w.org\/{rel}","templated":true}]}}