{"id":999991246,"date":"2022-04-10T12:37:15","date_gmt":"2022-04-10T15:37:15","guid":{"rendered":"https:\/\/www.sgagora.com.br\/sg\/?p=999991246"},"modified":"2022-04-10T12:37:18","modified_gmt":"2022-04-10T15:37:18","slug":"mg-235-acidente-de-transito-provoca-morte-de-passageira-e-deixa-motorista-gravemente-ferido-em-rodovia-de-sao-gotardo","status":"publish","type":"post","link":"https:\/\/www.sgagora.com.br\/sg\/mg-235-acidente-de-transito-provoca-morte-de-passageira-e-deixa-motorista-gravemente-ferido-em-rodovia-de-sao-gotardo\/","title":{"rendered":"MG-235: Acidente de tr\u00e2nsito provoca morte de passageira e deixa motorista gravemente ferido em rodovia de S\u00e3o Gotardo"},"content":{"rendered":"<p style=\"text-align: center;\"><span style=\"color: #ff0000;\"><strong>CONTINUA AP\u00d3S A PUBLICIDADE<\/strong><\/span><img decoding=\"async\" loading=\"lazy\" class=\"aligncenter wp-image-999987983 size-full\" src=\"https:\/\/www.sgagora.com.br\/sg\/wp-content\/uploads\/2021\/06\/banner-1.gif\" alt=\"\" width=\"260\" height=\"260\" \/><\/p>\n<p><img decoding=\"async\" loading=\"lazy\" class=\"aligncenter wp-image-999986675 size-full\" src=\"https:\/\/www.sgagora.com.br\/sg\/wp-content\/uploads\/2021\/02\/OPHICINA-gif.gif\" alt=\"\" width=\"260\" height=\"260\" \/><\/p>\n<p style=\"text-align: justify;\">Na tarde deste \u00faltimo s\u00e1bado (09\/04), uma mulher de 28 anos de idade, moradora da cidade de S\u00e3o Gotardo, morreu ap\u00f3s o ve\u00edculo em que ela estava se envolver em um grave acidente de tr\u00e2nsito. A colis\u00e3o ocorreu na MG-235 e deixou outras tr\u00eas pessoas feridas, uma crian\u00e7a de 02 anos de idade (ferimentos leves), um homem 30 anos de idade (ferimentos graves) e um adolescente de 19 anos de idade (ferimentos leves).<\/p>\n<p style=\"text-align: justify;\">Segundo informa\u00e7\u00f5es da Assessoria de Imprensa da Pol\u00edcia Militar Rodovi\u00e1ria Estadual divulgadas \u00e0 Imprensa, militares deste comando compareceram no km 83 da rodovia MG 235 onde havia ocorrido um sinistro de tr\u00e2nsito. Ao chegar no local estavam 02 ve\u00edculos danificados ocupando parcialmente a rodovia sendo: um ve\u00edculo caminh\u00e3o VW\/Iveco e um autom\u00f3vel GM\/Corsa. No momento do sinistro e chegada da Pol\u00edcia chovia na rodovia.<\/p>\n<p style=\"text-align: center;\"><span style=\"color: #ff0000;\"><strong>CONTINUA AP\u00d3S A PUBLICIDADE<\/strong><\/span><img decoding=\"async\" loading=\"lazy\" class=\"aligncenter wp-image-999987266 size-full\" src=\"https:\/\/www.sgagora.com.br\/sg\/wp-content\/uploads\/2021\/04\/b759ae18-846e-4fce-b40c-fc37f2798669.jpg\" sizes=\"(max-width: 601px) 100vw, 601px\" srcset=\"https:\/\/www.sgagora.com.br\/sg\/wp-content\/uploads\/2021\/04\/b759ae18-846e-4fce-b40c-fc37f2798669.jpg 601w, https:\/\/www.sgagora.com.br\/sg\/wp-content\/uploads\/2021\/04\/b759ae18-846e-4fce-b40c-fc37f2798669-300x175.jpg 300w\" alt=\"\" width=\"601\" height=\"350\" \/><\/p>\n<p style=\"text-align: justify;\">Segundo testemunho do condutor do caminh\u00e3o (41 anos) divulgado pela PMR, o mesmo seguia no sentido S\u00e3o Gotardo\/Rio Parana\u00edba-MG quando foi ultrapassado por um ve\u00edculo VW\/Virtus e, ao ser ultrapassado, vinha no sentido contr\u00e1rio ao seu um GM\/Corsa que, para evitar uma colis\u00e3o frontal com o Virtus, freou bruscamente, perdeu o controle direcional e acabou colidindo frontalmente com o caminh\u00e3o que conduzia.<\/p>\n<p style=\"text-align: center;\"><img decoding=\"async\" loading=\"lazy\" class=\"aligncenter size-full wp-image-999991248\" src=\"https:\/\/www.sgagora.com.br\/sg\/wp-content\/uploads\/2022\/04\/acd8a485-1a2e-4621-be17-f79c50b44176-e1649604777411.jpg\" alt=\"\" width=\"600\" height=\"338\" \/><em>Uma pessoa que estava no caminh\u00e3o acabou se ferindo (Foto: PMR)<\/em><\/p>\n<p style=\"text-align: justify;\">No caminh\u00e3o haviam quatro ocupantes. Por sorte, somente um dos ocupantes se feriu, um jovem de 19 anos de idade. Segundo uma testemunha que presenciou o momento da batida, o passageiro que se feriu e estava no caminh\u00e3o, foi arremessado para fora do ve\u00edculo no momento do impacto. Ele teve ferimentos leves.<\/p>\n<p style=\"text-align: justify;\">No ve\u00edculo GM\/Corsa haviam tr\u00eas pessoas da mesma fam\u00edlia todos moradores da cidade S\u00e3o Gorado, sendo: o condutor (30 anos), uma passageira no banco dianteiro (28 anos) e uma crian\u00e7a na cadeirinha no banco traseiro (2 anos). O condutor (pai) teve fraturas em C4 e C5, em tr\u00eas arcos costais e em dois pontos no f\u00eamur direito. A crian\u00e7a teve hematoma periorbital e ferimento na orelha esquerda.<\/p>\n<p style=\"text-align: center;\"><img decoding=\"async\" loading=\"lazy\" class=\"aligncenter size-full wp-image-999991249\" src=\"https:\/\/www.sgagora.com.br\/sg\/wp-content\/uploads\/2022\/04\/eade58ae-3a9d-412d-b972-585f08367dd1-e1649604846587.jpg\" alt=\"\" width=\"600\" height=\"338\" \/><em>Ve\u00edculo que a fam\u00edlia estava teve sua frente completamente destru\u00edda (Foto: PMR)<\/em><\/p>\n<p style=\"text-align: justify;\">Infelizmente, a m\u00e3e, (passageira do banco dianteiro) ficou presa \u00e0s ferragens do ve\u00edculo batido, foi socorrida ap\u00f3s desencarcerada, mas, veio a \u00f3bito durante o atendimento m\u00e9dico. Todas as v\u00edtimas foram atendidas no Unidade de Pronto Atendimento (UPA) de S\u00e3o Gotardo.<\/p>\n<p style=\"text-align: center;\"><span style=\"color: #ff0000;\"><strong>CONTINUA AP\u00d3S A PUBLICIDADE<\/strong><\/span><br \/>\n<img decoding=\"async\" loading=\"lazy\" class=\"aligncenter wp-image-999986332 size-full\" src=\"https:\/\/www.sgagora.com.br\/sg\/wp-content\/uploads\/2021\/01\/anigifodonto-company.gif\" alt=\"\" width=\"600\" height=\"350\" \/><\/p>\n<p style=\"text-align: justify;\">O perito compareceu no local e realizou seus trabalhos. O caminh\u00e3o \u2013 que pertence a Prefeitura Municipal de S\u00e3o Gotardo \u2013 foi liberado para o pr\u00f3prio condutor. O autom\u00f3vel foi liberado no local para familiares das v\u00edtimas que nele estavam e ambos os ve\u00edculos foram removidos da via por meio de servi\u00e7o de guincho. O tr\u00e2nsito da rodovia precisou ser ora desviado, ora controlado at\u00e9 que fosse feita a remo\u00e7\u00e3o dos ve\u00edculos que estavam ocupando parcialmente a rodovia.<\/p>\n<p style=\"text-align: justify;\">Um ve\u00edculo VW\/Virtus com caracter\u00edstica semelhantes as do ve\u00edculo informado pelo condutor do caminh\u00e3o chegou a ser abordado e identificado. Seguir\u00e3o provid\u00eancias posteriores junto aos demais \u00f3rg\u00e3os respons\u00e1veis, encerrou a Assessoria de Imprensa da Pol\u00edcia Militar Rodovi\u00e1ria Estadual na nota divulgada sobre o acidente \u00e0 Imprensa.<\/p>\n<p style=\"text-align: center;\"><span style=\"color: #ff0000;\"><strong>CONTINUA AP\u00d3S A PUBLICIDADE<\/strong><\/span><img decoding=\"async\" loading=\"lazy\" class=\"aligncenter size-full wp-image-999983159\" src=\"https:\/\/www.sgagora.com.br\/sg\/wp-content\/uploads\/2020\/06\/Provis%C3%B3rio-Mais-Delivey.gif\" alt=\"\" width=\"260\" height=\"260\" \/><\/p>\n<p><img decoding=\"async\" loading=\"lazy\" class=\"aligncenter wp-image-999986937 size-full\" src=\"https:\/\/www.sgagora.com.br\/sg\/wp-content\/uploads\/2021\/03\/GOLDNET-gif-4.gif\" alt=\"\" width=\"260\" height=\"260\" \/><\/p>\n<p style=\"text-align: justify;\"><span style=\"color: #ffffff;\">.<\/span><\/p>\n<p style=\"text-align: justify;\"><em><strong>Reportagem:<\/strong> Diego Oliveira\/Portal SG AGORA \/ <strong>Fonte da Reportagem, Fotos Utilizadas e Foto Capa:<\/strong> Assessoria de Imprensa da Pol\u00edcia Militar Rodovi\u00e1ria Estadual;<\/em><\/p>\n","protected":false},"excerpt":{"rendered":"<p>CONTINUA AP\u00d3S A PUBLICIDADE Na tarde deste \u00faltimo s\u00e1bado (09\/04), uma mulher de 28 anos de idade, moradora da cidade de S\u00e3o Gotardo, morreu ap\u00f3s o ve\u00edculo em que ela estava se envolver em um &#8230; <a class=\"readmore\" href=\"https:\/\/www.sgagora.com.br\/sg\/mg-235-acidente-de-transito-provoca-morte-de-passageira-e-deixa-motorista-gravemente-ferido-em-rodovia-de-sao-gotardo\/\">Leia Mais<\/a><\/p>\n","protected":false},"author":1,"featured_media":999991250,"comment_status":"open","ping_status":"open","sticky":false,"template":"","format":"standard","meta":{"_bbp_topic_count":0,"_bbp_reply_count":0,"_bbp_total_topic_count":0,"_bbp_total_reply_count":0,"_bbp_voice_count":0,"_bbp_anonymous_reply_count":0,"_bbp_topic_count_hidden":0,"_bbp_reply_count_hidden":0,"_bbp_forum_subforum_count":0},"categories":[84,77,81],"tags":[7848,7970,7804,7969,7779,7803,7968,7782,7778],"yoast_head":"<!-- This site is optimized with the Yoast SEO plugin v20.5 - https:\/\/yoast.com\/wordpress\/plugins\/seo\/ -->\n<title>MG-235: Acidente de tr\u00e2nsito provoca morte de passageira e deixa motorista gravemente ferido em rodovia de S\u00e3o Gotardo<\/title>\n<meta name=\"description\" content=\"Na tarde deste \u00faltimo s\u00e1bado (09\/04), uma mulher de 28 anos de idade, moradora da cidade de S\u00e3o Gotardo, morreu ap\u00f3s o ve\u00edculo em que ela estava se envolver em um grave acidente de tr\u00e2nsito.\" \/>\n<meta name=\"robots\" content=\"index, follow, max-snippet:-1, max-image-preview:large, max-video-preview:-1\" \/>\n<link rel=\"canonical\" href=\"https:\/\/www.sgagora.com.br\/sg\/mg-235-acidente-de-transito-provoca-morte-de-passageira-e-deixa-motorista-gravemente-ferido-em-rodovia-de-sao-gotardo\/\" \/>\n<meta property=\"og:locale\" content=\"pt_BR\" \/>\n<meta property=\"og:type\" content=\"article\" \/>\n<meta property=\"og:title\" content=\"MG-235: Acidente de tr\u00e2nsito provoca morte de passageira e deixa motorista gravemente ferido em rodovia de S\u00e3o Gotardo\" \/>\n<meta property=\"og:description\" content=\"Na tarde deste \u00faltimo s\u00e1bado (09\/04), uma mulher de 28 anos de idade, moradora da cidade de S\u00e3o Gotardo, morreu ap\u00f3s o ve\u00edculo em que ela estava se envolver em um grave acidente de tr\u00e2nsito.\" \/>\n<meta property=\"og:url\" content=\"https:\/\/www.sgagora.com.br\/sg\/mg-235-acidente-de-transito-provoca-morte-de-passageira-e-deixa-motorista-gravemente-ferido-em-rodovia-de-sao-gotardo\/\" \/>\n<meta property=\"og:site_name\" content=\"SGAgora\" \/>\n<meta property=\"article:publisher\" content=\"https:\/\/www.facebook.com\/sgagora\" \/>\n<meta property=\"article:published_time\" content=\"2022-04-10T15:37:15+00:00\" \/>\n<meta property=\"article:modified_time\" content=\"2022-04-10T15:37:18+00:00\" \/>\n<meta property=\"og:image\" content=\"https:\/\/www.sgagora.com.br\/sg\/wp-content\/uploads\/2022\/04\/ac9ee739-3abc-4cbb-9f22-bca3ab4130ef-e1649605010839.jpg\" \/>\n\t<meta property=\"og:image:width\" content=\"600\" \/>\n\t<meta property=\"og:image:height\" content=\"338\" \/>\n\t<meta property=\"og:image:type\" content=\"image\/jpeg\" \/>\n<meta name=\"author\" content=\"SG Agora\" \/>\n<meta name=\"twitter:label1\" content=\"Escrito por\" \/>\n\t<meta name=\"twitter:data1\" content=\"SG Agora\" \/>\n\t<meta name=\"twitter:label2\" content=\"Est. tempo de leitura\" \/>\n\t<meta name=\"twitter:data2\" content=\"3 minutos\" \/>\n<script type=\"application\/ld+json\" class=\"yoast-schema-graph\">{\"@context\":\"https:\/\/schema.org\",\"@graph\":[{\"@type\":\"WebPage\",\"@id\":\"https:\/\/www.sgagora.com.br\/sg\/mg-235-acidente-de-transito-provoca-morte-de-passageira-e-deixa-motorista-gravemente-ferido-em-rodovia-de-sao-gotardo\/\",\"url\":\"https:\/\/www.sgagora.com.br\/sg\/mg-235-acidente-de-transito-provoca-morte-de-passageira-e-deixa-motorista-gravemente-ferido-em-rodovia-de-sao-gotardo\/\",\"name\":\"MG-235: Acidente de tr\u00e2nsito provoca morte de passageira e deixa motorista gravemente ferido em rodovia de S\u00e3o Gotardo\",\"isPartOf\":{\"@id\":\"https:\/\/www.sgagora.com.br\/sg\/#website\"},\"datePublished\":\"2022-04-10T15:37:15+00:00\",\"dateModified\":\"2022-04-10T15:37:18+00:00\",\"author\":{\"@id\":\"https:\/\/www.sgagora.com.br\/sg\/#\/schema\/person\/2be62cfb47cee3e0b305e4f7a765ae41\"},\"description\":\"Na tarde deste \u00faltimo s\u00e1bado (09\/04), uma mulher de 28 anos de idade, moradora da cidade de S\u00e3o Gotardo, morreu ap\u00f3s o ve\u00edculo em que ela estava se envolver em um grave acidente de tr\u00e2nsito.\",\"breadcrumb\":{\"@id\":\"https:\/\/www.sgagora.com.br\/sg\/mg-235-acidente-de-transito-provoca-morte-de-passageira-e-deixa-motorista-gravemente-ferido-em-rodovia-de-sao-gotardo\/#breadcrumb\"},\"inLanguage\":\"pt-BR\",\"potentialAction\":[{\"@type\":\"ReadAction\",\"target\":[\"https:\/\/www.sgagora.com.br\/sg\/mg-235-acidente-de-transito-provoca-morte-de-passageira-e-deixa-motorista-gravemente-ferido-em-rodovia-de-sao-gotardo\/\"]}]},{\"@type\":\"BreadcrumbList\",\"@id\":\"https:\/\/www.sgagora.com.br\/sg\/mg-235-acidente-de-transito-provoca-morte-de-passageira-e-deixa-motorista-gravemente-ferido-em-rodovia-de-sao-gotardo\/#breadcrumb\",\"itemListElement\":[{\"@type\":\"ListItem\",\"position\":1,\"name\":\"In\u00edcio\",\"item\":\"https:\/\/www.sgagora.com.br\/sg\/\"},{\"@type\":\"ListItem\",\"position\":2,\"name\":\"MG-235: Acidente de tr\u00e2nsito provoca morte de passageira e deixa motorista gravemente ferido em rodovia de S\u00e3o Gotardo\"}]},{\"@type\":\"WebSite\",\"@id\":\"https:\/\/www.sgagora.com.br\/sg\/#website\",\"url\":\"https:\/\/www.sgagora.com.br\/sg\/\",\"name\":\"SGAgora\",\"description\":\"Not\u00edcias de S\u00e3o Gotardo\",\"potentialAction\":[{\"@type\":\"SearchAction\",\"target\":{\"@type\":\"EntryPoint\",\"urlTemplate\":\"https:\/\/www.sgagora.com.br\/sg\/?s={search_term_string}\"},\"query-input\":\"required name=search_term_string\"}],\"inLanguage\":\"pt-BR\"},{\"@type\":\"Person\",\"@id\":\"https:\/\/www.sgagora.com.br\/sg\/#\/schema\/person\/2be62cfb47cee3e0b305e4f7a765ae41\",\"name\":\"SG Agora\",\"image\":{\"@type\":\"ImageObject\",\"inLanguage\":\"pt-BR\",\"@id\":\"https:\/\/www.sgagora.com.br\/sg\/#\/schema\/person\/image\/\",\"url\":\"https:\/\/secure.gravatar.com\/avatar\/a0c612a9a8c3e7419d6fd4f92e749d8d?s=96&d=mm&r=g\",\"contentUrl\":\"https:\/\/secure.gravatar.com\/avatar\/a0c612a9a8c3e7419d6fd4f92e749d8d?s=96&d=mm&r=g\",\"caption\":\"SG Agora\"},\"url\":\"https:\/\/www.sgagora.com.br\/sg\/author\/admin\/\"}]}<\/script>\n<!-- \/ Yoast SEO plugin. -->","yoast_head_json":{"title":"MG-235: Acidente de tr\u00e2nsito provoca morte de passageira e deixa motorista gravemente ferido em rodovia de S\u00e3o Gotardo","description":"Na tarde deste \u00faltimo s\u00e1bado (09\/04), uma mulher de 28 anos de idade, moradora da cidade de S\u00e3o Gotardo, morreu ap\u00f3s o ve\u00edculo em que ela estava se envolver em um grave acidente de tr\u00e2nsito.","robots":{"index":"index","follow":"follow","max-snippet":"max-snippet:-1","max-image-preview":"max-image-preview:large","max-video-preview":"max-video-preview:-1"},"canonical":"https:\/\/www.sgagora.com.br\/sg\/mg-235-acidente-de-transito-provoca-morte-de-passageira-e-deixa-motorista-gravemente-ferido-em-rodovia-de-sao-gotardo\/","og_locale":"pt_BR","og_type":"article","og_title":"MG-235: Acidente de tr\u00e2nsito provoca morte de passageira e deixa motorista gravemente ferido em rodovia de S\u00e3o Gotardo","og_description":"Na tarde deste \u00faltimo s\u00e1bado (09\/04), uma mulher de 28 anos de idade, moradora da cidade de S\u00e3o Gotardo, morreu ap\u00f3s o ve\u00edculo em que ela estava se envolver em um grave acidente de tr\u00e2nsito.","og_url":"https:\/\/www.sgagora.com.br\/sg\/mg-235-acidente-de-transito-provoca-morte-de-passageira-e-deixa-motorista-gravemente-ferido-em-rodovia-de-sao-gotardo\/","og_site_name":"SGAgora","article_publisher":"https:\/\/www.facebook.com\/sgagora","article_published_time":"2022-04-10T15:37:15+00:00","article_modified_time":"2022-04-10T15:37:18+00:00","og_image":[{"width":600,"height":338,"url":"https:\/\/www.sgagora.com.br\/sg\/wp-content\/uploads\/2022\/04\/ac9ee739-3abc-4cbb-9f22-bca3ab4130ef-e1649605010839.jpg","type":"image\/jpeg"}],"author":"SG Agora","twitter_misc":{"Escrito por":"SG Agora","Est. tempo de leitura":"3 minutos"},"schema":{"@context":"https:\/\/schema.org","@graph":[{"@type":"WebPage","@id":"https:\/\/www.sgagora.com.br\/sg\/mg-235-acidente-de-transito-provoca-morte-de-passageira-e-deixa-motorista-gravemente-ferido-em-rodovia-de-sao-gotardo\/","url":"https:\/\/www.sgagora.com.br\/sg\/mg-235-acidente-de-transito-provoca-morte-de-passageira-e-deixa-motorista-gravemente-ferido-em-rodovia-de-sao-gotardo\/","name":"MG-235: Acidente de tr\u00e2nsito provoca morte de passageira e deixa motorista gravemente ferido em rodovia de S\u00e3o Gotardo","isPartOf":{"@id":"https:\/\/www.sgagora.com.br\/sg\/#website"},"datePublished":"2022-04-10T15:37:15+00:00","dateModified":"2022-04-10T15:37:18+00:00","author":{"@id":"https:\/\/www.sgagora.com.br\/sg\/#\/schema\/person\/2be62cfb47cee3e0b305e4f7a765ae41"},"description":"Na tarde deste \u00faltimo s\u00e1bado (09\/04), uma mulher de 28 anos de idade, moradora da cidade de S\u00e3o Gotardo, morreu ap\u00f3s o ve\u00edculo em que ela estava se envolver em um grave acidente de tr\u00e2nsito.","breadcrumb":{"@id":"https:\/\/www.sgagora.com.br\/sg\/mg-235-acidente-de-transito-provoca-morte-de-passageira-e-deixa-motorista-gravemente-ferido-em-rodovia-de-sao-gotardo\/#breadcrumb"},"inLanguage":"pt-BR","potentialAction":[{"@type":"ReadAction","target":["https:\/\/www.sgagora.com.br\/sg\/mg-235-acidente-de-transito-provoca-morte-de-passageira-e-deixa-motorista-gravemente-ferido-em-rodovia-de-sao-gotardo\/"]}]},{"@type":"BreadcrumbList","@id":"https:\/\/www.sgagora.com.br\/sg\/mg-235-acidente-de-transito-provoca-morte-de-passageira-e-deixa-motorista-gravemente-ferido-em-rodovia-de-sao-gotardo\/#breadcrumb","itemListElement":[{"@type":"ListItem","position":1,"name":"In\u00edcio","item":"https:\/\/www.sgagora.com.br\/sg\/"},{"@type":"ListItem","position":2,"name":"MG-235: Acidente de tr\u00e2nsito provoca morte de passageira e deixa motorista gravemente ferido em rodovia de S\u00e3o Gotardo"}]},{"@type":"WebSite","@id":"https:\/\/www.sgagora.com.br\/sg\/#website","url":"https:\/\/www.sgagora.com.br\/sg\/","name":"SGAgora","description":"Not\u00edcias de S\u00e3o Gotardo","potentialAction":[{"@type":"SearchAction","target":{"@type":"EntryPoint","urlTemplate":"https:\/\/www.sgagora.com.br\/sg\/?s={search_term_string}"},"query-input":"required name=search_term_string"}],"inLanguage":"pt-BR"},{"@type":"Person","@id":"https:\/\/www.sgagora.com.br\/sg\/#\/schema\/person\/2be62cfb47cee3e0b305e4f7a765ae41","name":"SG Agora","image":{"@type":"ImageObject","inLanguage":"pt-BR","@id":"https:\/\/www.sgagora.com.br\/sg\/#\/schema\/person\/image\/","url":"https:\/\/secure.gravatar.com\/avatar\/a0c612a9a8c3e7419d6fd4f92e749d8d?s=96&d=mm&r=g","contentUrl":"https:\/\/secure.gravatar.com\/avatar\/a0c612a9a8c3e7419d6fd4f92e749d8d?s=96&d=mm&r=g","caption":"SG Agora"},"url":"https:\/\/www.sgagora.com.br\/sg\/author\/admin\/"}]}},"_links":{"self":[{"href":"https:\/\/www.sgagora.com.br\/sg\/wp-json\/wp\/v2\/posts\/999991246"}],"collection":[{"href":"https:\/\/www.sgagora.com.br\/sg\/wp-json\/wp\/v2\/posts"}],"about":[{"href":"https:\/\/www.sgagora.com.br\/sg\/wp-json\/wp\/v2\/types\/post"}],"author":[{"embeddable":true,"href":"https:\/\/www.sgagora.com.br\/sg\/wp-json\/wp\/v2\/users\/1"}],"replies":[{"embeddable":true,"href":"https:\/\/www.sgagora.com.br\/sg\/wp-json\/wp\/v2\/comments?post=999991246"}],"version-history":[{"count":1,"href":"https:\/\/www.sgagora.com.br\/sg\/wp-json\/wp\/v2\/posts\/999991246\/revisions"}],"predecessor-version":[{"id":999991251,"href":"https:\/\/www.sgagora.com.br\/sg\/wp-json\/wp\/v2\/posts\/999991246\/revisions\/999991251"}],"wp:featuredmedia":[{"embeddable":true,"href":"https:\/\/www.sgagora.com.br\/sg\/wp-json\/wp\/v2\/media\/999991250"}],"wp:attachment":[{"href":"https:\/\/www.sgagora.com.br\/sg\/wp-json\/wp\/v2\/media?parent=999991246"}],"wp:term":[{"taxonomy":"category","embeddable":true,"href":"https:\/\/www.sgagora.com.br\/sg\/wp-json\/wp\/v2\/categories?post=999991246"},{"taxonomy":"post_tag","embeddable":true,"href":"https:\/\/www.sgagora.com.br\/sg\/wp-json\/wp\/v2\/tags?post=999991246"}],"curies":[{"name":"wp","href":"https:\/\/api.w.org\/{rel}","templated":true}]}}